{"id":55279,"date":"2021-01-11T11:14:23","date_gmt":"2021-01-11T11:14:23","guid":{"rendered":"https:\/\/www.nettali.com\/?p=55279"},"modified":"2021-01-11T11:14:23","modified_gmt":"2021-01-11T11:14:23","slug":"covid-19-il-y-a-un-an-le-premier-mort-ignore-de-wuhan","status":"publish","type":"post","link":"https:\/\/www.nettali.com\/2021\/01\/11\/covid-19-il-y-a-un-an-le-premier-mort-ignore-de-wuhan\/","title":{"rendered":"COVID-19 - Il y a un an, le premier mort ignor\u00e9 de Wuhan"},"content":{"rendered":"<p><strong>NETTALI.COM - Le nom de la premi\u00e8re victime connue n'a jamais \u00e9t\u00e9 rendu public. On sait simplement qu'il s'agit d'un homme de 61 ans qui fr\u00e9quentait le march\u00e9 Huanan, consid\u00e9r\u00e9 comme le premier foyer de l'\u00e9pid\u00e9mie.<\/strong><\/p>\n<p>L'anniversaire du premier mort connu du nouveau coronavirus passait inaper\u00e7u lundi 11 janvier \u00e0 Wuhan, alors que la Chine cherche \u00e0 gommer son image d'\u00e9picentre du Covid-19. Le 11 janvier 2020, la Chine annon\u00e7ait qu'un premier mort du myst\u00e9rieux virus avait \u00e9t\u00e9 enregistr\u00e9 deux jours plus t\u00f4t dans la m\u00e9tropole de 11 millions d'habitants. Plus de 1,9 million de personnes ont depuis perdu la vie \u00e0 la surface du globe des suites de l'\u00e9pid\u00e9mie. \u00c0 Wuhan, comme ailleurs en Chine, la pand\u00e9mie a \u00e9t\u00e9 largement ma\u00eetris\u00e9e d\u00e8s le printemps et le bilan national des d\u00e9c\u00e8s reste officiellement \u00e0 4.634 depuis mi-mai, m\u00eame si ce chiffre est contest\u00e9.<\/p>\n<p>Dans la ville du centre du pays, la premi\u00e8re \u00e0 \u00eatre plac\u00e9e en quarantaine \u00e0 compter du 23 janvier 2020, les habitants vaquaient normalement \u00e0 leurs occupations lundi matin, alors que les m\u00e9dias du r\u00e9gime communiste taisaient ce premier anniversaire.<em>\u00a0\u00abWuhan est la ville la plus s\u00fbre de Chine et m\u00eame du monde \u00e0 pr\u00e9sent\u00bb<\/em>, fanfaronne un sexag\u00e9naire, Xiong Liansheng, dans un parc o\u00f9 des retrait\u00e9s dansent ou s'adonnent \u00e0 leurs exercices matinaux, certains avec un masque sur le visage.\u00a0<em>\u00abLes habitants sont tr\u00e8s conscients des mesures de pr\u00e9vention. M\u00eame mon petit-fils porte un masque quand il sort et il n'a que deux ans\u00bb<\/em>, ajoute Xiong Liansheng.<\/p>\n<p><strong>R\u00e9surgence \u00e9pid\u00e9mique<\/strong><\/p>\n<p>La Chine a \u00e9t\u00e9 critiqu\u00e9e pour sa r\u00e9action initiale \u00e0 l'\u00e9pid\u00e9mie. Des m\u00e9decins de Wuhan qui avaient \u00e9voqu\u00e9 l'existence du virus ont \u00e9t\u00e9 accus\u00e9s par la police de propager des rumeurs. Le nom m\u00eame de la premi\u00e8re victime connue n'a jamais \u00e9t\u00e9 rendu public. On sait simplement qu'il s'agit d'un homme de 61 ans qui fr\u00e9quentait le march\u00e9 Huanan pour faire ses courses. Ce march\u00e9, consid\u00e9r\u00e9 comme le premier grand foyer de l'\u00e9pid\u00e9mie, a \u00e9t\u00e9 ferm\u00e9 le 1er janvier 2020. Y \u00e9taient vendus des animaux sauvages vivants, consid\u00e9r\u00e9s comme des transmetteurs possibles du virus \u00e0 l'homme.<\/p>\n<p>Lundi, le march\u00e9 restait ferm\u00e9 derri\u00e8re une longue palissade. Le gouvernement chinois n'a pas autoris\u00e9 d'experts ind\u00e9pendants \u00e0 enqu\u00eater sur place et une mission de l'Organisation mondiale de la sant\u00e9 (OMS) qui \u00e9tait attendue en Chine la semaine derni\u00e8re a d\u00fb repousser sa visite\u00a0<em>sine die<\/em>. Plus au nord, le pays est confront\u00e9 ces derniers jours \u00e0 une r\u00e9surgence \u00e9pid\u00e9mique limit\u00e9e dans le Hebei, la province qui entoure P\u00e9kin. Une centaine de contaminations y ont \u00e9t\u00e9 annonc\u00e9es lundi pour les derni\u00e8res 24 heures, soit le chiffre le plus \u00e9lev\u00e9 au plan national depuis juillet. Dix-huit millions d'habitants de deux vastes communes sont interdits de sortir des limites de leur municipalit\u00e9.<\/p>\n<p>(Avec Le Figaro et AFP)<\/p>\n<div class='share-to-whatsapp-wrapper'><div class='share-on-whsp'>PARTAGER SUR : <\/div><a data-text='COVID-19 - Il y a un an, le premier mort ignor\u00e9 de Wuhan' data-link='https:\/\/www.nettali.com\/2021\/01\/11\/covid-19-il-y-a-un-an-le-premier-mort-ignore-de-wuhan\/' class='whatsapp-button whatsapp-share'>WhatsApp<\/a><div class='clear '><\/div><\/div>","protected":false},"excerpt":{"rendered":"<p>NETTALI.COM - Le nom de la premi\u00e8re victime connue n'a jamais \u00e9t\u00e9 rendu public. On sait simplement qu'il s'agit d'un homme de 61 ans qui fr\u00e9quentait le march\u00e9 Huanan, consid\u00e9r\u00e9 comme le premier foyer de l'\u00e9pid\u00e9mie. L'anniversaire du premier mort connu du nouveau coronavirus passait inaper\u00e7u lundi 11 janvier \u00e0 Wuhan, alors que la Chine [&hellip;]<\/p>\n","protected":false},"author":11,"featured_media":33147,"comment_status":"open","ping_status":"open","sticky":false,"template":"","format":"standard","meta":{"_et_pb_use_builder":"","_et_pb_old_content":""},"categories":[22],"tags":[],"yoast_head":"<!-- This site is optimized with the Yoast SEO Premium plugin v17.8 (Yoast SEO v17.8) - https:\/\/yoast.com\/wordpress\/plugins\/seo\/ -->\n<title>COVID-19 - Il y a un an, le premier mort ignor\u00e9 de Wuhan | Nettali.com<\/title>\n<meta name=\"robots\" content=\"index, follow, max-snippet:-1, max-image-preview:large, max-video-preview:-1\" \/>\n<link rel=\"canonical\" href=\"https:\/\/www.nettali.com\/2021\/01\/11\/covid-19-il-y-a-un-an-le-premier-mort-ignore-de-wuhan\/\" \/>\n<meta property=\"og:locale\" content=\"fr_FR\" \/>\n<meta property=\"og:type\" content=\"article\" \/>\n<meta property=\"og:title\" content=\"COVID-19 - Il y a un an, le premier mort ignor\u00e9 de Wuhan\" \/>\n<meta property=\"og:description\" content=\"NETTALI.COM - Le nom de la premi\u00e8re victime connue n&#039;a jamais \u00e9t\u00e9 rendu public. On sait simplement qu&#039;il s&#039;agit d&#039;un homme de 61 ans qui fr\u00e9quentait le march\u00e9 Huanan, consid\u00e9r\u00e9 comme le premier foyer de l&#039;\u00e9pid\u00e9mie. L&#039;anniversaire du premier mort connu du nouveau coronavirus passait inaper\u00e7u lundi 11 janvier \u00e0 Wuhan, alors que la Chine [&hellip;]\" \/>\n<meta property=\"og:url\" content=\"https:\/\/www.nettali.com\/2021\/01\/11\/covid-19-il-y-a-un-an-le-premier-mort-ignore-de-wuhan\/\" \/>\n<meta property=\"og:site_name\" content=\"Nettali.com\" \/>\n<meta property=\"article:publisher\" content=\"https:\/\/www.facebook.com\/nettalicom\" \/>\n<meta property=\"article:published_time\" content=\"2021-01-11T11:14:23+00:00\" \/>\n<meta property=\"og:image\" content=\"https:\/\/www.nettali.com\/wp-content\/uploads\/2020\/04\/2020-04-02T201356Z_2106832444_HP1EG421K773T_RTRMADP_3_HEALTH-CORONAVIRUS-USA-NEW-YORK-1.jpg\" \/>\n\t<meta property=\"og:image:width\" content=\"1200\" \/>\n\t<meta property=\"og:image:height\" content=\"698\" \/>\n<meta name=\"twitter:card\" content=\"summary_large_image\" \/>\n<meta name=\"twitter:label1\" content=\"\u00c9crit par\" \/>\n\t<meta name=\"twitter:data1\" content=\"Thierno Diop\" \/>\n\t<meta name=\"twitter:label2\" content=\"Dur\u00e9e de lecture estim\u00e9e\" \/>\n\t<meta name=\"twitter:data2\" content=\"2 minutes\" \/>\n<script type=\"application\/ld+json\" class=\"yoast-schema-graph\">{\"@context\":\"https:\/\/schema.org\",\"@graph\":[{\"@type\":\"WebSite\",\"@id\":\"https:\/\/www.nettali.com\/#website\",\"url\":\"https:\/\/www.nettali.com\/\",\"name\":\"Nettali.com\",\"description\":\"Le rendez-vous critique du Net\",\"potentialAction\":[{\"@type\":\"SearchAction\",\"target\":{\"@type\":\"EntryPoint\",\"urlTemplate\":\"https:\/\/www.nettali.com\/?s={search_term_string}\"},\"query-input\":\"required name=search_term_string\"}],\"inLanguage\":\"fr-FR\"},{\"@type\":\"ImageObject\",\"@id\":\"https:\/\/www.nettali.com\/2021\/01\/11\/covid-19-il-y-a-un-an-le-premier-mort-ignore-de-wuhan\/#primaryimage\",\"inLanguage\":\"fr-FR\",\"url\":\"https:\/\/www.nettali.com\/wp-content\/uploads\/2020\/04\/2020-04-02T201356Z_2106832444_HP1EG421K773T_RTRMADP_3_HEALTH-CORONAVIRUS-USA-NEW-YORK-1.jpg\",\"contentUrl\":\"https:\/\/www.nettali.com\/wp-content\/uploads\/2020\/04\/2020-04-02T201356Z_2106832444_HP1EG421K773T_RTRMADP_3_HEALTH-CORONAVIRUS-USA-NEW-YORK-1.jpg\",\"width\":1200,\"height\":698},{\"@type\":\"WebPage\",\"@id\":\"https:\/\/www.nettali.com\/2021\/01\/11\/covid-19-il-y-a-un-an-le-premier-mort-ignore-de-wuhan\/#webpage\",\"url\":\"https:\/\/www.nettali.com\/2021\/01\/11\/covid-19-il-y-a-un-an-le-premier-mort-ignore-de-wuhan\/\",\"name\":\"COVID-19 - Il y a un an, le premier mort ignor\\u00e9 de Wuhan | Nettali.com\",\"isPartOf\":{\"@id\":\"https:\/\/www.nettali.com\/#website\"},\"primaryImageOfPage\":{\"@id\":\"https:\/\/www.nettali.com\/2021\/01\/11\/covid-19-il-y-a-un-an-le-premier-mort-ignore-de-wuhan\/#primaryimage\"},\"datePublished\":\"2021-01-11T11:14:23+00:00\",\"dateModified\":\"2021-01-11T11:14:23+00:00\",\"author\":{\"@id\":\"https:\/\/www.nettali.com\/#\/schema\/person\/8a06c6bd7b19304cf4bf985862900b5b\"},\"breadcrumb\":{\"@id\":\"https:\/\/www.nettali.com\/2021\/01\/11\/covid-19-il-y-a-un-an-le-premier-mort-ignore-de-wuhan\/#breadcrumb\"},\"inLanguage\":\"fr-FR\",\"potentialAction\":[{\"@type\":\"ReadAction\",\"target\":[\"https:\/\/www.nettali.com\/2021\/01\/11\/covid-19-il-y-a-un-an-le-premier-mort-ignore-de-wuhan\/\"]}]},{\"@type\":\"BreadcrumbList\",\"@id\":\"https:\/\/www.nettali.com\/2021\/01\/11\/covid-19-il-y-a-un-an-le-premier-mort-ignore-de-wuhan\/#breadcrumb\",\"itemListElement\":[{\"@type\":\"ListItem\",\"position\":1,\"name\":\"Accueil\",\"item\":\"https:\/\/www.nettali.com\/\"},{\"@type\":\"ListItem\",\"position\":2,\"name\":\"COVID-19 &#8211; Il y a un an, le premier mort ignor\\u00e9 de Wuhan\"}]},{\"@type\":\"Person\",\"@id\":\"https:\/\/www.nettali.com\/#\/schema\/person\/8a06c6bd7b19304cf4bf985862900b5b\",\"name\":\"Thierno Diop\",\"image\":{\"@type\":\"ImageObject\",\"@id\":\"https:\/\/www.nettali.com\/#personlogo\",\"inLanguage\":\"fr-FR\",\"url\":\"https:\/\/secure.gravatar.com\/avatar\/c8ca58550c94fd2ac856d27391a6c866?s=96&d=mm&r=g\",\"contentUrl\":\"https:\/\/secure.gravatar.com\/avatar\/c8ca58550c94fd2ac856d27391a6c866?s=96&d=mm&r=g\",\"caption\":\"Thierno Diop\"},\"sameAs\":[\"https:\/\/nettali.com\"]}]}<\/script>\n<!-- \/ Yoast SEO Premium plugin. -->","yoast_head_json":{"title":"COVID-19 - Il y a un an, le premier mort ignor\u00e9 de Wuhan | Nettali.com","robots":{"index":"index","follow":"follow","max-snippet":"max-snippet:-1","max-image-preview":"max-image-preview:large","max-video-preview":"max-video-preview:-1"},"canonical":"https:\/\/www.nettali.com\/2021\/01\/11\/covid-19-il-y-a-un-an-le-premier-mort-ignore-de-wuhan\/","og_locale":"fr_FR","og_type":"article","og_title":"COVID-19 - Il y a un an, le premier mort ignor\u00e9 de Wuhan","og_description":"NETTALI.COM - Le nom de la premi\u00e8re victime connue n'a jamais \u00e9t\u00e9 rendu public. On sait simplement qu'il s'agit d'un homme de 61 ans qui fr\u00e9quentait le march\u00e9 Huanan, consid\u00e9r\u00e9 comme le premier foyer de l'\u00e9pid\u00e9mie. L'anniversaire du premier mort connu du nouveau coronavirus passait inaper\u00e7u lundi 11 janvier \u00e0 Wuhan, alors que la Chine [&hellip;]","og_url":"https:\/\/www.nettali.com\/2021\/01\/11\/covid-19-il-y-a-un-an-le-premier-mort-ignore-de-wuhan\/","og_site_name":"Nettali.com","article_publisher":"https:\/\/www.facebook.com\/nettalicom","article_published_time":"2021-01-11T11:14:23+00:00","og_image":[{"width":1200,"height":698,"url":"https:\/\/www.nettali.com\/wp-content\/uploads\/2020\/04\/2020-04-02T201356Z_2106832444_HP1EG421K773T_RTRMADP_3_HEALTH-CORONAVIRUS-USA-NEW-YORK-1.jpg","type":"image\/jpeg"}],"twitter_card":"summary_large_image","twitter_misc":{"\u00c9crit par":"Thierno Diop","Dur\u00e9e de lecture estim\u00e9e":"2 minutes"},"schema":{"@context":"https:\/\/schema.org","@graph":[{"@type":"WebSite","@id":"https:\/\/www.nettali.com\/#website","url":"https:\/\/www.nettali.com\/","name":"Nettali.com","description":"Le rendez-vous critique du Net","potentialAction":[{"@type":"SearchAction","target":{"@type":"EntryPoint","urlTemplate":"https:\/\/www.nettali.com\/?s={search_term_string}"},"query-input":"required name=search_term_string"}],"inLanguage":"fr-FR"},{"@type":"ImageObject","@id":"https:\/\/www.nettali.com\/2021\/01\/11\/covid-19-il-y-a-un-an-le-premier-mort-ignore-de-wuhan\/#primaryimage","inLanguage":"fr-FR","url":"https:\/\/www.nettali.com\/wp-content\/uploads\/2020\/04\/2020-04-02T201356Z_2106832444_HP1EG421K773T_RTRMADP_3_HEALTH-CORONAVIRUS-USA-NEW-YORK-1.jpg","contentUrl":"https:\/\/www.nettali.com\/wp-content\/uploads\/2020\/04\/2020-04-02T201356Z_2106832444_HP1EG421K773T_RTRMADP_3_HEALTH-CORONAVIRUS-USA-NEW-YORK-1.jpg","width":1200,"height":698},{"@type":"WebPage","@id":"https:\/\/www.nettali.com\/2021\/01\/11\/covid-19-il-y-a-un-an-le-premier-mort-ignore-de-wuhan\/#webpage","url":"https:\/\/www.nettali.com\/2021\/01\/11\/covid-19-il-y-a-un-an-le-premier-mort-ignore-de-wuhan\/","name":"COVID-19 - Il y a un an, le premier mort ignor\u00e9 de Wuhan | Nettali.com","isPartOf":{"@id":"https:\/\/www.nettali.com\/#website"},"primaryImageOfPage":{"@id":"https:\/\/www.nettali.com\/2021\/01\/11\/covid-19-il-y-a-un-an-le-premier-mort-ignore-de-wuhan\/#primaryimage"},"datePublished":"2021-01-11T11:14:23+00:00","dateModified":"2021-01-11T11:14:23+00:00","author":{"@id":"https:\/\/www.nettali.com\/#\/schema\/person\/8a06c6bd7b19304cf4bf985862900b5b"},"breadcrumb":{"@id":"https:\/\/www.nettali.com\/2021\/01\/11\/covid-19-il-y-a-un-an-le-premier-mort-ignore-de-wuhan\/#breadcrumb"},"inLanguage":"fr-FR","potentialAction":[{"@type":"ReadAction","target":["https:\/\/www.nettali.com\/2021\/01\/11\/covid-19-il-y-a-un-an-le-premier-mort-ignore-de-wuhan\/"]}]},{"@type":"BreadcrumbList","@id":"https:\/\/www.nettali.com\/2021\/01\/11\/covid-19-il-y-a-un-an-le-premier-mort-ignore-de-wuhan\/#breadcrumb","itemListElement":[{"@type":"ListItem","position":1,"name":"Accueil","item":"https:\/\/www.nettali.com\/"},{"@type":"ListItem","position":2,"name":"COVID-19 &#8211; Il y a un an, le premier mort ignor\u00e9 de Wuhan"}]},{"@type":"Person","@id":"https:\/\/www.nettali.com\/#\/schema\/person\/8a06c6bd7b19304cf4bf985862900b5b","name":"Thierno Diop","image":{"@type":"ImageObject","@id":"https:\/\/www.nettali.com\/#personlogo","inLanguage":"fr-FR","url":"https:\/\/secure.gravatar.com\/avatar\/c8ca58550c94fd2ac856d27391a6c866?s=96&d=mm&r=g","contentUrl":"https:\/\/secure.gravatar.com\/avatar\/c8ca58550c94fd2ac856d27391a6c866?s=96&d=mm&r=g","caption":"Thierno Diop"},"sameAs":["https:\/\/nettali.com"]}]}},"_links":{"self":[{"href":"https:\/\/www.nettali.com\/rest\/wp\/v2\/posts\/55279"}],"collection":[{"href":"https:\/\/www.nettali.com\/rest\/wp\/v2\/posts"}],"about":[{"href":"https:\/\/www.nettali.com\/rest\/wp\/v2\/types\/post"}],"author":[{"embeddable":true,"href":"https:\/\/www.nettali.com\/rest\/wp\/v2\/users\/11"}],"replies":[{"embeddable":true,"href":"https:\/\/www.nettali.com\/rest\/wp\/v2\/comments?post=55279"}],"version-history":[{"count":1,"href":"https:\/\/www.nettali.com\/rest\/wp\/v2\/posts\/55279\/revisions"}],"predecessor-version":[{"id":55280,"href":"https:\/\/www.nettali.com\/rest\/wp\/v2\/posts\/55279\/revisions\/55280"}],"wp:featuredmedia":[{"embeddable":true,"href":"https:\/\/www.nettali.com\/rest\/wp\/v2\/media\/33147"}],"wp:attachment":[{"href":"https:\/\/www.nettali.com\/rest\/wp\/v2\/media?parent=55279"}],"wp:term":[{"taxonomy":"category","embeddable":true,"href":"https:\/\/www.nettali.com\/rest\/wp\/v2\/categories?post=55279"},{"taxonomy":"post_tag","embeddable":true,"href":"https:\/\/www.nettali.com\/rest\/wp\/v2\/tags?post=55279"}],"curies":[{"name":"wp","href":"https:\/\/api.w.org\/{rel}","templated":true}]}}