{"id":55131,"date":"2021-01-09T13:31:06","date_gmt":"2021-01-09T13:31:06","guid":{"rendered":"https:\/\/www.nettali.com\/?p=55131"},"modified":"2021-01-09T13:31:06","modified_gmt":"2021-01-09T13:31:06","slug":"covid-19-liran-ne-veut-pas-des-vaccins-americain-et-britannique","status":"publish","type":"post","link":"https:\/\/www.nettali.com\/2021\/01\/09\/covid-19-liran-ne-veut-pas-des-vaccins-americain-et-britannique\/","title":{"rendered":"COVID-19 - L'Iran ne veut pas des vaccins am\u00e9ricain et britannique"},"content":{"rendered":"<p><strong>NETTALI.COM - Apr\u00e8s des d\u00e9clarations contradictoires des responsables ces derni\u00e8res semaines sur l'achat de vaccin contre le Covid-19, le guide supr\u00eame iranien a rejet\u00e9 l'achat de vaccins am\u00e9ricain et britannique. En tout cas, selon les chiffres officiels, T\u00e9h\u00e9ran a r\u00e9ussi \u00e0 contr\u00f4ler l'\u00e9pid\u00e9mie en r\u00e9duisant \u00e0 moins de 100 morts par jour le nombre contre plus de 500 il y a quelques semaines.<\/strong><\/p>\n<p>L'ayatollah Ali Khamenei a tranch\u00e9. Dans une d\u00e9claration retransmise par la t\u00e9l\u00e9vision d'\u00c9tat, il s'est d\u00e9clar\u00e9 contre les vaccins am\u00e9ricain et britannique.<br \/>\n\"\u00a0<em>L'entr\u00e9e de vaccins am\u00e9ricain et britannique est interdite. Si les Am\u00e9ricains avaient r\u00e9ussi \u00e0 produire un vaccin, on n'aurait pas assist\u00e9 \u00e0 cette catastrophe dans leur propre pays. Il y a quelques jours, en 24 heures, il y a eu 4\u00a0000 morts dans leur pays. Si leur soci\u00e9t\u00e9 Pfizer peut produire un vaccin pourquoi ils veulent nous le donner. Qu'ils l'utilisent eux-m\u00eames pour ne pas avoir autant de morts<\/em>.\u00a0\"<\/p>\n<p><strong>Pas confiance<\/strong><\/p>\n<p>Le num\u00e9ro un iranien a ajout\u00e9 qu'il ne faisait pas confiance aux \u00c9tats-Unis et au Royaume-Uni. Certains m\u00e9dias iraniens soup\u00e7onnent les fabricants de vaccins de vouloir les tester sur des populations des autres pays. Pourtant, le gouvernement iranien a annonc\u00e9 qu'il avait command\u00e9 pr\u00e8s de 17 millions de doses de vaccins au programme Covax mise en place par l'Organisation mondiale de la Sant\u00e9 sans pr\u00e9ciser l'origine de ces vaccins. Ces vaccins pourraient venir de la Chine, de la Russie ou de l'Inde.<\/p>\n<p><strong>Coop\u00e9ration avec Cuba<\/strong><\/p>\n<p>T\u00e9h\u00e9ran a aussi commenc\u00e9 le test humain d'un vaccin produit localement et la coop\u00e9ration avec Cuba pour la fabrication d'un second vaccin. Mais cela prendra plusieurs mois avant une production en masse.<\/p>\n<p>Rfi<\/p>\n<div class='share-to-whatsapp-wrapper'><div class='share-on-whsp'>PARTAGER SUR : <\/div><a data-text='COVID-19 - L'Iran ne veut pas des vaccins am\u00e9ricain et britannique' data-link='https:\/\/www.nettali.com\/2021\/01\/09\/covid-19-liran-ne-veut-pas-des-vaccins-americain-et-britannique\/' class='whatsapp-button whatsapp-share'>WhatsApp<\/a><div class='clear '><\/div><\/div>","protected":false},"excerpt":{"rendered":"<p>NETTALI.COM - Apr\u00e8s des d\u00e9clarations contradictoires des responsables ces derni\u00e8res semaines sur l'achat de vaccin contre le Covid-19, le guide supr\u00eame iranien a rejet\u00e9 l'achat de vaccins am\u00e9ricain et britannique. En tout cas, selon les chiffres officiels, T\u00e9h\u00e9ran a r\u00e9ussi \u00e0 contr\u00f4ler l'\u00e9pid\u00e9mie en r\u00e9duisant \u00e0 moins de 100 morts par jour le nombre contre [&hellip;]<\/p>\n","protected":false},"author":5,"featured_media":55132,"comment_status":"open","ping_status":"open","sticky":false,"template":"","format":"standard","meta":{"_et_pb_use_builder":"","_et_pb_old_content":""},"categories":[8],"tags":[],"yoast_head":"<!-- This site is optimized with the Yoast SEO Premium plugin v17.8 (Yoast SEO v17.8) - https:\/\/yoast.com\/wordpress\/plugins\/seo\/ -->\n<title>COVID-19 - L&#039;Iran ne veut pas des vaccins am\u00e9ricain et britannique | Nettali.com<\/title>\n<meta name=\"robots\" content=\"index, follow, max-snippet:-1, max-image-preview:large, max-video-preview:-1\" \/>\n<link rel=\"canonical\" href=\"https:\/\/www.nettali.com\/2021\/01\/09\/covid-19-liran-ne-veut-pas-des-vaccins-americain-et-britannique\/\" \/>\n<meta property=\"og:locale\" content=\"fr_FR\" \/>\n<meta property=\"og:type\" content=\"article\" \/>\n<meta property=\"og:title\" content=\"COVID-19 - L&#039;Iran ne veut pas des vaccins am\u00e9ricain et britannique\" \/>\n<meta property=\"og:description\" content=\"NETTALI.COM - Apr\u00e8s des d\u00e9clarations contradictoires des responsables ces derni\u00e8res semaines sur l&#039;achat de vaccin contre le Covid-19, le guide supr\u00eame iranien a rejet\u00e9 l&#039;achat de vaccins am\u00e9ricain et britannique. En tout cas, selon les chiffres officiels, T\u00e9h\u00e9ran a r\u00e9ussi \u00e0 contr\u00f4ler l&#039;\u00e9pid\u00e9mie en r\u00e9duisant \u00e0 moins de 100 morts par jour le nombre contre [&hellip;]\" \/>\n<meta property=\"og:url\" content=\"https:\/\/www.nettali.com\/2021\/01\/09\/covid-19-liran-ne-veut-pas-des-vaccins-americain-et-britannique\/\" \/>\n<meta property=\"og:site_name\" content=\"Nettali.com\" \/>\n<meta property=\"article:publisher\" content=\"https:\/\/www.facebook.com\/nettalicom\" \/>\n<meta property=\"article:published_time\" content=\"2021-01-09T13:31:06+00:00\" \/>\n<meta property=\"og:image\" content=\"https:\/\/www.nettali.com\/wp-content\/uploads\/2021\/01\/b2b5887706e80ac655803e66e96644e9d7844440-1.jpg\" \/>\n\t<meta property=\"og:image:width\" content=\"1246\" \/>\n\t<meta property=\"og:image:height\" content=\"720\" \/>\n<meta name=\"twitter:card\" content=\"summary_large_image\" \/>\n<meta name=\"twitter:label1\" content=\"\u00c9crit par\" \/>\n\t<meta name=\"twitter:data1\" content=\"Ibrahima\" \/>\n\t<meta name=\"twitter:label2\" content=\"Dur\u00e9e de lecture estim\u00e9e\" \/>\n\t<meta name=\"twitter:data2\" content=\"1 minute\" \/>\n<script type=\"application\/ld+json\" class=\"yoast-schema-graph\">{\"@context\":\"https:\/\/schema.org\",\"@graph\":[{\"@type\":\"WebSite\",\"@id\":\"https:\/\/www.nettali.com\/#website\",\"url\":\"https:\/\/www.nettali.com\/\",\"name\":\"Nettali.com\",\"description\":\"Le rendez-vous critique du Net\",\"potentialAction\":[{\"@type\":\"SearchAction\",\"target\":{\"@type\":\"EntryPoint\",\"urlTemplate\":\"https:\/\/www.nettali.com\/?s={search_term_string}\"},\"query-input\":\"required name=search_term_string\"}],\"inLanguage\":\"fr-FR\"},{\"@type\":\"ImageObject\",\"@id\":\"https:\/\/www.nettali.com\/2021\/01\/09\/covid-19-liran-ne-veut-pas-des-vaccins-americain-et-britannique\/#primaryimage\",\"inLanguage\":\"fr-FR\",\"url\":\"https:\/\/www.nettali.com\/wp-content\/uploads\/2021\/01\/b2b5887706e80ac655803e66e96644e9d7844440-1.jpg\",\"contentUrl\":\"https:\/\/www.nettali.com\/wp-content\/uploads\/2021\/01\/b2b5887706e80ac655803e66e96644e9d7844440-1.jpg\",\"width\":1246,\"height\":720},{\"@type\":\"WebPage\",\"@id\":\"https:\/\/www.nettali.com\/2021\/01\/09\/covid-19-liran-ne-veut-pas-des-vaccins-americain-et-britannique\/#webpage\",\"url\":\"https:\/\/www.nettali.com\/2021\/01\/09\/covid-19-liran-ne-veut-pas-des-vaccins-americain-et-britannique\/\",\"name\":\"COVID-19 - L'Iran ne veut pas des vaccins am\\u00e9ricain et britannique | Nettali.com\",\"isPartOf\":{\"@id\":\"https:\/\/www.nettali.com\/#website\"},\"primaryImageOfPage\":{\"@id\":\"https:\/\/www.nettali.com\/2021\/01\/09\/covid-19-liran-ne-veut-pas-des-vaccins-americain-et-britannique\/#primaryimage\"},\"datePublished\":\"2021-01-09T13:31:06+00:00\",\"dateModified\":\"2021-01-09T13:31:06+00:00\",\"author\":{\"@id\":\"https:\/\/www.nettali.com\/#\/schema\/person\/bb147657c2986240405a608162b9bb23\"},\"breadcrumb\":{\"@id\":\"https:\/\/www.nettali.com\/2021\/01\/09\/covid-19-liran-ne-veut-pas-des-vaccins-americain-et-britannique\/#breadcrumb\"},\"inLanguage\":\"fr-FR\",\"potentialAction\":[{\"@type\":\"ReadAction\",\"target\":[\"https:\/\/www.nettali.com\/2021\/01\/09\/covid-19-liran-ne-veut-pas-des-vaccins-americain-et-britannique\/\"]}]},{\"@type\":\"BreadcrumbList\",\"@id\":\"https:\/\/www.nettali.com\/2021\/01\/09\/covid-19-liran-ne-veut-pas-des-vaccins-americain-et-britannique\/#breadcrumb\",\"itemListElement\":[{\"@type\":\"ListItem\",\"position\":1,\"name\":\"Accueil\",\"item\":\"https:\/\/www.nettali.com\/\"},{\"@type\":\"ListItem\",\"position\":2,\"name\":\"COVID-19 &#8211; L&rsquo;Iran ne veut pas des vaccins am\\u00e9ricain et britannique\"}]},{\"@type\":\"Person\",\"@id\":\"https:\/\/www.nettali.com\/#\/schema\/person\/bb147657c2986240405a608162b9bb23\",\"name\":\"Ibrahima\",\"image\":{\"@type\":\"ImageObject\",\"@id\":\"https:\/\/www.nettali.com\/#personlogo\",\"inLanguage\":\"fr-FR\",\"url\":\"https:\/\/secure.gravatar.com\/avatar\/26a8a81f09f0dd7624c9d5c36c9ba3a2?s=96&d=mm&r=g\",\"contentUrl\":\"https:\/\/secure.gravatar.com\/avatar\/26a8a81f09f0dd7624c9d5c36c9ba3a2?s=96&d=mm&r=g\",\"caption\":\"Ibrahima\"},\"sameAs\":[\"https:\/\/www.nettali.com\"]}]}<\/script>\n<!-- \/ Yoast SEO Premium plugin. -->","yoast_head_json":{"title":"COVID-19 - L'Iran ne veut pas des vaccins am\u00e9ricain et britannique | Nettali.com","robots":{"index":"index","follow":"follow","max-snippet":"max-snippet:-1","max-image-preview":"max-image-preview:large","max-video-preview":"max-video-preview:-1"},"canonical":"https:\/\/www.nettali.com\/2021\/01\/09\/covid-19-liran-ne-veut-pas-des-vaccins-americain-et-britannique\/","og_locale":"fr_FR","og_type":"article","og_title":"COVID-19 - L'Iran ne veut pas des vaccins am\u00e9ricain et britannique","og_description":"NETTALI.COM - Apr\u00e8s des d\u00e9clarations contradictoires des responsables ces derni\u00e8res semaines sur l'achat de vaccin contre le Covid-19, le guide supr\u00eame iranien a rejet\u00e9 l'achat de vaccins am\u00e9ricain et britannique. En tout cas, selon les chiffres officiels, T\u00e9h\u00e9ran a r\u00e9ussi \u00e0 contr\u00f4ler l'\u00e9pid\u00e9mie en r\u00e9duisant \u00e0 moins de 100 morts par jour le nombre contre [&hellip;]","og_url":"https:\/\/www.nettali.com\/2021\/01\/09\/covid-19-liran-ne-veut-pas-des-vaccins-americain-et-britannique\/","og_site_name":"Nettali.com","article_publisher":"https:\/\/www.facebook.com\/nettalicom","article_published_time":"2021-01-09T13:31:06+00:00","og_image":[{"width":1246,"height":720,"url":"https:\/\/www.nettali.com\/wp-content\/uploads\/2021\/01\/b2b5887706e80ac655803e66e96644e9d7844440-1.jpg","type":"image\/jpeg"}],"twitter_card":"summary_large_image","twitter_misc":{"\u00c9crit par":"Ibrahima","Dur\u00e9e de lecture estim\u00e9e":"1 minute"},"schema":{"@context":"https:\/\/schema.org","@graph":[{"@type":"WebSite","@id":"https:\/\/www.nettali.com\/#website","url":"https:\/\/www.nettali.com\/","name":"Nettali.com","description":"Le rendez-vous critique du Net","potentialAction":[{"@type":"SearchAction","target":{"@type":"EntryPoint","urlTemplate":"https:\/\/www.nettali.com\/?s={search_term_string}"},"query-input":"required name=search_term_string"}],"inLanguage":"fr-FR"},{"@type":"ImageObject","@id":"https:\/\/www.nettali.com\/2021\/01\/09\/covid-19-liran-ne-veut-pas-des-vaccins-americain-et-britannique\/#primaryimage","inLanguage":"fr-FR","url":"https:\/\/www.nettali.com\/wp-content\/uploads\/2021\/01\/b2b5887706e80ac655803e66e96644e9d7844440-1.jpg","contentUrl":"https:\/\/www.nettali.com\/wp-content\/uploads\/2021\/01\/b2b5887706e80ac655803e66e96644e9d7844440-1.jpg","width":1246,"height":720},{"@type":"WebPage","@id":"https:\/\/www.nettali.com\/2021\/01\/09\/covid-19-liran-ne-veut-pas-des-vaccins-americain-et-britannique\/#webpage","url":"https:\/\/www.nettali.com\/2021\/01\/09\/covid-19-liran-ne-veut-pas-des-vaccins-americain-et-britannique\/","name":"COVID-19 - L'Iran ne veut pas des vaccins am\u00e9ricain et britannique | Nettali.com","isPartOf":{"@id":"https:\/\/www.nettali.com\/#website"},"primaryImageOfPage":{"@id":"https:\/\/www.nettali.com\/2021\/01\/09\/covid-19-liran-ne-veut-pas-des-vaccins-americain-et-britannique\/#primaryimage"},"datePublished":"2021-01-09T13:31:06+00:00","dateModified":"2021-01-09T13:31:06+00:00","author":{"@id":"https:\/\/www.nettali.com\/#\/schema\/person\/bb147657c2986240405a608162b9bb23"},"breadcrumb":{"@id":"https:\/\/www.nettali.com\/2021\/01\/09\/covid-19-liran-ne-veut-pas-des-vaccins-americain-et-britannique\/#breadcrumb"},"inLanguage":"fr-FR","potentialAction":[{"@type":"ReadAction","target":["https:\/\/www.nettali.com\/2021\/01\/09\/covid-19-liran-ne-veut-pas-des-vaccins-americain-et-britannique\/"]}]},{"@type":"BreadcrumbList","@id":"https:\/\/www.nettali.com\/2021\/01\/09\/covid-19-liran-ne-veut-pas-des-vaccins-americain-et-britannique\/#breadcrumb","itemListElement":[{"@type":"ListItem","position":1,"name":"Accueil","item":"https:\/\/www.nettali.com\/"},{"@type":"ListItem","position":2,"name":"COVID-19 &#8211; L&rsquo;Iran ne veut pas des vaccins am\u00e9ricain et britannique"}]},{"@type":"Person","@id":"https:\/\/www.nettali.com\/#\/schema\/person\/bb147657c2986240405a608162b9bb23","name":"Ibrahima","image":{"@type":"ImageObject","@id":"https:\/\/www.nettali.com\/#personlogo","inLanguage":"fr-FR","url":"https:\/\/secure.gravatar.com\/avatar\/26a8a81f09f0dd7624c9d5c36c9ba3a2?s=96&d=mm&r=g","contentUrl":"https:\/\/secure.gravatar.com\/avatar\/26a8a81f09f0dd7624c9d5c36c9ba3a2?s=96&d=mm&r=g","caption":"Ibrahima"},"sameAs":["https:\/\/www.nettali.com"]}]}},"_links":{"self":[{"href":"https:\/\/www.nettali.com\/rest\/wp\/v2\/posts\/55131"}],"collection":[{"href":"https:\/\/www.nettali.com\/rest\/wp\/v2\/posts"}],"about":[{"href":"https:\/\/www.nettali.com\/rest\/wp\/v2\/types\/post"}],"author":[{"embeddable":true,"href":"https:\/\/www.nettali.com\/rest\/wp\/v2\/users\/5"}],"replies":[{"embeddable":true,"href":"https:\/\/www.nettali.com\/rest\/wp\/v2\/comments?post=55131"}],"version-history":[{"count":1,"href":"https:\/\/www.nettali.com\/rest\/wp\/v2\/posts\/55131\/revisions"}],"predecessor-version":[{"id":55133,"href":"https:\/\/www.nettali.com\/rest\/wp\/v2\/posts\/55131\/revisions\/55133"}],"wp:featuredmedia":[{"embeddable":true,"href":"https:\/\/www.nettali.com\/rest\/wp\/v2\/media\/55132"}],"wp:attachment":[{"href":"https:\/\/www.nettali.com\/rest\/wp\/v2\/media?parent=55131"}],"wp:term":[{"taxonomy":"category","embeddable":true,"href":"https:\/\/www.nettali.com\/rest\/wp\/v2\/categories?post=55131"},{"taxonomy":"post_tag","embeddable":true,"href":"https:\/\/www.nettali.com\/rest\/wp\/v2\/tags?post=55131"}],"curies":[{"name":"wp","href":"https:\/\/api.w.org\/{rel}","templated":true}]}}