{"id":55068,"date":"2021-01-08T14:39:49","date_gmt":"2021-01-08T14:39:49","guid":{"rendered":"https:\/\/www.nettali.com\/?p=55068"},"modified":"2021-01-08T20:53:19","modified_gmt":"2021-01-08T20:53:19","slug":"grippe-aviaire-les-precisions-du-ministre-de-lelevage","status":"publish","type":"post","link":"https:\/\/www.nettali.com\/2021\/01\/08\/grippe-aviaire-les-precisions-du-ministre-de-lelevage\/","title":{"rendered":"GRIPPE AVIAIRE \u2013 Les pr\u00e9cisions du ministre de l\u2019Elevage"},"content":{"rendered":"<p><strong>NETTALI.COM - Le ministre de l\u2019Elevage et des Productions animales se prononce sur l\u2019apparition de la grappe aviaire \u00e0 Thi\u00e8s. C\u2019est pour d\u00e9clarer qu\u2019il n\u2019y a pas p\u00e9ril en la demeure, puisque, selon ses dires, toutes les mesures de pr\u00e9caution sont prises. <\/strong><\/p>\n<p>Le ministre de l\u2019Elevage et des Productions animales rassure sur les cas de grippe aviaire H5N1 d\u00e9couverts, fin d\u00e9cembre, dans une ferme avicole \u00e0 Ndiakhat, dans la commune de Pout. Aly Saleh Diop, sur les ondes de iRadio, pr\u00e9cise que les tests effectu\u00e9s sur le personnel sont revenus n\u00e9gatifs.<\/p>\n<p>\"A la suite d\u2019une analyse effectu\u00e9e par le laboratoire national d\u2019\u00e9levage et de recherches v\u00e9t\u00e9rinaires, \u00e0 la suite de cette notification, nous avons \u00e9valu\u00e9 l\u2019ampleur de la maladie, identifi\u00e9 les facteurs de risque et formul\u00e9 les recommandations pour le contr\u00f4le rapide du foyer, a-t-il, d\u2019abord, relev\u00e9. A la suite de cette mission, nous avons pris les dispositions idoines qui pr\u00e9valent en la mati\u00e8re. Et il s\u2019est agi d\u2019appliquer les dispositions sp\u00e9ciales en proc\u00e9dant \u00e0 l\u2019incin\u00e9ration des sujets qui \u00e9taient d\u00e9j\u00e0 morts. Par la suite, nous avons imm\u00e9diatement proc\u00e9d\u00e9 \u00e0 l\u2019abattage de tous les autres sujets encore en vie\". C\u2019est ce que le ministre a confi\u00e9 \u00e0 nos confr\u00e8res, ce vendredi 8 janvier 2020.<\/p>\n<p>Qui plus est, il souligne que \"la derni\u00e8re op\u00e9ration a consist\u00e9 au nettoyage et \u00e0 la d\u00e9sinfection des lieux\". \"Tout ceci a \u00e9t\u00e9 fait dans les r\u00e8gles de l\u2019art (comme) indiqu\u00e9 par l\u2019Organisation mondiale de la sant\u00e9 animale \u00e0 qui cette notification a \u00e9t\u00e9 faite comme il se doit\", rel\u00e8ve-t-il encore.<\/p>\n<p>En d\u00e9finitive, le ministre \u00e9carte tout danger en ces termes\u00a0: \u00a0\"c\u2019est une ferme qui est isol\u00e9e, il n\u2019y a rien autour, et nous avons proc\u00e9d\u00e9 effectivement \u00e0 la d\u00e9sinfection totale des lieux et je dois ajouter que le personnel qui travaille dans cette ferme a fait des tests au niveau de l\u2019Institut Pasteur et les r\u00e9sultats nous sont revenus n\u00e9gatifs. Avant que nous venions, il y avait d\u00e9j\u00e0 48 mille morts, par la suite nous avons abattu 52 mille, cela fait donc environ 100 mille. Parce qu\u2019il ne fallait pas prendre de risques, il fallait tout abattre, d\u00e9sinfecter les lieux pour contenir le virus<\/p>\n<p>Pour m\u00e9moire, selon l\u2019Organisation mondiale de la sant\u00e9 animale, cit\u00e9e par Reuters, la grippe aviaire est signal\u00e9e au S\u00e9n\u00e9gal, plus pr\u00e9cis\u00e9ment \u00e0 Thi\u00e8s.<\/p>\n<p>Il s\u2019agit de l\u2019\u00e9pid\u00e9mie de grippe aviaire H5N1, hautement pathog\u00e8ne, qui s\u2019est d\u00e9clar\u00e9e dans un site sis \u00e0 Thi\u00e8s. Elle aurait tu\u00e9 58.000 volailles. Les animaux restants dudit site ont \u00e9t\u00e9 abattus, a d\u00e9clar\u00e9 l\u2019Organisation mondiale de la sant\u00e9 animale.<\/p>\n<p>La grippe aviaire d\u00e9signe les diff\u00e9rentes formes de la maladie caus\u00e9e par le virus de la grippe qui infecte les oiseaux sauvages et les oiseaux domestiques. Lorsqu\u2019elle touche les oiseaux, la maladie est \u00e9galement connue sous le nom d\u2019influenza aviaire ou, anciennement, de peste aviaire.<\/p>\n<p>&nbsp;<\/p>\n<div class='share-to-whatsapp-wrapper'><div class='share-on-whsp'>PARTAGER SUR : <\/div><a data-text='GRIPPE AVIAIRE \u2013 Les pr\u00e9cisions du ministre de l\u2019Elevage' data-link='https:\/\/www.nettali.com\/2021\/01\/08\/grippe-aviaire-les-precisions-du-ministre-de-lelevage\/' class='whatsapp-button whatsapp-share'>WhatsApp<\/a><div class='clear '><\/div><\/div>","protected":false},"excerpt":{"rendered":"<p>NETTALI.COM - Le ministre de l\u2019Elevage et des Productions animales se prononce sur l\u2019apparition de la grappe aviaire \u00e0 Thi\u00e8s. C\u2019est pour d\u00e9clarer qu\u2019il n\u2019y a pas p\u00e9ril en la demeure, puisque, selon ses dires, toutes les mesures de pr\u00e9caution sont prises. Le ministre de l\u2019Elevage et des Productions animales rassure sur les cas de [&hellip;]<\/p>\n","protected":false},"author":11,"featured_media":55069,"comment_status":"open","ping_status":"open","sticky":false,"template":"","format":"standard","meta":{"_et_pb_use_builder":"","_et_pb_old_content":""},"categories":[3],"tags":[],"yoast_head":"<!-- This site is optimized with the Yoast SEO Premium plugin v17.8 (Yoast SEO v17.8) - https:\/\/yoast.com\/wordpress\/plugins\/seo\/ -->\n<title>GRIPPE AVIAIRE \u2013 Les pr\u00e9cisions du ministre de l\u2019Elevage | Nettali.com<\/title>\n<meta name=\"robots\" content=\"index, follow, max-snippet:-1, max-image-preview:large, max-video-preview:-1\" \/>\n<link rel=\"canonical\" href=\"https:\/\/www.nettali.com\/2021\/01\/08\/grippe-aviaire-les-precisions-du-ministre-de-lelevage\/\" \/>\n<meta property=\"og:locale\" content=\"fr_FR\" \/>\n<meta property=\"og:type\" content=\"article\" \/>\n<meta property=\"og:title\" content=\"GRIPPE AVIAIRE \u2013 Les pr\u00e9cisions du ministre de l\u2019Elevage\" \/>\n<meta property=\"og:description\" content=\"NETTALI.COM - Le ministre de l\u2019Elevage et des Productions animales se prononce sur l\u2019apparition de la grappe aviaire \u00e0 Thi\u00e8s. C\u2019est pour d\u00e9clarer qu\u2019il n\u2019y a pas p\u00e9ril en la demeure, puisque, selon ses dires, toutes les mesures de pr\u00e9caution sont prises. Le ministre de l\u2019Elevage et des Productions animales rassure sur les cas de [&hellip;]\" \/>\n<meta property=\"og:url\" content=\"https:\/\/www.nettali.com\/2021\/01\/08\/grippe-aviaire-les-precisions-du-ministre-de-lelevage\/\" \/>\n<meta property=\"og:site_name\" content=\"Nettali.com\" \/>\n<meta property=\"article:publisher\" content=\"https:\/\/www.facebook.com\/nettalicom\" \/>\n<meta property=\"article:published_time\" content=\"2021-01-08T14:39:49+00:00\" \/>\n<meta property=\"article:modified_time\" content=\"2021-01-08T20:53:19+00:00\" \/>\n<meta property=\"og:image\" content=\"https:\/\/www.nettali.com\/wp-content\/uploads\/2021\/01\/alys.jpg\" \/>\n\t<meta property=\"og:image:width\" content=\"720\" \/>\n\t<meta property=\"og:image:height\" content=\"540\" \/>\n<meta name=\"twitter:card\" content=\"summary_large_image\" \/>\n<meta name=\"twitter:label1\" content=\"\u00c9crit par\" \/>\n\t<meta name=\"twitter:data1\" content=\"Thierno Diop\" \/>\n\t<meta name=\"twitter:label2\" content=\"Dur\u00e9e de lecture estim\u00e9e\" \/>\n\t<meta name=\"twitter:data2\" content=\"3 minutes\" \/>\n<script type=\"application\/ld+json\" class=\"yoast-schema-graph\">{\"@context\":\"https:\/\/schema.org\",\"@graph\":[{\"@type\":\"WebSite\",\"@id\":\"https:\/\/www.nettali.com\/#website\",\"url\":\"https:\/\/www.nettali.com\/\",\"name\":\"Nettali.com\",\"description\":\"Le rendez-vous critique du Net\",\"potentialAction\":[{\"@type\":\"SearchAction\",\"target\":{\"@type\":\"EntryPoint\",\"urlTemplate\":\"https:\/\/www.nettali.com\/?s={search_term_string}\"},\"query-input\":\"required name=search_term_string\"}],\"inLanguage\":\"fr-FR\"},{\"@type\":\"ImageObject\",\"@id\":\"https:\/\/www.nettali.com\/2021\/01\/08\/grippe-aviaire-les-precisions-du-ministre-de-lelevage\/#primaryimage\",\"inLanguage\":\"fr-FR\",\"url\":\"https:\/\/www.nettali.com\/wp-content\/uploads\/2021\/01\/alys.jpg\",\"contentUrl\":\"https:\/\/www.nettali.com\/wp-content\/uploads\/2021\/01\/alys.jpg\",\"width\":720,\"height\":540},{\"@type\":\"WebPage\",\"@id\":\"https:\/\/www.nettali.com\/2021\/01\/08\/grippe-aviaire-les-precisions-du-ministre-de-lelevage\/#webpage\",\"url\":\"https:\/\/www.nettali.com\/2021\/01\/08\/grippe-aviaire-les-precisions-du-ministre-de-lelevage\/\",\"name\":\"GRIPPE AVIAIRE \\u2013 Les pr\\u00e9cisions du ministre de l\\u2019Elevage | Nettali.com\",\"isPartOf\":{\"@id\":\"https:\/\/www.nettali.com\/#website\"},\"primaryImageOfPage\":{\"@id\":\"https:\/\/www.nettali.com\/2021\/01\/08\/grippe-aviaire-les-precisions-du-ministre-de-lelevage\/#primaryimage\"},\"datePublished\":\"2021-01-08T14:39:49+00:00\",\"dateModified\":\"2021-01-08T20:53:19+00:00\",\"author\":{\"@id\":\"https:\/\/www.nettali.com\/#\/schema\/person\/8a06c6bd7b19304cf4bf985862900b5b\"},\"breadcrumb\":{\"@id\":\"https:\/\/www.nettali.com\/2021\/01\/08\/grippe-aviaire-les-precisions-du-ministre-de-lelevage\/#breadcrumb\"},\"inLanguage\":\"fr-FR\",\"potentialAction\":[{\"@type\":\"ReadAction\",\"target\":[\"https:\/\/www.nettali.com\/2021\/01\/08\/grippe-aviaire-les-precisions-du-ministre-de-lelevage\/\"]}]},{\"@type\":\"BreadcrumbList\",\"@id\":\"https:\/\/www.nettali.com\/2021\/01\/08\/grippe-aviaire-les-precisions-du-ministre-de-lelevage\/#breadcrumb\",\"itemListElement\":[{\"@type\":\"ListItem\",\"position\":1,\"name\":\"Accueil\",\"item\":\"https:\/\/www.nettali.com\/\"},{\"@type\":\"ListItem\",\"position\":2,\"name\":\"GRIPPE AVIAIRE \\u2013 Les pr\\u00e9cisions du ministre de l\\u2019Elevage\"}]},{\"@type\":\"Person\",\"@id\":\"https:\/\/www.nettali.com\/#\/schema\/person\/8a06c6bd7b19304cf4bf985862900b5b\",\"name\":\"Thierno Diop\",\"image\":{\"@type\":\"ImageObject\",\"@id\":\"https:\/\/www.nettali.com\/#personlogo\",\"inLanguage\":\"fr-FR\",\"url\":\"https:\/\/secure.gravatar.com\/avatar\/c8ca58550c94fd2ac856d27391a6c866?s=96&d=mm&r=g\",\"contentUrl\":\"https:\/\/secure.gravatar.com\/avatar\/c8ca58550c94fd2ac856d27391a6c866?s=96&d=mm&r=g\",\"caption\":\"Thierno Diop\"},\"sameAs\":[\"https:\/\/nettali.com\"]}]}<\/script>\n<!-- \/ Yoast SEO Premium plugin. -->","yoast_head_json":{"title":"GRIPPE AVIAIRE \u2013 Les pr\u00e9cisions du ministre de l\u2019Elevage | Nettali.com","robots":{"index":"index","follow":"follow","max-snippet":"max-snippet:-1","max-image-preview":"max-image-preview:large","max-video-preview":"max-video-preview:-1"},"canonical":"https:\/\/www.nettali.com\/2021\/01\/08\/grippe-aviaire-les-precisions-du-ministre-de-lelevage\/","og_locale":"fr_FR","og_type":"article","og_title":"GRIPPE AVIAIRE \u2013 Les pr\u00e9cisions du ministre de l\u2019Elevage","og_description":"NETTALI.COM - Le ministre de l\u2019Elevage et des Productions animales se prononce sur l\u2019apparition de la grappe aviaire \u00e0 Thi\u00e8s. C\u2019est pour d\u00e9clarer qu\u2019il n\u2019y a pas p\u00e9ril en la demeure, puisque, selon ses dires, toutes les mesures de pr\u00e9caution sont prises. Le ministre de l\u2019Elevage et des Productions animales rassure sur les cas de [&hellip;]","og_url":"https:\/\/www.nettali.com\/2021\/01\/08\/grippe-aviaire-les-precisions-du-ministre-de-lelevage\/","og_site_name":"Nettali.com","article_publisher":"https:\/\/www.facebook.com\/nettalicom","article_published_time":"2021-01-08T14:39:49+00:00","article_modified_time":"2021-01-08T20:53:19+00:00","og_image":[{"width":720,"height":540,"url":"https:\/\/www.nettali.com\/wp-content\/uploads\/2021\/01\/alys.jpg","type":"image\/jpeg"}],"twitter_card":"summary_large_image","twitter_misc":{"\u00c9crit par":"Thierno Diop","Dur\u00e9e de lecture estim\u00e9e":"3 minutes"},"schema":{"@context":"https:\/\/schema.org","@graph":[{"@type":"WebSite","@id":"https:\/\/www.nettali.com\/#website","url":"https:\/\/www.nettali.com\/","name":"Nettali.com","description":"Le rendez-vous critique du Net","potentialAction":[{"@type":"SearchAction","target":{"@type":"EntryPoint","urlTemplate":"https:\/\/www.nettali.com\/?s={search_term_string}"},"query-input":"required name=search_term_string"}],"inLanguage":"fr-FR"},{"@type":"ImageObject","@id":"https:\/\/www.nettali.com\/2021\/01\/08\/grippe-aviaire-les-precisions-du-ministre-de-lelevage\/#primaryimage","inLanguage":"fr-FR","url":"https:\/\/www.nettali.com\/wp-content\/uploads\/2021\/01\/alys.jpg","contentUrl":"https:\/\/www.nettali.com\/wp-content\/uploads\/2021\/01\/alys.jpg","width":720,"height":540},{"@type":"WebPage","@id":"https:\/\/www.nettali.com\/2021\/01\/08\/grippe-aviaire-les-precisions-du-ministre-de-lelevage\/#webpage","url":"https:\/\/www.nettali.com\/2021\/01\/08\/grippe-aviaire-les-precisions-du-ministre-de-lelevage\/","name":"GRIPPE AVIAIRE \u2013 Les pr\u00e9cisions du ministre de l\u2019Elevage | Nettali.com","isPartOf":{"@id":"https:\/\/www.nettali.com\/#website"},"primaryImageOfPage":{"@id":"https:\/\/www.nettali.com\/2021\/01\/08\/grippe-aviaire-les-precisions-du-ministre-de-lelevage\/#primaryimage"},"datePublished":"2021-01-08T14:39:49+00:00","dateModified":"2021-01-08T20:53:19+00:00","author":{"@id":"https:\/\/www.nettali.com\/#\/schema\/person\/8a06c6bd7b19304cf4bf985862900b5b"},"breadcrumb":{"@id":"https:\/\/www.nettali.com\/2021\/01\/08\/grippe-aviaire-les-precisions-du-ministre-de-lelevage\/#breadcrumb"},"inLanguage":"fr-FR","potentialAction":[{"@type":"ReadAction","target":["https:\/\/www.nettali.com\/2021\/01\/08\/grippe-aviaire-les-precisions-du-ministre-de-lelevage\/"]}]},{"@type":"BreadcrumbList","@id":"https:\/\/www.nettali.com\/2021\/01\/08\/grippe-aviaire-les-precisions-du-ministre-de-lelevage\/#breadcrumb","itemListElement":[{"@type":"ListItem","position":1,"name":"Accueil","item":"https:\/\/www.nettali.com\/"},{"@type":"ListItem","position":2,"name":"GRIPPE AVIAIRE \u2013 Les pr\u00e9cisions du ministre de l\u2019Elevage"}]},{"@type":"Person","@id":"https:\/\/www.nettali.com\/#\/schema\/person\/8a06c6bd7b19304cf4bf985862900b5b","name":"Thierno Diop","image":{"@type":"ImageObject","@id":"https:\/\/www.nettali.com\/#personlogo","inLanguage":"fr-FR","url":"https:\/\/secure.gravatar.com\/avatar\/c8ca58550c94fd2ac856d27391a6c866?s=96&d=mm&r=g","contentUrl":"https:\/\/secure.gravatar.com\/avatar\/c8ca58550c94fd2ac856d27391a6c866?s=96&d=mm&r=g","caption":"Thierno Diop"},"sameAs":["https:\/\/nettali.com"]}]}},"_links":{"self":[{"href":"https:\/\/www.nettali.com\/rest\/wp\/v2\/posts\/55068"}],"collection":[{"href":"https:\/\/www.nettali.com\/rest\/wp\/v2\/posts"}],"about":[{"href":"https:\/\/www.nettali.com\/rest\/wp\/v2\/types\/post"}],"author":[{"embeddable":true,"href":"https:\/\/www.nettali.com\/rest\/wp\/v2\/users\/11"}],"replies":[{"embeddable":true,"href":"https:\/\/www.nettali.com\/rest\/wp\/v2\/comments?post=55068"}],"version-history":[{"count":1,"href":"https:\/\/www.nettali.com\/rest\/wp\/v2\/posts\/55068\/revisions"}],"predecessor-version":[{"id":55070,"href":"https:\/\/www.nettali.com\/rest\/wp\/v2\/posts\/55068\/revisions\/55070"}],"wp:featuredmedia":[{"embeddable":true,"href":"https:\/\/www.nettali.com\/rest\/wp\/v2\/media\/55069"}],"wp:attachment":[{"href":"https:\/\/www.nettali.com\/rest\/wp\/v2\/media?parent=55068"}],"wp:term":[{"taxonomy":"category","embeddable":true,"href":"https:\/\/www.nettali.com\/rest\/wp\/v2\/categories?post=55068"},{"taxonomy":"post_tag","embeddable":true,"href":"https:\/\/www.nettali.com\/rest\/wp\/v2\/tags?post=55068"}],"curies":[{"name":"wp","href":"https:\/\/api.w.org\/{rel}","templated":true}]}}