{"id":55066,"date":"2021-01-08T13:06:47","date_gmt":"2021-01-08T13:06:47","guid":{"rendered":"https:\/\/www.nettali.com\/?p=55066"},"modified":"2021-01-08T20:21:16","modified_gmt":"2021-01-08T20:21:16","slug":"le-magal-de-porokhane-maintenu","status":"publish","type":"post","link":"https:\/\/www.nettali.com\/2021\/01\/08\/le-magal-de-porokhane-maintenu\/","title":{"rendered":"RELIGION - Le Magal de Porokhane maintenu"},"content":{"rendered":"<p><strong>NETTALI.COM \u2013 Un membre de l\u2019entourage de premier cercle du khalife g\u00e9n\u00e9ral des Mourides d\u00e9monte la rumeur tendant \u00e0 faire avaliser l\u2019id\u00e9e d\u2019une annulation du Magal de Porokhane.Cela, dans la foul\u00e9e des mesures arr\u00eat\u00e9es pour endiguer la progression du coronavirus.<\/strong><\/p>\n<p>La rumeur sur une suppos\u00e9e annulation du Magal de Porokhane est d\u00e9mentie par Mountakha Ndiaye, administrateur du site Acad\u00e9mie Miniane. Ladite acad\u00e9mie est charg\u00e9e de la diffusion des d\u00e9clarations du khalife g\u00e9n\u00e9ral des mourides. \u00ab Des personnes publient de fausses informations sur internet en disant que le Magal de Porokhane est annul\u00e9. La date reste maintenue, le Magal de Porokhane aura lieu le 25 f\u00e9vrier 2021 \u00bb, avance Mountakha Ndiaye.<\/p>\n<p>Pour m\u00e9moire, hier, le ministre de l\u2019Int\u00e9rieur Antoine Diome, a, devant la progression \u00e0 une vitesse exponentielle du coronavirus, durci les mesures d\u2019interdiction.<\/p>\n<p>En clair, par l\u2019arr\u00eat\u00e9 n\u00b006-01-2021 \u2013 00030, le ministre a annonc\u00e9 de nouvelles restrictions, pour interdire tout rassemblement sur la p\u00e9riode du couvre-feu. \u00ab Tous cort\u00e8ges, d\u00e9fil\u00e9s, rassemblements et manifestations sur la voie publique, les r\u00e9unions publiques et priv\u00e9es, bapt\u00eames, mariages, r\u00e9ceptions et les manifestations religieuses \u00bb, sont interdits.<br \/>\nEn outre, l\u2019arr\u00eat\u00e9 vise \u00ab tout rassemblement dans les lieux recevant du public, notamment les h\u00f4tels, les salles de spectacles, les dancings, les bars, les caf\u00e9s, les salons de th\u00e9, les plages, les march\u00e9s hebdomadaires ainsi les que les terrains et salles d\u00e9di\u00e9es au sport. \u00bb<\/p>\n<div class='share-to-whatsapp-wrapper'><div class='share-on-whsp'>PARTAGER SUR : <\/div><a data-text='RELIGION - Le Magal de Porokhane maintenu' data-link='https:\/\/www.nettali.com\/2021\/01\/08\/le-magal-de-porokhane-maintenu\/' class='whatsapp-button whatsapp-share'>WhatsApp<\/a><div class='clear '><\/div><\/div>","protected":false},"excerpt":{"rendered":"<p>NETTALI.COM \u2013 Un membre de l\u2019entourage de premier cercle du khalife g\u00e9n\u00e9ral des Mourides d\u00e9monte la rumeur tendant \u00e0 faire avaliser l\u2019id\u00e9e d\u2019une annulation du Magal de Porokhane.Cela, dans la foul\u00e9e des mesures arr\u00eat\u00e9es pour endiguer la progression du coronavirus. La rumeur sur une suppos\u00e9e annulation du Magal de Porokhane est d\u00e9mentie par Mountakha Ndiaye, [&hellip;]<\/p>\n","protected":false},"author":11,"featured_media":20538,"comment_status":"open","ping_status":"open","sticky":false,"template":"","format":"standard","meta":{"_et_pb_use_builder":"","_et_pb_old_content":""},"categories":[3],"tags":[],"yoast_head":"<!-- This site is optimized with the Yoast SEO Premium plugin v17.8 (Yoast SEO v17.8) - https:\/\/yoast.com\/wordpress\/plugins\/seo\/ -->\n<title>RELIGION - Le Magal de Porokhane maintenu | Nettali.com<\/title>\n<meta name=\"robots\" content=\"index, follow, max-snippet:-1, max-image-preview:large, max-video-preview:-1\" \/>\n<link rel=\"canonical\" href=\"https:\/\/www.nettali.com\/2021\/01\/08\/le-magal-de-porokhane-maintenu\/\" \/>\n<meta property=\"og:locale\" content=\"fr_FR\" \/>\n<meta property=\"og:type\" content=\"article\" \/>\n<meta property=\"og:title\" content=\"RELIGION - Le Magal de Porokhane maintenu\" \/>\n<meta property=\"og:description\" content=\"NETTALI.COM \u2013 Un membre de l\u2019entourage de premier cercle du khalife g\u00e9n\u00e9ral des Mourides d\u00e9monte la rumeur tendant \u00e0 faire avaliser l\u2019id\u00e9e d\u2019une annulation du Magal de Porokhane.Cela, dans la foul\u00e9e des mesures arr\u00eat\u00e9es pour endiguer la progression du coronavirus. La rumeur sur une suppos\u00e9e annulation du Magal de Porokhane est d\u00e9mentie par Mountakha Ndiaye, [&hellip;]\" \/>\n<meta property=\"og:url\" content=\"https:\/\/www.nettali.com\/2021\/01\/08\/le-magal-de-porokhane-maintenu\/\" \/>\n<meta property=\"og:site_name\" content=\"Nettali.com\" \/>\n<meta property=\"article:publisher\" content=\"https:\/\/www.facebook.com\/nettalicom\" \/>\n<meta property=\"article:published_time\" content=\"2021-01-08T13:06:47+00:00\" \/>\n<meta property=\"article:modified_time\" content=\"2021-01-08T20:21:16+00:00\" \/>\n<meta property=\"og:image\" content=\"https:\/\/www.nettali.com\/wp-content\/uploads\/2019\/10\/Serigne-Mountakha-Mbacke.jpg\" \/>\n\t<meta property=\"og:image:width\" content=\"698\" \/>\n\t<meta property=\"og:image:height\" content=\"393\" \/>\n<meta name=\"twitter:card\" content=\"summary_large_image\" \/>\n<meta name=\"twitter:label1\" content=\"\u00c9crit par\" \/>\n\t<meta name=\"twitter:data1\" content=\"Thierno Diop\" \/>\n\t<meta name=\"twitter:label2\" content=\"Dur\u00e9e de lecture estim\u00e9e\" \/>\n\t<meta name=\"twitter:data2\" content=\"1 minute\" \/>\n<script type=\"application\/ld+json\" class=\"yoast-schema-graph\">{\"@context\":\"https:\/\/schema.org\",\"@graph\":[{\"@type\":\"WebSite\",\"@id\":\"https:\/\/www.nettali.com\/#website\",\"url\":\"https:\/\/www.nettali.com\/\",\"name\":\"Nettali.com\",\"description\":\"Le rendez-vous critique du Net\",\"potentialAction\":[{\"@type\":\"SearchAction\",\"target\":{\"@type\":\"EntryPoint\",\"urlTemplate\":\"https:\/\/www.nettali.com\/?s={search_term_string}\"},\"query-input\":\"required name=search_term_string\"}],\"inLanguage\":\"fr-FR\"},{\"@type\":\"ImageObject\",\"@id\":\"https:\/\/www.nettali.com\/2021\/01\/08\/le-magal-de-porokhane-maintenu\/#primaryimage\",\"inLanguage\":\"fr-FR\",\"url\":\"https:\/\/www.nettali.com\/wp-content\/uploads\/2019\/10\/Serigne-Mountakha-Mbacke.jpg\",\"contentUrl\":\"https:\/\/www.nettali.com\/wp-content\/uploads\/2019\/10\/Serigne-Mountakha-Mbacke.jpg\",\"width\":698,\"height\":393},{\"@type\":\"WebPage\",\"@id\":\"https:\/\/www.nettali.com\/2021\/01\/08\/le-magal-de-porokhane-maintenu\/#webpage\",\"url\":\"https:\/\/www.nettali.com\/2021\/01\/08\/le-magal-de-porokhane-maintenu\/\",\"name\":\"RELIGION - Le Magal de Porokhane maintenu | Nettali.com\",\"isPartOf\":{\"@id\":\"https:\/\/www.nettali.com\/#website\"},\"primaryImageOfPage\":{\"@id\":\"https:\/\/www.nettali.com\/2021\/01\/08\/le-magal-de-porokhane-maintenu\/#primaryimage\"},\"datePublished\":\"2021-01-08T13:06:47+00:00\",\"dateModified\":\"2021-01-08T20:21:16+00:00\",\"author\":{\"@id\":\"https:\/\/www.nettali.com\/#\/schema\/person\/8a06c6bd7b19304cf4bf985862900b5b\"},\"breadcrumb\":{\"@id\":\"https:\/\/www.nettali.com\/2021\/01\/08\/le-magal-de-porokhane-maintenu\/#breadcrumb\"},\"inLanguage\":\"fr-FR\",\"potentialAction\":[{\"@type\":\"ReadAction\",\"target\":[\"https:\/\/www.nettali.com\/2021\/01\/08\/le-magal-de-porokhane-maintenu\/\"]}]},{\"@type\":\"BreadcrumbList\",\"@id\":\"https:\/\/www.nettali.com\/2021\/01\/08\/le-magal-de-porokhane-maintenu\/#breadcrumb\",\"itemListElement\":[{\"@type\":\"ListItem\",\"position\":1,\"name\":\"Accueil\",\"item\":\"https:\/\/www.nettali.com\/\"},{\"@type\":\"ListItem\",\"position\":2,\"name\":\"RELIGION &#8211; Le Magal de Porokhane maintenu\"}]},{\"@type\":\"Person\",\"@id\":\"https:\/\/www.nettali.com\/#\/schema\/person\/8a06c6bd7b19304cf4bf985862900b5b\",\"name\":\"Thierno Diop\",\"image\":{\"@type\":\"ImageObject\",\"@id\":\"https:\/\/www.nettali.com\/#personlogo\",\"inLanguage\":\"fr-FR\",\"url\":\"https:\/\/secure.gravatar.com\/avatar\/c8ca58550c94fd2ac856d27391a6c866?s=96&d=mm&r=g\",\"contentUrl\":\"https:\/\/secure.gravatar.com\/avatar\/c8ca58550c94fd2ac856d27391a6c866?s=96&d=mm&r=g\",\"caption\":\"Thierno Diop\"},\"sameAs\":[\"https:\/\/nettali.com\"]}]}<\/script>\n<!-- \/ Yoast SEO Premium plugin. -->","yoast_head_json":{"title":"RELIGION - Le Magal de Porokhane maintenu | Nettali.com","robots":{"index":"index","follow":"follow","max-snippet":"max-snippet:-1","max-image-preview":"max-image-preview:large","max-video-preview":"max-video-preview:-1"},"canonical":"https:\/\/www.nettali.com\/2021\/01\/08\/le-magal-de-porokhane-maintenu\/","og_locale":"fr_FR","og_type":"article","og_title":"RELIGION - Le Magal de Porokhane maintenu","og_description":"NETTALI.COM \u2013 Un membre de l\u2019entourage de premier cercle du khalife g\u00e9n\u00e9ral des Mourides d\u00e9monte la rumeur tendant \u00e0 faire avaliser l\u2019id\u00e9e d\u2019une annulation du Magal de Porokhane.Cela, dans la foul\u00e9e des mesures arr\u00eat\u00e9es pour endiguer la progression du coronavirus. La rumeur sur une suppos\u00e9e annulation du Magal de Porokhane est d\u00e9mentie par Mountakha Ndiaye, [&hellip;]","og_url":"https:\/\/www.nettali.com\/2021\/01\/08\/le-magal-de-porokhane-maintenu\/","og_site_name":"Nettali.com","article_publisher":"https:\/\/www.facebook.com\/nettalicom","article_published_time":"2021-01-08T13:06:47+00:00","article_modified_time":"2021-01-08T20:21:16+00:00","og_image":[{"width":698,"height":393,"url":"https:\/\/www.nettali.com\/wp-content\/uploads\/2019\/10\/Serigne-Mountakha-Mbacke.jpg","type":"image\/jpeg"}],"twitter_card":"summary_large_image","twitter_misc":{"\u00c9crit par":"Thierno Diop","Dur\u00e9e de lecture estim\u00e9e":"1 minute"},"schema":{"@context":"https:\/\/schema.org","@graph":[{"@type":"WebSite","@id":"https:\/\/www.nettali.com\/#website","url":"https:\/\/www.nettali.com\/","name":"Nettali.com","description":"Le rendez-vous critique du Net","potentialAction":[{"@type":"SearchAction","target":{"@type":"EntryPoint","urlTemplate":"https:\/\/www.nettali.com\/?s={search_term_string}"},"query-input":"required name=search_term_string"}],"inLanguage":"fr-FR"},{"@type":"ImageObject","@id":"https:\/\/www.nettali.com\/2021\/01\/08\/le-magal-de-porokhane-maintenu\/#primaryimage","inLanguage":"fr-FR","url":"https:\/\/www.nettali.com\/wp-content\/uploads\/2019\/10\/Serigne-Mountakha-Mbacke.jpg","contentUrl":"https:\/\/www.nettali.com\/wp-content\/uploads\/2019\/10\/Serigne-Mountakha-Mbacke.jpg","width":698,"height":393},{"@type":"WebPage","@id":"https:\/\/www.nettali.com\/2021\/01\/08\/le-magal-de-porokhane-maintenu\/#webpage","url":"https:\/\/www.nettali.com\/2021\/01\/08\/le-magal-de-porokhane-maintenu\/","name":"RELIGION - Le Magal de Porokhane maintenu | Nettali.com","isPartOf":{"@id":"https:\/\/www.nettali.com\/#website"},"primaryImageOfPage":{"@id":"https:\/\/www.nettali.com\/2021\/01\/08\/le-magal-de-porokhane-maintenu\/#primaryimage"},"datePublished":"2021-01-08T13:06:47+00:00","dateModified":"2021-01-08T20:21:16+00:00","author":{"@id":"https:\/\/www.nettali.com\/#\/schema\/person\/8a06c6bd7b19304cf4bf985862900b5b"},"breadcrumb":{"@id":"https:\/\/www.nettali.com\/2021\/01\/08\/le-magal-de-porokhane-maintenu\/#breadcrumb"},"inLanguage":"fr-FR","potentialAction":[{"@type":"ReadAction","target":["https:\/\/www.nettali.com\/2021\/01\/08\/le-magal-de-porokhane-maintenu\/"]}]},{"@type":"BreadcrumbList","@id":"https:\/\/www.nettali.com\/2021\/01\/08\/le-magal-de-porokhane-maintenu\/#breadcrumb","itemListElement":[{"@type":"ListItem","position":1,"name":"Accueil","item":"https:\/\/www.nettali.com\/"},{"@type":"ListItem","position":2,"name":"RELIGION &#8211; Le Magal de Porokhane maintenu"}]},{"@type":"Person","@id":"https:\/\/www.nettali.com\/#\/schema\/person\/8a06c6bd7b19304cf4bf985862900b5b","name":"Thierno Diop","image":{"@type":"ImageObject","@id":"https:\/\/www.nettali.com\/#personlogo","inLanguage":"fr-FR","url":"https:\/\/secure.gravatar.com\/avatar\/c8ca58550c94fd2ac856d27391a6c866?s=96&d=mm&r=g","contentUrl":"https:\/\/secure.gravatar.com\/avatar\/c8ca58550c94fd2ac856d27391a6c866?s=96&d=mm&r=g","caption":"Thierno Diop"},"sameAs":["https:\/\/nettali.com"]}]}},"_links":{"self":[{"href":"https:\/\/www.nettali.com\/rest\/wp\/v2\/posts\/55066"}],"collection":[{"href":"https:\/\/www.nettali.com\/rest\/wp\/v2\/posts"}],"about":[{"href":"https:\/\/www.nettali.com\/rest\/wp\/v2\/types\/post"}],"author":[{"embeddable":true,"href":"https:\/\/www.nettali.com\/rest\/wp\/v2\/users\/11"}],"replies":[{"embeddable":true,"href":"https:\/\/www.nettali.com\/rest\/wp\/v2\/comments?post=55066"}],"version-history":[{"count":2,"href":"https:\/\/www.nettali.com\/rest\/wp\/v2\/posts\/55066\/revisions"}],"predecessor-version":[{"id":55084,"href":"https:\/\/www.nettali.com\/rest\/wp\/v2\/posts\/55066\/revisions\/55084"}],"wp:featuredmedia":[{"embeddable":true,"href":"https:\/\/www.nettali.com\/rest\/wp\/v2\/media\/20538"}],"wp:attachment":[{"href":"https:\/\/www.nettali.com\/rest\/wp\/v2\/media?parent=55066"}],"wp:term":[{"taxonomy":"category","embeddable":true,"href":"https:\/\/www.nettali.com\/rest\/wp\/v2\/categories?post=55066"},{"taxonomy":"post_tag","embeddable":true,"href":"https:\/\/www.nettali.com\/rest\/wp\/v2\/tags?post=55066"}],"curies":[{"name":"wp","href":"https:\/\/api.w.org\/{rel}","templated":true}]}}