{"id":55040,"date":"2021-01-08T08:45:51","date_gmt":"2021-01-08T08:45:51","guid":{"rendered":"https:\/\/www.nettali.com\/?p=55040"},"modified":"2021-01-08T08:46:16","modified_gmt":"2021-01-08T08:46:16","slug":"manifcontre-le-couvre-feu-thies-imite-dakar","status":"publish","type":"post","link":"https:\/\/www.nettali.com\/2021\/01\/08\/manifcontre-le-couvre-feu-thies-imite-dakar\/","title":{"rendered":"MANIF\u2019CONTRE LE COUVRE-FEU \u2013 Thi\u00e8s imite Dakar"},"content":{"rendered":"<p>NETTALI.COM \u2013 Les manifestations not\u00e9es \u00e0 Dakar durant le premier jour de couvre-feu ont projet\u00e9 leur effet de contagion dans la capitale du rail.<\/p>\n<p>En clair, des jeunes des quartiers M\u00e9dina Fall et Takhikao, dans la commune de Thi\u00e8s-Nord, ont investi les rues hier, pendant les heures de couvre-feu, pour manifester contre cette d\u00e9cision pr\u00e9sidentielle.<\/p>\n<p>Pour se faire entendre, les manifestants ont r\u00e9ussi \u00e0 br\u00fbler des pneus avant que les forces de d\u00e9fense et de s\u00e9curit\u00e9 n'interviennent pour les dispers\u00e9s. Avant-hier, un calme olympien r\u00e9gnait dans la ville de Thi\u00e8s, alors qu'au m\u00eame moment \u00e0 Mbour et \u00e0 Joal, les jeunes \u00e9taient en train de d\u00e9verser leur col\u00e8re dans les rues de ces deux agglom\u00e9rations.<\/p>\n<div class='share-to-whatsapp-wrapper'><div class='share-on-whsp'>PARTAGER SUR : <\/div><a data-text='MANIF\u2019CONTRE LE COUVRE-FEU \u2013 Thi\u00e8s imite Dakar' data-link='https:\/\/www.nettali.com\/2021\/01\/08\/manifcontre-le-couvre-feu-thies-imite-dakar\/' class='whatsapp-button whatsapp-share'>WhatsApp<\/a><div class='clear '><\/div><\/div>","protected":false},"excerpt":{"rendered":"<p>NETTALI.COM \u2013 Les manifestations not\u00e9es \u00e0 Dakar durant le premier jour de couvre-feu ont projet\u00e9 leur effet de contagion dans la capitale du rail. En clair, des jeunes des quartiers M\u00e9dina Fall et Takhikao, dans la commune de Thi\u00e8s-Nord, ont investi les rues hier, pendant les heures de couvre-feu, pour manifester contre cette d\u00e9cision pr\u00e9sidentielle. [&hellip;]<\/p>\n","protected":false},"author":11,"featured_media":25565,"comment_status":"open","ping_status":"open","sticky":false,"template":"","format":"standard","meta":{"_et_pb_use_builder":"","_et_pb_old_content":""},"categories":[2],"tags":[],"yoast_head":"<!-- This site is optimized with the Yoast SEO Premium plugin v17.8 (Yoast SEO v17.8) - https:\/\/yoast.com\/wordpress\/plugins\/seo\/ -->\n<title>MANIF\u2019CONTRE LE COUVRE-FEU \u2013 Thi\u00e8s imite Dakar | Nettali.com<\/title>\n<meta name=\"robots\" content=\"index, follow, max-snippet:-1, max-image-preview:large, max-video-preview:-1\" \/>\n<link rel=\"canonical\" href=\"https:\/\/www.nettali.com\/2021\/01\/08\/manifcontre-le-couvre-feu-thies-imite-dakar\/\" \/>\n<meta property=\"og:locale\" content=\"fr_FR\" \/>\n<meta property=\"og:type\" content=\"article\" \/>\n<meta property=\"og:title\" content=\"MANIF\u2019CONTRE LE COUVRE-FEU \u2013 Thi\u00e8s imite Dakar\" \/>\n<meta property=\"og:description\" content=\"NETTALI.COM \u2013 Les manifestations not\u00e9es \u00e0 Dakar durant le premier jour de couvre-feu ont projet\u00e9 leur effet de contagion dans la capitale du rail. En clair, des jeunes des quartiers M\u00e9dina Fall et Takhikao, dans la commune de Thi\u00e8s-Nord, ont investi les rues hier, pendant les heures de couvre-feu, pour manifester contre cette d\u00e9cision pr\u00e9sidentielle. [&hellip;]\" \/>\n<meta property=\"og:url\" content=\"https:\/\/www.nettali.com\/2021\/01\/08\/manifcontre-le-couvre-feu-thies-imite-dakar\/\" \/>\n<meta property=\"og:site_name\" content=\"Nettali.com\" \/>\n<meta property=\"article:publisher\" content=\"https:\/\/www.facebook.com\/nettalicom\" \/>\n<meta property=\"article:published_time\" content=\"2021-01-08T08:45:51+00:00\" \/>\n<meta property=\"article:modified_time\" content=\"2021-01-08T08:46:16+00:00\" \/>\n<meta property=\"og:image\" content=\"https:\/\/www.nettali.com\/wp-content\/uploads\/2019\/12\/Manifestation-a\u0300-Mbour.jpg\" \/>\n\t<meta property=\"og:image:width\" content=\"699\" \/>\n\t<meta property=\"og:image:height\" content=\"439\" \/>\n<meta name=\"twitter:card\" content=\"summary_large_image\" \/>\n<meta name=\"twitter:label1\" content=\"\u00c9crit par\" \/>\n\t<meta name=\"twitter:data1\" content=\"Thierno Diop\" \/>\n\t<meta name=\"twitter:label2\" content=\"Dur\u00e9e de lecture estim\u00e9e\" \/>\n\t<meta name=\"twitter:data2\" content=\"1 minute\" \/>\n<script type=\"application\/ld+json\" class=\"yoast-schema-graph\">{\"@context\":\"https:\/\/schema.org\",\"@graph\":[{\"@type\":\"WebSite\",\"@id\":\"https:\/\/www.nettali.com\/#website\",\"url\":\"https:\/\/www.nettali.com\/\",\"name\":\"Nettali.com\",\"description\":\"Le rendez-vous critique du Net\",\"potentialAction\":[{\"@type\":\"SearchAction\",\"target\":{\"@type\":\"EntryPoint\",\"urlTemplate\":\"https:\/\/www.nettali.com\/?s={search_term_string}\"},\"query-input\":\"required name=search_term_string\"}],\"inLanguage\":\"fr-FR\"},{\"@type\":\"ImageObject\",\"@id\":\"https:\/\/www.nettali.com\/2021\/01\/08\/manifcontre-le-couvre-feu-thies-imite-dakar\/#primaryimage\",\"inLanguage\":\"fr-FR\",\"url\":\"https:\/\/www.nettali.com\/wp-content\/uploads\/2019\/12\/Manifestation-a\\u0300-Mbour.jpg\",\"contentUrl\":\"https:\/\/www.nettali.com\/wp-content\/uploads\/2019\/12\/Manifestation-a\\u0300-Mbour.jpg\",\"width\":699,\"height\":439},{\"@type\":\"WebPage\",\"@id\":\"https:\/\/www.nettali.com\/2021\/01\/08\/manifcontre-le-couvre-feu-thies-imite-dakar\/#webpage\",\"url\":\"https:\/\/www.nettali.com\/2021\/01\/08\/manifcontre-le-couvre-feu-thies-imite-dakar\/\",\"name\":\"MANIF\\u2019CONTRE LE COUVRE-FEU \\u2013 Thi\\u00e8s imite Dakar | Nettali.com\",\"isPartOf\":{\"@id\":\"https:\/\/www.nettali.com\/#website\"},\"primaryImageOfPage\":{\"@id\":\"https:\/\/www.nettali.com\/2021\/01\/08\/manifcontre-le-couvre-feu-thies-imite-dakar\/#primaryimage\"},\"datePublished\":\"2021-01-08T08:45:51+00:00\",\"dateModified\":\"2021-01-08T08:46:16+00:00\",\"author\":{\"@id\":\"https:\/\/www.nettali.com\/#\/schema\/person\/8a06c6bd7b19304cf4bf985862900b5b\"},\"breadcrumb\":{\"@id\":\"https:\/\/www.nettali.com\/2021\/01\/08\/manifcontre-le-couvre-feu-thies-imite-dakar\/#breadcrumb\"},\"inLanguage\":\"fr-FR\",\"potentialAction\":[{\"@type\":\"ReadAction\",\"target\":[\"https:\/\/www.nettali.com\/2021\/01\/08\/manifcontre-le-couvre-feu-thies-imite-dakar\/\"]}]},{\"@type\":\"BreadcrumbList\",\"@id\":\"https:\/\/www.nettali.com\/2021\/01\/08\/manifcontre-le-couvre-feu-thies-imite-dakar\/#breadcrumb\",\"itemListElement\":[{\"@type\":\"ListItem\",\"position\":1,\"name\":\"Accueil\",\"item\":\"https:\/\/www.nettali.com\/\"},{\"@type\":\"ListItem\",\"position\":2,\"name\":\"MANIF\\u2019CONTRE LE COUVRE-FEU \\u2013 Thi\\u00e8s imite Dakar\"}]},{\"@type\":\"Person\",\"@id\":\"https:\/\/www.nettali.com\/#\/schema\/person\/8a06c6bd7b19304cf4bf985862900b5b\",\"name\":\"Thierno Diop\",\"image\":{\"@type\":\"ImageObject\",\"@id\":\"https:\/\/www.nettali.com\/#personlogo\",\"inLanguage\":\"fr-FR\",\"url\":\"https:\/\/secure.gravatar.com\/avatar\/c8ca58550c94fd2ac856d27391a6c866?s=96&d=mm&r=g\",\"contentUrl\":\"https:\/\/secure.gravatar.com\/avatar\/c8ca58550c94fd2ac856d27391a6c866?s=96&d=mm&r=g\",\"caption\":\"Thierno Diop\"},\"sameAs\":[\"https:\/\/nettali.com\"]}]}<\/script>\n<!-- \/ Yoast SEO Premium plugin. -->","yoast_head_json":{"title":"MANIF\u2019CONTRE LE COUVRE-FEU \u2013 Thi\u00e8s imite Dakar | Nettali.com","robots":{"index":"index","follow":"follow","max-snippet":"max-snippet:-1","max-image-preview":"max-image-preview:large","max-video-preview":"max-video-preview:-1"},"canonical":"https:\/\/www.nettali.com\/2021\/01\/08\/manifcontre-le-couvre-feu-thies-imite-dakar\/","og_locale":"fr_FR","og_type":"article","og_title":"MANIF\u2019CONTRE LE COUVRE-FEU \u2013 Thi\u00e8s imite Dakar","og_description":"NETTALI.COM \u2013 Les manifestations not\u00e9es \u00e0 Dakar durant le premier jour de couvre-feu ont projet\u00e9 leur effet de contagion dans la capitale du rail. En clair, des jeunes des quartiers M\u00e9dina Fall et Takhikao, dans la commune de Thi\u00e8s-Nord, ont investi les rues hier, pendant les heures de couvre-feu, pour manifester contre cette d\u00e9cision pr\u00e9sidentielle. [&hellip;]","og_url":"https:\/\/www.nettali.com\/2021\/01\/08\/manifcontre-le-couvre-feu-thies-imite-dakar\/","og_site_name":"Nettali.com","article_publisher":"https:\/\/www.facebook.com\/nettalicom","article_published_time":"2021-01-08T08:45:51+00:00","article_modified_time":"2021-01-08T08:46:16+00:00","og_image":[{"width":699,"height":439,"url":"https:\/\/www.nettali.com\/wp-content\/uploads\/2019\/12\/Manifestation-a\u0300-Mbour.jpg","type":"image\/jpeg"}],"twitter_card":"summary_large_image","twitter_misc":{"\u00c9crit par":"Thierno Diop","Dur\u00e9e de lecture estim\u00e9e":"1 minute"},"schema":{"@context":"https:\/\/schema.org","@graph":[{"@type":"WebSite","@id":"https:\/\/www.nettali.com\/#website","url":"https:\/\/www.nettali.com\/","name":"Nettali.com","description":"Le rendez-vous critique du Net","potentialAction":[{"@type":"SearchAction","target":{"@type":"EntryPoint","urlTemplate":"https:\/\/www.nettali.com\/?s={search_term_string}"},"query-input":"required name=search_term_string"}],"inLanguage":"fr-FR"},{"@type":"ImageObject","@id":"https:\/\/www.nettali.com\/2021\/01\/08\/manifcontre-le-couvre-feu-thies-imite-dakar\/#primaryimage","inLanguage":"fr-FR","url":"https:\/\/www.nettali.com\/wp-content\/uploads\/2019\/12\/Manifestation-a\u0300-Mbour.jpg","contentUrl":"https:\/\/www.nettali.com\/wp-content\/uploads\/2019\/12\/Manifestation-a\u0300-Mbour.jpg","width":699,"height":439},{"@type":"WebPage","@id":"https:\/\/www.nettali.com\/2021\/01\/08\/manifcontre-le-couvre-feu-thies-imite-dakar\/#webpage","url":"https:\/\/www.nettali.com\/2021\/01\/08\/manifcontre-le-couvre-feu-thies-imite-dakar\/","name":"MANIF\u2019CONTRE LE COUVRE-FEU \u2013 Thi\u00e8s imite Dakar | Nettali.com","isPartOf":{"@id":"https:\/\/www.nettali.com\/#website"},"primaryImageOfPage":{"@id":"https:\/\/www.nettali.com\/2021\/01\/08\/manifcontre-le-couvre-feu-thies-imite-dakar\/#primaryimage"},"datePublished":"2021-01-08T08:45:51+00:00","dateModified":"2021-01-08T08:46:16+00:00","author":{"@id":"https:\/\/www.nettali.com\/#\/schema\/person\/8a06c6bd7b19304cf4bf985862900b5b"},"breadcrumb":{"@id":"https:\/\/www.nettali.com\/2021\/01\/08\/manifcontre-le-couvre-feu-thies-imite-dakar\/#breadcrumb"},"inLanguage":"fr-FR","potentialAction":[{"@type":"ReadAction","target":["https:\/\/www.nettali.com\/2021\/01\/08\/manifcontre-le-couvre-feu-thies-imite-dakar\/"]}]},{"@type":"BreadcrumbList","@id":"https:\/\/www.nettali.com\/2021\/01\/08\/manifcontre-le-couvre-feu-thies-imite-dakar\/#breadcrumb","itemListElement":[{"@type":"ListItem","position":1,"name":"Accueil","item":"https:\/\/www.nettali.com\/"},{"@type":"ListItem","position":2,"name":"MANIF\u2019CONTRE LE COUVRE-FEU \u2013 Thi\u00e8s imite Dakar"}]},{"@type":"Person","@id":"https:\/\/www.nettali.com\/#\/schema\/person\/8a06c6bd7b19304cf4bf985862900b5b","name":"Thierno Diop","image":{"@type":"ImageObject","@id":"https:\/\/www.nettali.com\/#personlogo","inLanguage":"fr-FR","url":"https:\/\/secure.gravatar.com\/avatar\/c8ca58550c94fd2ac856d27391a6c866?s=96&d=mm&r=g","contentUrl":"https:\/\/secure.gravatar.com\/avatar\/c8ca58550c94fd2ac856d27391a6c866?s=96&d=mm&r=g","caption":"Thierno Diop"},"sameAs":["https:\/\/nettali.com"]}]}},"_links":{"self":[{"href":"https:\/\/www.nettali.com\/rest\/wp\/v2\/posts\/55040"}],"collection":[{"href":"https:\/\/www.nettali.com\/rest\/wp\/v2\/posts"}],"about":[{"href":"https:\/\/www.nettali.com\/rest\/wp\/v2\/types\/post"}],"author":[{"embeddable":true,"href":"https:\/\/www.nettali.com\/rest\/wp\/v2\/users\/11"}],"replies":[{"embeddable":true,"href":"https:\/\/www.nettali.com\/rest\/wp\/v2\/comments?post=55040"}],"version-history":[{"count":2,"href":"https:\/\/www.nettali.com\/rest\/wp\/v2\/posts\/55040\/revisions"}],"predecessor-version":[{"id":55042,"href":"https:\/\/www.nettali.com\/rest\/wp\/v2\/posts\/55040\/revisions\/55042"}],"wp:featuredmedia":[{"embeddable":true,"href":"https:\/\/www.nettali.com\/rest\/wp\/v2\/media\/25565"}],"wp:attachment":[{"href":"https:\/\/www.nettali.com\/rest\/wp\/v2\/media?parent=55040"}],"wp:term":[{"taxonomy":"category","embeddable":true,"href":"https:\/\/www.nettali.com\/rest\/wp\/v2\/categories?post=55040"},{"taxonomy":"post_tag","embeddable":true,"href":"https:\/\/www.nettali.com\/rest\/wp\/v2\/tags?post=55040"}],"curies":[{"name":"wp","href":"https:\/\/api.w.org\/{rel}","templated":true}]}}