{"id":55036,"date":"2021-01-08T08:36:13","date_gmt":"2021-01-08T08:36:13","guid":{"rendered":"https:\/\/www.nettali.com\/?p=55036"},"modified":"2021-01-08T11:10:45","modified_gmt":"2021-01-08T11:10:45","slug":"lendemains-de-manifestations-noo-lank-pour-un-conseil-scientifique-national-independant-sur-la-covid","status":"publish","type":"post","link":"https:\/\/www.nettali.com\/2021\/01\/08\/lendemains-de-manifestations-noo-lank-pour-un-conseil-scientifique-national-independant-sur-la-covid\/","title":{"rendered":"GESTION DE LA COVID \u2013 Noo lank disqualifie Macky"},"content":{"rendered":"<p><strong>NETTALI.COM - Le mouvement Noo lank trouve que la cr\u00e9dibilit\u00e9 du chef de l\u2019Etat est mise en fragilit\u00e9 par les manifestations contre l\u2019\u00e9tat d\u2019urgence et le couvre-feu. Cons\u00e9quemment, l\u2019organisation propose la mise sur pied d\u2019un Conseil scientifique national ind\u00e9pendant sur la Covid.<\/strong><\/p>\n<p><strong>\u00a0<\/strong>Dans un communiqu\u00e9, le mouvement Noo lank d\u00e9plore les manifestations contre l\u2019\u00e9tat d\u2019urgence et le couvre-feu et en d\u00e9duit que la cr\u00e9dibilit\u00e9 du pr\u00e9sident de la R\u00e9publique est mise en fragilit\u00e9. \u201cA l\u2019\u00e9vidence, le pr\u00e9sident de la R\u00e9publique accuse un s\u00e9rieux d\u00e9ficit de cr\u00e9dibilit\u00e9 publique. Il a habitu\u00e9 les S\u00e9n\u00e9galais \u00e0 un revirement de parole et d\u2019engagement, \u00e0 tel point que peu lui font confiance maintenant. M\u00eame ses plus proches partisans ont d\u00e9couvert sa forte duplicit\u00e9. Cette duplicit\u00e9 fait qu\u2019il change de v\u00e9rit\u00e9 au gr\u00e9 de ses int\u00e9r\u00eats, cache ses intentions et n\u2019h\u00e9site pas \u00e0 trahir ses engagements, quelle que soit leur gravit\u00e9 et solennit\u00e9 pour le peuple\u2019\u2019, s\u2019indigne le mouvement.<\/p>\n<p>L\u2019organisation pense que ce manque de cr\u00e9dibilit\u00e9 pr\u00e9judicie gravement \u00e0 la lutte contre la pand\u00e9mie au S\u00e9n\u00e9gal. De l\u2019avis de Noo lank, les S\u00e9n\u00e9galais ont besoin d\u2019une voix dont ils ne doutent point, pour croire les chiffres sur la Covid, les explications sur leurs variations inexpliqu\u00e9es et les mesures sur la vaccination.<\/p>\n<p>Toutes choses qui font que Noo lank invite le pr\u00e9sident Macky Sall \u00e0 mettre en place un Conseil scientifique national ind\u00e9pendant sur la Covid, dirig\u00e9 par un scientifique r\u00e9put\u00e9 et cr\u00e9dible pour parler aux S\u00e9n\u00e9galais et donner les orientations sur le pilotage de la pand\u00e9mie. \u201cElle ne ferait pas double emploi avec le comit\u00e9 de gestion du minist\u00e8re de la Sant\u00e9. Une telle instance ne sera encadr\u00e9e par l\u2019autorit\u00e9 du pr\u00e9sident Macky Sall et sera inclusive de toutes les comp\u00e9tences et forces sociales, incluant celles en dehors de la sant\u00e9. A ce titre, elle b\u00e9n\u00e9ficierait de plus de chance de faire passer le message et les choix n\u00e9cessaires que la population doit faire pour \u00e9chapper avec le moins de d\u00e9g\u00e2ts \u00e0 la pand\u00e9mie de la Covid\u2019\u2019, explique le communiqu\u00e9.<\/p>\n<p>Ce conseil, selon le mouvement, permettra au pr\u00e9sident de la R\u00e9publique de se consacrer \u00e0 la relance de l\u2019\u00e9conomie, exclusivement. \u201cEn l\u2019absence d\u2019un Premier ministre, il n\u2019a pas de flexibilit\u00e9 pour se consacrer \u00e0 cette t\u00e2che avec suffisamment de constance et de suivi pour s\u2019assurer que cette relance soit effective et impacte les populations. Il y va de la capacit\u00e9 de l\u2019Etat de mener une communication efficace qui con-vainc le S\u00e9n\u00e9galais tout en veillant \u00e0 assurer la r\u00e9silience de notre \u00e9conomie pour la survie de toutes les couches\u2019\u2019, termine le texte.<\/p>\n<div class='share-to-whatsapp-wrapper'><div class='share-on-whsp'>PARTAGER SUR : <\/div><a data-text='GESTION DE LA COVID \u2013 Noo lank disqualifie Macky' data-link='https:\/\/www.nettali.com\/2021\/01\/08\/lendemains-de-manifestations-noo-lank-pour-un-conseil-scientifique-national-independant-sur-la-covid\/' class='whatsapp-button whatsapp-share'>WhatsApp<\/a><div class='clear '><\/div><\/div>","protected":false},"excerpt":{"rendered":"<p>NETTALI.COM - Le mouvement Noo lank trouve que la cr\u00e9dibilit\u00e9 du chef de l\u2019Etat est mise en fragilit\u00e9 par les manifestations contre l\u2019\u00e9tat d\u2019urgence et le couvre-feu. Cons\u00e9quemment, l\u2019organisation propose la mise sur pied d\u2019un Conseil scientifique national ind\u00e9pendant sur la Covid. \u00a0Dans un communiqu\u00e9, le mouvement Noo lank d\u00e9plore les manifestations contre l\u2019\u00e9tat d\u2019urgence [&hellip;]<\/p>\n","protected":false},"author":11,"featured_media":24788,"comment_status":"open","ping_status":"open","sticky":false,"template":"","format":"standard","meta":{"_et_pb_use_builder":"","_et_pb_old_content":""},"categories":[2],"tags":[],"yoast_head":"<!-- This site is optimized with the Yoast SEO Premium plugin v17.8 (Yoast SEO v17.8) - https:\/\/yoast.com\/wordpress\/plugins\/seo\/ -->\n<title>GESTION DE LA COVID \u2013 Noo lank disqualifie Macky | Nettali.com<\/title>\n<meta name=\"robots\" content=\"index, follow, max-snippet:-1, max-image-preview:large, max-video-preview:-1\" \/>\n<link rel=\"canonical\" href=\"https:\/\/www.nettali.com\/2021\/01\/08\/lendemains-de-manifestations-noo-lank-pour-un-conseil-scientifique-national-independant-sur-la-covid\/\" \/>\n<meta property=\"og:locale\" content=\"fr_FR\" \/>\n<meta property=\"og:type\" content=\"article\" \/>\n<meta property=\"og:title\" content=\"GESTION DE LA COVID \u2013 Noo lank disqualifie Macky\" \/>\n<meta property=\"og:description\" content=\"NETTALI.COM - Le mouvement Noo lank trouve que la cr\u00e9dibilit\u00e9 du chef de l\u2019Etat est mise en fragilit\u00e9 par les manifestations contre l\u2019\u00e9tat d\u2019urgence et le couvre-feu. Cons\u00e9quemment, l\u2019organisation propose la mise sur pied d\u2019un Conseil scientifique national ind\u00e9pendant sur la Covid. \u00a0Dans un communiqu\u00e9, le mouvement Noo lank d\u00e9plore les manifestations contre l\u2019\u00e9tat d\u2019urgence [&hellip;]\" \/>\n<meta property=\"og:url\" content=\"https:\/\/www.nettali.com\/2021\/01\/08\/lendemains-de-manifestations-noo-lank-pour-un-conseil-scientifique-national-independant-sur-la-covid\/\" \/>\n<meta property=\"og:site_name\" content=\"Nettali.com\" \/>\n<meta property=\"article:publisher\" content=\"https:\/\/www.facebook.com\/nettalicom\" \/>\n<meta property=\"article:published_time\" content=\"2021-01-08T08:36:13+00:00\" \/>\n<meta property=\"article:modified_time\" content=\"2021-01-08T11:10:45+00:00\" \/>\n<meta property=\"og:image\" content=\"https:\/\/www.nettali.com\/wp-content\/uploads\/2019\/12\/noo.jpg\" \/>\n\t<meta property=\"og:image:width\" content=\"600\" \/>\n\t<meta property=\"og:image:height\" content=\"314\" \/>\n<meta name=\"twitter:card\" content=\"summary_large_image\" \/>\n<meta name=\"twitter:label1\" content=\"\u00c9crit par\" \/>\n\t<meta name=\"twitter:data1\" content=\"Thierno Diop\" \/>\n\t<meta name=\"twitter:label2\" content=\"Dur\u00e9e de lecture estim\u00e9e\" \/>\n\t<meta name=\"twitter:data2\" content=\"2 minutes\" \/>\n<script type=\"application\/ld+json\" class=\"yoast-schema-graph\">{\"@context\":\"https:\/\/schema.org\",\"@graph\":[{\"@type\":\"WebSite\",\"@id\":\"https:\/\/www.nettali.com\/#website\",\"url\":\"https:\/\/www.nettali.com\/\",\"name\":\"Nettali.com\",\"description\":\"Le rendez-vous critique du Net\",\"potentialAction\":[{\"@type\":\"SearchAction\",\"target\":{\"@type\":\"EntryPoint\",\"urlTemplate\":\"https:\/\/www.nettali.com\/?s={search_term_string}\"},\"query-input\":\"required name=search_term_string\"}],\"inLanguage\":\"fr-FR\"},{\"@type\":\"ImageObject\",\"@id\":\"https:\/\/www.nettali.com\/2021\/01\/08\/lendemains-de-manifestations-noo-lank-pour-un-conseil-scientifique-national-independant-sur-la-covid\/#primaryimage\",\"inLanguage\":\"fr-FR\",\"url\":\"https:\/\/www.nettali.com\/wp-content\/uploads\/2019\/12\/noo.jpg\",\"contentUrl\":\"https:\/\/www.nettali.com\/wp-content\/uploads\/2019\/12\/noo.jpg\",\"width\":600,\"height\":314},{\"@type\":\"WebPage\",\"@id\":\"https:\/\/www.nettali.com\/2021\/01\/08\/lendemains-de-manifestations-noo-lank-pour-un-conseil-scientifique-national-independant-sur-la-covid\/#webpage\",\"url\":\"https:\/\/www.nettali.com\/2021\/01\/08\/lendemains-de-manifestations-noo-lank-pour-un-conseil-scientifique-national-independant-sur-la-covid\/\",\"name\":\"GESTION DE LA COVID \\u2013 Noo lank disqualifie Macky | Nettali.com\",\"isPartOf\":{\"@id\":\"https:\/\/www.nettali.com\/#website\"},\"primaryImageOfPage\":{\"@id\":\"https:\/\/www.nettali.com\/2021\/01\/08\/lendemains-de-manifestations-noo-lank-pour-un-conseil-scientifique-national-independant-sur-la-covid\/#primaryimage\"},\"datePublished\":\"2021-01-08T08:36:13+00:00\",\"dateModified\":\"2021-01-08T11:10:45+00:00\",\"author\":{\"@id\":\"https:\/\/www.nettali.com\/#\/schema\/person\/8a06c6bd7b19304cf4bf985862900b5b\"},\"breadcrumb\":{\"@id\":\"https:\/\/www.nettali.com\/2021\/01\/08\/lendemains-de-manifestations-noo-lank-pour-un-conseil-scientifique-national-independant-sur-la-covid\/#breadcrumb\"},\"inLanguage\":\"fr-FR\",\"potentialAction\":[{\"@type\":\"ReadAction\",\"target\":[\"https:\/\/www.nettali.com\/2021\/01\/08\/lendemains-de-manifestations-noo-lank-pour-un-conseil-scientifique-national-independant-sur-la-covid\/\"]}]},{\"@type\":\"BreadcrumbList\",\"@id\":\"https:\/\/www.nettali.com\/2021\/01\/08\/lendemains-de-manifestations-noo-lank-pour-un-conseil-scientifique-national-independant-sur-la-covid\/#breadcrumb\",\"itemListElement\":[{\"@type\":\"ListItem\",\"position\":1,\"name\":\"Accueil\",\"item\":\"https:\/\/www.nettali.com\/\"},{\"@type\":\"ListItem\",\"position\":2,\"name\":\"GESTION DE LA COVID \\u2013 Noo lank disqualifie Macky\"}]},{\"@type\":\"Person\",\"@id\":\"https:\/\/www.nettali.com\/#\/schema\/person\/8a06c6bd7b19304cf4bf985862900b5b\",\"name\":\"Thierno Diop\",\"image\":{\"@type\":\"ImageObject\",\"@id\":\"https:\/\/www.nettali.com\/#personlogo\",\"inLanguage\":\"fr-FR\",\"url\":\"https:\/\/secure.gravatar.com\/avatar\/c8ca58550c94fd2ac856d27391a6c866?s=96&d=mm&r=g\",\"contentUrl\":\"https:\/\/secure.gravatar.com\/avatar\/c8ca58550c94fd2ac856d27391a6c866?s=96&d=mm&r=g\",\"caption\":\"Thierno Diop\"},\"sameAs\":[\"https:\/\/nettali.com\"]}]}<\/script>\n<!-- \/ Yoast SEO Premium plugin. -->","yoast_head_json":{"title":"GESTION DE LA COVID \u2013 Noo lank disqualifie Macky | Nettali.com","robots":{"index":"index","follow":"follow","max-snippet":"max-snippet:-1","max-image-preview":"max-image-preview:large","max-video-preview":"max-video-preview:-1"},"canonical":"https:\/\/www.nettali.com\/2021\/01\/08\/lendemains-de-manifestations-noo-lank-pour-un-conseil-scientifique-national-independant-sur-la-covid\/","og_locale":"fr_FR","og_type":"article","og_title":"GESTION DE LA COVID \u2013 Noo lank disqualifie Macky","og_description":"NETTALI.COM - Le mouvement Noo lank trouve que la cr\u00e9dibilit\u00e9 du chef de l\u2019Etat est mise en fragilit\u00e9 par les manifestations contre l\u2019\u00e9tat d\u2019urgence et le couvre-feu. Cons\u00e9quemment, l\u2019organisation propose la mise sur pied d\u2019un Conseil scientifique national ind\u00e9pendant sur la Covid. \u00a0Dans un communiqu\u00e9, le mouvement Noo lank d\u00e9plore les manifestations contre l\u2019\u00e9tat d\u2019urgence [&hellip;]","og_url":"https:\/\/www.nettali.com\/2021\/01\/08\/lendemains-de-manifestations-noo-lank-pour-un-conseil-scientifique-national-independant-sur-la-covid\/","og_site_name":"Nettali.com","article_publisher":"https:\/\/www.facebook.com\/nettalicom","article_published_time":"2021-01-08T08:36:13+00:00","article_modified_time":"2021-01-08T11:10:45+00:00","og_image":[{"width":600,"height":314,"url":"https:\/\/www.nettali.com\/wp-content\/uploads\/2019\/12\/noo.jpg","type":"image\/jpeg"}],"twitter_card":"summary_large_image","twitter_misc":{"\u00c9crit par":"Thierno Diop","Dur\u00e9e de lecture estim\u00e9e":"2 minutes"},"schema":{"@context":"https:\/\/schema.org","@graph":[{"@type":"WebSite","@id":"https:\/\/www.nettali.com\/#website","url":"https:\/\/www.nettali.com\/","name":"Nettali.com","description":"Le rendez-vous critique du Net","potentialAction":[{"@type":"SearchAction","target":{"@type":"EntryPoint","urlTemplate":"https:\/\/www.nettali.com\/?s={search_term_string}"},"query-input":"required name=search_term_string"}],"inLanguage":"fr-FR"},{"@type":"ImageObject","@id":"https:\/\/www.nettali.com\/2021\/01\/08\/lendemains-de-manifestations-noo-lank-pour-un-conseil-scientifique-national-independant-sur-la-covid\/#primaryimage","inLanguage":"fr-FR","url":"https:\/\/www.nettali.com\/wp-content\/uploads\/2019\/12\/noo.jpg","contentUrl":"https:\/\/www.nettali.com\/wp-content\/uploads\/2019\/12\/noo.jpg","width":600,"height":314},{"@type":"WebPage","@id":"https:\/\/www.nettali.com\/2021\/01\/08\/lendemains-de-manifestations-noo-lank-pour-un-conseil-scientifique-national-independant-sur-la-covid\/#webpage","url":"https:\/\/www.nettali.com\/2021\/01\/08\/lendemains-de-manifestations-noo-lank-pour-un-conseil-scientifique-national-independant-sur-la-covid\/","name":"GESTION DE LA COVID \u2013 Noo lank disqualifie Macky | Nettali.com","isPartOf":{"@id":"https:\/\/www.nettali.com\/#website"},"primaryImageOfPage":{"@id":"https:\/\/www.nettali.com\/2021\/01\/08\/lendemains-de-manifestations-noo-lank-pour-un-conseil-scientifique-national-independant-sur-la-covid\/#primaryimage"},"datePublished":"2021-01-08T08:36:13+00:00","dateModified":"2021-01-08T11:10:45+00:00","author":{"@id":"https:\/\/www.nettali.com\/#\/schema\/person\/8a06c6bd7b19304cf4bf985862900b5b"},"breadcrumb":{"@id":"https:\/\/www.nettali.com\/2021\/01\/08\/lendemains-de-manifestations-noo-lank-pour-un-conseil-scientifique-national-independant-sur-la-covid\/#breadcrumb"},"inLanguage":"fr-FR","potentialAction":[{"@type":"ReadAction","target":["https:\/\/www.nettali.com\/2021\/01\/08\/lendemains-de-manifestations-noo-lank-pour-un-conseil-scientifique-national-independant-sur-la-covid\/"]}]},{"@type":"BreadcrumbList","@id":"https:\/\/www.nettali.com\/2021\/01\/08\/lendemains-de-manifestations-noo-lank-pour-un-conseil-scientifique-national-independant-sur-la-covid\/#breadcrumb","itemListElement":[{"@type":"ListItem","position":1,"name":"Accueil","item":"https:\/\/www.nettali.com\/"},{"@type":"ListItem","position":2,"name":"GESTION DE LA COVID \u2013 Noo lank disqualifie Macky"}]},{"@type":"Person","@id":"https:\/\/www.nettali.com\/#\/schema\/person\/8a06c6bd7b19304cf4bf985862900b5b","name":"Thierno Diop","image":{"@type":"ImageObject","@id":"https:\/\/www.nettali.com\/#personlogo","inLanguage":"fr-FR","url":"https:\/\/secure.gravatar.com\/avatar\/c8ca58550c94fd2ac856d27391a6c866?s=96&d=mm&r=g","contentUrl":"https:\/\/secure.gravatar.com\/avatar\/c8ca58550c94fd2ac856d27391a6c866?s=96&d=mm&r=g","caption":"Thierno Diop"},"sameAs":["https:\/\/nettali.com"]}]}},"_links":{"self":[{"href":"https:\/\/www.nettali.com\/rest\/wp\/v2\/posts\/55036"}],"collection":[{"href":"https:\/\/www.nettali.com\/rest\/wp\/v2\/posts"}],"about":[{"href":"https:\/\/www.nettali.com\/rest\/wp\/v2\/types\/post"}],"author":[{"embeddable":true,"href":"https:\/\/www.nettali.com\/rest\/wp\/v2\/users\/11"}],"replies":[{"embeddable":true,"href":"https:\/\/www.nettali.com\/rest\/wp\/v2\/comments?post=55036"}],"version-history":[{"count":3,"href":"https:\/\/www.nettali.com\/rest\/wp\/v2\/posts\/55036\/revisions"}],"predecessor-version":[{"id":55039,"href":"https:\/\/www.nettali.com\/rest\/wp\/v2\/posts\/55036\/revisions\/55039"}],"wp:featuredmedia":[{"embeddable":true,"href":"https:\/\/www.nettali.com\/rest\/wp\/v2\/media\/24788"}],"wp:attachment":[{"href":"https:\/\/www.nettali.com\/rest\/wp\/v2\/media?parent=55036"}],"wp:term":[{"taxonomy":"category","embeddable":true,"href":"https:\/\/www.nettali.com\/rest\/wp\/v2\/categories?post=55036"},{"taxonomy":"post_tag","embeddable":true,"href":"https:\/\/www.nettali.com\/rest\/wp\/v2\/tags?post=55036"}],"curies":[{"name":"wp","href":"https:\/\/api.w.org\/{rel}","templated":true}]}}