{"id":55023,"date":"2021-01-08T00:21:07","date_gmt":"2021-01-08T00:21:07","guid":{"rendered":"https:\/\/www.nettali.com\/?p=55023"},"modified":"2021-01-08T00:56:46","modified_gmt":"2021-01-08T00:56:46","slug":"pour-ecarter-trump-du-pouvoir-loption-du-25e-amendement-de-la-constitution","status":"publish","type":"post","link":"https:\/\/www.nettali.com\/2021\/01\/08\/pour-ecarter-trump-du-pouvoir-loption-du-25e-amendement-de-la-constitution\/","title":{"rendered":"USA - Pour \u00e9carter Trump du pouvoir, l'option du 25e amendement"},"content":{"rendered":"<p>NETTALI.COM - Chez les d\u00e9mocrates, mais pas seulement, de nombreuses voix r\u00e9clament d'utiliser le 25e amendement de la Constitution am\u00e9ricaine pour \u00e9carter du pouvoir le pr\u00e9sident Donald Trump, accus\u00e9 d'avoir incit\u00e9 ses partisans \u00e0 envahir le Capitole.<\/p>\n<p>Adopt\u00e9 en 1967 apr\u00e8s l'assassinat du pr\u00e9sident John F. Kennedy, il pr\u00e9cise les modalit\u00e9s de transfert des pouvoirs ex\u00e9cutifs en cas de d\u00e9mission, de d\u00e9c\u00e8s, de destitution ou d'incapacit\u00e9 temporaire du locataire de la Maison Blanche.<\/p>\n<p>Il a depuis servi apr\u00e8s la d\u00e9mission de Richard Nixon en 1974 et, de mani\u00e8re temporaire, lors d'hospitalisations des pr\u00e9sidents Ronald Reagan et George W. Bush.<\/p>\n<p>En octobre, quand Donald Trump a \u00e9t\u00e9 transf\u00e9r\u00e9 \u00e0 l'h\u00f4pital apr\u00e8s avoir \u00e9t\u00e9 contamin\u00e9 par le Covid-19, l'utilisation du 25e amendement avait d\u00e9j\u00e0 \u00e9t\u00e9 \u00e9voqu\u00e9e.<\/p>\n<p>Mais le pr\u00e9sident r\u00e9publicain n'avait pas souhait\u00e9 confier les r\u00eanes du pouvoir \u00e0 son num\u00e9ro deux, Mike Pence, et \u00e9tait rapidement revenu aux affaires.<\/p>\n<p>Cette fois, les leaders d\u00e9mocrates du Congr\u00e8s voudraient que Mike Pence outrepasse le pr\u00e9sident, pour l'emp\u00eacher d'agir dans les deux derni\u00e8res semaines de son mandat.<\/p>\n<p>Pour eux, le milliardaire r\u00e9publicain est responsable du chaos sem\u00e9 au sein m\u00eame du temple de la d\u00e9mocratie, mercredi, par des centaines de ses supporteurs.<\/p>\n<p>\"Ce qui s'est produit au Capitole \u00e9tait une insurrection contre les Etats-Unis, incit\u00e9e par le pr\u00e9sident\", a tanc\u00e9 le chef des s\u00e9nateurs d\u00e9mocrates Chuck Schumer. Il \"ne peut pas rester au pouvoir un jour de plus\".<\/p>\n<p><strong>- Article 4 -\u00a0\u00a0\u00a0\u00a0\u00a0\u00a0\u00a0\u00a0\u00a0\u00a0\u00a0\u00a0\u00a0\u00a0\u00a0\u00a0\u00a0\u00a0\u00a0\u00a0\u00a0\u00a0\u00a0\u00a0\u00a0 <\/strong><\/p>\n<p>Pour l'\u00e9carter, les d\u00e9mocrates sugg\u00e8rent d'utiliser l'article 4 du 25e amendement.<\/p>\n<p>Contrairement \u00e0 l'article 3, qui permet au pr\u00e9sident de confier lui-m\u00eame le pouvoir \u00e0 son vice-pr\u00e9sident quand il est physiquement incapable de l'exercer, l'article 4 donne la main au reste de l'ex\u00e9cutif.<\/p>\n<p>Le vice-pr\u00e9sident, soutenu par une majorit\u00e9 des membres du cabinet, peut d\u00e9clarer le pr\u00e9sident \"inapte\" \u00e0 remplir ses fonctions. Il doit alors adresser une d\u00e9claration \u00e9crite aux pr\u00e9sidents de la Chambre des repr\u00e9sentants et du S\u00e9nat.<\/p>\n<p>Il revient au Congr\u00e8s de lui confier l'int\u00e9rim de la pr\u00e9sidence, par un vote aux deux tiers des deux chambres.<\/p>\n<p>Si l'article 3 a \u00e9t\u00e9 utilis\u00e9 par Ronald Reagan en 1985 et par George W. Bush en 2002 et 2007, avant des interventions sous anesth\u00e9sie g\u00e9n\u00e9rale, l'article 4 n'a jamais servi.<\/p>\n<p>En f\u00e9vrier 2019, l'ancien directeur adjoint du FBI Andrew McCabe avait affirm\u00e9 en avoir discut\u00e9 avec le num\u00e9ro deux du minist\u00e8re de la Justice, Rod Rosenstein, en mai 2017. M. Rosenstein avait d\u00e9menti.<\/p>\n<p><strong>- \"Urgence\" -\u00a0\u00a0\u00a0\u00a0\u00a0\u00a0\u00a0 <\/strong><\/p>\n<p>L'hypoth\u00e8se est cette fois exprim\u00e9e ouvertement, et pas seulement par des d\u00e9mocrates. \"Il est temps d'invoquer le 25e amendement et de mettre un terme \u00e0 ce cauchemar\", a notamment d\u00e9clar\u00e9 l'\u00e9lu r\u00e9publicain de la chambre Adam Kinzinger. \"Le pr\u00e9sident est inapte, le pr\u00e9sident n'est pas bien\", a-t-il estim\u00e9.<\/p>\n<p>Si le vice-pr\u00e9sident refusait de s'engager dans cette voie, le Congr\u00e8s \"pourrait \u00eatre pr\u00eat \u00e0 avancer vers une proc\u00e9dure de destitution\", a menac\u00e9 la pr\u00e9sidente d\u00e9mocrate de la Chambre Nancy Pelosi qui a, en cette qualit\u00e9, le pouvoir d'ouvrir une telle proc\u00e9dure.<\/p>\n<p>D\u00e9mettre Donald Trump est pour elle \"une urgence de la plus haute importance\" apr\u00e8s sa \"tentative de coup d'Etat\".<\/p>\n<p>Au pouvoir depuis 2017, Donald Trump a d\u00e9j\u00e0 \u00e9t\u00e9 vis\u00e9 au Congr\u00e8s par une infamante proc\u00e9dure de destitution fin 2019. Il avait \u00e9t\u00e9 acquitt\u00e9 au S\u00e9nat, \u00e0 majorit\u00e9 r\u00e9publicaine, d\u00e9but 2020.<\/p>\n<p>De nouveaux articles d'\"impeachment\" ont \u00e9t\u00e9 pr\u00e9par\u00e9s par l'\u00e9lue d\u00e9mocrate Ilhan Omar. Mais cette proc\u00e9dure est longue et peu susceptible d'aboutir avant la prestation de serment de Joe Biden le 20 janvier.<\/p>\n<p>Avec AFP<\/p>\n<div class='share-to-whatsapp-wrapper'><div class='share-on-whsp'>PARTAGER SUR : <\/div><a data-text='USA - Pour \u00e9carter Trump du pouvoir, l'option du 25e amendement' data-link='https:\/\/www.nettali.com\/2021\/01\/08\/pour-ecarter-trump-du-pouvoir-loption-du-25e-amendement-de-la-constitution\/' class='whatsapp-button whatsapp-share'>WhatsApp<\/a><div class='clear '><\/div><\/div>","protected":false},"excerpt":{"rendered":"<p>NETTALI.COM - Chez les d\u00e9mocrates, mais pas seulement, de nombreuses voix r\u00e9clament d'utiliser le 25e amendement de la Constitution am\u00e9ricaine pour \u00e9carter du pouvoir le pr\u00e9sident Donald Trump, accus\u00e9 d'avoir incit\u00e9 ses partisans \u00e0 envahir le Capitole. Adopt\u00e9 en 1967 apr\u00e8s l'assassinat du pr\u00e9sident John F. Kennedy, il pr\u00e9cise les modalit\u00e9s de transfert des pouvoirs [&hellip;]<\/p>\n","protected":false},"author":11,"featured_media":41823,"comment_status":"open","ping_status":"open","sticky":false,"template":"","format":"standard","meta":{"_et_pb_use_builder":"","_et_pb_old_content":""},"categories":[8],"tags":[],"yoast_head":"<!-- This site is optimized with the Yoast SEO Premium plugin v17.8 (Yoast SEO v17.8) - https:\/\/yoast.com\/wordpress\/plugins\/seo\/ -->\n<title>USA - Pour \u00e9carter Trump du pouvoir, l&#039;option du 25e amendement | Nettali.com<\/title>\n<meta name=\"robots\" content=\"index, follow, max-snippet:-1, max-image-preview:large, max-video-preview:-1\" \/>\n<link rel=\"canonical\" href=\"https:\/\/www.nettali.com\/2021\/01\/08\/pour-ecarter-trump-du-pouvoir-loption-du-25e-amendement-de-la-constitution\/\" \/>\n<meta property=\"og:locale\" content=\"fr_FR\" \/>\n<meta property=\"og:type\" content=\"article\" \/>\n<meta property=\"og:title\" content=\"USA - Pour \u00e9carter Trump du pouvoir, l&#039;option du 25e amendement\" \/>\n<meta property=\"og:description\" content=\"NETTALI.COM - Chez les d\u00e9mocrates, mais pas seulement, de nombreuses voix r\u00e9clament d&#039;utiliser le 25e amendement de la Constitution am\u00e9ricaine pour \u00e9carter du pouvoir le pr\u00e9sident Donald Trump, accus\u00e9 d&#039;avoir incit\u00e9 ses partisans \u00e0 envahir le Capitole. Adopt\u00e9 en 1967 apr\u00e8s l&#039;assassinat du pr\u00e9sident John F. Kennedy, il pr\u00e9cise les modalit\u00e9s de transfert des pouvoirs [&hellip;]\" \/>\n<meta property=\"og:url\" content=\"https:\/\/www.nettali.com\/2021\/01\/08\/pour-ecarter-trump-du-pouvoir-loption-du-25e-amendement-de-la-constitution\/\" \/>\n<meta property=\"og:site_name\" content=\"Nettali.com\" \/>\n<meta property=\"article:publisher\" content=\"https:\/\/www.facebook.com\/nettalicom\" \/>\n<meta property=\"article:published_time\" content=\"2021-01-08T00:21:07+00:00\" \/>\n<meta property=\"article:modified_time\" content=\"2021-01-08T00:56:46+00:00\" \/>\n<meta property=\"og:image\" content=\"https:\/\/www.nettali.com\/wp-content\/uploads\/2020\/07\/Donald-Trump-1.jpg\" \/>\n\t<meta property=\"og:image:width\" content=\"1024\" \/>\n\t<meta property=\"og:image:height\" content=\"628\" \/>\n<meta name=\"twitter:card\" content=\"summary_large_image\" \/>\n<meta name=\"twitter:label1\" content=\"\u00c9crit par\" \/>\n\t<meta name=\"twitter:data1\" content=\"Thierno Diop\" \/>\n\t<meta name=\"twitter:label2\" content=\"Dur\u00e9e de lecture estim\u00e9e\" \/>\n\t<meta name=\"twitter:data2\" content=\"3 minutes\" \/>\n<script type=\"application\/ld+json\" class=\"yoast-schema-graph\">{\"@context\":\"https:\/\/schema.org\",\"@graph\":[{\"@type\":\"WebSite\",\"@id\":\"https:\/\/www.nettali.com\/#website\",\"url\":\"https:\/\/www.nettali.com\/\",\"name\":\"Nettali.com\",\"description\":\"Le rendez-vous critique du Net\",\"potentialAction\":[{\"@type\":\"SearchAction\",\"target\":{\"@type\":\"EntryPoint\",\"urlTemplate\":\"https:\/\/www.nettali.com\/?s={search_term_string}\"},\"query-input\":\"required name=search_term_string\"}],\"inLanguage\":\"fr-FR\"},{\"@type\":\"ImageObject\",\"@id\":\"https:\/\/www.nettali.com\/2021\/01\/08\/pour-ecarter-trump-du-pouvoir-loption-du-25e-amendement-de-la-constitution\/#primaryimage\",\"inLanguage\":\"fr-FR\",\"url\":\"https:\/\/www.nettali.com\/wp-content\/uploads\/2020\/07\/Donald-Trump-1.jpg\",\"contentUrl\":\"https:\/\/www.nettali.com\/wp-content\/uploads\/2020\/07\/Donald-Trump-1.jpg\",\"width\":1024,\"height\":628,\"caption\":\"U.S. President Donald Trump speaks before signing an executive order in Washington, D.C., U.S., on Thursday, May 28, 2020. Trump\\u00a0called out a single Twitter employee Thursday in a tweet complaining that the platform's decision to\\u00a0fact check\\u00a0his tweets on mail balloting could \\\"taint\\\" the U.S. election. Photographer: Doug Mills\/The New York Times\/Bloomberg via Getty Images\"},{\"@type\":\"WebPage\",\"@id\":\"https:\/\/www.nettali.com\/2021\/01\/08\/pour-ecarter-trump-du-pouvoir-loption-du-25e-amendement-de-la-constitution\/#webpage\",\"url\":\"https:\/\/www.nettali.com\/2021\/01\/08\/pour-ecarter-trump-du-pouvoir-loption-du-25e-amendement-de-la-constitution\/\",\"name\":\"USA - Pour \\u00e9carter Trump du pouvoir, l'option du 25e amendement | Nettali.com\",\"isPartOf\":{\"@id\":\"https:\/\/www.nettali.com\/#website\"},\"primaryImageOfPage\":{\"@id\":\"https:\/\/www.nettali.com\/2021\/01\/08\/pour-ecarter-trump-du-pouvoir-loption-du-25e-amendement-de-la-constitution\/#primaryimage\"},\"datePublished\":\"2021-01-08T00:21:07+00:00\",\"dateModified\":\"2021-01-08T00:56:46+00:00\",\"author\":{\"@id\":\"https:\/\/www.nettali.com\/#\/schema\/person\/8a06c6bd7b19304cf4bf985862900b5b\"},\"breadcrumb\":{\"@id\":\"https:\/\/www.nettali.com\/2021\/01\/08\/pour-ecarter-trump-du-pouvoir-loption-du-25e-amendement-de-la-constitution\/#breadcrumb\"},\"inLanguage\":\"fr-FR\",\"potentialAction\":[{\"@type\":\"ReadAction\",\"target\":[\"https:\/\/www.nettali.com\/2021\/01\/08\/pour-ecarter-trump-du-pouvoir-loption-du-25e-amendement-de-la-constitution\/\"]}]},{\"@type\":\"BreadcrumbList\",\"@id\":\"https:\/\/www.nettali.com\/2021\/01\/08\/pour-ecarter-trump-du-pouvoir-loption-du-25e-amendement-de-la-constitution\/#breadcrumb\",\"itemListElement\":[{\"@type\":\"ListItem\",\"position\":1,\"name\":\"Accueil\",\"item\":\"https:\/\/www.nettali.com\/\"},{\"@type\":\"ListItem\",\"position\":2,\"name\":\"USA &#8211; Pour \\u00e9carter Trump du pouvoir, l&rsquo;option du 25e amendement\"}]},{\"@type\":\"Person\",\"@id\":\"https:\/\/www.nettali.com\/#\/schema\/person\/8a06c6bd7b19304cf4bf985862900b5b\",\"name\":\"Thierno Diop\",\"image\":{\"@type\":\"ImageObject\",\"@id\":\"https:\/\/www.nettali.com\/#personlogo\",\"inLanguage\":\"fr-FR\",\"url\":\"https:\/\/secure.gravatar.com\/avatar\/c8ca58550c94fd2ac856d27391a6c866?s=96&d=mm&r=g\",\"contentUrl\":\"https:\/\/secure.gravatar.com\/avatar\/c8ca58550c94fd2ac856d27391a6c866?s=96&d=mm&r=g\",\"caption\":\"Thierno Diop\"},\"sameAs\":[\"https:\/\/nettali.com\"]}]}<\/script>\n<!-- \/ Yoast SEO Premium plugin. -->","yoast_head_json":{"title":"USA - Pour \u00e9carter Trump du pouvoir, l'option du 25e amendement | Nettali.com","robots":{"index":"index","follow":"follow","max-snippet":"max-snippet:-1","max-image-preview":"max-image-preview:large","max-video-preview":"max-video-preview:-1"},"canonical":"https:\/\/www.nettali.com\/2021\/01\/08\/pour-ecarter-trump-du-pouvoir-loption-du-25e-amendement-de-la-constitution\/","og_locale":"fr_FR","og_type":"article","og_title":"USA - Pour \u00e9carter Trump du pouvoir, l'option du 25e amendement","og_description":"NETTALI.COM - Chez les d\u00e9mocrates, mais pas seulement, de nombreuses voix r\u00e9clament d'utiliser le 25e amendement de la Constitution am\u00e9ricaine pour \u00e9carter du pouvoir le pr\u00e9sident Donald Trump, accus\u00e9 d'avoir incit\u00e9 ses partisans \u00e0 envahir le Capitole. Adopt\u00e9 en 1967 apr\u00e8s l'assassinat du pr\u00e9sident John F. Kennedy, il pr\u00e9cise les modalit\u00e9s de transfert des pouvoirs [&hellip;]","og_url":"https:\/\/www.nettali.com\/2021\/01\/08\/pour-ecarter-trump-du-pouvoir-loption-du-25e-amendement-de-la-constitution\/","og_site_name":"Nettali.com","article_publisher":"https:\/\/www.facebook.com\/nettalicom","article_published_time":"2021-01-08T00:21:07+00:00","article_modified_time":"2021-01-08T00:56:46+00:00","og_image":[{"width":1024,"height":628,"url":"https:\/\/www.nettali.com\/wp-content\/uploads\/2020\/07\/Donald-Trump-1.jpg","type":"image\/jpeg"}],"twitter_card":"summary_large_image","twitter_misc":{"\u00c9crit par":"Thierno Diop","Dur\u00e9e de lecture estim\u00e9e":"3 minutes"},"schema":{"@context":"https:\/\/schema.org","@graph":[{"@type":"WebSite","@id":"https:\/\/www.nettali.com\/#website","url":"https:\/\/www.nettali.com\/","name":"Nettali.com","description":"Le rendez-vous critique du Net","potentialAction":[{"@type":"SearchAction","target":{"@type":"EntryPoint","urlTemplate":"https:\/\/www.nettali.com\/?s={search_term_string}"},"query-input":"required name=search_term_string"}],"inLanguage":"fr-FR"},{"@type":"ImageObject","@id":"https:\/\/www.nettali.com\/2021\/01\/08\/pour-ecarter-trump-du-pouvoir-loption-du-25e-amendement-de-la-constitution\/#primaryimage","inLanguage":"fr-FR","url":"https:\/\/www.nettali.com\/wp-content\/uploads\/2020\/07\/Donald-Trump-1.jpg","contentUrl":"https:\/\/www.nettali.com\/wp-content\/uploads\/2020\/07\/Donald-Trump-1.jpg","width":1024,"height":628,"caption":"U.S. President Donald Trump speaks before signing an executive order in Washington, D.C., U.S., on Thursday, May 28, 2020. Trump\u00a0called out a single Twitter employee Thursday in a tweet complaining that the platform's decision to\u00a0fact check\u00a0his tweets on mail balloting could \"taint\" the U.S. election. Photographer: Doug Mills\/The New York Times\/Bloomberg via Getty Images"},{"@type":"WebPage","@id":"https:\/\/www.nettali.com\/2021\/01\/08\/pour-ecarter-trump-du-pouvoir-loption-du-25e-amendement-de-la-constitution\/#webpage","url":"https:\/\/www.nettali.com\/2021\/01\/08\/pour-ecarter-trump-du-pouvoir-loption-du-25e-amendement-de-la-constitution\/","name":"USA - Pour \u00e9carter Trump du pouvoir, l'option du 25e amendement | Nettali.com","isPartOf":{"@id":"https:\/\/www.nettali.com\/#website"},"primaryImageOfPage":{"@id":"https:\/\/www.nettali.com\/2021\/01\/08\/pour-ecarter-trump-du-pouvoir-loption-du-25e-amendement-de-la-constitution\/#primaryimage"},"datePublished":"2021-01-08T00:21:07+00:00","dateModified":"2021-01-08T00:56:46+00:00","author":{"@id":"https:\/\/www.nettali.com\/#\/schema\/person\/8a06c6bd7b19304cf4bf985862900b5b"},"breadcrumb":{"@id":"https:\/\/www.nettali.com\/2021\/01\/08\/pour-ecarter-trump-du-pouvoir-loption-du-25e-amendement-de-la-constitution\/#breadcrumb"},"inLanguage":"fr-FR","potentialAction":[{"@type":"ReadAction","target":["https:\/\/www.nettali.com\/2021\/01\/08\/pour-ecarter-trump-du-pouvoir-loption-du-25e-amendement-de-la-constitution\/"]}]},{"@type":"BreadcrumbList","@id":"https:\/\/www.nettali.com\/2021\/01\/08\/pour-ecarter-trump-du-pouvoir-loption-du-25e-amendement-de-la-constitution\/#breadcrumb","itemListElement":[{"@type":"ListItem","position":1,"name":"Accueil","item":"https:\/\/www.nettali.com\/"},{"@type":"ListItem","position":2,"name":"USA &#8211; Pour \u00e9carter Trump du pouvoir, l&rsquo;option du 25e amendement"}]},{"@type":"Person","@id":"https:\/\/www.nettali.com\/#\/schema\/person\/8a06c6bd7b19304cf4bf985862900b5b","name":"Thierno Diop","image":{"@type":"ImageObject","@id":"https:\/\/www.nettali.com\/#personlogo","inLanguage":"fr-FR","url":"https:\/\/secure.gravatar.com\/avatar\/c8ca58550c94fd2ac856d27391a6c866?s=96&d=mm&r=g","contentUrl":"https:\/\/secure.gravatar.com\/avatar\/c8ca58550c94fd2ac856d27391a6c866?s=96&d=mm&r=g","caption":"Thierno Diop"},"sameAs":["https:\/\/nettali.com"]}]}},"_links":{"self":[{"href":"https:\/\/www.nettali.com\/rest\/wp\/v2\/posts\/55023"}],"collection":[{"href":"https:\/\/www.nettali.com\/rest\/wp\/v2\/posts"}],"about":[{"href":"https:\/\/www.nettali.com\/rest\/wp\/v2\/types\/post"}],"author":[{"embeddable":true,"href":"https:\/\/www.nettali.com\/rest\/wp\/v2\/users\/11"}],"replies":[{"embeddable":true,"href":"https:\/\/www.nettali.com\/rest\/wp\/v2\/comments?post=55023"}],"version-history":[{"count":2,"href":"https:\/\/www.nettali.com\/rest\/wp\/v2\/posts\/55023\/revisions"}],"predecessor-version":[{"id":55030,"href":"https:\/\/www.nettali.com\/rest\/wp\/v2\/posts\/55023\/revisions\/55030"}],"wp:featuredmedia":[{"embeddable":true,"href":"https:\/\/www.nettali.com\/rest\/wp\/v2\/media\/41823"}],"wp:attachment":[{"href":"https:\/\/www.nettali.com\/rest\/wp\/v2\/media?parent=55023"}],"wp:term":[{"taxonomy":"category","embeddable":true,"href":"https:\/\/www.nettali.com\/rest\/wp\/v2\/categories?post=55023"},{"taxonomy":"post_tag","embeddable":true,"href":"https:\/\/www.nettali.com\/rest\/wp\/v2\/tags?post=55023"}],"curies":[{"name":"wp","href":"https:\/\/api.w.org\/{rel}","templated":true}]}}