{"id":54989,"date":"2021-01-07T16:39:14","date_gmt":"2021-01-07T16:39:14","guid":{"rendered":"https:\/\/www.nettali.com\/?p=54989"},"modified":"2021-03-09T12:37:19","modified_gmt":"2021-03-09T12:37:19","slug":"etat-durgence-les-nouvelles-restrictions-dans-les-transports-en-commun","status":"publish","type":"post","link":"https:\/\/www.nettali.com\/2021\/01\/07\/etat-durgence-les-nouvelles-restrictions-dans-les-transports-en-commun\/","title":{"rendered":"ETAT D'URGENCE - Les nouvelles restrictions dans les transports en commun"},"content":{"rendered":"<p><strong>NETTALI.COM- Avec l'instauration de l'\u00e9tat d'urgence, de nouvelles restrictions ont \u00e9t\u00e9 prises dans le cadre du transport. Mansour Faye, ministre des Infrastructures, des Transports et du D\u00e9senclavement, a d\u00e9voil\u00e9 ces mesures aujourd'hui. Mesures qui, pour l'essentiel, portent sur la diminution du nombre de passagers dans les v\u00e9hicules. <\/strong><\/p>\n<p>Face \u00e0 la presse, ce jeudi 7 janvier 2021, le ministre des Infrastructures, des Transports terrestres et du D\u00e9senclavement a annonc\u00e9 les nouvelles restrictions prises suite \u00e0 l\u2019\u00e9tat d\u2019urgence assorti de couvre-feu qui a \u00e9t\u00e9 d\u00e9cr\u00e9t\u00e9. <em>\u00ab Les principales mesures portent sur la diminution du nombre de places autoris\u00e9es dans les v\u00e9hicules de transports priv\u00e9s et publics, ensuite les dispositions sanitaires respect\u00e9es dans les v\u00e9hicules et au sein des gares routi\u00e8res \u00bb<\/em>, a d\u00e9clar\u00e9 Mansour Faye.<\/p>\n<p>Il a indiqu\u00e9 que ces mesures ont \u00e9t\u00e9 prises de concert avec les acteurs du transport. Ce, en tenant compte des imp\u00e9ratifs non seulement sanitaires, mais \u00e9galement \u00e9conomiques.<\/p>\n<p>A son avis, il ne faudrait pas que ces transporteurs fonctionnent \u00e0 perte.<em> \u00abLesdites mesures portent sur les places autoris\u00e9es dans les bus standards de Dakar Dem Dikk. Un maximum de 80 places est autoris\u00e9 sur le total de 110. Pour les bus Aftu (Tata) un maximum de 40 places est autoris\u00e9 sur 50, le personnel n\u2019y est pas compris. Pour les cars \u2018Ndiaga Ndiaye\u2019 et \u2018car rapide\u2019, toutes les places debout sont interdites \u00bb<\/em>, a expliqu\u00e9 le ministre.<\/p>\n<p>Avant d\u2019ajouter : <em>\u00ab Le masque est obligatoire d\u00e8s que le nombre de passager est sup\u00e9rieur \u00e0 un dans tous les moyens de transport. Si un conducteur se trouve seul dans sa voiture, il peut ne pas porter de masque. Il y aura des sanctions pour ceux qui ne respecteront pas ces mesures \u00bb<\/em>.<\/p>\n<div class='share-to-whatsapp-wrapper'><div class='share-on-whsp'>PARTAGER SUR : <\/div><a data-text='ETAT D'URGENCE - Les nouvelles restrictions dans les transports en commun' data-link='https:\/\/www.nettali.com\/2021\/01\/07\/etat-durgence-les-nouvelles-restrictions-dans-les-transports-en-commun\/' class='whatsapp-button whatsapp-share'>WhatsApp<\/a><div class='clear '><\/div><\/div>","protected":false},"excerpt":{"rendered":"<p>NETTALI.COM- Avec l'instauration de l'\u00e9tat d'urgence, de nouvelles restrictions ont \u00e9t\u00e9 prises dans le cadre du transport. Mansour Faye, ministre des Infrastructures, des Transports et du D\u00e9senclavement, a d\u00e9voil\u00e9 ces mesures aujourd'hui. Mesures qui, pour l'essentiel, portent sur la diminution du nombre de passagers dans les v\u00e9hicules. Face \u00e0 la presse, ce jeudi 7 janvier [&hellip;]<\/p>\n","protected":false},"author":6,"featured_media":47439,"comment_status":"open","ping_status":"open","sticky":false,"template":"","format":"standard","meta":{"_et_pb_use_builder":"","_et_pb_old_content":""},"categories":[3],"tags":[],"yoast_head":"<!-- This site is optimized with the Yoast SEO Premium plugin v17.8 (Yoast SEO v17.8) - https:\/\/yoast.com\/wordpress\/plugins\/seo\/ -->\n<title>ETAT D&#039;URGENCE - Les nouvelles restrictions dans les transports en commun | Nettali.com<\/title>\n<meta name=\"robots\" content=\"index, follow, max-snippet:-1, max-image-preview:large, max-video-preview:-1\" \/>\n<link rel=\"canonical\" href=\"https:\/\/www.nettali.com\/2021\/01\/07\/etat-durgence-les-nouvelles-restrictions-dans-les-transports-en-commun\/\" \/>\n<meta property=\"og:locale\" content=\"fr_FR\" \/>\n<meta property=\"og:type\" content=\"article\" \/>\n<meta property=\"og:title\" content=\"ETAT D&#039;URGENCE - Les nouvelles restrictions dans les transports en commun\" \/>\n<meta property=\"og:description\" content=\"NETTALI.COM- Avec l&#039;instauration de l&#039;\u00e9tat d&#039;urgence, de nouvelles restrictions ont \u00e9t\u00e9 prises dans le cadre du transport. Mansour Faye, ministre des Infrastructures, des Transports et du D\u00e9senclavement, a d\u00e9voil\u00e9 ces mesures aujourd&#039;hui. Mesures qui, pour l&#039;essentiel, portent sur la diminution du nombre de passagers dans les v\u00e9hicules. Face \u00e0 la presse, ce jeudi 7 janvier [&hellip;]\" \/>\n<meta property=\"og:url\" content=\"https:\/\/www.nettali.com\/2021\/01\/07\/etat-durgence-les-nouvelles-restrictions-dans-les-transports-en-commun\/\" \/>\n<meta property=\"og:site_name\" content=\"Nettali.com\" \/>\n<meta property=\"article:publisher\" content=\"https:\/\/www.facebook.com\/nettalicom\" \/>\n<meta property=\"article:published_time\" content=\"2021-01-07T16:39:14+00:00\" \/>\n<meta property=\"article:modified_time\" content=\"2021-03-09T12:37:19+00:00\" \/>\n<meta property=\"og:image\" content=\"https:\/\/www.nettali.com\/wp-content\/uploads\/2020\/10\/Mansour-Faye.jpg\" \/>\n\t<meta property=\"og:image:width\" content=\"1600\" \/>\n\t<meta property=\"og:image:height\" content=\"1000\" \/>\n<meta name=\"twitter:card\" content=\"summary_large_image\" \/>\n<meta name=\"twitter:label1\" content=\"\u00c9crit par\" \/>\n\t<meta name=\"twitter:data1\" content=\"Fatou\" \/>\n\t<meta name=\"twitter:label2\" content=\"Dur\u00e9e de lecture estim\u00e9e\" \/>\n\t<meta name=\"twitter:data2\" content=\"1 minute\" \/>\n<script type=\"application\/ld+json\" class=\"yoast-schema-graph\">{\"@context\":\"https:\/\/schema.org\",\"@graph\":[{\"@type\":\"WebSite\",\"@id\":\"https:\/\/www.nettali.com\/#website\",\"url\":\"https:\/\/www.nettali.com\/\",\"name\":\"Nettali.com\",\"description\":\"Le rendez-vous critique du Net\",\"potentialAction\":[{\"@type\":\"SearchAction\",\"target\":{\"@type\":\"EntryPoint\",\"urlTemplate\":\"https:\/\/www.nettali.com\/?s={search_term_string}\"},\"query-input\":\"required name=search_term_string\"}],\"inLanguage\":\"fr-FR\"},{\"@type\":\"ImageObject\",\"@id\":\"https:\/\/www.nettali.com\/2021\/01\/07\/etat-durgence-les-nouvelles-restrictions-dans-les-transports-en-commun\/#primaryimage\",\"inLanguage\":\"fr-FR\",\"url\":\"https:\/\/www.nettali.com\/wp-content\/uploads\/2020\/10\/Mansour-Faye.jpg\",\"contentUrl\":\"https:\/\/www.nettali.com\/wp-content\/uploads\/2020\/10\/Mansour-Faye.jpg\",\"width\":1600,\"height\":1000},{\"@type\":\"WebPage\",\"@id\":\"https:\/\/www.nettali.com\/2021\/01\/07\/etat-durgence-les-nouvelles-restrictions-dans-les-transports-en-commun\/#webpage\",\"url\":\"https:\/\/www.nettali.com\/2021\/01\/07\/etat-durgence-les-nouvelles-restrictions-dans-les-transports-en-commun\/\",\"name\":\"ETAT D'URGENCE - Les nouvelles restrictions dans les transports en commun | Nettali.com\",\"isPartOf\":{\"@id\":\"https:\/\/www.nettali.com\/#website\"},\"primaryImageOfPage\":{\"@id\":\"https:\/\/www.nettali.com\/2021\/01\/07\/etat-durgence-les-nouvelles-restrictions-dans-les-transports-en-commun\/#primaryimage\"},\"datePublished\":\"2021-01-07T16:39:14+00:00\",\"dateModified\":\"2021-03-09T12:37:19+00:00\",\"author\":{\"@id\":\"https:\/\/www.nettali.com\/#\/schema\/person\/418274a86bdf87caff7a3ef476bd0bbf\"},\"breadcrumb\":{\"@id\":\"https:\/\/www.nettali.com\/2021\/01\/07\/etat-durgence-les-nouvelles-restrictions-dans-les-transports-en-commun\/#breadcrumb\"},\"inLanguage\":\"fr-FR\",\"potentialAction\":[{\"@type\":\"ReadAction\",\"target\":[\"https:\/\/www.nettali.com\/2021\/01\/07\/etat-durgence-les-nouvelles-restrictions-dans-les-transports-en-commun\/\"]}]},{\"@type\":\"BreadcrumbList\",\"@id\":\"https:\/\/www.nettali.com\/2021\/01\/07\/etat-durgence-les-nouvelles-restrictions-dans-les-transports-en-commun\/#breadcrumb\",\"itemListElement\":[{\"@type\":\"ListItem\",\"position\":1,\"name\":\"Accueil\",\"item\":\"https:\/\/www.nettali.com\/\"},{\"@type\":\"ListItem\",\"position\":2,\"name\":\"ETAT D&rsquo;URGENCE &#8211; Les nouvelles restrictions dans les transports en commun\"}]},{\"@type\":\"Person\",\"@id\":\"https:\/\/www.nettali.com\/#\/schema\/person\/418274a86bdf87caff7a3ef476bd0bbf\",\"name\":\"Fatou\",\"image\":{\"@type\":\"ImageObject\",\"@id\":\"https:\/\/www.nettali.com\/#personlogo\",\"inLanguage\":\"fr-FR\",\"url\":\"https:\/\/secure.gravatar.com\/avatar\/5a9442a2bee7b4dcf167cab035858e9a?s=96&d=mm&r=g\",\"contentUrl\":\"https:\/\/secure.gravatar.com\/avatar\/5a9442a2bee7b4dcf167cab035858e9a?s=96&d=mm&r=g\",\"caption\":\"Fatou\"},\"sameAs\":[\"https:\/\/www.nettali.com\"]}]}<\/script>\n<!-- \/ Yoast SEO Premium plugin. -->","yoast_head_json":{"title":"ETAT D'URGENCE - Les nouvelles restrictions dans les transports en commun | Nettali.com","robots":{"index":"index","follow":"follow","max-snippet":"max-snippet:-1","max-image-preview":"max-image-preview:large","max-video-preview":"max-video-preview:-1"},"canonical":"https:\/\/www.nettali.com\/2021\/01\/07\/etat-durgence-les-nouvelles-restrictions-dans-les-transports-en-commun\/","og_locale":"fr_FR","og_type":"article","og_title":"ETAT D'URGENCE - Les nouvelles restrictions dans les transports en commun","og_description":"NETTALI.COM- Avec l'instauration de l'\u00e9tat d'urgence, de nouvelles restrictions ont \u00e9t\u00e9 prises dans le cadre du transport. Mansour Faye, ministre des Infrastructures, des Transports et du D\u00e9senclavement, a d\u00e9voil\u00e9 ces mesures aujourd'hui. Mesures qui, pour l'essentiel, portent sur la diminution du nombre de passagers dans les v\u00e9hicules. Face \u00e0 la presse, ce jeudi 7 janvier [&hellip;]","og_url":"https:\/\/www.nettali.com\/2021\/01\/07\/etat-durgence-les-nouvelles-restrictions-dans-les-transports-en-commun\/","og_site_name":"Nettali.com","article_publisher":"https:\/\/www.facebook.com\/nettalicom","article_published_time":"2021-01-07T16:39:14+00:00","article_modified_time":"2021-03-09T12:37:19+00:00","og_image":[{"width":1600,"height":1000,"url":"https:\/\/www.nettali.com\/wp-content\/uploads\/2020\/10\/Mansour-Faye.jpg","type":"image\/jpeg"}],"twitter_card":"summary_large_image","twitter_misc":{"\u00c9crit par":"Fatou","Dur\u00e9e de lecture estim\u00e9e":"1 minute"},"schema":{"@context":"https:\/\/schema.org","@graph":[{"@type":"WebSite","@id":"https:\/\/www.nettali.com\/#website","url":"https:\/\/www.nettali.com\/","name":"Nettali.com","description":"Le rendez-vous critique du Net","potentialAction":[{"@type":"SearchAction","target":{"@type":"EntryPoint","urlTemplate":"https:\/\/www.nettali.com\/?s={search_term_string}"},"query-input":"required name=search_term_string"}],"inLanguage":"fr-FR"},{"@type":"ImageObject","@id":"https:\/\/www.nettali.com\/2021\/01\/07\/etat-durgence-les-nouvelles-restrictions-dans-les-transports-en-commun\/#primaryimage","inLanguage":"fr-FR","url":"https:\/\/www.nettali.com\/wp-content\/uploads\/2020\/10\/Mansour-Faye.jpg","contentUrl":"https:\/\/www.nettali.com\/wp-content\/uploads\/2020\/10\/Mansour-Faye.jpg","width":1600,"height":1000},{"@type":"WebPage","@id":"https:\/\/www.nettali.com\/2021\/01\/07\/etat-durgence-les-nouvelles-restrictions-dans-les-transports-en-commun\/#webpage","url":"https:\/\/www.nettali.com\/2021\/01\/07\/etat-durgence-les-nouvelles-restrictions-dans-les-transports-en-commun\/","name":"ETAT D'URGENCE - Les nouvelles restrictions dans les transports en commun | Nettali.com","isPartOf":{"@id":"https:\/\/www.nettali.com\/#website"},"primaryImageOfPage":{"@id":"https:\/\/www.nettali.com\/2021\/01\/07\/etat-durgence-les-nouvelles-restrictions-dans-les-transports-en-commun\/#primaryimage"},"datePublished":"2021-01-07T16:39:14+00:00","dateModified":"2021-03-09T12:37:19+00:00","author":{"@id":"https:\/\/www.nettali.com\/#\/schema\/person\/418274a86bdf87caff7a3ef476bd0bbf"},"breadcrumb":{"@id":"https:\/\/www.nettali.com\/2021\/01\/07\/etat-durgence-les-nouvelles-restrictions-dans-les-transports-en-commun\/#breadcrumb"},"inLanguage":"fr-FR","potentialAction":[{"@type":"ReadAction","target":["https:\/\/www.nettali.com\/2021\/01\/07\/etat-durgence-les-nouvelles-restrictions-dans-les-transports-en-commun\/"]}]},{"@type":"BreadcrumbList","@id":"https:\/\/www.nettali.com\/2021\/01\/07\/etat-durgence-les-nouvelles-restrictions-dans-les-transports-en-commun\/#breadcrumb","itemListElement":[{"@type":"ListItem","position":1,"name":"Accueil","item":"https:\/\/www.nettali.com\/"},{"@type":"ListItem","position":2,"name":"ETAT D&rsquo;URGENCE &#8211; Les nouvelles restrictions dans les transports en commun"}]},{"@type":"Person","@id":"https:\/\/www.nettali.com\/#\/schema\/person\/418274a86bdf87caff7a3ef476bd0bbf","name":"Fatou","image":{"@type":"ImageObject","@id":"https:\/\/www.nettali.com\/#personlogo","inLanguage":"fr-FR","url":"https:\/\/secure.gravatar.com\/avatar\/5a9442a2bee7b4dcf167cab035858e9a?s=96&d=mm&r=g","contentUrl":"https:\/\/secure.gravatar.com\/avatar\/5a9442a2bee7b4dcf167cab035858e9a?s=96&d=mm&r=g","caption":"Fatou"},"sameAs":["https:\/\/www.nettali.com"]}]}},"_links":{"self":[{"href":"https:\/\/www.nettali.com\/rest\/wp\/v2\/posts\/54989"}],"collection":[{"href":"https:\/\/www.nettali.com\/rest\/wp\/v2\/posts"}],"about":[{"href":"https:\/\/www.nettali.com\/rest\/wp\/v2\/types\/post"}],"author":[{"embeddable":true,"href":"https:\/\/www.nettali.com\/rest\/wp\/v2\/users\/6"}],"replies":[{"embeddable":true,"href":"https:\/\/www.nettali.com\/rest\/wp\/v2\/comments?post=54989"}],"version-history":[{"count":8,"href":"https:\/\/www.nettali.com\/rest\/wp\/v2\/posts\/54989\/revisions"}],"predecessor-version":[{"id":55034,"href":"https:\/\/www.nettali.com\/rest\/wp\/v2\/posts\/54989\/revisions\/55034"}],"wp:featuredmedia":[{"embeddable":true,"href":"https:\/\/www.nettali.com\/rest\/wp\/v2\/media\/47439"}],"wp:attachment":[{"href":"https:\/\/www.nettali.com\/rest\/wp\/v2\/media?parent=54989"}],"wp:term":[{"taxonomy":"category","embeddable":true,"href":"https:\/\/www.nettali.com\/rest\/wp\/v2\/categories?post=54989"},{"taxonomy":"post_tag","embeddable":true,"href":"https:\/\/www.nettali.com\/rest\/wp\/v2\/tags?post=54989"}],"curies":[{"name":"wp","href":"https:\/\/api.w.org\/{rel}","templated":true}]}}