{"id":54977,"date":"2021-01-07T15:00:28","date_gmt":"2021-01-07T15:00:28","guid":{"rendered":"https:\/\/www.nettali.com\/?p=54977"},"modified":"2021-01-07T22:21:51","modified_gmt":"2021-01-07T22:21:51","slug":"augmentation-des-deces-abdoulaye-diouf-sarr-pointe-le-relachement-general","status":"publish","type":"post","link":"https:\/\/www.nettali.com\/2021\/01\/07\/augmentation-des-deces-abdoulaye-diouf-sarr-pointe-le-relachement-general\/","title":{"rendered":"AUGMENTATION DES DECES - Abdoulaye Diouf Sarr pointe le rel\u00e2chement g\u00e9n\u00e9ral"},"content":{"rendered":"<p><strong>NETTALI.COM- La recrudescence des cas de Covid-19 et l\u2019augmentation des cas de d\u00e9c\u00e8s li\u00e9s \u00e0 cette pand\u00e9mie sont d\u00fbes au rel\u00e2chement g\u00e9n\u00e9ral de la population. C\u2019est ce qu\u2019a laiss\u00e9 entendre le ministre de la Sant\u00e9, au cours d\u2019un point de presse tenue ce jeudi 7 janvier 2021. <\/strong><\/p>\n<p>\u00ab<em>\u00a0Nous avons des donn\u00e9es que nous g\u00e9rons depuis le d\u00e9but de la pand\u00e9mie. La tendance que nous avions constat\u00e9e d\u00e9montrait que le S\u00e9n\u00e9gal \u00e9tait dans une phase tr\u00e8s rassurante. Mais, il s\u2019est pass\u00e9, il faut le reconnaitre, un rel\u00e2chement global qui nous a occasionn\u00e9 d\u00e8s le mois de d\u00e9cembre une recrudescence des cas<\/em>\u00a0\u00bb, a d\u00e9clar\u00e9 avec d\u00e9solation le ministre de la Sant\u00e9.<\/p>\n<p>Abdoulaye Diouf Sarr, qui faisait face \u00e0 la presse ce jeudi 7 janvier 2021, d\u2019ajouter sur un ton formel : \u00ab\u00a0<em>Nous sommes convaincus que c\u2019est un rel\u00e2chement g\u00e9n\u00e9ral qui l\u2019a occasionn\u00e9\u00a0<\/em>\u00bb.<\/p>\n<p>Face \u00e0 cette situation, il estime qu\u2019il faut une riposte efficace. Aussi, alerte-t-il \u00e0 nouveau sur la situation \u00e0 Dakar et Thi\u00e8s o\u00f9 rappelle-t-il, \u00ab 90% de la contamination depuis le d\u00e9but de la pand\u00e9mie se situe entre ces deux r\u00e9gions. \u00ab\u00a0<em>Le taux de circulation des personnes est d\u2019un niveau assez \u00e9lev\u00e9. Nous sommes dans une perspective \u00e9volutive et \u00e0 chaque moment nous avions pour r\u00e9ajuster la situation.\u00a0 Pour la sant\u00e9 des populations, il faut rester vigilant pour prendre toujours des mesures pertinentes<\/em>\u00a0\u00bb, dit-il justifiant au passage l\u2019\u00e9tat d\u2019urgence instaur\u00e9 dans ces deux r\u00e9gions.<\/p>\n<p>Dans la foul\u00e9e, il a soulign\u00e9 que l\u2019augmentation des cas a occasionn\u00e9 le probl\u00e8me de la hausse des d\u00e9c\u00e8s et des cas graves. \u00ab\u00a0<em>Au niveau du nombre de cas positifs, il y a une corr\u00e9lation entre le nombre de cas graves et le nombre de cas de d\u00e9c\u00e8s <\/em>\u00bb, se d\u00e9sole le ministre.<\/p>\n<p>Face \u00e0 cette situation, il pense qu\u2019il faut absolument \u00eatre vigilant par rapport \u00e0 la pr\u00e9cocit\u00e9 de la prise en charge. Car, d\u00e9plore Abdoulaye Diouf Sarr, \u00ab<em>\u00a0tr\u00e8s souvent beaucoup de patients restent \u00e0 la maison et arrivent \u00e0 la derni\u00e8re minute\u00a0<\/em>\u00bb.<\/p>\n<p>C\u2019est pourquoi, il a lanc\u00e9 un appel \u00e0 la population. A cet effet, il estime qu\u2019il faut lutter contre la stigmatisation, le d\u00e9ni et que les personnes ne se cachent pas et se pr\u00e9sentent tr\u00e8s t\u00f4t dans les centres de sant\u00e9. \u00ab <em>Cela permettra de les sauver<\/em>\u00a0\u00bb, dit-il.<\/p>\n<p>Par ailleurs, le ministre a reconnu qu\u2019il y a des dysfonctionnements dans la prise en charge \u00e0 domicile. Ainsi, il a demand\u00e9 aux populations de respecter les principes de la prise en charge \u00e0 domicile.<\/p>\n<div class='share-to-whatsapp-wrapper'><div class='share-on-whsp'>PARTAGER SUR : <\/div><a data-text='AUGMENTATION DES DECES - Abdoulaye Diouf Sarr pointe le rel\u00e2chement g\u00e9n\u00e9ral' data-link='https:\/\/www.nettali.com\/2021\/01\/07\/augmentation-des-deces-abdoulaye-diouf-sarr-pointe-le-relachement-general\/' class='whatsapp-button whatsapp-share'>WhatsApp<\/a><div class='clear '><\/div><\/div>","protected":false},"excerpt":{"rendered":"<p>NETTALI.COM- La recrudescence des cas de Covid-19 et l\u2019augmentation des cas de d\u00e9c\u00e8s li\u00e9s \u00e0 cette pand\u00e9mie sont d\u00fbes au rel\u00e2chement g\u00e9n\u00e9ral de la population. C\u2019est ce qu\u2019a laiss\u00e9 entendre le ministre de la Sant\u00e9, au cours d\u2019un point de presse tenue ce jeudi 7 janvier 2021. \u00ab\u00a0Nous avons des donn\u00e9es que nous g\u00e9rons depuis [&hellip;]<\/p>\n","protected":false},"author":6,"featured_media":51550,"comment_status":"open","ping_status":"open","sticky":false,"template":"","format":"standard","meta":{"_et_pb_use_builder":"","_et_pb_old_content":""},"categories":[22],"tags":[],"yoast_head":"<!-- This site is optimized with the Yoast SEO Premium plugin v17.8 (Yoast SEO v17.8) - https:\/\/yoast.com\/wordpress\/plugins\/seo\/ -->\n<title>AUGMENTATION DES DECES - Abdoulaye Diouf Sarr pointe le rel\u00e2chement g\u00e9n\u00e9ral | Nettali.com<\/title>\n<meta name=\"robots\" content=\"index, follow, max-snippet:-1, max-image-preview:large, max-video-preview:-1\" \/>\n<link rel=\"canonical\" href=\"https:\/\/www.nettali.com\/2021\/01\/07\/augmentation-des-deces-abdoulaye-diouf-sarr-pointe-le-relachement-general\/\" \/>\n<meta property=\"og:locale\" content=\"fr_FR\" \/>\n<meta property=\"og:type\" content=\"article\" \/>\n<meta property=\"og:title\" content=\"AUGMENTATION DES DECES - Abdoulaye Diouf Sarr pointe le rel\u00e2chement g\u00e9n\u00e9ral\" \/>\n<meta property=\"og:description\" content=\"NETTALI.COM- La recrudescence des cas de Covid-19 et l\u2019augmentation des cas de d\u00e9c\u00e8s li\u00e9s \u00e0 cette pand\u00e9mie sont d\u00fbes au rel\u00e2chement g\u00e9n\u00e9ral de la population. C\u2019est ce qu\u2019a laiss\u00e9 entendre le ministre de la Sant\u00e9, au cours d\u2019un point de presse tenue ce jeudi 7 janvier 2021. \u00ab\u00a0Nous avons des donn\u00e9es que nous g\u00e9rons depuis [&hellip;]\" \/>\n<meta property=\"og:url\" content=\"https:\/\/www.nettali.com\/2021\/01\/07\/augmentation-des-deces-abdoulaye-diouf-sarr-pointe-le-relachement-general\/\" \/>\n<meta property=\"og:site_name\" content=\"Nettali.com\" \/>\n<meta property=\"article:publisher\" content=\"https:\/\/www.facebook.com\/nettalicom\" \/>\n<meta property=\"article:published_time\" content=\"2021-01-07T15:00:28+00:00\" \/>\n<meta property=\"article:modified_time\" content=\"2021-01-07T22:21:51+00:00\" \/>\n<meta property=\"og:image\" content=\"https:\/\/www.nettali.com\/wp-content\/uploads\/2020\/11\/abdoulaye-diouf-sarr-1.jpg\" \/>\n\t<meta property=\"og:image:width\" content=\"1080\" \/>\n\t<meta property=\"og:image:height\" content=\"715\" \/>\n<meta name=\"twitter:card\" content=\"summary_large_image\" \/>\n<meta name=\"twitter:label1\" content=\"\u00c9crit par\" \/>\n\t<meta name=\"twitter:data1\" content=\"Fatou\" \/>\n\t<meta name=\"twitter:label2\" content=\"Dur\u00e9e de lecture estim\u00e9e\" \/>\n\t<meta name=\"twitter:data2\" content=\"2 minutes\" \/>\n<script type=\"application\/ld+json\" class=\"yoast-schema-graph\">{\"@context\":\"https:\/\/schema.org\",\"@graph\":[{\"@type\":\"WebSite\",\"@id\":\"https:\/\/www.nettali.com\/#website\",\"url\":\"https:\/\/www.nettali.com\/\",\"name\":\"Nettali.com\",\"description\":\"Le rendez-vous critique du Net\",\"potentialAction\":[{\"@type\":\"SearchAction\",\"target\":{\"@type\":\"EntryPoint\",\"urlTemplate\":\"https:\/\/www.nettali.com\/?s={search_term_string}\"},\"query-input\":\"required name=search_term_string\"}],\"inLanguage\":\"fr-FR\"},{\"@type\":\"ImageObject\",\"@id\":\"https:\/\/www.nettali.com\/2021\/01\/07\/augmentation-des-deces-abdoulaye-diouf-sarr-pointe-le-relachement-general\/#primaryimage\",\"inLanguage\":\"fr-FR\",\"url\":\"https:\/\/www.nettali.com\/wp-content\/uploads\/2020\/11\/abdoulaye-diouf-sarr-1.jpg\",\"contentUrl\":\"https:\/\/www.nettali.com\/wp-content\/uploads\/2020\/11\/abdoulaye-diouf-sarr-1.jpg\",\"width\":1080,\"height\":715},{\"@type\":\"WebPage\",\"@id\":\"https:\/\/www.nettali.com\/2021\/01\/07\/augmentation-des-deces-abdoulaye-diouf-sarr-pointe-le-relachement-general\/#webpage\",\"url\":\"https:\/\/www.nettali.com\/2021\/01\/07\/augmentation-des-deces-abdoulaye-diouf-sarr-pointe-le-relachement-general\/\",\"name\":\"AUGMENTATION DES DECES - Abdoulaye Diouf Sarr pointe le rel\\u00e2chement g\\u00e9n\\u00e9ral | Nettali.com\",\"isPartOf\":{\"@id\":\"https:\/\/www.nettali.com\/#website\"},\"primaryImageOfPage\":{\"@id\":\"https:\/\/www.nettali.com\/2021\/01\/07\/augmentation-des-deces-abdoulaye-diouf-sarr-pointe-le-relachement-general\/#primaryimage\"},\"datePublished\":\"2021-01-07T15:00:28+00:00\",\"dateModified\":\"2021-01-07T22:21:51+00:00\",\"author\":{\"@id\":\"https:\/\/www.nettali.com\/#\/schema\/person\/418274a86bdf87caff7a3ef476bd0bbf\"},\"breadcrumb\":{\"@id\":\"https:\/\/www.nettali.com\/2021\/01\/07\/augmentation-des-deces-abdoulaye-diouf-sarr-pointe-le-relachement-general\/#breadcrumb\"},\"inLanguage\":\"fr-FR\",\"potentialAction\":[{\"@type\":\"ReadAction\",\"target\":[\"https:\/\/www.nettali.com\/2021\/01\/07\/augmentation-des-deces-abdoulaye-diouf-sarr-pointe-le-relachement-general\/\"]}]},{\"@type\":\"BreadcrumbList\",\"@id\":\"https:\/\/www.nettali.com\/2021\/01\/07\/augmentation-des-deces-abdoulaye-diouf-sarr-pointe-le-relachement-general\/#breadcrumb\",\"itemListElement\":[{\"@type\":\"ListItem\",\"position\":1,\"name\":\"Accueil\",\"item\":\"https:\/\/www.nettali.com\/\"},{\"@type\":\"ListItem\",\"position\":2,\"name\":\"AUGMENTATION DES DECES &#8211; Abdoulaye Diouf Sarr pointe le rel\\u00e2chement g\\u00e9n\\u00e9ral\"}]},{\"@type\":\"Person\",\"@id\":\"https:\/\/www.nettali.com\/#\/schema\/person\/418274a86bdf87caff7a3ef476bd0bbf\",\"name\":\"Fatou\",\"image\":{\"@type\":\"ImageObject\",\"@id\":\"https:\/\/www.nettali.com\/#personlogo\",\"inLanguage\":\"fr-FR\",\"url\":\"https:\/\/secure.gravatar.com\/avatar\/5a9442a2bee7b4dcf167cab035858e9a?s=96&d=mm&r=g\",\"contentUrl\":\"https:\/\/secure.gravatar.com\/avatar\/5a9442a2bee7b4dcf167cab035858e9a?s=96&d=mm&r=g\",\"caption\":\"Fatou\"},\"sameAs\":[\"https:\/\/www.nettali.com\"]}]}<\/script>\n<!-- \/ Yoast SEO Premium plugin. -->","yoast_head_json":{"title":"AUGMENTATION DES DECES - Abdoulaye Diouf Sarr pointe le rel\u00e2chement g\u00e9n\u00e9ral | Nettali.com","robots":{"index":"index","follow":"follow","max-snippet":"max-snippet:-1","max-image-preview":"max-image-preview:large","max-video-preview":"max-video-preview:-1"},"canonical":"https:\/\/www.nettali.com\/2021\/01\/07\/augmentation-des-deces-abdoulaye-diouf-sarr-pointe-le-relachement-general\/","og_locale":"fr_FR","og_type":"article","og_title":"AUGMENTATION DES DECES - Abdoulaye Diouf Sarr pointe le rel\u00e2chement g\u00e9n\u00e9ral","og_description":"NETTALI.COM- La recrudescence des cas de Covid-19 et l\u2019augmentation des cas de d\u00e9c\u00e8s li\u00e9s \u00e0 cette pand\u00e9mie sont d\u00fbes au rel\u00e2chement g\u00e9n\u00e9ral de la population. C\u2019est ce qu\u2019a laiss\u00e9 entendre le ministre de la Sant\u00e9, au cours d\u2019un point de presse tenue ce jeudi 7 janvier 2021. \u00ab\u00a0Nous avons des donn\u00e9es que nous g\u00e9rons depuis [&hellip;]","og_url":"https:\/\/www.nettali.com\/2021\/01\/07\/augmentation-des-deces-abdoulaye-diouf-sarr-pointe-le-relachement-general\/","og_site_name":"Nettali.com","article_publisher":"https:\/\/www.facebook.com\/nettalicom","article_published_time":"2021-01-07T15:00:28+00:00","article_modified_time":"2021-01-07T22:21:51+00:00","og_image":[{"width":1080,"height":715,"url":"https:\/\/www.nettali.com\/wp-content\/uploads\/2020\/11\/abdoulaye-diouf-sarr-1.jpg","type":"image\/jpeg"}],"twitter_card":"summary_large_image","twitter_misc":{"\u00c9crit par":"Fatou","Dur\u00e9e de lecture estim\u00e9e":"2 minutes"},"schema":{"@context":"https:\/\/schema.org","@graph":[{"@type":"WebSite","@id":"https:\/\/www.nettali.com\/#website","url":"https:\/\/www.nettali.com\/","name":"Nettali.com","description":"Le rendez-vous critique du Net","potentialAction":[{"@type":"SearchAction","target":{"@type":"EntryPoint","urlTemplate":"https:\/\/www.nettali.com\/?s={search_term_string}"},"query-input":"required name=search_term_string"}],"inLanguage":"fr-FR"},{"@type":"ImageObject","@id":"https:\/\/www.nettali.com\/2021\/01\/07\/augmentation-des-deces-abdoulaye-diouf-sarr-pointe-le-relachement-general\/#primaryimage","inLanguage":"fr-FR","url":"https:\/\/www.nettali.com\/wp-content\/uploads\/2020\/11\/abdoulaye-diouf-sarr-1.jpg","contentUrl":"https:\/\/www.nettali.com\/wp-content\/uploads\/2020\/11\/abdoulaye-diouf-sarr-1.jpg","width":1080,"height":715},{"@type":"WebPage","@id":"https:\/\/www.nettali.com\/2021\/01\/07\/augmentation-des-deces-abdoulaye-diouf-sarr-pointe-le-relachement-general\/#webpage","url":"https:\/\/www.nettali.com\/2021\/01\/07\/augmentation-des-deces-abdoulaye-diouf-sarr-pointe-le-relachement-general\/","name":"AUGMENTATION DES DECES - Abdoulaye Diouf Sarr pointe le rel\u00e2chement g\u00e9n\u00e9ral | Nettali.com","isPartOf":{"@id":"https:\/\/www.nettali.com\/#website"},"primaryImageOfPage":{"@id":"https:\/\/www.nettali.com\/2021\/01\/07\/augmentation-des-deces-abdoulaye-diouf-sarr-pointe-le-relachement-general\/#primaryimage"},"datePublished":"2021-01-07T15:00:28+00:00","dateModified":"2021-01-07T22:21:51+00:00","author":{"@id":"https:\/\/www.nettali.com\/#\/schema\/person\/418274a86bdf87caff7a3ef476bd0bbf"},"breadcrumb":{"@id":"https:\/\/www.nettali.com\/2021\/01\/07\/augmentation-des-deces-abdoulaye-diouf-sarr-pointe-le-relachement-general\/#breadcrumb"},"inLanguage":"fr-FR","potentialAction":[{"@type":"ReadAction","target":["https:\/\/www.nettali.com\/2021\/01\/07\/augmentation-des-deces-abdoulaye-diouf-sarr-pointe-le-relachement-general\/"]}]},{"@type":"BreadcrumbList","@id":"https:\/\/www.nettali.com\/2021\/01\/07\/augmentation-des-deces-abdoulaye-diouf-sarr-pointe-le-relachement-general\/#breadcrumb","itemListElement":[{"@type":"ListItem","position":1,"name":"Accueil","item":"https:\/\/www.nettali.com\/"},{"@type":"ListItem","position":2,"name":"AUGMENTATION DES DECES &#8211; Abdoulaye Diouf Sarr pointe le rel\u00e2chement g\u00e9n\u00e9ral"}]},{"@type":"Person","@id":"https:\/\/www.nettali.com\/#\/schema\/person\/418274a86bdf87caff7a3ef476bd0bbf","name":"Fatou","image":{"@type":"ImageObject","@id":"https:\/\/www.nettali.com\/#personlogo","inLanguage":"fr-FR","url":"https:\/\/secure.gravatar.com\/avatar\/5a9442a2bee7b4dcf167cab035858e9a?s=96&d=mm&r=g","contentUrl":"https:\/\/secure.gravatar.com\/avatar\/5a9442a2bee7b4dcf167cab035858e9a?s=96&d=mm&r=g","caption":"Fatou"},"sameAs":["https:\/\/www.nettali.com"]}]}},"_links":{"self":[{"href":"https:\/\/www.nettali.com\/rest\/wp\/v2\/posts\/54977"}],"collection":[{"href":"https:\/\/www.nettali.com\/rest\/wp\/v2\/posts"}],"about":[{"href":"https:\/\/www.nettali.com\/rest\/wp\/v2\/types\/post"}],"author":[{"embeddable":true,"href":"https:\/\/www.nettali.com\/rest\/wp\/v2\/users\/6"}],"replies":[{"embeddable":true,"href":"https:\/\/www.nettali.com\/rest\/wp\/v2\/comments?post=54977"}],"version-history":[{"count":3,"href":"https:\/\/www.nettali.com\/rest\/wp\/v2\/posts\/54977\/revisions"}],"predecessor-version":[{"id":54982,"href":"https:\/\/www.nettali.com\/rest\/wp\/v2\/posts\/54977\/revisions\/54982"}],"wp:featuredmedia":[{"embeddable":true,"href":"https:\/\/www.nettali.com\/rest\/wp\/v2\/media\/51550"}],"wp:attachment":[{"href":"https:\/\/www.nettali.com\/rest\/wp\/v2\/media?parent=54977"}],"wp:term":[{"taxonomy":"category","embeddable":true,"href":"https:\/\/www.nettali.com\/rest\/wp\/v2\/categories?post=54977"},{"taxonomy":"post_tag","embeddable":true,"href":"https:\/\/www.nettali.com\/rest\/wp\/v2\/tags?post=54977"}],"curies":[{"name":"wp","href":"https:\/\/api.w.org\/{rel}","templated":true}]}}