{"id":54969,"date":"2021-01-07T14:03:37","date_gmt":"2021-01-07T14:03:37","guid":{"rendered":"https:\/\/www.nettali.com\/?p=54969"},"modified":"2021-01-07T18:53:57","modified_gmt":"2021-01-07T18:53:57","slug":"emeutes-de-la-nuit-dhier-le-ministre-de-linterieur-minimise","status":"publish","type":"post","link":"https:\/\/www.nettali.com\/2021\/01\/07\/emeutes-de-la-nuit-dhier-le-ministre-de-linterieur-minimise\/","title":{"rendered":"EMEUTES DE LA NUIT D\u2019HIER- Le ministre de l\u2019Int\u00e9rieur minimise"},"content":{"rendered":"<p><strong>NETTALI.COM- La nuit du mercredi a \u00e9t\u00e9 marqu\u00e9e par une s\u00e9rie d\u2019\u00e9meutes dans Dakar et sa banlieue. Les jeunes ont brul\u00e9 des pneus et attaqu\u00e9 certains \u00e9difices pour protester contre le couvre-feu mais, le ministre de l\u2019Int\u00e9rieur minimise.<\/strong><\/p>\n<p>Ce mercredi, c\u2019\u00e9tait le premier jour de couvre-feu d\u00e9cr\u00e9t\u00e9 de 21h \u00e0 5h du matin \u00e0 Dakar et Thi\u00e8s pour stopper la propagation de la pand\u00e9mie du Coronavirus. Cependant, la\u00a0 nuit \u00e9tait chaude dans plusieurs localit\u00e9s de Dakar avec de violentes manifestations de jeunes qui se sont m\u00eame affront\u00e9s avec les forces de l\u2019ordre.<\/p>\n<p>Face aux journalistes ce jeudi 7 janvier 2021, dans le cadre de la conf\u00e9rence de presse du Gouvernement, le ministre de l\u2019Int\u00e9rieur est revenu sur la mesure et ses cons\u00e9quences.<\/p>\n<p>Selon Antoine F\u00e9lix Diome, l\u2019instauration de l\u2019\u00e9tat d\u2019urgence vise la protection des populations. \u00ab<em> L\u2019objectif \u00e0 travers cette d\u00e9cision, est avant tout d\u2019endiguer la propagation du virus<\/em> \u00bb, rappelle le ministre de l'Int\u00e9rieur.<\/p>\n<p>Il s\u2019est r\u00e9joui que la mesure de couvre-feu ait \u00e9t\u00e9 respect\u00e9e dans les r\u00e9gions de Dakar et de Thi\u00e8s. Aussi, a-t-il minimis\u00e9 les incidents de la nuit d\u2019hier. \u00ab\u00a0<em>Il y a quelques manifestations qui ont eu lieu mais, apr\u00e8s quelques interventions l\u2019ordre a \u00e9t\u00e9 r\u00e9tabli. Il n\u2019y a pas de difficult\u00e9 par rapport \u00e0 l\u2019application ou l\u2019entr\u00e9e en vigueur de cette mesure <\/em>\u00bb, avance le ministre de l\u2019Int\u00e9rieur.<\/p>\n<p>Et de poursuivre\u00a0: \u00ab\u00a0<em>Nous sommes dans le cadre du fonctionnement que nous connaissons tous. Il y a un dispositif qui est en place et qui sert la population. Il est certain qu\u2019il ne se pose aucune difficult\u00e9 par rapport \u00e0 l\u2019entr\u00e9e en vigueur des mesures qui ont \u00e9t\u00e9 entreprises\u00a0<\/em>\u00bb.<\/p>\n<div class='share-to-whatsapp-wrapper'><div class='share-on-whsp'>PARTAGER SUR : <\/div><a data-text='EMEUTES DE LA NUIT D\u2019HIER- Le ministre de l\u2019Int\u00e9rieur minimise' data-link='https:\/\/www.nettali.com\/2021\/01\/07\/emeutes-de-la-nuit-dhier-le-ministre-de-linterieur-minimise\/' class='whatsapp-button whatsapp-share'>WhatsApp<\/a><div class='clear '><\/div><\/div>","protected":false},"excerpt":{"rendered":"<p>NETTALI.COM- La nuit du mercredi a \u00e9t\u00e9 marqu\u00e9e par une s\u00e9rie d\u2019\u00e9meutes dans Dakar et sa banlieue. Les jeunes ont brul\u00e9 des pneus et attaqu\u00e9 certains \u00e9difices pour protester contre le couvre-feu mais, le ministre de l\u2019Int\u00e9rieur minimise. Ce mercredi, c\u2019\u00e9tait le premier jour de couvre-feu d\u00e9cr\u00e9t\u00e9 de 21h \u00e0 5h du matin \u00e0 Dakar [&hellip;]<\/p>\n","protected":false},"author":6,"featured_media":54587,"comment_status":"open","ping_status":"open","sticky":false,"template":"","format":"standard","meta":{"_et_pb_use_builder":"","_et_pb_old_content":""},"categories":[3],"tags":[],"yoast_head":"<!-- This site is optimized with the Yoast SEO Premium plugin v17.8 (Yoast SEO v17.8) - https:\/\/yoast.com\/wordpress\/plugins\/seo\/ -->\n<title>EMEUTES DE LA NUIT D\u2019HIER- Le ministre de l\u2019Int\u00e9rieur minimise | Nettali.com<\/title>\n<meta name=\"robots\" content=\"index, follow, max-snippet:-1, max-image-preview:large, max-video-preview:-1\" \/>\n<link rel=\"canonical\" href=\"https:\/\/www.nettali.com\/2021\/01\/07\/emeutes-de-la-nuit-dhier-le-ministre-de-linterieur-minimise\/\" \/>\n<meta property=\"og:locale\" content=\"fr_FR\" \/>\n<meta property=\"og:type\" content=\"article\" \/>\n<meta property=\"og:title\" content=\"EMEUTES DE LA NUIT D\u2019HIER- Le ministre de l\u2019Int\u00e9rieur minimise\" \/>\n<meta property=\"og:description\" content=\"NETTALI.COM- La nuit du mercredi a \u00e9t\u00e9 marqu\u00e9e par une s\u00e9rie d\u2019\u00e9meutes dans Dakar et sa banlieue. Les jeunes ont brul\u00e9 des pneus et attaqu\u00e9 certains \u00e9difices pour protester contre le couvre-feu mais, le ministre de l\u2019Int\u00e9rieur minimise. Ce mercredi, c\u2019\u00e9tait le premier jour de couvre-feu d\u00e9cr\u00e9t\u00e9 de 21h \u00e0 5h du matin \u00e0 Dakar [&hellip;]\" \/>\n<meta property=\"og:url\" content=\"https:\/\/www.nettali.com\/2021\/01\/07\/emeutes-de-la-nuit-dhier-le-ministre-de-linterieur-minimise\/\" \/>\n<meta property=\"og:site_name\" content=\"Nettali.com\" \/>\n<meta property=\"article:publisher\" content=\"https:\/\/www.facebook.com\/nettalicom\" \/>\n<meta property=\"article:published_time\" content=\"2021-01-07T14:03:37+00:00\" \/>\n<meta property=\"article:modified_time\" content=\"2021-01-07T18:53:57+00:00\" \/>\n<meta property=\"og:image\" content=\"https:\/\/www.nettali.com\/wp-content\/uploads\/2021\/01\/antoine-dione-4-960x640-1.jpg\" \/>\n\t<meta property=\"og:image:width\" content=\"960\" \/>\n\t<meta property=\"og:image:height\" content=\"640\" \/>\n<meta name=\"twitter:card\" content=\"summary_large_image\" \/>\n<meta name=\"twitter:label1\" content=\"\u00c9crit par\" \/>\n\t<meta name=\"twitter:data1\" content=\"Fatou\" \/>\n\t<meta name=\"twitter:label2\" content=\"Dur\u00e9e de lecture estim\u00e9e\" \/>\n\t<meta name=\"twitter:data2\" content=\"2 minutes\" \/>\n<script type=\"application\/ld+json\" class=\"yoast-schema-graph\">{\"@context\":\"https:\/\/schema.org\",\"@graph\":[{\"@type\":\"WebSite\",\"@id\":\"https:\/\/www.nettali.com\/#website\",\"url\":\"https:\/\/www.nettali.com\/\",\"name\":\"Nettali.com\",\"description\":\"Le rendez-vous critique du Net\",\"potentialAction\":[{\"@type\":\"SearchAction\",\"target\":{\"@type\":\"EntryPoint\",\"urlTemplate\":\"https:\/\/www.nettali.com\/?s={search_term_string}\"},\"query-input\":\"required name=search_term_string\"}],\"inLanguage\":\"fr-FR\"},{\"@type\":\"ImageObject\",\"@id\":\"https:\/\/www.nettali.com\/2021\/01\/07\/emeutes-de-la-nuit-dhier-le-ministre-de-linterieur-minimise\/#primaryimage\",\"inLanguage\":\"fr-FR\",\"url\":\"https:\/\/www.nettali.com\/wp-content\/uploads\/2021\/01\/antoine-dione-4-960x640-1.jpg\",\"contentUrl\":\"https:\/\/www.nettali.com\/wp-content\/uploads\/2021\/01\/antoine-dione-4-960x640-1.jpg\",\"width\":960,\"height\":640},{\"@type\":\"WebPage\",\"@id\":\"https:\/\/www.nettali.com\/2021\/01\/07\/emeutes-de-la-nuit-dhier-le-ministre-de-linterieur-minimise\/#webpage\",\"url\":\"https:\/\/www.nettali.com\/2021\/01\/07\/emeutes-de-la-nuit-dhier-le-ministre-de-linterieur-minimise\/\",\"name\":\"EMEUTES DE LA NUIT D\\u2019HIER- Le ministre de l\\u2019Int\\u00e9rieur minimise | Nettali.com\",\"isPartOf\":{\"@id\":\"https:\/\/www.nettali.com\/#website\"},\"primaryImageOfPage\":{\"@id\":\"https:\/\/www.nettali.com\/2021\/01\/07\/emeutes-de-la-nuit-dhier-le-ministre-de-linterieur-minimise\/#primaryimage\"},\"datePublished\":\"2021-01-07T14:03:37+00:00\",\"dateModified\":\"2021-01-07T18:53:57+00:00\",\"author\":{\"@id\":\"https:\/\/www.nettali.com\/#\/schema\/person\/418274a86bdf87caff7a3ef476bd0bbf\"},\"breadcrumb\":{\"@id\":\"https:\/\/www.nettali.com\/2021\/01\/07\/emeutes-de-la-nuit-dhier-le-ministre-de-linterieur-minimise\/#breadcrumb\"},\"inLanguage\":\"fr-FR\",\"potentialAction\":[{\"@type\":\"ReadAction\",\"target\":[\"https:\/\/www.nettali.com\/2021\/01\/07\/emeutes-de-la-nuit-dhier-le-ministre-de-linterieur-minimise\/\"]}]},{\"@type\":\"BreadcrumbList\",\"@id\":\"https:\/\/www.nettali.com\/2021\/01\/07\/emeutes-de-la-nuit-dhier-le-ministre-de-linterieur-minimise\/#breadcrumb\",\"itemListElement\":[{\"@type\":\"ListItem\",\"position\":1,\"name\":\"Accueil\",\"item\":\"https:\/\/www.nettali.com\/\"},{\"@type\":\"ListItem\",\"position\":2,\"name\":\"EMEUTES DE LA NUIT D\\u2019HIER- Le ministre de l\\u2019Int\\u00e9rieur minimise\"}]},{\"@type\":\"Person\",\"@id\":\"https:\/\/www.nettali.com\/#\/schema\/person\/418274a86bdf87caff7a3ef476bd0bbf\",\"name\":\"Fatou\",\"image\":{\"@type\":\"ImageObject\",\"@id\":\"https:\/\/www.nettali.com\/#personlogo\",\"inLanguage\":\"fr-FR\",\"url\":\"https:\/\/secure.gravatar.com\/avatar\/5a9442a2bee7b4dcf167cab035858e9a?s=96&d=mm&r=g\",\"contentUrl\":\"https:\/\/secure.gravatar.com\/avatar\/5a9442a2bee7b4dcf167cab035858e9a?s=96&d=mm&r=g\",\"caption\":\"Fatou\"},\"sameAs\":[\"https:\/\/www.nettali.com\"]}]}<\/script>\n<!-- \/ Yoast SEO Premium plugin. -->","yoast_head_json":{"title":"EMEUTES DE LA NUIT D\u2019HIER- Le ministre de l\u2019Int\u00e9rieur minimise | Nettali.com","robots":{"index":"index","follow":"follow","max-snippet":"max-snippet:-1","max-image-preview":"max-image-preview:large","max-video-preview":"max-video-preview:-1"},"canonical":"https:\/\/www.nettali.com\/2021\/01\/07\/emeutes-de-la-nuit-dhier-le-ministre-de-linterieur-minimise\/","og_locale":"fr_FR","og_type":"article","og_title":"EMEUTES DE LA NUIT D\u2019HIER- Le ministre de l\u2019Int\u00e9rieur minimise","og_description":"NETTALI.COM- La nuit du mercredi a \u00e9t\u00e9 marqu\u00e9e par une s\u00e9rie d\u2019\u00e9meutes dans Dakar et sa banlieue. Les jeunes ont brul\u00e9 des pneus et attaqu\u00e9 certains \u00e9difices pour protester contre le couvre-feu mais, le ministre de l\u2019Int\u00e9rieur minimise. Ce mercredi, c\u2019\u00e9tait le premier jour de couvre-feu d\u00e9cr\u00e9t\u00e9 de 21h \u00e0 5h du matin \u00e0 Dakar [&hellip;]","og_url":"https:\/\/www.nettali.com\/2021\/01\/07\/emeutes-de-la-nuit-dhier-le-ministre-de-linterieur-minimise\/","og_site_name":"Nettali.com","article_publisher":"https:\/\/www.facebook.com\/nettalicom","article_published_time":"2021-01-07T14:03:37+00:00","article_modified_time":"2021-01-07T18:53:57+00:00","og_image":[{"width":960,"height":640,"url":"https:\/\/www.nettali.com\/wp-content\/uploads\/2021\/01\/antoine-dione-4-960x640-1.jpg","type":"image\/jpeg"}],"twitter_card":"summary_large_image","twitter_misc":{"\u00c9crit par":"Fatou","Dur\u00e9e de lecture estim\u00e9e":"2 minutes"},"schema":{"@context":"https:\/\/schema.org","@graph":[{"@type":"WebSite","@id":"https:\/\/www.nettali.com\/#website","url":"https:\/\/www.nettali.com\/","name":"Nettali.com","description":"Le rendez-vous critique du Net","potentialAction":[{"@type":"SearchAction","target":{"@type":"EntryPoint","urlTemplate":"https:\/\/www.nettali.com\/?s={search_term_string}"},"query-input":"required name=search_term_string"}],"inLanguage":"fr-FR"},{"@type":"ImageObject","@id":"https:\/\/www.nettali.com\/2021\/01\/07\/emeutes-de-la-nuit-dhier-le-ministre-de-linterieur-minimise\/#primaryimage","inLanguage":"fr-FR","url":"https:\/\/www.nettali.com\/wp-content\/uploads\/2021\/01\/antoine-dione-4-960x640-1.jpg","contentUrl":"https:\/\/www.nettali.com\/wp-content\/uploads\/2021\/01\/antoine-dione-4-960x640-1.jpg","width":960,"height":640},{"@type":"WebPage","@id":"https:\/\/www.nettali.com\/2021\/01\/07\/emeutes-de-la-nuit-dhier-le-ministre-de-linterieur-minimise\/#webpage","url":"https:\/\/www.nettali.com\/2021\/01\/07\/emeutes-de-la-nuit-dhier-le-ministre-de-linterieur-minimise\/","name":"EMEUTES DE LA NUIT D\u2019HIER- Le ministre de l\u2019Int\u00e9rieur minimise | Nettali.com","isPartOf":{"@id":"https:\/\/www.nettali.com\/#website"},"primaryImageOfPage":{"@id":"https:\/\/www.nettali.com\/2021\/01\/07\/emeutes-de-la-nuit-dhier-le-ministre-de-linterieur-minimise\/#primaryimage"},"datePublished":"2021-01-07T14:03:37+00:00","dateModified":"2021-01-07T18:53:57+00:00","author":{"@id":"https:\/\/www.nettali.com\/#\/schema\/person\/418274a86bdf87caff7a3ef476bd0bbf"},"breadcrumb":{"@id":"https:\/\/www.nettali.com\/2021\/01\/07\/emeutes-de-la-nuit-dhier-le-ministre-de-linterieur-minimise\/#breadcrumb"},"inLanguage":"fr-FR","potentialAction":[{"@type":"ReadAction","target":["https:\/\/www.nettali.com\/2021\/01\/07\/emeutes-de-la-nuit-dhier-le-ministre-de-linterieur-minimise\/"]}]},{"@type":"BreadcrumbList","@id":"https:\/\/www.nettali.com\/2021\/01\/07\/emeutes-de-la-nuit-dhier-le-ministre-de-linterieur-minimise\/#breadcrumb","itemListElement":[{"@type":"ListItem","position":1,"name":"Accueil","item":"https:\/\/www.nettali.com\/"},{"@type":"ListItem","position":2,"name":"EMEUTES DE LA NUIT D\u2019HIER- Le ministre de l\u2019Int\u00e9rieur minimise"}]},{"@type":"Person","@id":"https:\/\/www.nettali.com\/#\/schema\/person\/418274a86bdf87caff7a3ef476bd0bbf","name":"Fatou","image":{"@type":"ImageObject","@id":"https:\/\/www.nettali.com\/#personlogo","inLanguage":"fr-FR","url":"https:\/\/secure.gravatar.com\/avatar\/5a9442a2bee7b4dcf167cab035858e9a?s=96&d=mm&r=g","contentUrl":"https:\/\/secure.gravatar.com\/avatar\/5a9442a2bee7b4dcf167cab035858e9a?s=96&d=mm&r=g","caption":"Fatou"},"sameAs":["https:\/\/www.nettali.com"]}]}},"_links":{"self":[{"href":"https:\/\/www.nettali.com\/rest\/wp\/v2\/posts\/54969"}],"collection":[{"href":"https:\/\/www.nettali.com\/rest\/wp\/v2\/posts"}],"about":[{"href":"https:\/\/www.nettali.com\/rest\/wp\/v2\/types\/post"}],"author":[{"embeddable":true,"href":"https:\/\/www.nettali.com\/rest\/wp\/v2\/users\/6"}],"replies":[{"embeddable":true,"href":"https:\/\/www.nettali.com\/rest\/wp\/v2\/comments?post=54969"}],"version-history":[{"count":4,"href":"https:\/\/www.nettali.com\/rest\/wp\/v2\/posts\/54969\/revisions"}],"predecessor-version":[{"id":54979,"href":"https:\/\/www.nettali.com\/rest\/wp\/v2\/posts\/54969\/revisions\/54979"}],"wp:featuredmedia":[{"embeddable":true,"href":"https:\/\/www.nettali.com\/rest\/wp\/v2\/media\/54587"}],"wp:attachment":[{"href":"https:\/\/www.nettali.com\/rest\/wp\/v2\/media?parent=54969"}],"wp:term":[{"taxonomy":"category","embeddable":true,"href":"https:\/\/www.nettali.com\/rest\/wp\/v2\/categories?post=54969"},{"taxonomy":"post_tag","embeddable":true,"href":"https:\/\/www.nettali.com\/rest\/wp\/v2\/tags?post=54969"}],"curies":[{"name":"wp","href":"https:\/\/api.w.org\/{rel}","templated":true}]}}