{"id":54745,"date":"2021-01-05T07:13:42","date_gmt":"2021-01-05T07:13:42","guid":{"rendered":"https:\/\/www.nettali.com\/?p=54745"},"modified":"2021-01-05T16:42:28","modified_gmt":"2021-01-05T16:42:28","slug":"baye-cheikh-cinq-ans-deja","status":"publish","type":"post","link":"https:\/\/www.nettali.com\/2021\/01\/05\/baye-cheikh-cinq-ans-deja\/","title":{"rendered":"Baye Cheikh, cinq ans d\u00e9j\u00e0\u00a0!"},"content":{"rendered":"<p style=\"font-weight: 400;\">CONTRIBUTION - L'ann\u00e9e 2020 s'est termin\u00e9e \u00e0 Darou Mouhty sur une note triste. La terre sainte, deuxi\u00e8me capitale du mouridisme, a perdu son khalife, le 31 d\u00e9cembre dernier. Serigne Abass est parti comme il a v\u00e9cu.\u00a0 En toute discr\u00e9tion. Une disparition qui rappelle beaucoup celle d'un autre grand homme, fils de Mame Thierno Birahim Mback\u00e9 \"Ndamal Darou\". Il y a cinq ans, nous quittait, en effet, Serigne Cheikh Khady Mback\u00e9 affectueusement appel\u00e9 \"Baye Cheikh\". C'\u00e9tait le 5 janvier 2016. Ce jour-l\u00e0, une immense tristesse envahit la communaut\u00e9 mouride. Darou Mouhty en particulier. Troisi\u00e8me khalife de Mame Thierno Birahim, \"Baye Cheikh\" est parti \u00e0 jamais. Il \u00e9tait alors \u00e2g\u00e9 de 93 ans.<\/p>\n<p style=\"font-weight: 400;\">C\u2019est en 2003 que Serigne Cheikh Khady Mback\u00e9 prit le califat \u00e0 Darou Mouhty en remplacement de son grand-fr\u00e8re Serigne Abdou Khoudoss Mback\u00e9. 2003-2016. Treize ans de califat qui auront permis \u00e0\u00a0\"Baye Cheikh\"\u00a0de marquer d\u2019une empreinte ind\u00e9l\u00e9bile l\u2019histoire de la deuxi\u00e8me capitale du mouridisme qu\u2019il aura compl\u00e8tement transform\u00e9e et modernis\u00e9e. Parmi ses r\u00e9alisations, on peut citer la construction d\u2019une\u00a0grande villa pour la r\u00e9ception des h\u00f4tes, une mosqu\u00e9e d\u2019une valeur de 2,5 milliards de francs Cfa, entre autres. Parmi les investissements de Serigne Cheikh Khady Mback\u00e9, on compte aussi la r\u00e9fection d\u2019ouvrages et d\u2019infrastructures, la construction de forages, mais aussi de deux r\u00e9sidences d\u00e9nomm\u00e9es\u00a0\"Beyti\"\u00a0et\u00a0\"Makaama\"\u00a0en plus d\u2019une immense biblioth\u00e8que,\u00a0\"Daaray Kaamil\".\u00a0Mais\u00a0\"Baye Cheikh\"\u00a0n\u2019a pas attendu d\u2019\u00eatre khalife pour investir sur la voie de l\u2019Islam et du mouridisme. C\u2019est en effet avant son accession au califat qu\u2019il a construit une mosqu\u00e9e dans son quartier, mais aussi dans d\u2019autres localit\u00e9s comme Khabane, Madina, Niary Daqqar, son village de retraite.<\/p>\n<p style=\"font-weight: 400;\">Pourtant, malgr\u00e9 ces investissements estim\u00e9s \u00e0 plusieurs milliards de francs Cfa, Serigne Cheikh Khady Mback\u00e9 n\u2019a jamais\u00a0\"profit\u00e9\"\u00a0de sa richesse. La preuve\u00a0: le troisi\u00e8me khalife de Mame Thierno Birahim Mback\u00e9 a v\u00e9cu loin des b\u00e2tisses qu\u2019il a, lui-m\u00eame, fait construire. Baye Cheikh vivait en effet dans une case \u00e0 Niary Daqqar, loin de Darou Mouhty. C\u2019est dans cette localit\u00e9 qu\u2019il recevait chefs d\u2019Etat, leaders politiques, chefs religieux, hommes d\u2019affaires, talib\u00e9s\u2026 Calme, discret, serein, humain et d\u2019une grande douceur,\u00a0\"Baye Cheikh\"\u00a0d\u00e9gageait aussi une forte personnalit\u00e9. Ses proches confient qu\u2019il n\u2019a jamais pris une seule d\u00e9cision sans consulter son entourage. Malgr\u00e9 tout, il restait intransigeant et s\u2019opposait \u00e0 toute transgression des valeurs de l\u2019Islam ou de la voix trac\u00e9e par son illustre p\u00e8re que Cheikh Ahmadou Bamba surnommait\u00a0\"<em>ma main droite<\/em>\". En d\u00e9finitive, on retiendra de Baye Cheikh le souvenir d\u2019un grand soufi, mais aussi d\u2019un disciple exemplaire dont la foi \u00e9tait ancr\u00e9e dans les enseignements de Cheikh Ahmadou Bamba Khadim Rassoul. C\u2019est d\u2019ailleurs cette position de disciple exemplaire qui explique ses relations exceptionnelles avec ma famille de Serigne Touba, notamment Serigne Saliou Mback\u00e9, cinqui\u00e8me khalife g\u00e9n\u00e9ral des mourides.<\/p>\n<p style=\"font-weight: 400;\">Ce 5 janvier donc, Darou Mouhty, en deuil suite au rappel \u00e0 Dieu de Serigne Abass Mback\u00e9, se souvient d\u2019un homme de Dieu qui avait des relations privil\u00e9gi\u00e9es avec les familles religieuses du pays, mais aussi avec les diff\u00e9rents chefs d\u2019Etat, d\u2019Abdou Diouf \u00e0 Macky Sall en passant par Abdoulaye Wade. Mais l\u2019on retiendra surtout son engagement \u00e0 servir l\u2019Islam et le mouridisme \u00e0 travers les enseignants de son illustre p\u00e8re. Son fils et Khalife, Serigne Abdou Mback\u00e9 t\u00e9moigne\u00a0:\u00a0\"<em>Son engagement \u00e0 servir Mame Thierno \u00e9tait sans commune mesure. Il en faisait sa raison de vivre. Il est rest\u00e9 toute sa vie durant profond\u00e9ment talib\u00e9. Baye Cheikh n\u2019h\u00e9sitait jamais \u00e0 priver ses propres enfants au profit des autres<\/em>.\"<\/p>\n<p style=\"font-weight: 400;\"><strong>Moustapha DIOP<\/strong><\/p>\n<p style=\"font-weight: 400;\"><strong>Journaliste \u00e0 Wal Fadjri<\/strong><\/p>\n<div class='share-to-whatsapp-wrapper'><div class='share-on-whsp'>PARTAGER SUR : <\/div><a data-text='Baye Cheikh, cinq ans d\u00e9j\u00e0\u00a0!' data-link='https:\/\/www.nettali.com\/2021\/01\/05\/baye-cheikh-cinq-ans-deja\/' class='whatsapp-button whatsapp-share'>WhatsApp<\/a><div class='clear '><\/div><\/div>","protected":false},"excerpt":{"rendered":"<p>CONTRIBUTION - L'ann\u00e9e 2020 s'est termin\u00e9e \u00e0 Darou Mouhty sur une note triste. La terre sainte, deuxi\u00e8me capitale du mouridisme, a perdu son khalife, le 31 d\u00e9cembre dernier. Serigne Abass est parti comme il a v\u00e9cu.\u00a0 En toute discr\u00e9tion. Une disparition qui rappelle beaucoup celle d'un autre grand homme, fils de Mame Thierno Birahim Mback\u00e9 [&hellip;]<\/p>\n","protected":false},"author":3,"featured_media":54744,"comment_status":"open","ping_status":"open","sticky":false,"template":"","format":"standard","meta":{"_et_pb_use_builder":"","_et_pb_old_content":""},"categories":[34933],"tags":[],"yoast_head":"<!-- This site is optimized with the Yoast SEO Premium plugin v17.8 (Yoast SEO v17.8) - https:\/\/yoast.com\/wordpress\/plugins\/seo\/ -->\n<title>Baye Cheikh, cinq ans d\u00e9j\u00e0\u00a0! | Nettali.com<\/title>\n<meta name=\"robots\" content=\"index, follow, max-snippet:-1, max-image-preview:large, max-video-preview:-1\" \/>\n<link rel=\"canonical\" href=\"https:\/\/www.nettali.com\/2021\/01\/05\/baye-cheikh-cinq-ans-deja\/\" \/>\n<meta property=\"og:locale\" content=\"fr_FR\" \/>\n<meta property=\"og:type\" content=\"article\" \/>\n<meta property=\"og:title\" content=\"Baye Cheikh, cinq ans d\u00e9j\u00e0\u00a0!\" \/>\n<meta property=\"og:description\" content=\"CONTRIBUTION - L&#039;ann\u00e9e 2020 s&#039;est termin\u00e9e \u00e0 Darou Mouhty sur une note triste. La terre sainte, deuxi\u00e8me capitale du mouridisme, a perdu son khalife, le 31 d\u00e9cembre dernier. Serigne Abass est parti comme il a v\u00e9cu.\u00a0 En toute discr\u00e9tion. Une disparition qui rappelle beaucoup celle d&#039;un autre grand homme, fils de Mame Thierno Birahim Mback\u00e9 [&hellip;]\" \/>\n<meta property=\"og:url\" content=\"https:\/\/www.nettali.com\/2021\/01\/05\/baye-cheikh-cinq-ans-deja\/\" \/>\n<meta property=\"og:site_name\" content=\"Nettali.com\" \/>\n<meta property=\"article:publisher\" content=\"https:\/\/www.facebook.com\/nettalicom\" \/>\n<meta property=\"article:published_time\" content=\"2021-01-05T07:13:42+00:00\" \/>\n<meta property=\"article:modified_time\" content=\"2021-01-05T16:42:28+00:00\" \/>\n<meta property=\"og:image\" content=\"https:\/\/www.nettali.com\/wp-content\/uploads\/2021\/01\/serigne-cheikh-khady.jpg\" \/>\n\t<meta property=\"og:image:width\" content=\"450\" \/>\n\t<meta property=\"og:image:height\" content=\"250\" \/>\n<meta name=\"twitter:card\" content=\"summary_large_image\" \/>\n<meta name=\"twitter:label1\" content=\"\u00c9crit par\" \/>\n\t<meta name=\"twitter:data1\" content=\"Moustapha\" \/>\n\t<meta name=\"twitter:label2\" content=\"Dur\u00e9e de lecture estim\u00e9e\" \/>\n\t<meta name=\"twitter:data2\" content=\"3 minutes\" \/>\n<script type=\"application\/ld+json\" class=\"yoast-schema-graph\">{\"@context\":\"https:\/\/schema.org\",\"@graph\":[{\"@type\":\"WebSite\",\"@id\":\"https:\/\/www.nettali.com\/#website\",\"url\":\"https:\/\/www.nettali.com\/\",\"name\":\"Nettali.com\",\"description\":\"Le rendez-vous critique du Net\",\"potentialAction\":[{\"@type\":\"SearchAction\",\"target\":{\"@type\":\"EntryPoint\",\"urlTemplate\":\"https:\/\/www.nettali.com\/?s={search_term_string}\"},\"query-input\":\"required name=search_term_string\"}],\"inLanguage\":\"fr-FR\"},{\"@type\":\"ImageObject\",\"@id\":\"https:\/\/www.nettali.com\/2021\/01\/05\/baye-cheikh-cinq-ans-deja\/#primaryimage\",\"inLanguage\":\"fr-FR\",\"url\":\"https:\/\/www.nettali.com\/wp-content\/uploads\/2021\/01\/serigne-cheikh-khady.jpg\",\"contentUrl\":\"https:\/\/www.nettali.com\/wp-content\/uploads\/2021\/01\/serigne-cheikh-khady.jpg\",\"width\":450,\"height\":250},{\"@type\":\"WebPage\",\"@id\":\"https:\/\/www.nettali.com\/2021\/01\/05\/baye-cheikh-cinq-ans-deja\/#webpage\",\"url\":\"https:\/\/www.nettali.com\/2021\/01\/05\/baye-cheikh-cinq-ans-deja\/\",\"name\":\"Baye Cheikh, cinq ans d\\u00e9j\\u00e0\\u00a0! | Nettali.com\",\"isPartOf\":{\"@id\":\"https:\/\/www.nettali.com\/#website\"},\"primaryImageOfPage\":{\"@id\":\"https:\/\/www.nettali.com\/2021\/01\/05\/baye-cheikh-cinq-ans-deja\/#primaryimage\"},\"datePublished\":\"2021-01-05T07:13:42+00:00\",\"dateModified\":\"2021-01-05T16:42:28+00:00\",\"author\":{\"@id\":\"https:\/\/www.nettali.com\/#\/schema\/person\/7962a12a6e0267f88f0ffa544c36469a\"},\"breadcrumb\":{\"@id\":\"https:\/\/www.nettali.com\/2021\/01\/05\/baye-cheikh-cinq-ans-deja\/#breadcrumb\"},\"inLanguage\":\"fr-FR\",\"potentialAction\":[{\"@type\":\"ReadAction\",\"target\":[\"https:\/\/www.nettali.com\/2021\/01\/05\/baye-cheikh-cinq-ans-deja\/\"]}]},{\"@type\":\"BreadcrumbList\",\"@id\":\"https:\/\/www.nettali.com\/2021\/01\/05\/baye-cheikh-cinq-ans-deja\/#breadcrumb\",\"itemListElement\":[{\"@type\":\"ListItem\",\"position\":1,\"name\":\"Accueil\",\"item\":\"https:\/\/www.nettali.com\/\"},{\"@type\":\"ListItem\",\"position\":2,\"name\":\"Baye Cheikh, cinq ans d\\u00e9j\\u00e0\\u00a0!\"}]},{\"@type\":\"Person\",\"@id\":\"https:\/\/www.nettali.com\/#\/schema\/person\/7962a12a6e0267f88f0ffa544c36469a\",\"name\":\"Moustapha\",\"image\":{\"@type\":\"ImageObject\",\"@id\":\"https:\/\/www.nettali.com\/#personlogo\",\"inLanguage\":\"fr-FR\",\"url\":\"https:\/\/secure.gravatar.com\/avatar\/10fdf6a071cccdcf374e3dbe45159590?s=96&d=mm&r=g\",\"contentUrl\":\"https:\/\/secure.gravatar.com\/avatar\/10fdf6a071cccdcf374e3dbe45159590?s=96&d=mm&r=g\",\"caption\":\"Moustapha\"},\"sameAs\":[\"https:\/\/www.nettali.com\"]}]}<\/script>\n<!-- \/ Yoast SEO Premium plugin. -->","yoast_head_json":{"title":"Baye Cheikh, cinq ans d\u00e9j\u00e0\u00a0! | Nettali.com","robots":{"index":"index","follow":"follow","max-snippet":"max-snippet:-1","max-image-preview":"max-image-preview:large","max-video-preview":"max-video-preview:-1"},"canonical":"https:\/\/www.nettali.com\/2021\/01\/05\/baye-cheikh-cinq-ans-deja\/","og_locale":"fr_FR","og_type":"article","og_title":"Baye Cheikh, cinq ans d\u00e9j\u00e0\u00a0!","og_description":"CONTRIBUTION - L'ann\u00e9e 2020 s'est termin\u00e9e \u00e0 Darou Mouhty sur une note triste. La terre sainte, deuxi\u00e8me capitale du mouridisme, a perdu son khalife, le 31 d\u00e9cembre dernier. Serigne Abass est parti comme il a v\u00e9cu.\u00a0 En toute discr\u00e9tion. Une disparition qui rappelle beaucoup celle d'un autre grand homme, fils de Mame Thierno Birahim Mback\u00e9 [&hellip;]","og_url":"https:\/\/www.nettali.com\/2021\/01\/05\/baye-cheikh-cinq-ans-deja\/","og_site_name":"Nettali.com","article_publisher":"https:\/\/www.facebook.com\/nettalicom","article_published_time":"2021-01-05T07:13:42+00:00","article_modified_time":"2021-01-05T16:42:28+00:00","og_image":[{"width":450,"height":250,"url":"https:\/\/www.nettali.com\/wp-content\/uploads\/2021\/01\/serigne-cheikh-khady.jpg","type":"image\/jpeg"}],"twitter_card":"summary_large_image","twitter_misc":{"\u00c9crit par":"Moustapha","Dur\u00e9e de lecture estim\u00e9e":"3 minutes"},"schema":{"@context":"https:\/\/schema.org","@graph":[{"@type":"WebSite","@id":"https:\/\/www.nettali.com\/#website","url":"https:\/\/www.nettali.com\/","name":"Nettali.com","description":"Le rendez-vous critique du Net","potentialAction":[{"@type":"SearchAction","target":{"@type":"EntryPoint","urlTemplate":"https:\/\/www.nettali.com\/?s={search_term_string}"},"query-input":"required name=search_term_string"}],"inLanguage":"fr-FR"},{"@type":"ImageObject","@id":"https:\/\/www.nettali.com\/2021\/01\/05\/baye-cheikh-cinq-ans-deja\/#primaryimage","inLanguage":"fr-FR","url":"https:\/\/www.nettali.com\/wp-content\/uploads\/2021\/01\/serigne-cheikh-khady.jpg","contentUrl":"https:\/\/www.nettali.com\/wp-content\/uploads\/2021\/01\/serigne-cheikh-khady.jpg","width":450,"height":250},{"@type":"WebPage","@id":"https:\/\/www.nettali.com\/2021\/01\/05\/baye-cheikh-cinq-ans-deja\/#webpage","url":"https:\/\/www.nettali.com\/2021\/01\/05\/baye-cheikh-cinq-ans-deja\/","name":"Baye Cheikh, cinq ans d\u00e9j\u00e0\u00a0! | Nettali.com","isPartOf":{"@id":"https:\/\/www.nettali.com\/#website"},"primaryImageOfPage":{"@id":"https:\/\/www.nettali.com\/2021\/01\/05\/baye-cheikh-cinq-ans-deja\/#primaryimage"},"datePublished":"2021-01-05T07:13:42+00:00","dateModified":"2021-01-05T16:42:28+00:00","author":{"@id":"https:\/\/www.nettali.com\/#\/schema\/person\/7962a12a6e0267f88f0ffa544c36469a"},"breadcrumb":{"@id":"https:\/\/www.nettali.com\/2021\/01\/05\/baye-cheikh-cinq-ans-deja\/#breadcrumb"},"inLanguage":"fr-FR","potentialAction":[{"@type":"ReadAction","target":["https:\/\/www.nettali.com\/2021\/01\/05\/baye-cheikh-cinq-ans-deja\/"]}]},{"@type":"BreadcrumbList","@id":"https:\/\/www.nettali.com\/2021\/01\/05\/baye-cheikh-cinq-ans-deja\/#breadcrumb","itemListElement":[{"@type":"ListItem","position":1,"name":"Accueil","item":"https:\/\/www.nettali.com\/"},{"@type":"ListItem","position":2,"name":"Baye Cheikh, cinq ans d\u00e9j\u00e0\u00a0!"}]},{"@type":"Person","@id":"https:\/\/www.nettali.com\/#\/schema\/person\/7962a12a6e0267f88f0ffa544c36469a","name":"Moustapha","image":{"@type":"ImageObject","@id":"https:\/\/www.nettali.com\/#personlogo","inLanguage":"fr-FR","url":"https:\/\/secure.gravatar.com\/avatar\/10fdf6a071cccdcf374e3dbe45159590?s=96&d=mm&r=g","contentUrl":"https:\/\/secure.gravatar.com\/avatar\/10fdf6a071cccdcf374e3dbe45159590?s=96&d=mm&r=g","caption":"Moustapha"},"sameAs":["https:\/\/www.nettali.com"]}]}},"_links":{"self":[{"href":"https:\/\/www.nettali.com\/rest\/wp\/v2\/posts\/54745"}],"collection":[{"href":"https:\/\/www.nettali.com\/rest\/wp\/v2\/posts"}],"about":[{"href":"https:\/\/www.nettali.com\/rest\/wp\/v2\/types\/post"}],"author":[{"embeddable":true,"href":"https:\/\/www.nettali.com\/rest\/wp\/v2\/users\/3"}],"replies":[{"embeddable":true,"href":"https:\/\/www.nettali.com\/rest\/wp\/v2\/comments?post=54745"}],"version-history":[{"count":1,"href":"https:\/\/www.nettali.com\/rest\/wp\/v2\/posts\/54745\/revisions"}],"predecessor-version":[{"id":54746,"href":"https:\/\/www.nettali.com\/rest\/wp\/v2\/posts\/54745\/revisions\/54746"}],"wp:featuredmedia":[{"embeddable":true,"href":"https:\/\/www.nettali.com\/rest\/wp\/v2\/media\/54744"}],"wp:attachment":[{"href":"https:\/\/www.nettali.com\/rest\/wp\/v2\/media?parent=54745"}],"wp:term":[{"taxonomy":"category","embeddable":true,"href":"https:\/\/www.nettali.com\/rest\/wp\/v2\/categories?post=54745"},{"taxonomy":"post_tag","embeddable":true,"href":"https:\/\/www.nettali.com\/rest\/wp\/v2\/tags?post=54745"}],"curies":[{"name":"wp","href":"https:\/\/api.w.org\/{rel}","templated":true}]}}