{"id":54727,"date":"2021-01-04T20:12:04","date_gmt":"2021-01-04T20:12:04","guid":{"rendered":"https:\/\/www.nettali.com\/?p=54727"},"modified":"2021-01-05T09:14:27","modified_gmt":"2021-01-05T09:14:27","slug":"larabie-leve-son-embargo-sur-le-qatar-dit-le-koweit","status":"publish","type":"post","link":"https:\/\/www.nettali.com\/2021\/01\/04\/larabie-leve-son-embargo-sur-le-qatar-dit-le-koweit\/","title":{"rendered":"L'Arabie l\u00e8ve son embargo sur le Qatar, dit le Kowe\u00eft"},"content":{"rendered":"<p>NETTALI.COM - L'Arabie saoudite va rouvrir d\u00e8s ce lundi ses fronti\u00e8res terrestres, maritimes et a\u00e9riennes avec le Qatar, a d\u00e9clar\u00e9 le ministre des Affaires \u00e9trang\u00e8res du Kowe\u00eft, dans le cadre d'un accord destin\u00e9 \u00e0 mettre fin \u00e0 un conflit diplomatique de plus de trois ans.<\/p>\n<p>L'Arabie et plusieurs autres pays arabes, dont le Kowe\u00eft, ont impos\u00e9 en 2017 un embargo commercial et diplomatique au Qatar en accusant cet \u00e9mirat de soutenir le \"terrorisme\", ce que ce dernier d\u00e9ment.<\/p>\n<p>&nbsp;<\/p>\n<div class='share-to-whatsapp-wrapper'><div class='share-on-whsp'>PARTAGER SUR : <\/div><a data-text='L'Arabie l\u00e8ve son embargo sur le Qatar, dit le Kowe\u00eft' data-link='https:\/\/www.nettali.com\/2021\/01\/04\/larabie-leve-son-embargo-sur-le-qatar-dit-le-koweit\/' class='whatsapp-button whatsapp-share'>WhatsApp<\/a><div class='clear '><\/div><\/div>","protected":false},"excerpt":{"rendered":"<p>NETTALI.COM - L'Arabie saoudite va rouvrir d\u00e8s ce lundi ses fronti\u00e8res terrestres, maritimes et a\u00e9riennes avec le Qatar, a d\u00e9clar\u00e9 le ministre des Affaires \u00e9trang\u00e8res du Kowe\u00eft, dans le cadre d'un accord destin\u00e9 \u00e0 mettre fin \u00e0 un conflit diplomatique de plus de trois ans. L'Arabie et plusieurs autres pays arabes, dont le Kowe\u00eft, ont [&hellip;]<\/p>\n","protected":false},"author":11,"featured_media":54728,"comment_status":"open","ping_status":"open","sticky":false,"template":"","format":"standard","meta":{"_et_pb_use_builder":"","_et_pb_old_content":""},"categories":[8],"tags":[],"yoast_head":"<!-- This site is optimized with the Yoast SEO Premium plugin v17.8 (Yoast SEO v17.8) - https:\/\/yoast.com\/wordpress\/plugins\/seo\/ -->\n<title>L&#039;Arabie l\u00e8ve son embargo sur le Qatar, dit le Kowe\u00eft | Nettali.com<\/title>\n<meta name=\"robots\" content=\"index, follow, max-snippet:-1, max-image-preview:large, max-video-preview:-1\" \/>\n<link rel=\"canonical\" href=\"https:\/\/www.nettali.com\/2021\/01\/04\/larabie-leve-son-embargo-sur-le-qatar-dit-le-koweit\/\" \/>\n<meta property=\"og:locale\" content=\"fr_FR\" \/>\n<meta property=\"og:type\" content=\"article\" \/>\n<meta property=\"og:title\" content=\"L&#039;Arabie l\u00e8ve son embargo sur le Qatar, dit le Kowe\u00eft\" \/>\n<meta property=\"og:description\" content=\"NETTALI.COM - L&#039;Arabie saoudite va rouvrir d\u00e8s ce lundi ses fronti\u00e8res terrestres, maritimes et a\u00e9riennes avec le Qatar, a d\u00e9clar\u00e9 le ministre des Affaires \u00e9trang\u00e8res du Kowe\u00eft, dans le cadre d&#039;un accord destin\u00e9 \u00e0 mettre fin \u00e0 un conflit diplomatique de plus de trois ans. L&#039;Arabie et plusieurs autres pays arabes, dont le Kowe\u00eft, ont [&hellip;]\" \/>\n<meta property=\"og:url\" content=\"https:\/\/www.nettali.com\/2021\/01\/04\/larabie-leve-son-embargo-sur-le-qatar-dit-le-koweit\/\" \/>\n<meta property=\"og:site_name\" content=\"Nettali.com\" \/>\n<meta property=\"article:publisher\" content=\"https:\/\/www.facebook.com\/nettalicom\" \/>\n<meta property=\"article:published_time\" content=\"2021-01-04T20:12:04+00:00\" \/>\n<meta property=\"article:modified_time\" content=\"2021-01-05T09:14:27+00:00\" \/>\n<meta property=\"og:image\" content=\"https:\/\/www.nettali.com\/wp-content\/uploads\/2021\/01\/arabie-saoudite.jpg\" \/>\n\t<meta property=\"og:image:width\" content=\"1000\" \/>\n\t<meta property=\"og:image:height\" content=\"750\" \/>\n<meta name=\"twitter:card\" content=\"summary_large_image\" \/>\n<meta name=\"twitter:label1\" content=\"\u00c9crit par\" \/>\n\t<meta name=\"twitter:data1\" content=\"Thierno Diop\" \/>\n<script type=\"application\/ld+json\" class=\"yoast-schema-graph\">{\"@context\":\"https:\/\/schema.org\",\"@graph\":[{\"@type\":\"WebSite\",\"@id\":\"https:\/\/www.nettali.com\/#website\",\"url\":\"https:\/\/www.nettali.com\/\",\"name\":\"Nettali.com\",\"description\":\"Le rendez-vous critique du Net\",\"potentialAction\":[{\"@type\":\"SearchAction\",\"target\":{\"@type\":\"EntryPoint\",\"urlTemplate\":\"https:\/\/www.nettali.com\/?s={search_term_string}\"},\"query-input\":\"required name=search_term_string\"}],\"inLanguage\":\"fr-FR\"},{\"@type\":\"ImageObject\",\"@id\":\"https:\/\/www.nettali.com\/2021\/01\/04\/larabie-leve-son-embargo-sur-le-qatar-dit-le-koweit\/#primaryimage\",\"inLanguage\":\"fr-FR\",\"url\":\"https:\/\/www.nettali.com\/wp-content\/uploads\/2021\/01\/arabie-saoudite.jpg\",\"contentUrl\":\"https:\/\/www.nettali.com\/wp-content\/uploads\/2021\/01\/arabie-saoudite.jpg\",\"width\":1000,\"height\":750},{\"@type\":\"WebPage\",\"@id\":\"https:\/\/www.nettali.com\/2021\/01\/04\/larabie-leve-son-embargo-sur-le-qatar-dit-le-koweit\/#webpage\",\"url\":\"https:\/\/www.nettali.com\/2021\/01\/04\/larabie-leve-son-embargo-sur-le-qatar-dit-le-koweit\/\",\"name\":\"L'Arabie l\\u00e8ve son embargo sur le Qatar, dit le Kowe\\u00eft | Nettali.com\",\"isPartOf\":{\"@id\":\"https:\/\/www.nettali.com\/#website\"},\"primaryImageOfPage\":{\"@id\":\"https:\/\/www.nettali.com\/2021\/01\/04\/larabie-leve-son-embargo-sur-le-qatar-dit-le-koweit\/#primaryimage\"},\"datePublished\":\"2021-01-04T20:12:04+00:00\",\"dateModified\":\"2021-01-05T09:14:27+00:00\",\"author\":{\"@id\":\"https:\/\/www.nettali.com\/#\/schema\/person\/8a06c6bd7b19304cf4bf985862900b5b\"},\"breadcrumb\":{\"@id\":\"https:\/\/www.nettali.com\/2021\/01\/04\/larabie-leve-son-embargo-sur-le-qatar-dit-le-koweit\/#breadcrumb\"},\"inLanguage\":\"fr-FR\",\"potentialAction\":[{\"@type\":\"ReadAction\",\"target\":[\"https:\/\/www.nettali.com\/2021\/01\/04\/larabie-leve-son-embargo-sur-le-qatar-dit-le-koweit\/\"]}]},{\"@type\":\"BreadcrumbList\",\"@id\":\"https:\/\/www.nettali.com\/2021\/01\/04\/larabie-leve-son-embargo-sur-le-qatar-dit-le-koweit\/#breadcrumb\",\"itemListElement\":[{\"@type\":\"ListItem\",\"position\":1,\"name\":\"Accueil\",\"item\":\"https:\/\/www.nettali.com\/\"},{\"@type\":\"ListItem\",\"position\":2,\"name\":\"L&rsquo;Arabie l\\u00e8ve son embargo sur le Qatar, dit le Kowe\\u00eft\"}]},{\"@type\":\"Person\",\"@id\":\"https:\/\/www.nettali.com\/#\/schema\/person\/8a06c6bd7b19304cf4bf985862900b5b\",\"name\":\"Thierno Diop\",\"image\":{\"@type\":\"ImageObject\",\"@id\":\"https:\/\/www.nettali.com\/#personlogo\",\"inLanguage\":\"fr-FR\",\"url\":\"https:\/\/secure.gravatar.com\/avatar\/c8ca58550c94fd2ac856d27391a6c866?s=96&d=mm&r=g\",\"contentUrl\":\"https:\/\/secure.gravatar.com\/avatar\/c8ca58550c94fd2ac856d27391a6c866?s=96&d=mm&r=g\",\"caption\":\"Thierno Diop\"},\"sameAs\":[\"https:\/\/nettali.com\"]}]}<\/script>\n<!-- \/ Yoast SEO Premium plugin. -->","yoast_head_json":{"title":"L'Arabie l\u00e8ve son embargo sur le Qatar, dit le Kowe\u00eft | Nettali.com","robots":{"index":"index","follow":"follow","max-snippet":"max-snippet:-1","max-image-preview":"max-image-preview:large","max-video-preview":"max-video-preview:-1"},"canonical":"https:\/\/www.nettali.com\/2021\/01\/04\/larabie-leve-son-embargo-sur-le-qatar-dit-le-koweit\/","og_locale":"fr_FR","og_type":"article","og_title":"L'Arabie l\u00e8ve son embargo sur le Qatar, dit le Kowe\u00eft","og_description":"NETTALI.COM - L'Arabie saoudite va rouvrir d\u00e8s ce lundi ses fronti\u00e8res terrestres, maritimes et a\u00e9riennes avec le Qatar, a d\u00e9clar\u00e9 le ministre des Affaires \u00e9trang\u00e8res du Kowe\u00eft, dans le cadre d'un accord destin\u00e9 \u00e0 mettre fin \u00e0 un conflit diplomatique de plus de trois ans. L'Arabie et plusieurs autres pays arabes, dont le Kowe\u00eft, ont [&hellip;]","og_url":"https:\/\/www.nettali.com\/2021\/01\/04\/larabie-leve-son-embargo-sur-le-qatar-dit-le-koweit\/","og_site_name":"Nettali.com","article_publisher":"https:\/\/www.facebook.com\/nettalicom","article_published_time":"2021-01-04T20:12:04+00:00","article_modified_time":"2021-01-05T09:14:27+00:00","og_image":[{"width":1000,"height":750,"url":"https:\/\/www.nettali.com\/wp-content\/uploads\/2021\/01\/arabie-saoudite.jpg","type":"image\/jpeg"}],"twitter_card":"summary_large_image","twitter_misc":{"\u00c9crit par":"Thierno Diop"},"schema":{"@context":"https:\/\/schema.org","@graph":[{"@type":"WebSite","@id":"https:\/\/www.nettali.com\/#website","url":"https:\/\/www.nettali.com\/","name":"Nettali.com","description":"Le rendez-vous critique du Net","potentialAction":[{"@type":"SearchAction","target":{"@type":"EntryPoint","urlTemplate":"https:\/\/www.nettali.com\/?s={search_term_string}"},"query-input":"required name=search_term_string"}],"inLanguage":"fr-FR"},{"@type":"ImageObject","@id":"https:\/\/www.nettali.com\/2021\/01\/04\/larabie-leve-son-embargo-sur-le-qatar-dit-le-koweit\/#primaryimage","inLanguage":"fr-FR","url":"https:\/\/www.nettali.com\/wp-content\/uploads\/2021\/01\/arabie-saoudite.jpg","contentUrl":"https:\/\/www.nettali.com\/wp-content\/uploads\/2021\/01\/arabie-saoudite.jpg","width":1000,"height":750},{"@type":"WebPage","@id":"https:\/\/www.nettali.com\/2021\/01\/04\/larabie-leve-son-embargo-sur-le-qatar-dit-le-koweit\/#webpage","url":"https:\/\/www.nettali.com\/2021\/01\/04\/larabie-leve-son-embargo-sur-le-qatar-dit-le-koweit\/","name":"L'Arabie l\u00e8ve son embargo sur le Qatar, dit le Kowe\u00eft | Nettali.com","isPartOf":{"@id":"https:\/\/www.nettali.com\/#website"},"primaryImageOfPage":{"@id":"https:\/\/www.nettali.com\/2021\/01\/04\/larabie-leve-son-embargo-sur-le-qatar-dit-le-koweit\/#primaryimage"},"datePublished":"2021-01-04T20:12:04+00:00","dateModified":"2021-01-05T09:14:27+00:00","author":{"@id":"https:\/\/www.nettali.com\/#\/schema\/person\/8a06c6bd7b19304cf4bf985862900b5b"},"breadcrumb":{"@id":"https:\/\/www.nettali.com\/2021\/01\/04\/larabie-leve-son-embargo-sur-le-qatar-dit-le-koweit\/#breadcrumb"},"inLanguage":"fr-FR","potentialAction":[{"@type":"ReadAction","target":["https:\/\/www.nettali.com\/2021\/01\/04\/larabie-leve-son-embargo-sur-le-qatar-dit-le-koweit\/"]}]},{"@type":"BreadcrumbList","@id":"https:\/\/www.nettali.com\/2021\/01\/04\/larabie-leve-son-embargo-sur-le-qatar-dit-le-koweit\/#breadcrumb","itemListElement":[{"@type":"ListItem","position":1,"name":"Accueil","item":"https:\/\/www.nettali.com\/"},{"@type":"ListItem","position":2,"name":"L&rsquo;Arabie l\u00e8ve son embargo sur le Qatar, dit le Kowe\u00eft"}]},{"@type":"Person","@id":"https:\/\/www.nettali.com\/#\/schema\/person\/8a06c6bd7b19304cf4bf985862900b5b","name":"Thierno Diop","image":{"@type":"ImageObject","@id":"https:\/\/www.nettali.com\/#personlogo","inLanguage":"fr-FR","url":"https:\/\/secure.gravatar.com\/avatar\/c8ca58550c94fd2ac856d27391a6c866?s=96&d=mm&r=g","contentUrl":"https:\/\/secure.gravatar.com\/avatar\/c8ca58550c94fd2ac856d27391a6c866?s=96&d=mm&r=g","caption":"Thierno Diop"},"sameAs":["https:\/\/nettali.com"]}]}},"_links":{"self":[{"href":"https:\/\/www.nettali.com\/rest\/wp\/v2\/posts\/54727"}],"collection":[{"href":"https:\/\/www.nettali.com\/rest\/wp\/v2\/posts"}],"about":[{"href":"https:\/\/www.nettali.com\/rest\/wp\/v2\/types\/post"}],"author":[{"embeddable":true,"href":"https:\/\/www.nettali.com\/rest\/wp\/v2\/users\/11"}],"replies":[{"embeddable":true,"href":"https:\/\/www.nettali.com\/rest\/wp\/v2\/comments?post=54727"}],"version-history":[{"count":1,"href":"https:\/\/www.nettali.com\/rest\/wp\/v2\/posts\/54727\/revisions"}],"predecessor-version":[{"id":54729,"href":"https:\/\/www.nettali.com\/rest\/wp\/v2\/posts\/54727\/revisions\/54729"}],"wp:featuredmedia":[{"embeddable":true,"href":"https:\/\/www.nettali.com\/rest\/wp\/v2\/media\/54728"}],"wp:attachment":[{"href":"https:\/\/www.nettali.com\/rest\/wp\/v2\/media?parent=54727"}],"wp:term":[{"taxonomy":"category","embeddable":true,"href":"https:\/\/www.nettali.com\/rest\/wp\/v2\/categories?post=54727"},{"taxonomy":"post_tag","embeddable":true,"href":"https:\/\/www.nettali.com\/rest\/wp\/v2\/tags?post=54727"}],"curies":[{"name":"wp","href":"https:\/\/api.w.org\/{rel}","templated":true}]}}