{"id":54562,"date":"2021-01-02T15:01:31","date_gmt":"2021-01-02T15:01:31","guid":{"rendered":"https:\/\/www.nettali.com\/?p=54562"},"modified":"2021-01-02T15:01:31","modified_gmt":"2021-01-02T15:01:31","slug":"barcelone-coutinho-out-3-mois","status":"publish","type":"post","link":"https:\/\/www.nettali.com\/2021\/01\/02\/barcelone-coutinho-out-3-mois\/","title":{"rendered":"BARCELONE - Coutinho out 3 mois"},"content":{"rendered":"<p><strong>NETTALI.COM - Enorme tuile pour Philippe Coutinho. Op\u00e9r\u00e9 du genou ce samedi suite \u00e0 sa blessure contract\u00e9e contre Eibar (1-1), l'attaquant br\u00e9silien sera indisponible pour au moins trois mois.<\/strong><\/p>\n<p>Bless\u00e9 au m\u00e9nisque externe du genou gauche lors de la derni\u00e8re journ\u00e9e de Liga, le milieu offensif du FC Barcelone est comme pr\u00e9vu pass\u00e9 sur le billard ce samedi.<\/p>\n<p>Selon un communiqu\u00e9 du club, l'op\u00e9ration s'est d\u00e9roul\u00e9e sans probl\u00e8me.<br \/>\nCependant, le Br\u00e9silien de 28 ans sera tout de m\u00eame indisponible pendant environ 3 mois, ajoute la m\u00eame source.<\/p>\n<p>Un \u00e9norme coup dur pour le Bar\u00e7a qui sera notamment priv\u00e9 de l'Auriverde pour les 8es de finale de la Ligue des Champions face au Paris Saint-Germain les 16 f\u00e9vrier et 10 mars prochains.<\/p>\n<div class='share-to-whatsapp-wrapper'><div class='share-on-whsp'>PARTAGER SUR : <\/div><a data-text='BARCELONE - Coutinho out 3 mois' data-link='https:\/\/www.nettali.com\/2021\/01\/02\/barcelone-coutinho-out-3-mois\/' class='whatsapp-button whatsapp-share'>WhatsApp<\/a><div class='clear '><\/div><\/div>","protected":false},"excerpt":{"rendered":"<p>NETTALI.COM - Enorme tuile pour Philippe Coutinho. Op\u00e9r\u00e9 du genou ce samedi suite \u00e0 sa blessure contract\u00e9e contre Eibar (1-1), l'attaquant br\u00e9silien sera indisponible pour au moins trois mois. Bless\u00e9 au m\u00e9nisque externe du genou gauche lors de la derni\u00e8re journ\u00e9e de Liga, le milieu offensif du FC Barcelone est comme pr\u00e9vu pass\u00e9 sur le [&hellip;]<\/p>\n","protected":false},"author":5,"featured_media":54563,"comment_status":"open","ping_status":"open","sticky":false,"template":"","format":"standard","meta":{"_et_pb_use_builder":"","_et_pb_old_content":""},"categories":[6],"tags":[],"yoast_head":"<!-- This site is optimized with the Yoast SEO Premium plugin v17.8 (Yoast SEO v17.8) - https:\/\/yoast.com\/wordpress\/plugins\/seo\/ -->\n<title>BARCELONE - Coutinho out 3 mois | Nettali.com<\/title>\n<meta name=\"robots\" content=\"index, follow, max-snippet:-1, max-image-preview:large, max-video-preview:-1\" \/>\n<link rel=\"canonical\" href=\"https:\/\/www.nettali.com\/2021\/01\/02\/barcelone-coutinho-out-3-mois\/\" \/>\n<meta property=\"og:locale\" content=\"fr_FR\" \/>\n<meta property=\"og:type\" content=\"article\" \/>\n<meta property=\"og:title\" content=\"BARCELONE - Coutinho out 3 mois\" \/>\n<meta property=\"og:description\" content=\"NETTALI.COM - Enorme tuile pour Philippe Coutinho. Op\u00e9r\u00e9 du genou ce samedi suite \u00e0 sa blessure contract\u00e9e contre Eibar (1-1), l&#039;attaquant br\u00e9silien sera indisponible pour au moins trois mois. Bless\u00e9 au m\u00e9nisque externe du genou gauche lors de la derni\u00e8re journ\u00e9e de Liga, le milieu offensif du FC Barcelone est comme pr\u00e9vu pass\u00e9 sur le [&hellip;]\" \/>\n<meta property=\"og:url\" content=\"https:\/\/www.nettali.com\/2021\/01\/02\/barcelone-coutinho-out-3-mois\/\" \/>\n<meta property=\"og:site_name\" content=\"Nettali.com\" \/>\n<meta property=\"article:publisher\" content=\"https:\/\/www.facebook.com\/nettalicom\" \/>\n<meta property=\"article:published_time\" content=\"2021-01-02T15:01:31+00:00\" \/>\n<meta property=\"og:image\" content=\"https:\/\/www.nettali.com\/wp-content\/uploads\/2021\/01\/1273519086.jpg.0-1.jpg\" \/>\n\t<meta property=\"og:image:width\" content=\"1400\" \/>\n\t<meta property=\"og:image:height\" content=\"875\" \/>\n<meta name=\"twitter:card\" content=\"summary_large_image\" \/>\n<meta name=\"twitter:label1\" content=\"\u00c9crit par\" \/>\n\t<meta name=\"twitter:data1\" content=\"Ibrahima\" \/>\n\t<meta name=\"twitter:label2\" content=\"Dur\u00e9e de lecture estim\u00e9e\" \/>\n\t<meta name=\"twitter:data2\" content=\"1 minute\" \/>\n<script type=\"application\/ld+json\" class=\"yoast-schema-graph\">{\"@context\":\"https:\/\/schema.org\",\"@graph\":[{\"@type\":\"WebSite\",\"@id\":\"https:\/\/www.nettali.com\/#website\",\"url\":\"https:\/\/www.nettali.com\/\",\"name\":\"Nettali.com\",\"description\":\"Le rendez-vous critique du Net\",\"potentialAction\":[{\"@type\":\"SearchAction\",\"target\":{\"@type\":\"EntryPoint\",\"urlTemplate\":\"https:\/\/www.nettali.com\/?s={search_term_string}\"},\"query-input\":\"required name=search_term_string\"}],\"inLanguage\":\"fr-FR\"},{\"@type\":\"ImageObject\",\"@id\":\"https:\/\/www.nettali.com\/2021\/01\/02\/barcelone-coutinho-out-3-mois\/#primaryimage\",\"inLanguage\":\"fr-FR\",\"url\":\"https:\/\/www.nettali.com\/wp-content\/uploads\/2021\/01\/1273519086.jpg.0-1.jpg\",\"contentUrl\":\"https:\/\/www.nettali.com\/wp-content\/uploads\/2021\/01\/1273519086.jpg.0-1.jpg\",\"width\":1400,\"height\":875},{\"@type\":\"WebPage\",\"@id\":\"https:\/\/www.nettali.com\/2021\/01\/02\/barcelone-coutinho-out-3-mois\/#webpage\",\"url\":\"https:\/\/www.nettali.com\/2021\/01\/02\/barcelone-coutinho-out-3-mois\/\",\"name\":\"BARCELONE - Coutinho out 3 mois | Nettali.com\",\"isPartOf\":{\"@id\":\"https:\/\/www.nettali.com\/#website\"},\"primaryImageOfPage\":{\"@id\":\"https:\/\/www.nettali.com\/2021\/01\/02\/barcelone-coutinho-out-3-mois\/#primaryimage\"},\"datePublished\":\"2021-01-02T15:01:31+00:00\",\"dateModified\":\"2021-01-02T15:01:31+00:00\",\"author\":{\"@id\":\"https:\/\/www.nettali.com\/#\/schema\/person\/bb147657c2986240405a608162b9bb23\"},\"breadcrumb\":{\"@id\":\"https:\/\/www.nettali.com\/2021\/01\/02\/barcelone-coutinho-out-3-mois\/#breadcrumb\"},\"inLanguage\":\"fr-FR\",\"potentialAction\":[{\"@type\":\"ReadAction\",\"target\":[\"https:\/\/www.nettali.com\/2021\/01\/02\/barcelone-coutinho-out-3-mois\/\"]}]},{\"@type\":\"BreadcrumbList\",\"@id\":\"https:\/\/www.nettali.com\/2021\/01\/02\/barcelone-coutinho-out-3-mois\/#breadcrumb\",\"itemListElement\":[{\"@type\":\"ListItem\",\"position\":1,\"name\":\"Accueil\",\"item\":\"https:\/\/www.nettali.com\/\"},{\"@type\":\"ListItem\",\"position\":2,\"name\":\"BARCELONE &#8211; Coutinho out 3 mois\"}]},{\"@type\":\"Person\",\"@id\":\"https:\/\/www.nettali.com\/#\/schema\/person\/bb147657c2986240405a608162b9bb23\",\"name\":\"Ibrahima\",\"image\":{\"@type\":\"ImageObject\",\"@id\":\"https:\/\/www.nettali.com\/#personlogo\",\"inLanguage\":\"fr-FR\",\"url\":\"https:\/\/secure.gravatar.com\/avatar\/26a8a81f09f0dd7624c9d5c36c9ba3a2?s=96&d=mm&r=g\",\"contentUrl\":\"https:\/\/secure.gravatar.com\/avatar\/26a8a81f09f0dd7624c9d5c36c9ba3a2?s=96&d=mm&r=g\",\"caption\":\"Ibrahima\"},\"sameAs\":[\"https:\/\/www.nettali.com\"]}]}<\/script>\n<!-- \/ Yoast SEO Premium plugin. -->","yoast_head_json":{"title":"BARCELONE - Coutinho out 3 mois | Nettali.com","robots":{"index":"index","follow":"follow","max-snippet":"max-snippet:-1","max-image-preview":"max-image-preview:large","max-video-preview":"max-video-preview:-1"},"canonical":"https:\/\/www.nettali.com\/2021\/01\/02\/barcelone-coutinho-out-3-mois\/","og_locale":"fr_FR","og_type":"article","og_title":"BARCELONE - Coutinho out 3 mois","og_description":"NETTALI.COM - Enorme tuile pour Philippe Coutinho. Op\u00e9r\u00e9 du genou ce samedi suite \u00e0 sa blessure contract\u00e9e contre Eibar (1-1), l'attaquant br\u00e9silien sera indisponible pour au moins trois mois. Bless\u00e9 au m\u00e9nisque externe du genou gauche lors de la derni\u00e8re journ\u00e9e de Liga, le milieu offensif du FC Barcelone est comme pr\u00e9vu pass\u00e9 sur le [&hellip;]","og_url":"https:\/\/www.nettali.com\/2021\/01\/02\/barcelone-coutinho-out-3-mois\/","og_site_name":"Nettali.com","article_publisher":"https:\/\/www.facebook.com\/nettalicom","article_published_time":"2021-01-02T15:01:31+00:00","og_image":[{"width":1400,"height":875,"url":"https:\/\/www.nettali.com\/wp-content\/uploads\/2021\/01\/1273519086.jpg.0-1.jpg","type":"image\/jpeg"}],"twitter_card":"summary_large_image","twitter_misc":{"\u00c9crit par":"Ibrahima","Dur\u00e9e de lecture estim\u00e9e":"1 minute"},"schema":{"@context":"https:\/\/schema.org","@graph":[{"@type":"WebSite","@id":"https:\/\/www.nettali.com\/#website","url":"https:\/\/www.nettali.com\/","name":"Nettali.com","description":"Le rendez-vous critique du Net","potentialAction":[{"@type":"SearchAction","target":{"@type":"EntryPoint","urlTemplate":"https:\/\/www.nettali.com\/?s={search_term_string}"},"query-input":"required name=search_term_string"}],"inLanguage":"fr-FR"},{"@type":"ImageObject","@id":"https:\/\/www.nettali.com\/2021\/01\/02\/barcelone-coutinho-out-3-mois\/#primaryimage","inLanguage":"fr-FR","url":"https:\/\/www.nettali.com\/wp-content\/uploads\/2021\/01\/1273519086.jpg.0-1.jpg","contentUrl":"https:\/\/www.nettali.com\/wp-content\/uploads\/2021\/01\/1273519086.jpg.0-1.jpg","width":1400,"height":875},{"@type":"WebPage","@id":"https:\/\/www.nettali.com\/2021\/01\/02\/barcelone-coutinho-out-3-mois\/#webpage","url":"https:\/\/www.nettali.com\/2021\/01\/02\/barcelone-coutinho-out-3-mois\/","name":"BARCELONE - Coutinho out 3 mois | Nettali.com","isPartOf":{"@id":"https:\/\/www.nettali.com\/#website"},"primaryImageOfPage":{"@id":"https:\/\/www.nettali.com\/2021\/01\/02\/barcelone-coutinho-out-3-mois\/#primaryimage"},"datePublished":"2021-01-02T15:01:31+00:00","dateModified":"2021-01-02T15:01:31+00:00","author":{"@id":"https:\/\/www.nettali.com\/#\/schema\/person\/bb147657c2986240405a608162b9bb23"},"breadcrumb":{"@id":"https:\/\/www.nettali.com\/2021\/01\/02\/barcelone-coutinho-out-3-mois\/#breadcrumb"},"inLanguage":"fr-FR","potentialAction":[{"@type":"ReadAction","target":["https:\/\/www.nettali.com\/2021\/01\/02\/barcelone-coutinho-out-3-mois\/"]}]},{"@type":"BreadcrumbList","@id":"https:\/\/www.nettali.com\/2021\/01\/02\/barcelone-coutinho-out-3-mois\/#breadcrumb","itemListElement":[{"@type":"ListItem","position":1,"name":"Accueil","item":"https:\/\/www.nettali.com\/"},{"@type":"ListItem","position":2,"name":"BARCELONE &#8211; Coutinho out 3 mois"}]},{"@type":"Person","@id":"https:\/\/www.nettali.com\/#\/schema\/person\/bb147657c2986240405a608162b9bb23","name":"Ibrahima","image":{"@type":"ImageObject","@id":"https:\/\/www.nettali.com\/#personlogo","inLanguage":"fr-FR","url":"https:\/\/secure.gravatar.com\/avatar\/26a8a81f09f0dd7624c9d5c36c9ba3a2?s=96&d=mm&r=g","contentUrl":"https:\/\/secure.gravatar.com\/avatar\/26a8a81f09f0dd7624c9d5c36c9ba3a2?s=96&d=mm&r=g","caption":"Ibrahima"},"sameAs":["https:\/\/www.nettali.com"]}]}},"_links":{"self":[{"href":"https:\/\/www.nettali.com\/rest\/wp\/v2\/posts\/54562"}],"collection":[{"href":"https:\/\/www.nettali.com\/rest\/wp\/v2\/posts"}],"about":[{"href":"https:\/\/www.nettali.com\/rest\/wp\/v2\/types\/post"}],"author":[{"embeddable":true,"href":"https:\/\/www.nettali.com\/rest\/wp\/v2\/users\/5"}],"replies":[{"embeddable":true,"href":"https:\/\/www.nettali.com\/rest\/wp\/v2\/comments?post=54562"}],"version-history":[{"count":1,"href":"https:\/\/www.nettali.com\/rest\/wp\/v2\/posts\/54562\/revisions"}],"predecessor-version":[{"id":54564,"href":"https:\/\/www.nettali.com\/rest\/wp\/v2\/posts\/54562\/revisions\/54564"}],"wp:featuredmedia":[{"embeddable":true,"href":"https:\/\/www.nettali.com\/rest\/wp\/v2\/media\/54563"}],"wp:attachment":[{"href":"https:\/\/www.nettali.com\/rest\/wp\/v2\/media?parent=54562"}],"wp:term":[{"taxonomy":"category","embeddable":true,"href":"https:\/\/www.nettali.com\/rest\/wp\/v2\/categories?post=54562"},{"taxonomy":"post_tag","embeddable":true,"href":"https:\/\/www.nettali.com\/rest\/wp\/v2\/tags?post=54562"}],"curies":[{"name":"wp","href":"https:\/\/api.w.org\/{rel}","templated":true}]}}