{"id":173081,"date":"2026-05-02T07:56:46","date_gmt":"2026-05-02T07:56:46","guid":{"rendered":"https:\/\/www.nettali.com\/?p=173081"},"modified":"2026-05-02T07:56:46","modified_gmt":"2026-05-02T07:56:46","slug":"mody-guiro-nous-ne-pouvons-plus-nous-engager-dans-des-pactes","status":"publish","type":"post","link":"https:\/\/www.nettali.com\/2026\/05\/02\/mody-guiro-nous-ne-pouvons-plus-nous-engager-dans-des-pactes\/","title":{"rendered":"Mody Guiro : \"Nous ne pouvons plus nous engager dans des pactes... \""},"content":{"rendered":"<p><strong>NETTALI.COM - Lors de la remise du cahier des dol\u00e9ances, en marge de la f\u00eate du travail, Mody Guiro, le Secr\u00e9taire g\u00e9n\u00e9ral de la Conf\u00e9d\u00e9ration nationale des travailleurs du S\u00e9n\u00e9gal (CNTS), a dress\u00e9 une situation sociale qu\u2019il juge pr\u00e9occupante. Aussi, a t-il tenu \u00e0 faire quelques pr\u00e9cisions.\u00a0<\/strong><\/p>\n<p>Le SG de la CNTS a ainsi rappel\u00e9 le contexte. Un an plus t\u00f4t, a-t-il soulign\u00e9, le 1er mai 2025, les centrales syndicales s\u2019\u00e9taient engag\u00e9es dans le Pacte de stabilit\u00e9 sociale pour une croissance inclusive et durable, \u00ab <em>malgr\u00e9 la r\u00e9ticence de certaines de nos bases<\/em> \u00bb. Un an apr\u00e8s, le bilan est amer, d'apr\u00e8s sa lecture. La situation sociale actuelle, a-t-il d\u00e9plor\u00e9, \u00ab <em>n\u2019est pas celle que nous avions souhait\u00e9e<\/em> \u00bb. Si la volont\u00e9 de dialogue reste intacte du c\u00f4t\u00e9 des travailleurs, a-t-il ajout\u00e9, l\u2019\u00c9tat n\u2019a pas tenu le m\u00eame cap.<\/p>\n<p>Mody Guiro a aussi \u00e9voqu\u00e9 les lenteurs dans la convocation des rencontres avec les repr\u00e9sentants des travailleurs, qu\u2019il consid\u00e8re comme la principale cause des tensions actuelles. Plusieurs secteurs en p\u00e2tissent : l\u2019\u00e9ducation, qui a fr\u00f4l\u00e9 la catastrophe avant un apaisement fragile, et la sant\u00e9, qui se radicalise. La F\u00e9d\u00e9ration des syndicats autonomes de la Fonction publique, quant \u00e0 elle, brandit la menace d\u2019une gr\u00e8ve g\u00e9n\u00e9rale si sa plateforme minimale reste sans r\u00e9ponse.<\/p>\n<p>Face \u00e0 cette situation, le SG de la CNTS a pr\u00e9venu que la centrale ne peut \u00ab <em>plus continuer \u00e0 s\u2019engager dans des pactes dont les r\u00e8gles du jeu ne sont pas respect\u00e9es<\/em> \u00bb, au risque d\u2019entamer sa cr\u00e9dibilit\u00e9 aupr\u00e8s des travailleurs.<\/p>\n<p>Tout en saluant l\u2019ouverture des ministres de l\u2019\u00c9ducation nationale, de la Fonction publique et du Budget, qui a permis de sauver l\u2019ann\u00e9e scolaire, il a appel\u00e9 le Pr\u00e9sident de la R\u00e9publique \u00e0 \u00ab<em> trouver les voies et moyens n\u00e9cessaires pour des consensus forts<\/em> \u00bb, soulignant que la gr\u00e8ve, bien que droit constitutionnel, \u00ab <em>n\u2019est utilis\u00e9e qu\u2019en dernier ressort, apr\u00e8s avoir \u00e9puis\u00e9 toutes les voies possibles<\/em> \u00bb.<\/p>\n<div class='share-to-whatsapp-wrapper'><div class='share-on-whsp'>PARTAGER SUR : <\/div><a data-text='Mody Guiro : \"Nous ne pouvons plus nous engager dans des pactes... \"' data-link='https:\/\/www.nettali.com\/2026\/05\/02\/mody-guiro-nous-ne-pouvons-plus-nous-engager-dans-des-pactes\/' class='whatsapp-button whatsapp-share'>WhatsApp<\/a><div class='clear '><\/div><\/div>","protected":false},"excerpt":{"rendered":"<p>NETTALI.COM - Lors de la remise du cahier des dol\u00e9ances, en marge de la f\u00eate du travail, Mody Guiro, le Secr\u00e9taire g\u00e9n\u00e9ral de la Conf\u00e9d\u00e9ration nationale des travailleurs du S\u00e9n\u00e9gal (CNTS), a dress\u00e9 une situation sociale qu\u2019il juge pr\u00e9occupante. Aussi, a t-il tenu \u00e0 faire quelques pr\u00e9cisions.\u00a0 Le SG de la CNTS a ainsi rappel\u00e9 [&hellip;]<\/p>\n","protected":false},"author":2,"featured_media":173084,"comment_status":"open","ping_status":"open","sticky":false,"template":"","format":"standard","meta":{"_et_pb_use_builder":"","_et_pb_old_content":""},"categories":[3],"tags":[],"yoast_head":"<!-- This site is optimized with the Yoast SEO Premium plugin v17.8 (Yoast SEO v17.8) - https:\/\/yoast.com\/wordpress\/plugins\/seo\/ -->\n<title>Mody Guiro : &quot;Nous ne pouvons plus nous engager dans des pactes... &quot; | Nettali.com<\/title>\n<meta name=\"robots\" content=\"index, follow, max-snippet:-1, max-image-preview:large, max-video-preview:-1\" \/>\n<link rel=\"canonical\" href=\"https:\/\/www.nettali.com\/2026\/05\/02\/mody-guiro-nous-ne-pouvons-plus-nous-engager-dans-des-pactes\/\" \/>\n<meta property=\"og:locale\" content=\"fr_FR\" \/>\n<meta property=\"og:type\" content=\"article\" \/>\n<meta property=\"og:title\" content=\"Mody Guiro : &quot;Nous ne pouvons plus nous engager dans des pactes... &quot;\" \/>\n<meta property=\"og:description\" content=\"NETTALI.COM - Lors de la remise du cahier des dol\u00e9ances, en marge de la f\u00eate du travail, Mody Guiro, le Secr\u00e9taire g\u00e9n\u00e9ral de la Conf\u00e9d\u00e9ration nationale des travailleurs du S\u00e9n\u00e9gal (CNTS), a dress\u00e9 une situation sociale qu\u2019il juge pr\u00e9occupante. Aussi, a t-il tenu \u00e0 faire quelques pr\u00e9cisions.\u00a0 Le SG de la CNTS a ainsi rappel\u00e9 [&hellip;]\" \/>\n<meta property=\"og:url\" content=\"https:\/\/www.nettali.com\/2026\/05\/02\/mody-guiro-nous-ne-pouvons-plus-nous-engager-dans-des-pactes\/\" \/>\n<meta property=\"og:site_name\" content=\"Nettali.com\" \/>\n<meta property=\"article:publisher\" content=\"https:\/\/www.facebook.com\/nettalicom\" \/>\n<meta property=\"article:published_time\" content=\"2026-05-02T07:56:46+00:00\" \/>\n<meta property=\"og:image\" content=\"https:\/\/www.nettali.com\/wp-content\/uploads\/2026\/05\/96353537-67200873.png\" \/>\n\t<meta property=\"og:image:width\" content=\"1179\" \/>\n\t<meta property=\"og:image:height\" content=\"669\" \/>\n<meta name=\"twitter:card\" content=\"summary_large_image\" \/>\n<meta name=\"twitter:label1\" content=\"\u00c9crit par\" \/>\n\t<meta name=\"twitter:data1\" content=\"CK\" \/>\n\t<meta name=\"twitter:label2\" content=\"Dur\u00e9e de lecture estim\u00e9e\" \/>\n\t<meta name=\"twitter:data2\" content=\"2 minutes\" \/>\n<script type=\"application\/ld+json\" class=\"yoast-schema-graph\">{\"@context\":\"https:\/\/schema.org\",\"@graph\":[{\"@type\":\"WebSite\",\"@id\":\"https:\/\/www.nettali.com\/#website\",\"url\":\"https:\/\/www.nettali.com\/\",\"name\":\"Nettali.com\",\"description\":\"Le rendez-vous critique du Net\",\"potentialAction\":[{\"@type\":\"SearchAction\",\"target\":{\"@type\":\"EntryPoint\",\"urlTemplate\":\"https:\/\/www.nettali.com\/?s={search_term_string}\"},\"query-input\":\"required name=search_term_string\"}],\"inLanguage\":\"fr-FR\"},{\"@type\":\"ImageObject\",\"@id\":\"https:\/\/www.nettali.com\/2026\/05\/02\/mody-guiro-nous-ne-pouvons-plus-nous-engager-dans-des-pactes\/#primaryimage\",\"inLanguage\":\"fr-FR\",\"url\":\"https:\/\/www.nettali.com\/wp-content\/uploads\/2026\/05\/96353537-67200873.png\",\"contentUrl\":\"https:\/\/www.nettali.com\/wp-content\/uploads\/2026\/05\/96353537-67200873.png\",\"width\":1179,\"height\":669},{\"@type\":\"WebPage\",\"@id\":\"https:\/\/www.nettali.com\/2026\/05\/02\/mody-guiro-nous-ne-pouvons-plus-nous-engager-dans-des-pactes\/#webpage\",\"url\":\"https:\/\/www.nettali.com\/2026\/05\/02\/mody-guiro-nous-ne-pouvons-plus-nous-engager-dans-des-pactes\/\",\"name\":\"Mody Guiro : \\\"Nous ne pouvons plus nous engager dans des pactes... \\\" | Nettali.com\",\"isPartOf\":{\"@id\":\"https:\/\/www.nettali.com\/#website\"},\"primaryImageOfPage\":{\"@id\":\"https:\/\/www.nettali.com\/2026\/05\/02\/mody-guiro-nous-ne-pouvons-plus-nous-engager-dans-des-pactes\/#primaryimage\"},\"datePublished\":\"2026-05-02T07:56:46+00:00\",\"dateModified\":\"2026-05-02T07:56:46+00:00\",\"author\":{\"@id\":\"https:\/\/www.nettali.com\/#\/schema\/person\/d8ac7b7e27ddad43f1c0d2ef090d7f71\"},\"breadcrumb\":{\"@id\":\"https:\/\/www.nettali.com\/2026\/05\/02\/mody-guiro-nous-ne-pouvons-plus-nous-engager-dans-des-pactes\/#breadcrumb\"},\"inLanguage\":\"fr-FR\",\"potentialAction\":[{\"@type\":\"ReadAction\",\"target\":[\"https:\/\/www.nettali.com\/2026\/05\/02\/mody-guiro-nous-ne-pouvons-plus-nous-engager-dans-des-pactes\/\"]}]},{\"@type\":\"BreadcrumbList\",\"@id\":\"https:\/\/www.nettali.com\/2026\/05\/02\/mody-guiro-nous-ne-pouvons-plus-nous-engager-dans-des-pactes\/#breadcrumb\",\"itemListElement\":[{\"@type\":\"ListItem\",\"position\":1,\"name\":\"Accueil\",\"item\":\"https:\/\/www.nettali.com\/\"},{\"@type\":\"ListItem\",\"position\":2,\"name\":\"Mody Guiro : \\\"Nous ne pouvons plus nous engager dans des pactes... \\\"\"}]},{\"@type\":\"Person\",\"@id\":\"https:\/\/www.nettali.com\/#\/schema\/person\/d8ac7b7e27ddad43f1c0d2ef090d7f71\",\"name\":\"CK\",\"image\":{\"@type\":\"ImageObject\",\"@id\":\"https:\/\/www.nettali.com\/#personlogo\",\"inLanguage\":\"fr-FR\",\"url\":\"https:\/\/secure.gravatar.com\/avatar\/1d8d5118b9327d94da7cd4ce7f17fec2?s=96&d=mm&r=g\",\"contentUrl\":\"https:\/\/secure.gravatar.com\/avatar\/1d8d5118b9327d94da7cd4ce7f17fec2?s=96&d=mm&r=g\",\"caption\":\"CK\"},\"sameAs\":[\"https:\/\/www.nettali.com\"]}]}<\/script>\n<!-- \/ Yoast SEO Premium plugin. -->","yoast_head_json":{"title":"Mody Guiro : \"Nous ne pouvons plus nous engager dans des pactes... \" | Nettali.com","robots":{"index":"index","follow":"follow","max-snippet":"max-snippet:-1","max-image-preview":"max-image-preview:large","max-video-preview":"max-video-preview:-1"},"canonical":"https:\/\/www.nettali.com\/2026\/05\/02\/mody-guiro-nous-ne-pouvons-plus-nous-engager-dans-des-pactes\/","og_locale":"fr_FR","og_type":"article","og_title":"Mody Guiro : \"Nous ne pouvons plus nous engager dans des pactes... \"","og_description":"NETTALI.COM - Lors de la remise du cahier des dol\u00e9ances, en marge de la f\u00eate du travail, Mody Guiro, le Secr\u00e9taire g\u00e9n\u00e9ral de la Conf\u00e9d\u00e9ration nationale des travailleurs du S\u00e9n\u00e9gal (CNTS), a dress\u00e9 une situation sociale qu\u2019il juge pr\u00e9occupante. Aussi, a t-il tenu \u00e0 faire quelques pr\u00e9cisions.\u00a0 Le SG de la CNTS a ainsi rappel\u00e9 [&hellip;]","og_url":"https:\/\/www.nettali.com\/2026\/05\/02\/mody-guiro-nous-ne-pouvons-plus-nous-engager-dans-des-pactes\/","og_site_name":"Nettali.com","article_publisher":"https:\/\/www.facebook.com\/nettalicom","article_published_time":"2026-05-02T07:56:46+00:00","og_image":[{"width":1179,"height":669,"url":"https:\/\/www.nettali.com\/wp-content\/uploads\/2026\/05\/96353537-67200873.png","type":"image\/png"}],"twitter_card":"summary_large_image","twitter_misc":{"\u00c9crit par":"CK","Dur\u00e9e de lecture estim\u00e9e":"2 minutes"},"schema":{"@context":"https:\/\/schema.org","@graph":[{"@type":"WebSite","@id":"https:\/\/www.nettali.com\/#website","url":"https:\/\/www.nettali.com\/","name":"Nettali.com","description":"Le rendez-vous critique du Net","potentialAction":[{"@type":"SearchAction","target":{"@type":"EntryPoint","urlTemplate":"https:\/\/www.nettali.com\/?s={search_term_string}"},"query-input":"required name=search_term_string"}],"inLanguage":"fr-FR"},{"@type":"ImageObject","@id":"https:\/\/www.nettali.com\/2026\/05\/02\/mody-guiro-nous-ne-pouvons-plus-nous-engager-dans-des-pactes\/#primaryimage","inLanguage":"fr-FR","url":"https:\/\/www.nettali.com\/wp-content\/uploads\/2026\/05\/96353537-67200873.png","contentUrl":"https:\/\/www.nettali.com\/wp-content\/uploads\/2026\/05\/96353537-67200873.png","width":1179,"height":669},{"@type":"WebPage","@id":"https:\/\/www.nettali.com\/2026\/05\/02\/mody-guiro-nous-ne-pouvons-plus-nous-engager-dans-des-pactes\/#webpage","url":"https:\/\/www.nettali.com\/2026\/05\/02\/mody-guiro-nous-ne-pouvons-plus-nous-engager-dans-des-pactes\/","name":"Mody Guiro : \"Nous ne pouvons plus nous engager dans des pactes... \" | Nettali.com","isPartOf":{"@id":"https:\/\/www.nettali.com\/#website"},"primaryImageOfPage":{"@id":"https:\/\/www.nettali.com\/2026\/05\/02\/mody-guiro-nous-ne-pouvons-plus-nous-engager-dans-des-pactes\/#primaryimage"},"datePublished":"2026-05-02T07:56:46+00:00","dateModified":"2026-05-02T07:56:46+00:00","author":{"@id":"https:\/\/www.nettali.com\/#\/schema\/person\/d8ac7b7e27ddad43f1c0d2ef090d7f71"},"breadcrumb":{"@id":"https:\/\/www.nettali.com\/2026\/05\/02\/mody-guiro-nous-ne-pouvons-plus-nous-engager-dans-des-pactes\/#breadcrumb"},"inLanguage":"fr-FR","potentialAction":[{"@type":"ReadAction","target":["https:\/\/www.nettali.com\/2026\/05\/02\/mody-guiro-nous-ne-pouvons-plus-nous-engager-dans-des-pactes\/"]}]},{"@type":"BreadcrumbList","@id":"https:\/\/www.nettali.com\/2026\/05\/02\/mody-guiro-nous-ne-pouvons-plus-nous-engager-dans-des-pactes\/#breadcrumb","itemListElement":[{"@type":"ListItem","position":1,"name":"Accueil","item":"https:\/\/www.nettali.com\/"},{"@type":"ListItem","position":2,"name":"Mody Guiro : \"Nous ne pouvons plus nous engager dans des pactes... \""}]},{"@type":"Person","@id":"https:\/\/www.nettali.com\/#\/schema\/person\/d8ac7b7e27ddad43f1c0d2ef090d7f71","name":"CK","image":{"@type":"ImageObject","@id":"https:\/\/www.nettali.com\/#personlogo","inLanguage":"fr-FR","url":"https:\/\/secure.gravatar.com\/avatar\/1d8d5118b9327d94da7cd4ce7f17fec2?s=96&d=mm&r=g","contentUrl":"https:\/\/secure.gravatar.com\/avatar\/1d8d5118b9327d94da7cd4ce7f17fec2?s=96&d=mm&r=g","caption":"CK"},"sameAs":["https:\/\/www.nettali.com"]}]}},"_links":{"self":[{"href":"https:\/\/www.nettali.com\/rest\/wp\/v2\/posts\/173081"}],"collection":[{"href":"https:\/\/www.nettali.com\/rest\/wp\/v2\/posts"}],"about":[{"href":"https:\/\/www.nettali.com\/rest\/wp\/v2\/types\/post"}],"author":[{"embeddable":true,"href":"https:\/\/www.nettali.com\/rest\/wp\/v2\/users\/2"}],"replies":[{"embeddable":true,"href":"https:\/\/www.nettali.com\/rest\/wp\/v2\/comments?post=173081"}],"version-history":[{"count":2,"href":"https:\/\/www.nettali.com\/rest\/wp\/v2\/posts\/173081\/revisions"}],"predecessor-version":[{"id":173083,"href":"https:\/\/www.nettali.com\/rest\/wp\/v2\/posts\/173081\/revisions\/173083"}],"wp:featuredmedia":[{"embeddable":true,"href":"https:\/\/www.nettali.com\/rest\/wp\/v2\/media\/173084"}],"wp:attachment":[{"href":"https:\/\/www.nettali.com\/rest\/wp\/v2\/media?parent=173081"}],"wp:term":[{"taxonomy":"category","embeddable":true,"href":"https:\/\/www.nettali.com\/rest\/wp\/v2\/categories?post=173081"},{"taxonomy":"post_tag","embeddable":true,"href":"https:\/\/www.nettali.com\/rest\/wp\/v2\/tags?post=173081"}],"curies":[{"name":"wp","href":"https:\/\/api.w.org\/{rel}","templated":true}]}}