{"id":173069,"date":"2026-05-01T22:53:31","date_gmt":"2026-05-01T22:53:31","guid":{"rendered":"https:\/\/www.nettali.com\/?p=173069"},"modified":"2026-05-01T21:53:51","modified_gmt":"2026-05-01T21:53:51","slug":"pacte-social-et-reformes-structurelles-le-president-bassirou-diomaye-faye-trace-le-cap","status":"publish","type":"post","link":"https:\/\/www.nettali.com\/2026\/05\/01\/pacte-social-et-reformes-structurelles-le-president-bassirou-diomaye-faye-trace-le-cap\/","title":{"rendered":"PACTE SOCIAL ET R\u00c9FORMES STRUCTURELLES : Le Pr\u00e9sident Bassirou Diomaye Faye trace le cap"},"content":{"rendered":"<p><strong>NETTALI.COM- \u00c0 l\u2019occasion de la remise des cahiers de dol\u00e9ances ce 1er mai 2026, le Chef de l\u2019\u00c9tat a marqu\u00e9 un tournant d\u00e9cisif en annon\u00e7ant la transmission imminente des nouveaux Codes du Travail et de la S\u00e9curit\u00e9 sociale \u00e0 l\u2019Assembl\u00e9e nationale. Dans un discours alliant ouverture sociale et fermet\u00e9 institutionnelle, Bassirou Diomaye Faye a fait du respect de la tr\u00eave sociale une condition non n\u00e9gociable de la stabilit\u00e9, tout en actant des revalorisations pour les secteurs les plus pr\u00e9caires.<\/strong><\/p>\n<p>Le Palais de la R\u00e9publique a accueilli ce vendredi 1er mai les syndicalistes pour la traditionnelle remise des cahiers de dol\u00e9ances. Devant les leaders syndicaux, le patronat et le Gouvernement, le Pr\u00e9sident Bassirou Diomaye Faye a re\u00e7u les revendications du monde du travail pour l'ann\u00e9e 2026. Dans son allocution, il a rappel\u00e9 que cette c\u00e9l\u00e9bration s\u2019inscrit dans un contexte de \u00ab contraintes budg\u00e9taires persistantes \u00bb exigeant un sens \u00e9lev\u00e9 des responsabilit\u00e9s pour tenir l'exigence de justice sociale.<\/p>\n<p><strong>Des codes modernis\u00e9s et consensuels<\/strong><\/p>\n<p>Le Chef de l'\u00c9tat a annonc\u00e9 que les projets de Code du Travail et de Code de la S\u00e9curit\u00e9 sociale, d\u00e9j\u00e0 adopt\u00e9s en Conseil des ministres, seront transmis aux d\u00e9put\u00e9s pour examen et adoption au cours de l'ann\u00e9e 2026.<br \/>\nConscient des attentes, le Pr\u00e9sident a tenu \u00e0 rassurer les travailleurs sur l'int\u00e9grit\u00e9 des textes : \u00ab <em>le projet qui sera soumis \u00e0 l\u2019Assembl\u00e9e nationale refl\u00e9tera fid\u00e8lement le consensus issu des travaux d\u2019\u00e9laboration conduits avec l\u2019ensemble des partenaires sociaux<\/em> \u00bb. Cette r\u00e9forme l\u00e9gislative s'accompagne d'une volont\u00e9 de moderniser l'appareil d'\u00c9tat par la digitalisation des proc\u00e9dures et l\u2019interconnexion des syst\u00e8mes de gestion, dont la mise en \u0153uvre effective est annonc\u00e9e comme imminente.<\/p>\n<p><strong>Un bilan social concret pour les plus vuln\u00e9rables<\/strong><\/p>\n<p>Le Chef de l'\u00c9tat a \u00e9num\u00e9r\u00e9 des avanc\u00e9es tangibles obtenues en seulement une ann\u00e9e de gestion. Outre la g\u00e9n\u00e9ralisation de l\u2019indemnit\u00e9 repr\u00e9sentative de logement dans la Fonction publique, il a salu\u00e9 la r\u00e9gularisation statutaire des enseignants dits \u00ab d\u00e9cisionnaires \u00bb, des techniciens sup\u00e9rieurs de sant\u00e9 et des greffiers, consolidant ainsi durablement leur cadre professionnel.<\/p>\n<p>Un accent particulier a \u00e9t\u00e9 mis sur l'\u00e9quit\u00e9 sociale avec la revalorisation des salaires des domestiques, des gens de maison et des travailleurs agricoles. Pour le Pr\u00e9sident, ces mesures traduisent un engagement ferme en faveur des \u00ab <em>cat\u00e9gories socioprofessionnelles les plus vuln\u00e9rables<\/em> \u00bb. Ces efforts sont compl\u00e9t\u00e9s par des recrutements significatifs d\u00e9j\u00e0 op\u00e9r\u00e9s et programm\u00e9s dans les secteurs de l'\u00e9ducation, de la sant\u00e9 et de l'enseignement sup\u00e9rieur pour renforcer l'offre de service public.<\/p>\n<p><strong>L\u2019imp\u00e9ratif de la tr\u00eave et la r\u00e9silience du march\u00e9<\/strong><\/p>\n<p>Tout en saluant l'accord sign\u00e9 le 16 avril 2026 avec les syndicats de l'enseignement, Bassirou Diomaye Faye a rappel\u00e9 la n\u00e9cessit\u00e9 de respecter le Pacte national de stabilit\u00e9 sociale. Il a soulign\u00e9 avec solennit\u00e9 que \u00ab <em>le respect de la tr\u00eave sociale constitue une exigence majeure de cr\u00e9dibilit\u00e9<\/em> \u00bb pour maintenir une tr\u00eave de trois (3) ans librement consentie par les parties.<\/p>\n<p>Le Pr\u00e9sident s'est \u00e9galement appuy\u00e9 sur des indicateurs de r\u00e9silience : le nombre de contrats de travail enregistr\u00e9s par les Inspections du Travail est pass\u00e9 de 77 870 en 2024 \u00e0 78 231 en 2025. Pour soutenir cette dynamique et pr\u00e9venir les crises, il a instruit le Gouvernement de finaliser la mise en place du \u00ab <em>fonds d\u2019intervention de l\u2019Administration du Travail<\/em> \u00bb par la signature rapide des arr\u00eat\u00e9s d'application. Enfin, il a averti les employeurs sur le respect scrupuleux de leurs obligations, rappelant que \u00ab<em> la protection des droits des travailleurs ainsi que la contribution \u00e9quitable \u00e0 l\u2019effort fiscal constituent des exigences fondamentales<\/em> \u00bb.<\/p>\n<div class='share-to-whatsapp-wrapper'><div class='share-on-whsp'>PARTAGER SUR : <\/div><a data-text='PACTE SOCIAL ET R\u00c9FORMES STRUCTURELLES : Le Pr\u00e9sident Bassirou Diomaye Faye trace le cap' data-link='https:\/\/www.nettali.com\/2026\/05\/01\/pacte-social-et-reformes-structurelles-le-president-bassirou-diomaye-faye-trace-le-cap\/' class='whatsapp-button whatsapp-share'>WhatsApp<\/a><div class='clear '><\/div><\/div>","protected":false},"excerpt":{"rendered":"<p>NETTALI.COM- \u00c0 l\u2019occasion de la remise des cahiers de dol\u00e9ances ce 1er mai 2026, le Chef de l\u2019\u00c9tat a marqu\u00e9 un tournant d\u00e9cisif en annon\u00e7ant la transmission imminente des nouveaux Codes du Travail et de la S\u00e9curit\u00e9 sociale \u00e0 l\u2019Assembl\u00e9e nationale. Dans un discours alliant ouverture sociale et fermet\u00e9 institutionnelle, Bassirou Diomaye Faye a fait [&hellip;]<\/p>\n","protected":false},"author":6,"featured_media":173070,"comment_status":"open","ping_status":"open","sticky":false,"template":"","format":"standard","meta":{"_et_pb_use_builder":"","_et_pb_old_content":""},"categories":[3],"tags":[],"yoast_head":"<!-- This site is optimized with the Yoast SEO Premium plugin v17.8 (Yoast SEO v17.8) - https:\/\/yoast.com\/wordpress\/plugins\/seo\/ -->\n<title>PACTE SOCIAL ET R\u00c9FORMES STRUCTURELLES : Le Pr\u00e9sident Bassirou Diomaye Faye trace le cap | Nettali.com<\/title>\n<meta name=\"robots\" content=\"index, follow, max-snippet:-1, max-image-preview:large, max-video-preview:-1\" \/>\n<link rel=\"canonical\" href=\"https:\/\/www.nettali.com\/2026\/05\/01\/pacte-social-et-reformes-structurelles-le-president-bassirou-diomaye-faye-trace-le-cap\/\" \/>\n<meta property=\"og:locale\" content=\"fr_FR\" \/>\n<meta property=\"og:type\" content=\"article\" \/>\n<meta property=\"og:title\" content=\"PACTE SOCIAL ET R\u00c9FORMES STRUCTURELLES : Le Pr\u00e9sident Bassirou Diomaye Faye trace le cap\" \/>\n<meta property=\"og:description\" content=\"NETTALI.COM- \u00c0 l\u2019occasion de la remise des cahiers de dol\u00e9ances ce 1er mai 2026, le Chef de l\u2019\u00c9tat a marqu\u00e9 un tournant d\u00e9cisif en annon\u00e7ant la transmission imminente des nouveaux Codes du Travail et de la S\u00e9curit\u00e9 sociale \u00e0 l\u2019Assembl\u00e9e nationale. Dans un discours alliant ouverture sociale et fermet\u00e9 institutionnelle, Bassirou Diomaye Faye a fait [&hellip;]\" \/>\n<meta property=\"og:url\" content=\"https:\/\/www.nettali.com\/2026\/05\/01\/pacte-social-et-reformes-structurelles-le-president-bassirou-diomaye-faye-trace-le-cap\/\" \/>\n<meta property=\"og:site_name\" content=\"Nettali.com\" \/>\n<meta property=\"article:publisher\" content=\"https:\/\/www.facebook.com\/nettalicom\" \/>\n<meta property=\"article:published_time\" content=\"2026-05-01T22:53:31+00:00\" \/>\n<meta property=\"article:modified_time\" content=\"2026-05-01T21:53:51+00:00\" \/>\n<meta property=\"og:image\" content=\"https:\/\/www.nettali.com\/wp-content\/uploads\/2026\/05\/Dioms.jpg\" \/>\n\t<meta property=\"og:image:width\" content=\"1440\" \/>\n\t<meta property=\"og:image:height\" content=\"790\" \/>\n<meta name=\"twitter:card\" content=\"summary_large_image\" \/>\n<meta name=\"twitter:label1\" content=\"\u00c9crit par\" \/>\n\t<meta name=\"twitter:data1\" content=\"Fatou\" \/>\n\t<meta name=\"twitter:label2\" content=\"Dur\u00e9e de lecture estim\u00e9e\" \/>\n\t<meta name=\"twitter:data2\" content=\"3 minutes\" \/>\n<script type=\"application\/ld+json\" class=\"yoast-schema-graph\">{\"@context\":\"https:\/\/schema.org\",\"@graph\":[{\"@type\":\"WebSite\",\"@id\":\"https:\/\/www.nettali.com\/#website\",\"url\":\"https:\/\/www.nettali.com\/\",\"name\":\"Nettali.com\",\"description\":\"Le rendez-vous critique du Net\",\"potentialAction\":[{\"@type\":\"SearchAction\",\"target\":{\"@type\":\"EntryPoint\",\"urlTemplate\":\"https:\/\/www.nettali.com\/?s={search_term_string}\"},\"query-input\":\"required name=search_term_string\"}],\"inLanguage\":\"fr-FR\"},{\"@type\":\"ImageObject\",\"@id\":\"https:\/\/www.nettali.com\/2026\/05\/01\/pacte-social-et-reformes-structurelles-le-president-bassirou-diomaye-faye-trace-le-cap\/#primaryimage\",\"inLanguage\":\"fr-FR\",\"url\":\"https:\/\/www.nettali.com\/wp-content\/uploads\/2026\/05\/Dioms.jpg\",\"contentUrl\":\"https:\/\/www.nettali.com\/wp-content\/uploads\/2026\/05\/Dioms.jpg\",\"width\":1440,\"height\":790},{\"@type\":\"WebPage\",\"@id\":\"https:\/\/www.nettali.com\/2026\/05\/01\/pacte-social-et-reformes-structurelles-le-president-bassirou-diomaye-faye-trace-le-cap\/#webpage\",\"url\":\"https:\/\/www.nettali.com\/2026\/05\/01\/pacte-social-et-reformes-structurelles-le-president-bassirou-diomaye-faye-trace-le-cap\/\",\"name\":\"PACTE SOCIAL ET R\\u00c9FORMES STRUCTURELLES : Le Pr\\u00e9sident Bassirou Diomaye Faye trace le cap | Nettali.com\",\"isPartOf\":{\"@id\":\"https:\/\/www.nettali.com\/#website\"},\"primaryImageOfPage\":{\"@id\":\"https:\/\/www.nettali.com\/2026\/05\/01\/pacte-social-et-reformes-structurelles-le-president-bassirou-diomaye-faye-trace-le-cap\/#primaryimage\"},\"datePublished\":\"2026-05-01T22:53:31+00:00\",\"dateModified\":\"2026-05-01T21:53:51+00:00\",\"author\":{\"@id\":\"https:\/\/www.nettali.com\/#\/schema\/person\/418274a86bdf87caff7a3ef476bd0bbf\"},\"breadcrumb\":{\"@id\":\"https:\/\/www.nettali.com\/2026\/05\/01\/pacte-social-et-reformes-structurelles-le-president-bassirou-diomaye-faye-trace-le-cap\/#breadcrumb\"},\"inLanguage\":\"fr-FR\",\"potentialAction\":[{\"@type\":\"ReadAction\",\"target\":[\"https:\/\/www.nettali.com\/2026\/05\/01\/pacte-social-et-reformes-structurelles-le-president-bassirou-diomaye-faye-trace-le-cap\/\"]}]},{\"@type\":\"BreadcrumbList\",\"@id\":\"https:\/\/www.nettali.com\/2026\/05\/01\/pacte-social-et-reformes-structurelles-le-president-bassirou-diomaye-faye-trace-le-cap\/#breadcrumb\",\"itemListElement\":[{\"@type\":\"ListItem\",\"position\":1,\"name\":\"Accueil\",\"item\":\"https:\/\/www.nettali.com\/\"},{\"@type\":\"ListItem\",\"position\":2,\"name\":\"PACTE SOCIAL ET R\\u00c9FORMES STRUCTURELLES : Le Pr\\u00e9sident Bassirou Diomaye Faye trace le cap\"}]},{\"@type\":\"Person\",\"@id\":\"https:\/\/www.nettali.com\/#\/schema\/person\/418274a86bdf87caff7a3ef476bd0bbf\",\"name\":\"Fatou\",\"image\":{\"@type\":\"ImageObject\",\"@id\":\"https:\/\/www.nettali.com\/#personlogo\",\"inLanguage\":\"fr-FR\",\"url\":\"https:\/\/secure.gravatar.com\/avatar\/5a9442a2bee7b4dcf167cab035858e9a?s=96&d=mm&r=g\",\"contentUrl\":\"https:\/\/secure.gravatar.com\/avatar\/5a9442a2bee7b4dcf167cab035858e9a?s=96&d=mm&r=g\",\"caption\":\"Fatou\"},\"sameAs\":[\"https:\/\/www.nettali.com\"]}]}<\/script>\n<!-- \/ Yoast SEO Premium plugin. -->","yoast_head_json":{"title":"PACTE SOCIAL ET R\u00c9FORMES STRUCTURELLES : Le Pr\u00e9sident Bassirou Diomaye Faye trace le cap | Nettali.com","robots":{"index":"index","follow":"follow","max-snippet":"max-snippet:-1","max-image-preview":"max-image-preview:large","max-video-preview":"max-video-preview:-1"},"canonical":"https:\/\/www.nettali.com\/2026\/05\/01\/pacte-social-et-reformes-structurelles-le-president-bassirou-diomaye-faye-trace-le-cap\/","og_locale":"fr_FR","og_type":"article","og_title":"PACTE SOCIAL ET R\u00c9FORMES STRUCTURELLES : Le Pr\u00e9sident Bassirou Diomaye Faye trace le cap","og_description":"NETTALI.COM- \u00c0 l\u2019occasion de la remise des cahiers de dol\u00e9ances ce 1er mai 2026, le Chef de l\u2019\u00c9tat a marqu\u00e9 un tournant d\u00e9cisif en annon\u00e7ant la transmission imminente des nouveaux Codes du Travail et de la S\u00e9curit\u00e9 sociale \u00e0 l\u2019Assembl\u00e9e nationale. Dans un discours alliant ouverture sociale et fermet\u00e9 institutionnelle, Bassirou Diomaye Faye a fait [&hellip;]","og_url":"https:\/\/www.nettali.com\/2026\/05\/01\/pacte-social-et-reformes-structurelles-le-president-bassirou-diomaye-faye-trace-le-cap\/","og_site_name":"Nettali.com","article_publisher":"https:\/\/www.facebook.com\/nettalicom","article_published_time":"2026-05-01T22:53:31+00:00","article_modified_time":"2026-05-01T21:53:51+00:00","og_image":[{"width":1440,"height":790,"url":"https:\/\/www.nettali.com\/wp-content\/uploads\/2026\/05\/Dioms.jpg","type":"image\/jpeg"}],"twitter_card":"summary_large_image","twitter_misc":{"\u00c9crit par":"Fatou","Dur\u00e9e de lecture estim\u00e9e":"3 minutes"},"schema":{"@context":"https:\/\/schema.org","@graph":[{"@type":"WebSite","@id":"https:\/\/www.nettali.com\/#website","url":"https:\/\/www.nettali.com\/","name":"Nettali.com","description":"Le rendez-vous critique du Net","potentialAction":[{"@type":"SearchAction","target":{"@type":"EntryPoint","urlTemplate":"https:\/\/www.nettali.com\/?s={search_term_string}"},"query-input":"required name=search_term_string"}],"inLanguage":"fr-FR"},{"@type":"ImageObject","@id":"https:\/\/www.nettali.com\/2026\/05\/01\/pacte-social-et-reformes-structurelles-le-president-bassirou-diomaye-faye-trace-le-cap\/#primaryimage","inLanguage":"fr-FR","url":"https:\/\/www.nettali.com\/wp-content\/uploads\/2026\/05\/Dioms.jpg","contentUrl":"https:\/\/www.nettali.com\/wp-content\/uploads\/2026\/05\/Dioms.jpg","width":1440,"height":790},{"@type":"WebPage","@id":"https:\/\/www.nettali.com\/2026\/05\/01\/pacte-social-et-reformes-structurelles-le-president-bassirou-diomaye-faye-trace-le-cap\/#webpage","url":"https:\/\/www.nettali.com\/2026\/05\/01\/pacte-social-et-reformes-structurelles-le-president-bassirou-diomaye-faye-trace-le-cap\/","name":"PACTE SOCIAL ET R\u00c9FORMES STRUCTURELLES : Le Pr\u00e9sident Bassirou Diomaye Faye trace le cap | Nettali.com","isPartOf":{"@id":"https:\/\/www.nettali.com\/#website"},"primaryImageOfPage":{"@id":"https:\/\/www.nettali.com\/2026\/05\/01\/pacte-social-et-reformes-structurelles-le-president-bassirou-diomaye-faye-trace-le-cap\/#primaryimage"},"datePublished":"2026-05-01T22:53:31+00:00","dateModified":"2026-05-01T21:53:51+00:00","author":{"@id":"https:\/\/www.nettali.com\/#\/schema\/person\/418274a86bdf87caff7a3ef476bd0bbf"},"breadcrumb":{"@id":"https:\/\/www.nettali.com\/2026\/05\/01\/pacte-social-et-reformes-structurelles-le-president-bassirou-diomaye-faye-trace-le-cap\/#breadcrumb"},"inLanguage":"fr-FR","potentialAction":[{"@type":"ReadAction","target":["https:\/\/www.nettali.com\/2026\/05\/01\/pacte-social-et-reformes-structurelles-le-president-bassirou-diomaye-faye-trace-le-cap\/"]}]},{"@type":"BreadcrumbList","@id":"https:\/\/www.nettali.com\/2026\/05\/01\/pacte-social-et-reformes-structurelles-le-president-bassirou-diomaye-faye-trace-le-cap\/#breadcrumb","itemListElement":[{"@type":"ListItem","position":1,"name":"Accueil","item":"https:\/\/www.nettali.com\/"},{"@type":"ListItem","position":2,"name":"PACTE SOCIAL ET R\u00c9FORMES STRUCTURELLES : Le Pr\u00e9sident Bassirou Diomaye Faye trace le cap"}]},{"@type":"Person","@id":"https:\/\/www.nettali.com\/#\/schema\/person\/418274a86bdf87caff7a3ef476bd0bbf","name":"Fatou","image":{"@type":"ImageObject","@id":"https:\/\/www.nettali.com\/#personlogo","inLanguage":"fr-FR","url":"https:\/\/secure.gravatar.com\/avatar\/5a9442a2bee7b4dcf167cab035858e9a?s=96&d=mm&r=g","contentUrl":"https:\/\/secure.gravatar.com\/avatar\/5a9442a2bee7b4dcf167cab035858e9a?s=96&d=mm&r=g","caption":"Fatou"},"sameAs":["https:\/\/www.nettali.com"]}]}},"_links":{"self":[{"href":"https:\/\/www.nettali.com\/rest\/wp\/v2\/posts\/173069"}],"collection":[{"href":"https:\/\/www.nettali.com\/rest\/wp\/v2\/posts"}],"about":[{"href":"https:\/\/www.nettali.com\/rest\/wp\/v2\/types\/post"}],"author":[{"embeddable":true,"href":"https:\/\/www.nettali.com\/rest\/wp\/v2\/users\/6"}],"replies":[{"embeddable":true,"href":"https:\/\/www.nettali.com\/rest\/wp\/v2\/comments?post=173069"}],"version-history":[{"count":1,"href":"https:\/\/www.nettali.com\/rest\/wp\/v2\/posts\/173069\/revisions"}],"predecessor-version":[{"id":173071,"href":"https:\/\/www.nettali.com\/rest\/wp\/v2\/posts\/173069\/revisions\/173071"}],"wp:featuredmedia":[{"embeddable":true,"href":"https:\/\/www.nettali.com\/rest\/wp\/v2\/media\/173070"}],"wp:attachment":[{"href":"https:\/\/www.nettali.com\/rest\/wp\/v2\/media?parent=173069"}],"wp:term":[{"taxonomy":"category","embeddable":true,"href":"https:\/\/www.nettali.com\/rest\/wp\/v2\/categories?post=173069"},{"taxonomy":"post_tag","embeddable":true,"href":"https:\/\/www.nettali.com\/rest\/wp\/v2\/tags?post=173069"}],"curies":[{"name":"wp","href":"https:\/\/api.w.org\/{rel}","templated":true}]}}