{"id":173066,"date":"2026-05-01T20:48:52","date_gmt":"2026-05-01T20:48:52","guid":{"rendered":"https:\/\/www.nettali.com\/?p=173066"},"modified":"2026-05-01T21:49:19","modified_gmt":"2026-05-01T21:49:19","slug":"1er-mai-2026-le-front-syndical-deploie-sa-force-dans-les-rues-de-dakar","status":"publish","type":"post","link":"https:\/\/www.nettali.com\/2026\/05\/01\/1er-mai-2026-le-front-syndical-deploie-sa-force-dans-les-rues-de-dakar\/","title":{"rendered":"1ER MAI 2026 -Le front syndical d\u00e9ploie sa force dans les rues de Dakar"},"content":{"rendered":"<p><strong>NETTALI.COM- La c\u00e9l\u00e9bration de la f\u00eate internationale du Travail, ce 1er mai 2026, a pris les traits d\u2019une d\u00e9monstration de force \u00e0 Dakar. Dans une unit\u00e9 d\u2019action retrouv\u00e9e, les principales centrales syndicales ont port\u00e9 d\u2019une seule voix les griefs d\u2019un monde ouvrier en qu\u00eate de dignit\u00e9 et de r\u00e9formes structurelles. C'\u00e9tait en pr\u00e9sence du ministre de la Fonction publique, Olivier Boucal, qui a march\u00e9 avec les syndicalistes.<\/strong><\/p>\n<p>Les militants de la CNTS, de l\u2019UNSAS, de la CNTS\/FC et de la CSA ont transform\u00e9 les art\u00e8res de la capitale en un vaste forum social. Ils ont march\u00e9 de Sandaga \u00e0 la place Faidherbe, en passant par l\u2019avenue Ponty et la place de l\u2019Ind\u00e9pendance. Leurs revendications portent sur : le pouvoir d\u2019achat, \u00e9trangl\u00e9 par la pression fiscale, et la pr\u00e9carit\u00e9 galopante des emplois. Sur les pancartes, les messages \u00e9taient sans \u00e9quivoque : harmonisation des conventions collectives, baisse de l\u2019imp\u00f4t sur les salaires, et protection sociale \u00e9tendue au secteur informel.<\/p>\n<p><strong>Un front uni face \u00e0 la crise de l\u2019emploi<\/strong><\/p>\n<p>Outre la g\u00e9n\u00e9ralisation de l\u2019indemnit\u00e9 de logement, les leaders ont exig\u00e9 un assainissement rigoureux du secteur du gardiennage. Mody Guiro, pr\u00e9sident du front, a dress\u00e9 un bilan alarmant de la conjoncture \u00e9conomique, notamment dans le BTP : \u00ab <em>Plus de 20 000 emplois ont \u00e9t\u00e9 perdus<\/em> \u00bb, a-t-il alert\u00e9, pr\u00e9cisant que des entreprises sont contraintes de r\u00e9duire la voilure pour \u00e9viter des licenciements massifs.<\/p>\n<p>Pour M. Guiro, si l\u2019ouverture est r\u00e9elle, la vigilance reste de mise : \u00ab <em>Les revendications portent notamment sur la g\u00e9n\u00e9ralisation de l\u2019indemnit\u00e9 de logement, l\u2019\u00e9largissement de la protection sociale et la r\u00e9forme du code du travail<\/em> \u00bb. Et de pr\u00e9venir que si le dialogue est l\u2019arme privil\u00e9gi\u00e9e, \u00ab <em>la gr\u00e8ve n\u2019est pas une finalit\u00e9, mais une option lorsque le dialogue n\u2019apporte pas de solutions<\/em> \u00bb.<\/p>\n<p><strong>Le Ministre Olivier Boucal dans le cort\u00e8ge<\/strong><\/p>\n<p>Fait marquant de cette \u00e9dition, la pr\u00e9sence physique d\u2019Olivier Boucal, ministre de la Fonction publique, aux c\u00f4t\u00e9s des manifestants. Pour Mamadou Lamine Diant\u00e9, pr\u00e9sident du Haut Conseil du Dialogue social, ce geste illustre \u00ab <em>un partenariat dynamique entre le gouvernement et les repr\u00e9sentants des travailleurs<\/em> \u00bb, un an apr\u00e8s la signature du pacte de stabilit\u00e9 de 2025.<\/p>\n<p>De son c\u00f4t\u00e9, le ministre Boucal a tenu \u00e0 l\u00e9gitimer le combat syndical, affirmant que sa participation traduisait \u00ab<em> l\u2019expression d\u2019une volont\u00e9 r\u00e9elle de concertation<\/em> \u00bb. Il a rappel\u00e9 que les acquis sociaux majeurs du S\u00e9n\u00e9gal \u00ab d\u00e9coulent majoritairement des luttes ouvri\u00e8res \u00bb, \u00e9rigeant les syndicats en \u00ab <em>partenaires incontournables dans l\u2019\u00e9laboration des politiques publiques<\/em> \u00bb.<\/p>\n<div class='share-to-whatsapp-wrapper'><div class='share-on-whsp'>PARTAGER SUR : <\/div><a data-text='1ER MAI 2026 -Le front syndical d\u00e9ploie sa force dans les rues de Dakar' data-link='https:\/\/www.nettali.com\/2026\/05\/01\/1er-mai-2026-le-front-syndical-deploie-sa-force-dans-les-rues-de-dakar\/' class='whatsapp-button whatsapp-share'>WhatsApp<\/a><div class='clear '><\/div><\/div>","protected":false},"excerpt":{"rendered":"<p>NETTALI.COM- La c\u00e9l\u00e9bration de la f\u00eate internationale du Travail, ce 1er mai 2026, a pris les traits d\u2019une d\u00e9monstration de force \u00e0 Dakar. Dans une unit\u00e9 d\u2019action retrouv\u00e9e, les principales centrales syndicales ont port\u00e9 d\u2019une seule voix les griefs d\u2019un monde ouvrier en qu\u00eate de dignit\u00e9 et de r\u00e9formes structurelles. C'\u00e9tait en pr\u00e9sence du ministre [&hellip;]<\/p>\n","protected":false},"author":6,"featured_media":173067,"comment_status":"open","ping_status":"open","sticky":false,"template":"","format":"standard","meta":{"_et_pb_use_builder":"","_et_pb_old_content":""},"categories":[3],"tags":[],"yoast_head":"<!-- This site is optimized with the Yoast SEO Premium plugin v17.8 (Yoast SEO v17.8) - https:\/\/yoast.com\/wordpress\/plugins\/seo\/ -->\n<title>1ER MAI 2026 -Le front syndical d\u00e9ploie sa force dans les rues de Dakar | Nettali.com<\/title>\n<meta name=\"robots\" content=\"index, follow, max-snippet:-1, max-image-preview:large, max-video-preview:-1\" \/>\n<link rel=\"canonical\" href=\"https:\/\/www.nettali.com\/2026\/05\/01\/1er-mai-2026-le-front-syndical-deploie-sa-force-dans-les-rues-de-dakar\/\" \/>\n<meta property=\"og:locale\" content=\"fr_FR\" \/>\n<meta property=\"og:type\" content=\"article\" \/>\n<meta property=\"og:title\" content=\"1ER MAI 2026 -Le front syndical d\u00e9ploie sa force dans les rues de Dakar\" \/>\n<meta property=\"og:description\" content=\"NETTALI.COM- La c\u00e9l\u00e9bration de la f\u00eate internationale du Travail, ce 1er mai 2026, a pris les traits d\u2019une d\u00e9monstration de force \u00e0 Dakar. Dans une unit\u00e9 d\u2019action retrouv\u00e9e, les principales centrales syndicales ont port\u00e9 d\u2019une seule voix les griefs d\u2019un monde ouvrier en qu\u00eate de dignit\u00e9 et de r\u00e9formes structurelles. C&#039;\u00e9tait en pr\u00e9sence du ministre [&hellip;]\" \/>\n<meta property=\"og:url\" content=\"https:\/\/www.nettali.com\/2026\/05\/01\/1er-mai-2026-le-front-syndical-deploie-sa-force-dans-les-rues-de-dakar\/\" \/>\n<meta property=\"og:site_name\" content=\"Nettali.com\" \/>\n<meta property=\"article:publisher\" content=\"https:\/\/www.facebook.com\/nettalicom\" \/>\n<meta property=\"article:published_time\" content=\"2026-05-01T20:48:52+00:00\" \/>\n<meta property=\"article:modified_time\" content=\"2026-05-01T21:49:19+00:00\" \/>\n<meta property=\"og:image\" content=\"https:\/\/www.nettali.com\/wp-content\/uploads\/2026\/05\/WhatsApp-Image-2026-05-01-at-15.47.51.jpeg\" \/>\n\t<meta property=\"og:image:width\" content=\"1280\" \/>\n\t<meta property=\"og:image:height\" content=\"576\" \/>\n<meta name=\"twitter:card\" content=\"summary_large_image\" \/>\n<meta name=\"twitter:label1\" content=\"\u00c9crit par\" \/>\n\t<meta name=\"twitter:data1\" content=\"Fatou\" \/>\n\t<meta name=\"twitter:label2\" content=\"Dur\u00e9e de lecture estim\u00e9e\" \/>\n\t<meta name=\"twitter:data2\" content=\"3 minutes\" \/>\n<script type=\"application\/ld+json\" class=\"yoast-schema-graph\">{\"@context\":\"https:\/\/schema.org\",\"@graph\":[{\"@type\":\"WebSite\",\"@id\":\"https:\/\/www.nettali.com\/#website\",\"url\":\"https:\/\/www.nettali.com\/\",\"name\":\"Nettali.com\",\"description\":\"Le rendez-vous critique du Net\",\"potentialAction\":[{\"@type\":\"SearchAction\",\"target\":{\"@type\":\"EntryPoint\",\"urlTemplate\":\"https:\/\/www.nettali.com\/?s={search_term_string}\"},\"query-input\":\"required name=search_term_string\"}],\"inLanguage\":\"fr-FR\"},{\"@type\":\"ImageObject\",\"@id\":\"https:\/\/www.nettali.com\/2026\/05\/01\/1er-mai-2026-le-front-syndical-deploie-sa-force-dans-les-rues-de-dakar\/#primaryimage\",\"inLanguage\":\"fr-FR\",\"url\":\"https:\/\/www.nettali.com\/wp-content\/uploads\/2026\/05\/WhatsApp-Image-2026-05-01-at-15.47.51.jpeg\",\"contentUrl\":\"https:\/\/www.nettali.com\/wp-content\/uploads\/2026\/05\/WhatsApp-Image-2026-05-01-at-15.47.51.jpeg\",\"width\":1280,\"height\":576},{\"@type\":\"WebPage\",\"@id\":\"https:\/\/www.nettali.com\/2026\/05\/01\/1er-mai-2026-le-front-syndical-deploie-sa-force-dans-les-rues-de-dakar\/#webpage\",\"url\":\"https:\/\/www.nettali.com\/2026\/05\/01\/1er-mai-2026-le-front-syndical-deploie-sa-force-dans-les-rues-de-dakar\/\",\"name\":\"1ER MAI 2026 -Le front syndical d\\u00e9ploie sa force dans les rues de Dakar | Nettali.com\",\"isPartOf\":{\"@id\":\"https:\/\/www.nettali.com\/#website\"},\"primaryImageOfPage\":{\"@id\":\"https:\/\/www.nettali.com\/2026\/05\/01\/1er-mai-2026-le-front-syndical-deploie-sa-force-dans-les-rues-de-dakar\/#primaryimage\"},\"datePublished\":\"2026-05-01T20:48:52+00:00\",\"dateModified\":\"2026-05-01T21:49:19+00:00\",\"author\":{\"@id\":\"https:\/\/www.nettali.com\/#\/schema\/person\/418274a86bdf87caff7a3ef476bd0bbf\"},\"breadcrumb\":{\"@id\":\"https:\/\/www.nettali.com\/2026\/05\/01\/1er-mai-2026-le-front-syndical-deploie-sa-force-dans-les-rues-de-dakar\/#breadcrumb\"},\"inLanguage\":\"fr-FR\",\"potentialAction\":[{\"@type\":\"ReadAction\",\"target\":[\"https:\/\/www.nettali.com\/2026\/05\/01\/1er-mai-2026-le-front-syndical-deploie-sa-force-dans-les-rues-de-dakar\/\"]}]},{\"@type\":\"BreadcrumbList\",\"@id\":\"https:\/\/www.nettali.com\/2026\/05\/01\/1er-mai-2026-le-front-syndical-deploie-sa-force-dans-les-rues-de-dakar\/#breadcrumb\",\"itemListElement\":[{\"@type\":\"ListItem\",\"position\":1,\"name\":\"Accueil\",\"item\":\"https:\/\/www.nettali.com\/\"},{\"@type\":\"ListItem\",\"position\":2,\"name\":\"1ER MAI 2026 -Le front syndical d\\u00e9ploie sa force dans les rues de Dakar\"}]},{\"@type\":\"Person\",\"@id\":\"https:\/\/www.nettali.com\/#\/schema\/person\/418274a86bdf87caff7a3ef476bd0bbf\",\"name\":\"Fatou\",\"image\":{\"@type\":\"ImageObject\",\"@id\":\"https:\/\/www.nettali.com\/#personlogo\",\"inLanguage\":\"fr-FR\",\"url\":\"https:\/\/secure.gravatar.com\/avatar\/5a9442a2bee7b4dcf167cab035858e9a?s=96&d=mm&r=g\",\"contentUrl\":\"https:\/\/secure.gravatar.com\/avatar\/5a9442a2bee7b4dcf167cab035858e9a?s=96&d=mm&r=g\",\"caption\":\"Fatou\"},\"sameAs\":[\"https:\/\/www.nettali.com\"]}]}<\/script>\n<!-- \/ Yoast SEO Premium plugin. -->","yoast_head_json":{"title":"1ER MAI 2026 -Le front syndical d\u00e9ploie sa force dans les rues de Dakar | Nettali.com","robots":{"index":"index","follow":"follow","max-snippet":"max-snippet:-1","max-image-preview":"max-image-preview:large","max-video-preview":"max-video-preview:-1"},"canonical":"https:\/\/www.nettali.com\/2026\/05\/01\/1er-mai-2026-le-front-syndical-deploie-sa-force-dans-les-rues-de-dakar\/","og_locale":"fr_FR","og_type":"article","og_title":"1ER MAI 2026 -Le front syndical d\u00e9ploie sa force dans les rues de Dakar","og_description":"NETTALI.COM- La c\u00e9l\u00e9bration de la f\u00eate internationale du Travail, ce 1er mai 2026, a pris les traits d\u2019une d\u00e9monstration de force \u00e0 Dakar. Dans une unit\u00e9 d\u2019action retrouv\u00e9e, les principales centrales syndicales ont port\u00e9 d\u2019une seule voix les griefs d\u2019un monde ouvrier en qu\u00eate de dignit\u00e9 et de r\u00e9formes structurelles. C'\u00e9tait en pr\u00e9sence du ministre [&hellip;]","og_url":"https:\/\/www.nettali.com\/2026\/05\/01\/1er-mai-2026-le-front-syndical-deploie-sa-force-dans-les-rues-de-dakar\/","og_site_name":"Nettali.com","article_publisher":"https:\/\/www.facebook.com\/nettalicom","article_published_time":"2026-05-01T20:48:52+00:00","article_modified_time":"2026-05-01T21:49:19+00:00","og_image":[{"width":1280,"height":576,"url":"https:\/\/www.nettali.com\/wp-content\/uploads\/2026\/05\/WhatsApp-Image-2026-05-01-at-15.47.51.jpeg","type":"image\/jpeg"}],"twitter_card":"summary_large_image","twitter_misc":{"\u00c9crit par":"Fatou","Dur\u00e9e de lecture estim\u00e9e":"3 minutes"},"schema":{"@context":"https:\/\/schema.org","@graph":[{"@type":"WebSite","@id":"https:\/\/www.nettali.com\/#website","url":"https:\/\/www.nettali.com\/","name":"Nettali.com","description":"Le rendez-vous critique du Net","potentialAction":[{"@type":"SearchAction","target":{"@type":"EntryPoint","urlTemplate":"https:\/\/www.nettali.com\/?s={search_term_string}"},"query-input":"required name=search_term_string"}],"inLanguage":"fr-FR"},{"@type":"ImageObject","@id":"https:\/\/www.nettali.com\/2026\/05\/01\/1er-mai-2026-le-front-syndical-deploie-sa-force-dans-les-rues-de-dakar\/#primaryimage","inLanguage":"fr-FR","url":"https:\/\/www.nettali.com\/wp-content\/uploads\/2026\/05\/WhatsApp-Image-2026-05-01-at-15.47.51.jpeg","contentUrl":"https:\/\/www.nettali.com\/wp-content\/uploads\/2026\/05\/WhatsApp-Image-2026-05-01-at-15.47.51.jpeg","width":1280,"height":576},{"@type":"WebPage","@id":"https:\/\/www.nettali.com\/2026\/05\/01\/1er-mai-2026-le-front-syndical-deploie-sa-force-dans-les-rues-de-dakar\/#webpage","url":"https:\/\/www.nettali.com\/2026\/05\/01\/1er-mai-2026-le-front-syndical-deploie-sa-force-dans-les-rues-de-dakar\/","name":"1ER MAI 2026 -Le front syndical d\u00e9ploie sa force dans les rues de Dakar | Nettali.com","isPartOf":{"@id":"https:\/\/www.nettali.com\/#website"},"primaryImageOfPage":{"@id":"https:\/\/www.nettali.com\/2026\/05\/01\/1er-mai-2026-le-front-syndical-deploie-sa-force-dans-les-rues-de-dakar\/#primaryimage"},"datePublished":"2026-05-01T20:48:52+00:00","dateModified":"2026-05-01T21:49:19+00:00","author":{"@id":"https:\/\/www.nettali.com\/#\/schema\/person\/418274a86bdf87caff7a3ef476bd0bbf"},"breadcrumb":{"@id":"https:\/\/www.nettali.com\/2026\/05\/01\/1er-mai-2026-le-front-syndical-deploie-sa-force-dans-les-rues-de-dakar\/#breadcrumb"},"inLanguage":"fr-FR","potentialAction":[{"@type":"ReadAction","target":["https:\/\/www.nettali.com\/2026\/05\/01\/1er-mai-2026-le-front-syndical-deploie-sa-force-dans-les-rues-de-dakar\/"]}]},{"@type":"BreadcrumbList","@id":"https:\/\/www.nettali.com\/2026\/05\/01\/1er-mai-2026-le-front-syndical-deploie-sa-force-dans-les-rues-de-dakar\/#breadcrumb","itemListElement":[{"@type":"ListItem","position":1,"name":"Accueil","item":"https:\/\/www.nettali.com\/"},{"@type":"ListItem","position":2,"name":"1ER MAI 2026 -Le front syndical d\u00e9ploie sa force dans les rues de Dakar"}]},{"@type":"Person","@id":"https:\/\/www.nettali.com\/#\/schema\/person\/418274a86bdf87caff7a3ef476bd0bbf","name":"Fatou","image":{"@type":"ImageObject","@id":"https:\/\/www.nettali.com\/#personlogo","inLanguage":"fr-FR","url":"https:\/\/secure.gravatar.com\/avatar\/5a9442a2bee7b4dcf167cab035858e9a?s=96&d=mm&r=g","contentUrl":"https:\/\/secure.gravatar.com\/avatar\/5a9442a2bee7b4dcf167cab035858e9a?s=96&d=mm&r=g","caption":"Fatou"},"sameAs":["https:\/\/www.nettali.com"]}]}},"_links":{"self":[{"href":"https:\/\/www.nettali.com\/rest\/wp\/v2\/posts\/173066"}],"collection":[{"href":"https:\/\/www.nettali.com\/rest\/wp\/v2\/posts"}],"about":[{"href":"https:\/\/www.nettali.com\/rest\/wp\/v2\/types\/post"}],"author":[{"embeddable":true,"href":"https:\/\/www.nettali.com\/rest\/wp\/v2\/users\/6"}],"replies":[{"embeddable":true,"href":"https:\/\/www.nettali.com\/rest\/wp\/v2\/comments?post=173066"}],"version-history":[{"count":1,"href":"https:\/\/www.nettali.com\/rest\/wp\/v2\/posts\/173066\/revisions"}],"predecessor-version":[{"id":173068,"href":"https:\/\/www.nettali.com\/rest\/wp\/v2\/posts\/173066\/revisions\/173068"}],"wp:featuredmedia":[{"embeddable":true,"href":"https:\/\/www.nettali.com\/rest\/wp\/v2\/media\/173067"}],"wp:attachment":[{"href":"https:\/\/www.nettali.com\/rest\/wp\/v2\/media?parent=173066"}],"wp:term":[{"taxonomy":"category","embeddable":true,"href":"https:\/\/www.nettali.com\/rest\/wp\/v2\/categories?post=173066"},{"taxonomy":"post_tag","embeddable":true,"href":"https:\/\/www.nettali.com\/rest\/wp\/v2\/tags?post=173066"}],"curies":[{"name":"wp","href":"https:\/\/api.w.org\/{rel}","templated":true}]}}