{"id":173060,"date":"2026-05-01T21:52:48","date_gmt":"2026-05-01T21:52:48","guid":{"rendered":"https:\/\/www.nettali.com\/?p=173060"},"modified":"2026-05-01T21:52:48","modified_gmt":"2026-05-01T21:52:48","slug":"fete-du-travail-le-chef-de-letat-salue-celles-et-ceux-qui-font-vivre-la-nation","status":"publish","type":"post","link":"https:\/\/www.nettali.com\/2026\/05\/01\/fete-du-travail-le-chef-de-letat-salue-celles-et-ceux-qui-font-vivre-la-nation\/","title":{"rendered":"F\u00caTE DU TRAVAIL - Le chef de l\u2019Etat salue \u00ab celles et ceux qui font vivre la nation \u00bb"},"content":{"rendered":"<p><strong>NETTALI. COM- En ce 1er Mai, jour de comm\u00e9moration de la F\u00eate internationale du Travail, le Pr\u00e9sident Bassirou Diomaye Faye a rendu un hommage vibrant aux forces vives du S\u00e9n\u00e9gal. \u00c0 travers un message solennel, il a exprim\u00e9 sa gratitude envers les travailleurs de tous les secteurs, tout en r\u00e9it\u00e9rant la volont\u00e9 de l'\u00c9tat de placer la dignit\u00e9 humaine et le dialogue social au c\u0153ur de l'action nationale pour le d\u00e9veloppement du pays.<\/strong><\/p>\n<p>\u00c0 l\u2019occasion de la c\u00e9l\u00e9bration de la F\u00eate internationale du Travail, le pr\u00e9sident de la R\u00e9publique, Bassirou Diomaye Faye, a adress\u00e9 un message de reconnaissance et de soutien \u00e0 l\u2019ensemble des travailleuses et travailleurs du S\u00e9n\u00e9gal. Dans son message publi\u00e9 ce 1er mai, le chef de l\u2019\u00c9tat a salu\u00e9 l\u2019engagement quotidien des citoyens qui contribuent au fonctionnement et au d\u00e9veloppement du pays \u00e0 travers divers secteurs d\u2019activit\u00e9.<\/p>\n<p>\u00ab <em>\u00c0 celles et ceux qui, dans nos champs, nos ateliers, nos bureaux, nos h\u00f4pitaux, nos \u00e9coles, nos chantiers, nos march\u00e9s, font vivre la Nation par leur effort quotidien, j\u2019adresse ma reconnaissance et mes v\u0153ux les plus chaleureux<\/em> \u00bb, a d\u00e9clar\u00e9 le Pr\u00e9sident de la R\u00e9publique.<\/p>\n<p>Bassirou Diomaye Faye a rappel\u00e9 que le travail constitue un pilier essentiel dans la construction du pays et doit s\u2019accompagner de garanties en mati\u00e8re de justice sociale, de dignit\u00e9 et de protection des travailleurs. Le chef de l\u2019\u00c9tat a r\u00e9affirm\u00e9 son engagement, aux c\u00f4t\u00e9s du gouvernement et des partenaires sociaux, \u00e0 \u0153uvrer pour l\u2019am\u00e9lioration des conditions des travailleurs et le renforcement du dialogue social.<\/p>\n<div class='share-to-whatsapp-wrapper'><div class='share-on-whsp'>PARTAGER SUR : <\/div><a data-text='F\u00caTE DU TRAVAIL - Le chef de l\u2019Etat salue \u00ab celles et ceux qui font vivre la nation \u00bb' data-link='https:\/\/www.nettali.com\/2026\/05\/01\/fete-du-travail-le-chef-de-letat-salue-celles-et-ceux-qui-font-vivre-la-nation\/' class='whatsapp-button whatsapp-share'>WhatsApp<\/a><div class='clear '><\/div><\/div>","protected":false},"excerpt":{"rendered":"<p>NETTALI. COM- En ce 1er Mai, jour de comm\u00e9moration de la F\u00eate internationale du Travail, le Pr\u00e9sident Bassirou Diomaye Faye a rendu un hommage vibrant aux forces vives du S\u00e9n\u00e9gal. \u00c0 travers un message solennel, il a exprim\u00e9 sa gratitude envers les travailleurs de tous les secteurs, tout en r\u00e9it\u00e9rant la volont\u00e9 de l'\u00c9tat de [&hellip;]<\/p>\n","protected":false},"author":6,"featured_media":173070,"comment_status":"open","ping_status":"open","sticky":false,"template":"","format":"standard","meta":{"_et_pb_use_builder":"","_et_pb_old_content":""},"categories":[3],"tags":[],"yoast_head":"<!-- This site is optimized with the Yoast SEO Premium plugin v17.8 (Yoast SEO v17.8) - https:\/\/yoast.com\/wordpress\/plugins\/seo\/ -->\n<title>F\u00caTE DU TRAVAIL - Le chef de l\u2019Etat salue \u00ab celles et ceux qui font vivre la nation \u00bb | Nettali.com<\/title>\n<meta name=\"robots\" content=\"index, follow, max-snippet:-1, max-image-preview:large, max-video-preview:-1\" \/>\n<link rel=\"canonical\" href=\"https:\/\/www.nettali.com\/2026\/05\/01\/fete-du-travail-le-chef-de-letat-salue-celles-et-ceux-qui-font-vivre-la-nation\/\" \/>\n<meta property=\"og:locale\" content=\"fr_FR\" \/>\n<meta property=\"og:type\" content=\"article\" \/>\n<meta property=\"og:title\" content=\"F\u00caTE DU TRAVAIL - Le chef de l\u2019Etat salue \u00ab celles et ceux qui font vivre la nation \u00bb\" \/>\n<meta property=\"og:description\" content=\"NETTALI. COM- En ce 1er Mai, jour de comm\u00e9moration de la F\u00eate internationale du Travail, le Pr\u00e9sident Bassirou Diomaye Faye a rendu un hommage vibrant aux forces vives du S\u00e9n\u00e9gal. \u00c0 travers un message solennel, il a exprim\u00e9 sa gratitude envers les travailleurs de tous les secteurs, tout en r\u00e9it\u00e9rant la volont\u00e9 de l&#039;\u00c9tat de [&hellip;]\" \/>\n<meta property=\"og:url\" content=\"https:\/\/www.nettali.com\/2026\/05\/01\/fete-du-travail-le-chef-de-letat-salue-celles-et-ceux-qui-font-vivre-la-nation\/\" \/>\n<meta property=\"og:site_name\" content=\"Nettali.com\" \/>\n<meta property=\"article:publisher\" content=\"https:\/\/www.facebook.com\/nettalicom\" \/>\n<meta property=\"article:published_time\" content=\"2026-05-01T21:52:48+00:00\" \/>\n<meta property=\"og:image\" content=\"https:\/\/www.nettali.com\/wp-content\/uploads\/2026\/05\/Dioms.jpg\" \/>\n\t<meta property=\"og:image:width\" content=\"1440\" \/>\n\t<meta property=\"og:image:height\" content=\"790\" \/>\n<meta name=\"twitter:card\" content=\"summary_large_image\" \/>\n<meta name=\"twitter:label1\" content=\"\u00c9crit par\" \/>\n\t<meta name=\"twitter:data1\" content=\"Fatou\" \/>\n\t<meta name=\"twitter:label2\" content=\"Dur\u00e9e de lecture estim\u00e9e\" \/>\n\t<meta name=\"twitter:data2\" content=\"2 minutes\" \/>\n<script type=\"application\/ld+json\" class=\"yoast-schema-graph\">{\"@context\":\"https:\/\/schema.org\",\"@graph\":[{\"@type\":\"WebSite\",\"@id\":\"https:\/\/www.nettali.com\/#website\",\"url\":\"https:\/\/www.nettali.com\/\",\"name\":\"Nettali.com\",\"description\":\"Le rendez-vous critique du Net\",\"potentialAction\":[{\"@type\":\"SearchAction\",\"target\":{\"@type\":\"EntryPoint\",\"urlTemplate\":\"https:\/\/www.nettali.com\/?s={search_term_string}\"},\"query-input\":\"required name=search_term_string\"}],\"inLanguage\":\"fr-FR\"},{\"@type\":\"ImageObject\",\"@id\":\"https:\/\/www.nettali.com\/2026\/05\/01\/fete-du-travail-le-chef-de-letat-salue-celles-et-ceux-qui-font-vivre-la-nation\/#primaryimage\",\"inLanguage\":\"fr-FR\",\"url\":\"https:\/\/www.nettali.com\/wp-content\/uploads\/2026\/05\/Dioms.jpg\",\"contentUrl\":\"https:\/\/www.nettali.com\/wp-content\/uploads\/2026\/05\/Dioms.jpg\",\"width\":1440,\"height\":790},{\"@type\":\"WebPage\",\"@id\":\"https:\/\/www.nettali.com\/2026\/05\/01\/fete-du-travail-le-chef-de-letat-salue-celles-et-ceux-qui-font-vivre-la-nation\/#webpage\",\"url\":\"https:\/\/www.nettali.com\/2026\/05\/01\/fete-du-travail-le-chef-de-letat-salue-celles-et-ceux-qui-font-vivre-la-nation\/\",\"name\":\"F\\u00caTE DU TRAVAIL - Le chef de l\\u2019Etat salue \\u00ab celles et ceux qui font vivre la nation \\u00bb | Nettali.com\",\"isPartOf\":{\"@id\":\"https:\/\/www.nettali.com\/#website\"},\"primaryImageOfPage\":{\"@id\":\"https:\/\/www.nettali.com\/2026\/05\/01\/fete-du-travail-le-chef-de-letat-salue-celles-et-ceux-qui-font-vivre-la-nation\/#primaryimage\"},\"datePublished\":\"2026-05-01T21:52:48+00:00\",\"dateModified\":\"2026-05-01T21:52:48+00:00\",\"author\":{\"@id\":\"https:\/\/www.nettali.com\/#\/schema\/person\/418274a86bdf87caff7a3ef476bd0bbf\"},\"breadcrumb\":{\"@id\":\"https:\/\/www.nettali.com\/2026\/05\/01\/fete-du-travail-le-chef-de-letat-salue-celles-et-ceux-qui-font-vivre-la-nation\/#breadcrumb\"},\"inLanguage\":\"fr-FR\",\"potentialAction\":[{\"@type\":\"ReadAction\",\"target\":[\"https:\/\/www.nettali.com\/2026\/05\/01\/fete-du-travail-le-chef-de-letat-salue-celles-et-ceux-qui-font-vivre-la-nation\/\"]}]},{\"@type\":\"BreadcrumbList\",\"@id\":\"https:\/\/www.nettali.com\/2026\/05\/01\/fete-du-travail-le-chef-de-letat-salue-celles-et-ceux-qui-font-vivre-la-nation\/#breadcrumb\",\"itemListElement\":[{\"@type\":\"ListItem\",\"position\":1,\"name\":\"Accueil\",\"item\":\"https:\/\/www.nettali.com\/\"},{\"@type\":\"ListItem\",\"position\":2,\"name\":\"F\\u00caTE DU TRAVAIL - Le chef de l\\u2019Etat salue \\u00ab celles et ceux qui font vivre la nation \\u00bb\"}]},{\"@type\":\"Person\",\"@id\":\"https:\/\/www.nettali.com\/#\/schema\/person\/418274a86bdf87caff7a3ef476bd0bbf\",\"name\":\"Fatou\",\"image\":{\"@type\":\"ImageObject\",\"@id\":\"https:\/\/www.nettali.com\/#personlogo\",\"inLanguage\":\"fr-FR\",\"url\":\"https:\/\/secure.gravatar.com\/avatar\/5a9442a2bee7b4dcf167cab035858e9a?s=96&d=mm&r=g\",\"contentUrl\":\"https:\/\/secure.gravatar.com\/avatar\/5a9442a2bee7b4dcf167cab035858e9a?s=96&d=mm&r=g\",\"caption\":\"Fatou\"},\"sameAs\":[\"https:\/\/www.nettali.com\"]}]}<\/script>\n<!-- \/ Yoast SEO Premium plugin. -->","yoast_head_json":{"title":"F\u00caTE DU TRAVAIL - Le chef de l\u2019Etat salue \u00ab celles et ceux qui font vivre la nation \u00bb | Nettali.com","robots":{"index":"index","follow":"follow","max-snippet":"max-snippet:-1","max-image-preview":"max-image-preview:large","max-video-preview":"max-video-preview:-1"},"canonical":"https:\/\/www.nettali.com\/2026\/05\/01\/fete-du-travail-le-chef-de-letat-salue-celles-et-ceux-qui-font-vivre-la-nation\/","og_locale":"fr_FR","og_type":"article","og_title":"F\u00caTE DU TRAVAIL - Le chef de l\u2019Etat salue \u00ab celles et ceux qui font vivre la nation \u00bb","og_description":"NETTALI. COM- En ce 1er Mai, jour de comm\u00e9moration de la F\u00eate internationale du Travail, le Pr\u00e9sident Bassirou Diomaye Faye a rendu un hommage vibrant aux forces vives du S\u00e9n\u00e9gal. \u00c0 travers un message solennel, il a exprim\u00e9 sa gratitude envers les travailleurs de tous les secteurs, tout en r\u00e9it\u00e9rant la volont\u00e9 de l'\u00c9tat de [&hellip;]","og_url":"https:\/\/www.nettali.com\/2026\/05\/01\/fete-du-travail-le-chef-de-letat-salue-celles-et-ceux-qui-font-vivre-la-nation\/","og_site_name":"Nettali.com","article_publisher":"https:\/\/www.facebook.com\/nettalicom","article_published_time":"2026-05-01T21:52:48+00:00","og_image":[{"width":1440,"height":790,"url":"https:\/\/www.nettali.com\/wp-content\/uploads\/2026\/05\/Dioms.jpg","type":"image\/jpeg"}],"twitter_card":"summary_large_image","twitter_misc":{"\u00c9crit par":"Fatou","Dur\u00e9e de lecture estim\u00e9e":"2 minutes"},"schema":{"@context":"https:\/\/schema.org","@graph":[{"@type":"WebSite","@id":"https:\/\/www.nettali.com\/#website","url":"https:\/\/www.nettali.com\/","name":"Nettali.com","description":"Le rendez-vous critique du Net","potentialAction":[{"@type":"SearchAction","target":{"@type":"EntryPoint","urlTemplate":"https:\/\/www.nettali.com\/?s={search_term_string}"},"query-input":"required name=search_term_string"}],"inLanguage":"fr-FR"},{"@type":"ImageObject","@id":"https:\/\/www.nettali.com\/2026\/05\/01\/fete-du-travail-le-chef-de-letat-salue-celles-et-ceux-qui-font-vivre-la-nation\/#primaryimage","inLanguage":"fr-FR","url":"https:\/\/www.nettali.com\/wp-content\/uploads\/2026\/05\/Dioms.jpg","contentUrl":"https:\/\/www.nettali.com\/wp-content\/uploads\/2026\/05\/Dioms.jpg","width":1440,"height":790},{"@type":"WebPage","@id":"https:\/\/www.nettali.com\/2026\/05\/01\/fete-du-travail-le-chef-de-letat-salue-celles-et-ceux-qui-font-vivre-la-nation\/#webpage","url":"https:\/\/www.nettali.com\/2026\/05\/01\/fete-du-travail-le-chef-de-letat-salue-celles-et-ceux-qui-font-vivre-la-nation\/","name":"F\u00caTE DU TRAVAIL - Le chef de l\u2019Etat salue \u00ab celles et ceux qui font vivre la nation \u00bb | Nettali.com","isPartOf":{"@id":"https:\/\/www.nettali.com\/#website"},"primaryImageOfPage":{"@id":"https:\/\/www.nettali.com\/2026\/05\/01\/fete-du-travail-le-chef-de-letat-salue-celles-et-ceux-qui-font-vivre-la-nation\/#primaryimage"},"datePublished":"2026-05-01T21:52:48+00:00","dateModified":"2026-05-01T21:52:48+00:00","author":{"@id":"https:\/\/www.nettali.com\/#\/schema\/person\/418274a86bdf87caff7a3ef476bd0bbf"},"breadcrumb":{"@id":"https:\/\/www.nettali.com\/2026\/05\/01\/fete-du-travail-le-chef-de-letat-salue-celles-et-ceux-qui-font-vivre-la-nation\/#breadcrumb"},"inLanguage":"fr-FR","potentialAction":[{"@type":"ReadAction","target":["https:\/\/www.nettali.com\/2026\/05\/01\/fete-du-travail-le-chef-de-letat-salue-celles-et-ceux-qui-font-vivre-la-nation\/"]}]},{"@type":"BreadcrumbList","@id":"https:\/\/www.nettali.com\/2026\/05\/01\/fete-du-travail-le-chef-de-letat-salue-celles-et-ceux-qui-font-vivre-la-nation\/#breadcrumb","itemListElement":[{"@type":"ListItem","position":1,"name":"Accueil","item":"https:\/\/www.nettali.com\/"},{"@type":"ListItem","position":2,"name":"F\u00caTE DU TRAVAIL - Le chef de l\u2019Etat salue \u00ab celles et ceux qui font vivre la nation \u00bb"}]},{"@type":"Person","@id":"https:\/\/www.nettali.com\/#\/schema\/person\/418274a86bdf87caff7a3ef476bd0bbf","name":"Fatou","image":{"@type":"ImageObject","@id":"https:\/\/www.nettali.com\/#personlogo","inLanguage":"fr-FR","url":"https:\/\/secure.gravatar.com\/avatar\/5a9442a2bee7b4dcf167cab035858e9a?s=96&d=mm&r=g","contentUrl":"https:\/\/secure.gravatar.com\/avatar\/5a9442a2bee7b4dcf167cab035858e9a?s=96&d=mm&r=g","caption":"Fatou"},"sameAs":["https:\/\/www.nettali.com"]}]}},"_links":{"self":[{"href":"https:\/\/www.nettali.com\/rest\/wp\/v2\/posts\/173060"}],"collection":[{"href":"https:\/\/www.nettali.com\/rest\/wp\/v2\/posts"}],"about":[{"href":"https:\/\/www.nettali.com\/rest\/wp\/v2\/types\/post"}],"author":[{"embeddable":true,"href":"https:\/\/www.nettali.com\/rest\/wp\/v2\/users\/6"}],"replies":[{"embeddable":true,"href":"https:\/\/www.nettali.com\/rest\/wp\/v2\/comments?post=173060"}],"version-history":[{"count":1,"href":"https:\/\/www.nettali.com\/rest\/wp\/v2\/posts\/173060\/revisions"}],"predecessor-version":[{"id":173061,"href":"https:\/\/www.nettali.com\/rest\/wp\/v2\/posts\/173060\/revisions\/173061"}],"wp:featuredmedia":[{"embeddable":true,"href":"https:\/\/www.nettali.com\/rest\/wp\/v2\/media\/173070"}],"wp:attachment":[{"href":"https:\/\/www.nettali.com\/rest\/wp\/v2\/media?parent=173060"}],"wp:term":[{"taxonomy":"category","embeddable":true,"href":"https:\/\/www.nettali.com\/rest\/wp\/v2\/categories?post=173060"},{"taxonomy":"post_tag","embeddable":true,"href":"https:\/\/www.nettali.com\/rest\/wp\/v2\/tags?post=173060"}],"curies":[{"name":"wp","href":"https:\/\/api.w.org\/{rel}","templated":true}]}}