{"id":173055,"date":"2026-05-01T19:12:49","date_gmt":"2026-05-01T19:12:49","guid":{"rendered":"https:\/\/www.nettali.com\/?p=173055"},"modified":"2026-05-01T15:14:52","modified_gmt":"2026-05-01T15:14:52","slug":"maroc-le-stade-prince-moulay-abdellah-vandalise-apres-le-classico-as-far-raja","status":"publish","type":"post","link":"https:\/\/www.nettali.com\/2026\/05\/01\/maroc-le-stade-prince-moulay-abdellah-vandalise-apres-le-classico-as-far-raja\/","title":{"rendered":"MAROC : le stade Prince Moulay Abdellah vandalis\u00e9 apr\u00e8s le classico AS FAR\u2013Raja"},"content":{"rendered":"<p><strong>NETTALI.COM - Des sc\u00e8nes de vandalisme ont \u00e9clat\u00e9 \u00e0 Rabat apr\u00e8s le match entre l\u2019AS FAR et le Raja. Tribunes saccag\u00e9es, \u00e9quipements d\u00e9truits et s\u00e9curit\u00e9 d\u00e9bord\u00e9e.<\/strong><\/p>\n<p>Le Stade Prince Moulay Abdellah de Rabat a \u00e9t\u00e9 le th\u00e9\u00e2tre de violents incidents \u00e0 l\u2019issue du classico opposant AS FAR au Raja Club Athletic. L\u2019enceinte sportive, qui avait r\u00e9cemment accueilli la finale entre le Maroc et le S\u00e9n\u00e9gal, a subi d\u2019importants d\u00e9g\u00e2ts mat\u00e9riels.<\/p>\n<p>Selon plusieurs t\u00e9moignages et constats sur place, des centaines de si\u00e8ges ont \u00e9t\u00e9 arrach\u00e9s dans les tribunes et utilis\u00e9s comme projectiles.<\/p>\n<p>Les violences ont entra\u00een\u00e9 une d\u00e9gradation significative de plusieurs zones du stade, laissant appara\u00eetre des sections enti\u00e8rement d\u00e9truites. Le mat\u00e9riel de la zone de presse n\u2019a pas \u00e9t\u00e9 \u00e9pargn\u00e9. Des \u00e9crans, pupitres et autres installations techniques ont \u00e9t\u00e9 syst\u00e9matiquement vandalis\u00e9s. Les parois en plexiglas, install\u00e9es pour s\u00e9parer les supporters et s\u00e9curiser les tribunes, ont \u00e9galement \u00e9t\u00e9 forc\u00e9es puis bris\u00e9es.<\/p>\n<p><img loading=\"lazy\" class=\"alignnone size-full wp-image-173057\" src=\"https:\/\/www.nettali.com\/wp-content\/uploads\/2026\/05\/Maroc1.jpeg\" alt=\"\" width=\"900\" height=\"540\" srcset=\"https:\/\/www.nettali.com\/wp-content\/uploads\/2026\/05\/Maroc1.jpeg 900w, https:\/\/www.nettali.com\/wp-content\/uploads\/2026\/05\/Maroc1-300x180.jpeg 300w, https:\/\/www.nettali.com\/wp-content\/uploads\/2026\/05\/Maroc1-768x461.jpeg 768w, https:\/\/www.nettali.com\/wp-content\/uploads\/2026\/05\/Maroc1-627x376.jpeg 627w, https:\/\/www.nettali.com\/wp-content\/uploads\/2026\/05\/Maroc1-440x264.jpeg 440w\" sizes=\"(max-width: 900px) 100vw, 900px\" \/><\/p>\n<p>Ces incidents surviennent dans un stade embl\u00e9matique ayant r\u00e9cemment accueilli des rencontres internationales, notamment la finale entre le Maroc et le S\u00e9n\u00e9gal.<\/p>\n<p>Ce contraste renforce l\u2019ampleur du choc face \u00e0 l\u2019\u00e9tat des installations apr\u00e8s les violences.<\/p>\n<p>Ces \u00e9v\u00e9nements relancent le d\u00e9bat sur la gestion des foules lors des grandes affiches, les dispositifs de s\u00e9curit\u00e9 dans les stades et les sanctions \u00e0 l\u2019encontre des auteurs de violences.<\/p>\n<p>&nbsp;<\/p>\n<div class='share-to-whatsapp-wrapper'><div class='share-on-whsp'>PARTAGER SUR : <\/div><a data-text='MAROC : le stade Prince Moulay Abdellah vandalis\u00e9 apr\u00e8s le classico AS FAR\u2013Raja' data-link='https:\/\/www.nettali.com\/2026\/05\/01\/maroc-le-stade-prince-moulay-abdellah-vandalise-apres-le-classico-as-far-raja\/' class='whatsapp-button whatsapp-share'>WhatsApp<\/a><div class='clear '><\/div><\/div>","protected":false},"excerpt":{"rendered":"<p>NETTALI.COM - Des sc\u00e8nes de vandalisme ont \u00e9clat\u00e9 \u00e0 Rabat apr\u00e8s le match entre l\u2019AS FAR et le Raja. Tribunes saccag\u00e9es, \u00e9quipements d\u00e9truits et s\u00e9curit\u00e9 d\u00e9bord\u00e9e. Le Stade Prince Moulay Abdellah de Rabat a \u00e9t\u00e9 le th\u00e9\u00e2tre de violents incidents \u00e0 l\u2019issue du classico opposant AS FAR au Raja Club Athletic. L\u2019enceinte sportive, qui avait [&hellip;]<\/p>\n","protected":false},"author":4,"featured_media":173056,"comment_status":"open","ping_status":"open","sticky":false,"template":"","format":"standard","meta":{"_et_pb_use_builder":"","_et_pb_old_content":""},"categories":[6],"tags":[],"yoast_head":"<!-- This site is optimized with the Yoast SEO Premium plugin v17.8 (Yoast SEO v17.8) - https:\/\/yoast.com\/wordpress\/plugins\/seo\/ -->\n<title>MAROC : le stade Prince Moulay Abdellah vandalis\u00e9 apr\u00e8s le classico AS FAR\u2013Raja | Nettali.com<\/title>\n<meta name=\"robots\" content=\"index, follow, max-snippet:-1, max-image-preview:large, max-video-preview:-1\" \/>\n<link rel=\"canonical\" href=\"https:\/\/www.nettali.com\/2026\/05\/01\/maroc-le-stade-prince-moulay-abdellah-vandalise-apres-le-classico-as-far-raja\/\" \/>\n<meta property=\"og:locale\" content=\"fr_FR\" \/>\n<meta property=\"og:type\" content=\"article\" \/>\n<meta property=\"og:title\" content=\"MAROC : le stade Prince Moulay Abdellah vandalis\u00e9 apr\u00e8s le classico AS FAR\u2013Raja\" \/>\n<meta property=\"og:description\" content=\"NETTALI.COM - Des sc\u00e8nes de vandalisme ont \u00e9clat\u00e9 \u00e0 Rabat apr\u00e8s le match entre l\u2019AS FAR et le Raja. Tribunes saccag\u00e9es, \u00e9quipements d\u00e9truits et s\u00e9curit\u00e9 d\u00e9bord\u00e9e. Le Stade Prince Moulay Abdellah de Rabat a \u00e9t\u00e9 le th\u00e9\u00e2tre de violents incidents \u00e0 l\u2019issue du classico opposant AS FAR au Raja Club Athletic. L\u2019enceinte sportive, qui avait [&hellip;]\" \/>\n<meta property=\"og:url\" content=\"https:\/\/www.nettali.com\/2026\/05\/01\/maroc-le-stade-prince-moulay-abdellah-vandalise-apres-le-classico-as-far-raja\/\" \/>\n<meta property=\"og:site_name\" content=\"Nettali.com\" \/>\n<meta property=\"article:publisher\" content=\"https:\/\/www.facebook.com\/nettalicom\" \/>\n<meta property=\"article:published_time\" content=\"2026-05-01T19:12:49+00:00\" \/>\n<meta property=\"article:modified_time\" content=\"2026-05-01T15:14:52+00:00\" \/>\n<meta property=\"og:image\" content=\"https:\/\/www.nettali.com\/wp-content\/uploads\/2026\/05\/Maroc.jpg\" \/>\n\t<meta property=\"og:image:width\" content=\"800\" \/>\n\t<meta property=\"og:image:height\" content=\"532\" \/>\n<meta name=\"twitter:card\" content=\"summary_large_image\" \/>\n<meta name=\"twitter:label1\" content=\"\u00c9crit par\" \/>\n\t<meta name=\"twitter:data1\" content=\"Daouda\" \/>\n\t<meta name=\"twitter:label2\" content=\"Dur\u00e9e de lecture estim\u00e9e\" \/>\n\t<meta name=\"twitter:data2\" content=\"1 minute\" \/>\n<script type=\"application\/ld+json\" class=\"yoast-schema-graph\">{\"@context\":\"https:\/\/schema.org\",\"@graph\":[{\"@type\":\"WebSite\",\"@id\":\"https:\/\/www.nettali.com\/#website\",\"url\":\"https:\/\/www.nettali.com\/\",\"name\":\"Nettali.com\",\"description\":\"Le rendez-vous critique du Net\",\"potentialAction\":[{\"@type\":\"SearchAction\",\"target\":{\"@type\":\"EntryPoint\",\"urlTemplate\":\"https:\/\/www.nettali.com\/?s={search_term_string}\"},\"query-input\":\"required name=search_term_string\"}],\"inLanguage\":\"fr-FR\"},{\"@type\":\"ImageObject\",\"@id\":\"https:\/\/www.nettali.com\/2026\/05\/01\/maroc-le-stade-prince-moulay-abdellah-vandalise-apres-le-classico-as-far-raja\/#primaryimage\",\"inLanguage\":\"fr-FR\",\"url\":\"https:\/\/www.nettali.com\/wp-content\/uploads\/2026\/05\/Maroc.jpg\",\"contentUrl\":\"https:\/\/www.nettali.com\/wp-content\/uploads\/2026\/05\/Maroc.jpg\",\"width\":800,\"height\":532},{\"@type\":\"WebPage\",\"@id\":\"https:\/\/www.nettali.com\/2026\/05\/01\/maroc-le-stade-prince-moulay-abdellah-vandalise-apres-le-classico-as-far-raja\/#webpage\",\"url\":\"https:\/\/www.nettali.com\/2026\/05\/01\/maroc-le-stade-prince-moulay-abdellah-vandalise-apres-le-classico-as-far-raja\/\",\"name\":\"MAROC : le stade Prince Moulay Abdellah vandalis\\u00e9 apr\\u00e8s le classico AS FAR\\u2013Raja | Nettali.com\",\"isPartOf\":{\"@id\":\"https:\/\/www.nettali.com\/#website\"},\"primaryImageOfPage\":{\"@id\":\"https:\/\/www.nettali.com\/2026\/05\/01\/maroc-le-stade-prince-moulay-abdellah-vandalise-apres-le-classico-as-far-raja\/#primaryimage\"},\"datePublished\":\"2026-05-01T19:12:49+00:00\",\"dateModified\":\"2026-05-01T15:14:52+00:00\",\"author\":{\"@id\":\"https:\/\/www.nettali.com\/#\/schema\/person\/3317e0bb3aa1da309fbf7b2780901bf4\"},\"breadcrumb\":{\"@id\":\"https:\/\/www.nettali.com\/2026\/05\/01\/maroc-le-stade-prince-moulay-abdellah-vandalise-apres-le-classico-as-far-raja\/#breadcrumb\"},\"inLanguage\":\"fr-FR\",\"potentialAction\":[{\"@type\":\"ReadAction\",\"target\":[\"https:\/\/www.nettali.com\/2026\/05\/01\/maroc-le-stade-prince-moulay-abdellah-vandalise-apres-le-classico-as-far-raja\/\"]}]},{\"@type\":\"BreadcrumbList\",\"@id\":\"https:\/\/www.nettali.com\/2026\/05\/01\/maroc-le-stade-prince-moulay-abdellah-vandalise-apres-le-classico-as-far-raja\/#breadcrumb\",\"itemListElement\":[{\"@type\":\"ListItem\",\"position\":1,\"name\":\"Accueil\",\"item\":\"https:\/\/www.nettali.com\/\"},{\"@type\":\"ListItem\",\"position\":2,\"name\":\"MAROC : le stade Prince Moulay Abdellah vandalis\\u00e9 apr\\u00e8s le classico AS FAR\\u2013Raja\"}]},{\"@type\":\"Person\",\"@id\":\"https:\/\/www.nettali.com\/#\/schema\/person\/3317e0bb3aa1da309fbf7b2780901bf4\",\"name\":\"Daouda\",\"image\":{\"@type\":\"ImageObject\",\"@id\":\"https:\/\/www.nettali.com\/#personlogo\",\"inLanguage\":\"fr-FR\",\"url\":\"https:\/\/secure.gravatar.com\/avatar\/8d143b5a49345098ddcfee1c49c2f47c?s=96&d=mm&r=g\",\"contentUrl\":\"https:\/\/secure.gravatar.com\/avatar\/8d143b5a49345098ddcfee1c49c2f47c?s=96&d=mm&r=g\",\"caption\":\"Daouda\"},\"sameAs\":[\"https:\/\/www.nettali.com\"]}]}<\/script>\n<!-- \/ Yoast SEO Premium plugin. -->","yoast_head_json":{"title":"MAROC : le stade Prince Moulay Abdellah vandalis\u00e9 apr\u00e8s le classico AS FAR\u2013Raja | Nettali.com","robots":{"index":"index","follow":"follow","max-snippet":"max-snippet:-1","max-image-preview":"max-image-preview:large","max-video-preview":"max-video-preview:-1"},"canonical":"https:\/\/www.nettali.com\/2026\/05\/01\/maroc-le-stade-prince-moulay-abdellah-vandalise-apres-le-classico-as-far-raja\/","og_locale":"fr_FR","og_type":"article","og_title":"MAROC : le stade Prince Moulay Abdellah vandalis\u00e9 apr\u00e8s le classico AS FAR\u2013Raja","og_description":"NETTALI.COM - Des sc\u00e8nes de vandalisme ont \u00e9clat\u00e9 \u00e0 Rabat apr\u00e8s le match entre l\u2019AS FAR et le Raja. Tribunes saccag\u00e9es, \u00e9quipements d\u00e9truits et s\u00e9curit\u00e9 d\u00e9bord\u00e9e. Le Stade Prince Moulay Abdellah de Rabat a \u00e9t\u00e9 le th\u00e9\u00e2tre de violents incidents \u00e0 l\u2019issue du classico opposant AS FAR au Raja Club Athletic. L\u2019enceinte sportive, qui avait [&hellip;]","og_url":"https:\/\/www.nettali.com\/2026\/05\/01\/maroc-le-stade-prince-moulay-abdellah-vandalise-apres-le-classico-as-far-raja\/","og_site_name":"Nettali.com","article_publisher":"https:\/\/www.facebook.com\/nettalicom","article_published_time":"2026-05-01T19:12:49+00:00","article_modified_time":"2026-05-01T15:14:52+00:00","og_image":[{"width":800,"height":532,"url":"https:\/\/www.nettali.com\/wp-content\/uploads\/2026\/05\/Maroc.jpg","type":"image\/jpeg"}],"twitter_card":"summary_large_image","twitter_misc":{"\u00c9crit par":"Daouda","Dur\u00e9e de lecture estim\u00e9e":"1 minute"},"schema":{"@context":"https:\/\/schema.org","@graph":[{"@type":"WebSite","@id":"https:\/\/www.nettali.com\/#website","url":"https:\/\/www.nettali.com\/","name":"Nettali.com","description":"Le rendez-vous critique du Net","potentialAction":[{"@type":"SearchAction","target":{"@type":"EntryPoint","urlTemplate":"https:\/\/www.nettali.com\/?s={search_term_string}"},"query-input":"required name=search_term_string"}],"inLanguage":"fr-FR"},{"@type":"ImageObject","@id":"https:\/\/www.nettali.com\/2026\/05\/01\/maroc-le-stade-prince-moulay-abdellah-vandalise-apres-le-classico-as-far-raja\/#primaryimage","inLanguage":"fr-FR","url":"https:\/\/www.nettali.com\/wp-content\/uploads\/2026\/05\/Maroc.jpg","contentUrl":"https:\/\/www.nettali.com\/wp-content\/uploads\/2026\/05\/Maroc.jpg","width":800,"height":532},{"@type":"WebPage","@id":"https:\/\/www.nettali.com\/2026\/05\/01\/maroc-le-stade-prince-moulay-abdellah-vandalise-apres-le-classico-as-far-raja\/#webpage","url":"https:\/\/www.nettali.com\/2026\/05\/01\/maroc-le-stade-prince-moulay-abdellah-vandalise-apres-le-classico-as-far-raja\/","name":"MAROC : le stade Prince Moulay Abdellah vandalis\u00e9 apr\u00e8s le classico AS FAR\u2013Raja | Nettali.com","isPartOf":{"@id":"https:\/\/www.nettali.com\/#website"},"primaryImageOfPage":{"@id":"https:\/\/www.nettali.com\/2026\/05\/01\/maroc-le-stade-prince-moulay-abdellah-vandalise-apres-le-classico-as-far-raja\/#primaryimage"},"datePublished":"2026-05-01T19:12:49+00:00","dateModified":"2026-05-01T15:14:52+00:00","author":{"@id":"https:\/\/www.nettali.com\/#\/schema\/person\/3317e0bb3aa1da309fbf7b2780901bf4"},"breadcrumb":{"@id":"https:\/\/www.nettali.com\/2026\/05\/01\/maroc-le-stade-prince-moulay-abdellah-vandalise-apres-le-classico-as-far-raja\/#breadcrumb"},"inLanguage":"fr-FR","potentialAction":[{"@type":"ReadAction","target":["https:\/\/www.nettali.com\/2026\/05\/01\/maroc-le-stade-prince-moulay-abdellah-vandalise-apres-le-classico-as-far-raja\/"]}]},{"@type":"BreadcrumbList","@id":"https:\/\/www.nettali.com\/2026\/05\/01\/maroc-le-stade-prince-moulay-abdellah-vandalise-apres-le-classico-as-far-raja\/#breadcrumb","itemListElement":[{"@type":"ListItem","position":1,"name":"Accueil","item":"https:\/\/www.nettali.com\/"},{"@type":"ListItem","position":2,"name":"MAROC : le stade Prince Moulay Abdellah vandalis\u00e9 apr\u00e8s le classico AS FAR\u2013Raja"}]},{"@type":"Person","@id":"https:\/\/www.nettali.com\/#\/schema\/person\/3317e0bb3aa1da309fbf7b2780901bf4","name":"Daouda","image":{"@type":"ImageObject","@id":"https:\/\/www.nettali.com\/#personlogo","inLanguage":"fr-FR","url":"https:\/\/secure.gravatar.com\/avatar\/8d143b5a49345098ddcfee1c49c2f47c?s=96&d=mm&r=g","contentUrl":"https:\/\/secure.gravatar.com\/avatar\/8d143b5a49345098ddcfee1c49c2f47c?s=96&d=mm&r=g","caption":"Daouda"},"sameAs":["https:\/\/www.nettali.com"]}]}},"_links":{"self":[{"href":"https:\/\/www.nettali.com\/rest\/wp\/v2\/posts\/173055"}],"collection":[{"href":"https:\/\/www.nettali.com\/rest\/wp\/v2\/posts"}],"about":[{"href":"https:\/\/www.nettali.com\/rest\/wp\/v2\/types\/post"}],"author":[{"embeddable":true,"href":"https:\/\/www.nettali.com\/rest\/wp\/v2\/users\/4"}],"replies":[{"embeddable":true,"href":"https:\/\/www.nettali.com\/rest\/wp\/v2\/comments?post=173055"}],"version-history":[{"count":1,"href":"https:\/\/www.nettali.com\/rest\/wp\/v2\/posts\/173055\/revisions"}],"predecessor-version":[{"id":173058,"href":"https:\/\/www.nettali.com\/rest\/wp\/v2\/posts\/173055\/revisions\/173058"}],"wp:featuredmedia":[{"embeddable":true,"href":"https:\/\/www.nettali.com\/rest\/wp\/v2\/media\/173056"}],"wp:attachment":[{"href":"https:\/\/www.nettali.com\/rest\/wp\/v2\/media?parent=173055"}],"wp:term":[{"taxonomy":"category","embeddable":true,"href":"https:\/\/www.nettali.com\/rest\/wp\/v2\/categories?post=173055"},{"taxonomy":"post_tag","embeddable":true,"href":"https:\/\/www.nettali.com\/rest\/wp\/v2\/tags?post=173055"}],"curies":[{"name":"wp","href":"https:\/\/api.w.org\/{rel}","templated":true}]}}