{"id":173053,"date":"2026-05-01T17:02:21","date_gmt":"2026-05-01T17:02:21","guid":{"rendered":"https:\/\/www.nettali.com\/?p=173053"},"modified":"2026-05-01T15:07:47","modified_gmt":"2026-05-01T15:07:47","slug":"me-bamba-cisse-la-publication-de-la-liste-electorale-definitive-va-etre-faite-incessamment","status":"publish","type":"post","link":"https:\/\/www.nettali.com\/2026\/05\/01\/me-bamba-cisse-la-publication-de-la-liste-electorale-definitive-va-etre-faite-incessamment\/","title":{"rendered":"Me BAMBA CISS\u00c9 : \u00ab La publication de la liste \u00e9lectorale d\u00e9finitive va \u00eatre faite incessamment\u00a0\u00bb"},"content":{"rendered":"<p data-start=\"87\" data-end=\"245\"><strong>NETTALI.COM - Le ministre de l\u2019Int\u00e9rieur annonce une publication imminente, dans un contexte marqu\u00e9 par des tensions politiques et une r\u00e9cente cyberattaque.<\/strong><\/p>\n<p>La liste \u00e9lectorale d\u00e9finitive sera rendue publique dans les prochains jours, a annonc\u00e9 le ministre de l\u2019Int\u00e9rieur et de la S\u00e9curit\u00e9 publique, Mouhamadou Bamba Ciss\u00e9, jeudi, lors d\u2019une intervention sur une radio priv\u00e9e.<\/p>\n<p data-start=\"502\" data-end=\"651\">Selon lui, cette publication interviendra \u00e0 la fois sur le site de la Direction g\u00e9n\u00e9rale des \u00e9lections (DGE) et aupr\u00e8s des autorit\u00e9s administratives. <em>\u00ab La publication de la liste \u00e9lectorale d\u00e9finitive est act\u00e9e \u00bb<\/em>, a-t-il d\u00e9clar\u00e9.<\/p>\n<p>Cette annonce intervient dans le cadre d\u2019une rencontre de prise de contact avec les partis politiques, destin\u00e9e \u00e0 partager les informations relatives au processus \u00e9lectoral. Cependant, cette r\u00e9union a \u00e9t\u00e9 marqu\u00e9e par le boycott des formations politiques regroup\u00e9es au sein du Front pour la d\u00e9fense de la d\u00e9mocratie et de la R\u00e9publique (FDR), qui rassemble l\u2019essentiel de l\u2019opposition.<\/p>\n<p>Le ministre est \u00e9galement revenu sur les perturbations r\u00e9centes li\u00e9es \u00e0 une cyberattaque ayant affect\u00e9 la Direction de l\u2019automatisation des fichiers (DAF).<\/p>\n<p data-start=\"1392\" data-end=\"1538\">La production des cartes d\u2019\u00e9lecteur, suspendue \u00e0 la suite de cet incident, a repris le 12 avril 2026, apr\u00e8s plusieurs semaines d\u2019interruption. Les autorit\u00e9s avaient alors assur\u00e9 que l\u2019int\u00e9grit\u00e9 des donn\u00e9es personnelles n\u2019avait pas \u00e9t\u00e9 compromise.<\/p>\n<p>Mouhamadou Bamba Ciss\u00e9 a indiqu\u00e9 que la DAF a finalis\u00e9 la consolidation du fichier \u00e9lectoral, int\u00e9grant les donn\u00e9es issues de la r\u00e9vision ordinaire des listes \u00e9lectorales de 2025.<\/p>\n<p data-start=\"1875\" data-end=\"2025\">Il a \u00e9galement assur\u00e9 de la disponibilit\u00e9 et de l\u2019accessibilit\u00e9 du fichier \u00e9lectoral, un \u00e9l\u00e9ment crucial pour la cr\u00e9dibilit\u00e9 des scrutins \u00e0 venir. Cette publication intervient dans un climat politique marqu\u00e9 par des tensions autour des r\u00e9formes \u00e9lectorales en cours.<\/p>\n<p>Le boycott de la rencontre par une partie de l\u2019opposition illustre les divergences persistantes sur la gestion du processus \u00e9lectoral.<\/p>\n<p>&nbsp;<\/p>\n<div class='share-to-whatsapp-wrapper'><div class='share-on-whsp'>PARTAGER SUR : <\/div><a data-text='Me BAMBA CISS\u00c9 : \u00ab La publication de la liste \u00e9lectorale d\u00e9finitive va \u00eatre faite incessamment\u00a0\u00bb' data-link='https:\/\/www.nettali.com\/2026\/05\/01\/me-bamba-cisse-la-publication-de-la-liste-electorale-definitive-va-etre-faite-incessamment\/' class='whatsapp-button whatsapp-share'>WhatsApp<\/a><div class='clear '><\/div><\/div>","protected":false},"excerpt":{"rendered":"<p>NETTALI.COM - Le ministre de l\u2019Int\u00e9rieur annonce une publication imminente, dans un contexte marqu\u00e9 par des tensions politiques et une r\u00e9cente cyberattaque. La liste \u00e9lectorale d\u00e9finitive sera rendue publique dans les prochains jours, a annonc\u00e9 le ministre de l\u2019Int\u00e9rieur et de la S\u00e9curit\u00e9 publique, Mouhamadou Bamba Ciss\u00e9, jeudi, lors d\u2019une intervention sur une radio priv\u00e9e. [&hellip;]<\/p>\n","protected":false},"author":4,"featured_media":171157,"comment_status":"open","ping_status":"open","sticky":false,"template":"","format":"standard","meta":{"_et_pb_use_builder":"","_et_pb_old_content":""},"categories":[2],"tags":[],"yoast_head":"<!-- This site is optimized with the Yoast SEO Premium plugin v17.8 (Yoast SEO v17.8) - https:\/\/yoast.com\/wordpress\/plugins\/seo\/ -->\n<title>Me BAMBA CISS\u00c9 : \u00ab La publication de la liste \u00e9lectorale d\u00e9finitive va \u00eatre faite incessamment\u00a0\u00bb | Nettali.com<\/title>\n<meta name=\"robots\" content=\"index, follow, max-snippet:-1, max-image-preview:large, max-video-preview:-1\" \/>\n<link rel=\"canonical\" href=\"https:\/\/www.nettali.com\/2026\/05\/01\/me-bamba-cisse-la-publication-de-la-liste-electorale-definitive-va-etre-faite-incessamment\/\" \/>\n<meta property=\"og:locale\" content=\"fr_FR\" \/>\n<meta property=\"og:type\" content=\"article\" \/>\n<meta property=\"og:title\" content=\"Me BAMBA CISS\u00c9 : \u00ab La publication de la liste \u00e9lectorale d\u00e9finitive va \u00eatre faite incessamment\u00a0\u00bb\" \/>\n<meta property=\"og:description\" content=\"NETTALI.COM - Le ministre de l\u2019Int\u00e9rieur annonce une publication imminente, dans un contexte marqu\u00e9 par des tensions politiques et une r\u00e9cente cyberattaque. La liste \u00e9lectorale d\u00e9finitive sera rendue publique dans les prochains jours, a annonc\u00e9 le ministre de l\u2019Int\u00e9rieur et de la S\u00e9curit\u00e9 publique, Mouhamadou Bamba Ciss\u00e9, jeudi, lors d\u2019une intervention sur une radio priv\u00e9e. [&hellip;]\" \/>\n<meta property=\"og:url\" content=\"https:\/\/www.nettali.com\/2026\/05\/01\/me-bamba-cisse-la-publication-de-la-liste-electorale-definitive-va-etre-faite-incessamment\/\" \/>\n<meta property=\"og:site_name\" content=\"Nettali.com\" \/>\n<meta property=\"article:publisher\" content=\"https:\/\/www.facebook.com\/nettalicom\" \/>\n<meta property=\"article:published_time\" content=\"2026-05-01T17:02:21+00:00\" \/>\n<meta property=\"article:modified_time\" content=\"2026-05-01T15:07:47+00:00\" \/>\n<meta property=\"og:image\" content=\"https:\/\/www.nettali.com\/wp-content\/uploads\/2026\/03\/Bamba-Cisse\u0301.jpg\" \/>\n\t<meta property=\"og:image:width\" content=\"1440\" \/>\n\t<meta property=\"og:image:height\" content=\"960\" \/>\n<meta name=\"twitter:card\" content=\"summary_large_image\" \/>\n<meta name=\"twitter:label1\" content=\"\u00c9crit par\" \/>\n\t<meta name=\"twitter:data1\" content=\"Daouda\" \/>\n\t<meta name=\"twitter:label2\" content=\"Dur\u00e9e de lecture estim\u00e9e\" \/>\n\t<meta name=\"twitter:data2\" content=\"2 minutes\" \/>\n<script type=\"application\/ld+json\" class=\"yoast-schema-graph\">{\"@context\":\"https:\/\/schema.org\",\"@graph\":[{\"@type\":\"WebSite\",\"@id\":\"https:\/\/www.nettali.com\/#website\",\"url\":\"https:\/\/www.nettali.com\/\",\"name\":\"Nettali.com\",\"description\":\"Le rendez-vous critique du Net\",\"potentialAction\":[{\"@type\":\"SearchAction\",\"target\":{\"@type\":\"EntryPoint\",\"urlTemplate\":\"https:\/\/www.nettali.com\/?s={search_term_string}\"},\"query-input\":\"required name=search_term_string\"}],\"inLanguage\":\"fr-FR\"},{\"@type\":\"ImageObject\",\"@id\":\"https:\/\/www.nettali.com\/2026\/05\/01\/me-bamba-cisse-la-publication-de-la-liste-electorale-definitive-va-etre-faite-incessamment\/#primaryimage\",\"inLanguage\":\"fr-FR\",\"url\":\"https:\/\/www.nettali.com\/wp-content\/uploads\/2026\/03\/Bamba-Cisse\\u0301.jpg\",\"contentUrl\":\"https:\/\/www.nettali.com\/wp-content\/uploads\/2026\/03\/Bamba-Cisse\\u0301.jpg\",\"width\":1440,\"height\":960},{\"@type\":\"WebPage\",\"@id\":\"https:\/\/www.nettali.com\/2026\/05\/01\/me-bamba-cisse-la-publication-de-la-liste-electorale-definitive-va-etre-faite-incessamment\/#webpage\",\"url\":\"https:\/\/www.nettali.com\/2026\/05\/01\/me-bamba-cisse-la-publication-de-la-liste-electorale-definitive-va-etre-faite-incessamment\/\",\"name\":\"Me BAMBA CISS\\u00c9 : \\u00ab La publication de la liste \\u00e9lectorale d\\u00e9finitive va \\u00eatre faite incessamment\\u00a0\\u00bb | Nettali.com\",\"isPartOf\":{\"@id\":\"https:\/\/www.nettali.com\/#website\"},\"primaryImageOfPage\":{\"@id\":\"https:\/\/www.nettali.com\/2026\/05\/01\/me-bamba-cisse-la-publication-de-la-liste-electorale-definitive-va-etre-faite-incessamment\/#primaryimage\"},\"datePublished\":\"2026-05-01T17:02:21+00:00\",\"dateModified\":\"2026-05-01T15:07:47+00:00\",\"author\":{\"@id\":\"https:\/\/www.nettali.com\/#\/schema\/person\/3317e0bb3aa1da309fbf7b2780901bf4\"},\"breadcrumb\":{\"@id\":\"https:\/\/www.nettali.com\/2026\/05\/01\/me-bamba-cisse-la-publication-de-la-liste-electorale-definitive-va-etre-faite-incessamment\/#breadcrumb\"},\"inLanguage\":\"fr-FR\",\"potentialAction\":[{\"@type\":\"ReadAction\",\"target\":[\"https:\/\/www.nettali.com\/2026\/05\/01\/me-bamba-cisse-la-publication-de-la-liste-electorale-definitive-va-etre-faite-incessamment\/\"]}]},{\"@type\":\"BreadcrumbList\",\"@id\":\"https:\/\/www.nettali.com\/2026\/05\/01\/me-bamba-cisse-la-publication-de-la-liste-electorale-definitive-va-etre-faite-incessamment\/#breadcrumb\",\"itemListElement\":[{\"@type\":\"ListItem\",\"position\":1,\"name\":\"Accueil\",\"item\":\"https:\/\/www.nettali.com\/\"},{\"@type\":\"ListItem\",\"position\":2,\"name\":\"Me BAMBA CISS\\u00c9 : \\u00ab La publication de la liste \\u00e9lectorale d\\u00e9finitive va \\u00eatre faite incessamment\\u00a0\\u00bb\"}]},{\"@type\":\"Person\",\"@id\":\"https:\/\/www.nettali.com\/#\/schema\/person\/3317e0bb3aa1da309fbf7b2780901bf4\",\"name\":\"Daouda\",\"image\":{\"@type\":\"ImageObject\",\"@id\":\"https:\/\/www.nettali.com\/#personlogo\",\"inLanguage\":\"fr-FR\",\"url\":\"https:\/\/secure.gravatar.com\/avatar\/8d143b5a49345098ddcfee1c49c2f47c?s=96&d=mm&r=g\",\"contentUrl\":\"https:\/\/secure.gravatar.com\/avatar\/8d143b5a49345098ddcfee1c49c2f47c?s=96&d=mm&r=g\",\"caption\":\"Daouda\"},\"sameAs\":[\"https:\/\/www.nettali.com\"]}]}<\/script>\n<!-- \/ Yoast SEO Premium plugin. -->","yoast_head_json":{"title":"Me BAMBA CISS\u00c9 : \u00ab La publication de la liste \u00e9lectorale d\u00e9finitive va \u00eatre faite incessamment\u00a0\u00bb | Nettali.com","robots":{"index":"index","follow":"follow","max-snippet":"max-snippet:-1","max-image-preview":"max-image-preview:large","max-video-preview":"max-video-preview:-1"},"canonical":"https:\/\/www.nettali.com\/2026\/05\/01\/me-bamba-cisse-la-publication-de-la-liste-electorale-definitive-va-etre-faite-incessamment\/","og_locale":"fr_FR","og_type":"article","og_title":"Me BAMBA CISS\u00c9 : \u00ab La publication de la liste \u00e9lectorale d\u00e9finitive va \u00eatre faite incessamment\u00a0\u00bb","og_description":"NETTALI.COM - Le ministre de l\u2019Int\u00e9rieur annonce une publication imminente, dans un contexte marqu\u00e9 par des tensions politiques et une r\u00e9cente cyberattaque. La liste \u00e9lectorale d\u00e9finitive sera rendue publique dans les prochains jours, a annonc\u00e9 le ministre de l\u2019Int\u00e9rieur et de la S\u00e9curit\u00e9 publique, Mouhamadou Bamba Ciss\u00e9, jeudi, lors d\u2019une intervention sur une radio priv\u00e9e. [&hellip;]","og_url":"https:\/\/www.nettali.com\/2026\/05\/01\/me-bamba-cisse-la-publication-de-la-liste-electorale-definitive-va-etre-faite-incessamment\/","og_site_name":"Nettali.com","article_publisher":"https:\/\/www.facebook.com\/nettalicom","article_published_time":"2026-05-01T17:02:21+00:00","article_modified_time":"2026-05-01T15:07:47+00:00","og_image":[{"width":1440,"height":960,"url":"https:\/\/www.nettali.com\/wp-content\/uploads\/2026\/03\/Bamba-Cisse\u0301.jpg","type":"image\/jpeg"}],"twitter_card":"summary_large_image","twitter_misc":{"\u00c9crit par":"Daouda","Dur\u00e9e de lecture estim\u00e9e":"2 minutes"},"schema":{"@context":"https:\/\/schema.org","@graph":[{"@type":"WebSite","@id":"https:\/\/www.nettali.com\/#website","url":"https:\/\/www.nettali.com\/","name":"Nettali.com","description":"Le rendez-vous critique du Net","potentialAction":[{"@type":"SearchAction","target":{"@type":"EntryPoint","urlTemplate":"https:\/\/www.nettali.com\/?s={search_term_string}"},"query-input":"required name=search_term_string"}],"inLanguage":"fr-FR"},{"@type":"ImageObject","@id":"https:\/\/www.nettali.com\/2026\/05\/01\/me-bamba-cisse-la-publication-de-la-liste-electorale-definitive-va-etre-faite-incessamment\/#primaryimage","inLanguage":"fr-FR","url":"https:\/\/www.nettali.com\/wp-content\/uploads\/2026\/03\/Bamba-Cisse\u0301.jpg","contentUrl":"https:\/\/www.nettali.com\/wp-content\/uploads\/2026\/03\/Bamba-Cisse\u0301.jpg","width":1440,"height":960},{"@type":"WebPage","@id":"https:\/\/www.nettali.com\/2026\/05\/01\/me-bamba-cisse-la-publication-de-la-liste-electorale-definitive-va-etre-faite-incessamment\/#webpage","url":"https:\/\/www.nettali.com\/2026\/05\/01\/me-bamba-cisse-la-publication-de-la-liste-electorale-definitive-va-etre-faite-incessamment\/","name":"Me BAMBA CISS\u00c9 : \u00ab La publication de la liste \u00e9lectorale d\u00e9finitive va \u00eatre faite incessamment\u00a0\u00bb | Nettali.com","isPartOf":{"@id":"https:\/\/www.nettali.com\/#website"},"primaryImageOfPage":{"@id":"https:\/\/www.nettali.com\/2026\/05\/01\/me-bamba-cisse-la-publication-de-la-liste-electorale-definitive-va-etre-faite-incessamment\/#primaryimage"},"datePublished":"2026-05-01T17:02:21+00:00","dateModified":"2026-05-01T15:07:47+00:00","author":{"@id":"https:\/\/www.nettali.com\/#\/schema\/person\/3317e0bb3aa1da309fbf7b2780901bf4"},"breadcrumb":{"@id":"https:\/\/www.nettali.com\/2026\/05\/01\/me-bamba-cisse-la-publication-de-la-liste-electorale-definitive-va-etre-faite-incessamment\/#breadcrumb"},"inLanguage":"fr-FR","potentialAction":[{"@type":"ReadAction","target":["https:\/\/www.nettali.com\/2026\/05\/01\/me-bamba-cisse-la-publication-de-la-liste-electorale-definitive-va-etre-faite-incessamment\/"]}]},{"@type":"BreadcrumbList","@id":"https:\/\/www.nettali.com\/2026\/05\/01\/me-bamba-cisse-la-publication-de-la-liste-electorale-definitive-va-etre-faite-incessamment\/#breadcrumb","itemListElement":[{"@type":"ListItem","position":1,"name":"Accueil","item":"https:\/\/www.nettali.com\/"},{"@type":"ListItem","position":2,"name":"Me BAMBA CISS\u00c9 : \u00ab La publication de la liste \u00e9lectorale d\u00e9finitive va \u00eatre faite incessamment\u00a0\u00bb"}]},{"@type":"Person","@id":"https:\/\/www.nettali.com\/#\/schema\/person\/3317e0bb3aa1da309fbf7b2780901bf4","name":"Daouda","image":{"@type":"ImageObject","@id":"https:\/\/www.nettali.com\/#personlogo","inLanguage":"fr-FR","url":"https:\/\/secure.gravatar.com\/avatar\/8d143b5a49345098ddcfee1c49c2f47c?s=96&d=mm&r=g","contentUrl":"https:\/\/secure.gravatar.com\/avatar\/8d143b5a49345098ddcfee1c49c2f47c?s=96&d=mm&r=g","caption":"Daouda"},"sameAs":["https:\/\/www.nettali.com"]}]}},"_links":{"self":[{"href":"https:\/\/www.nettali.com\/rest\/wp\/v2\/posts\/173053"}],"collection":[{"href":"https:\/\/www.nettali.com\/rest\/wp\/v2\/posts"}],"about":[{"href":"https:\/\/www.nettali.com\/rest\/wp\/v2\/types\/post"}],"author":[{"embeddable":true,"href":"https:\/\/www.nettali.com\/rest\/wp\/v2\/users\/4"}],"replies":[{"embeddable":true,"href":"https:\/\/www.nettali.com\/rest\/wp\/v2\/comments?post=173053"}],"version-history":[{"count":1,"href":"https:\/\/www.nettali.com\/rest\/wp\/v2\/posts\/173053\/revisions"}],"predecessor-version":[{"id":173054,"href":"https:\/\/www.nettali.com\/rest\/wp\/v2\/posts\/173053\/revisions\/173054"}],"wp:featuredmedia":[{"embeddable":true,"href":"https:\/\/www.nettali.com\/rest\/wp\/v2\/media\/171157"}],"wp:attachment":[{"href":"https:\/\/www.nettali.com\/rest\/wp\/v2\/media?parent=173053"}],"wp:term":[{"taxonomy":"category","embeddable":true,"href":"https:\/\/www.nettali.com\/rest\/wp\/v2\/categories?post=173053"},{"taxonomy":"post_tag","embeddable":true,"href":"https:\/\/www.nettali.com\/rest\/wp\/v2\/tags?post=173053"}],"curies":[{"name":"wp","href":"https:\/\/api.w.org\/{rel}","templated":true}]}}