{"id":173050,"date":"2026-05-01T16:47:15","date_gmt":"2026-05-01T16:47:15","guid":{"rendered":"https:\/\/www.nettali.com\/?p=173050"},"modified":"2026-05-01T14:51:18","modified_gmt":"2026-05-01T14:51:18","slug":"diomaye-faye-pourquoi-jai-tenu-a-la-publication-des-avant-projets","status":"publish","type":"post","link":"https:\/\/www.nettali.com\/2026\/05\/01\/diomaye-faye-pourquoi-jai-tenu-a-la-publication-des-avant-projets\/","title":{"rendered":"DIOMAYE FAYE : \u00ab\u00a0Pourquoi j\u2019ai tenu \u00e0 la publication des avant-projets\u00a0\u00bb"},"content":{"rendered":"<p data-start=\"103\" data-end=\"245\"><strong>NETTALI.COM - Le chef de l\u2019\u00c9tat d\u00e9fend une d\u00e9marche inclusive pour des textes appel\u00e9s \u00e0 structurer durablement la vie politique s\u00e9n\u00e9galaise.<\/strong><\/p>\n<p>Le pr\u00e9sident de la R\u00e9publique, Bassirou Diomaye Faye, a expliqu\u00e9 les raisons ayant motiv\u00e9 la publication, le 27 avril dernier, des quatre avant-projets de r\u00e9forme de la Constitution et du Code \u00e9lectoral, avant leur examen en Conseil des ministres et leur transmission \u00e0 l\u2019Assembl\u00e9e nationale.<\/p>\n<p>S\u2019exprimant ce jeudi, le chef de l\u2019\u00c9tat a insist\u00e9 sur la n\u00e9cessit\u00e9 d\u2019associer les citoyens et les acteurs politiques \u00e0 ces r\u00e9formes, qu\u2019il consid\u00e8re comme structurantes pour l\u2019avenir institutionnel du pays.<\/p>\n<p>En \u00e9voquant le Code \u00e9lectoral de 1992, Bassirou Diomaye Faye a rappel\u00e9 que les choix institutionnels ont des effets sur le long terme. <em>\u00ab En concevant le code \u00e9lectoral de 2026, disons-nous que pour les trente prochaines ann\u00e9es, c\u2019est lui qui devra garantir un processus \u00e9lectoral serein \u00bb<\/em>, a-t-il d\u00e9clar\u00e9.<\/p>\n<p>Le Pr\u00e9sident souligne ainsi que ces r\u00e9formes d\u00e9passent le cadre du mandat en cours. Le chef de l\u2019\u00c9tat a justifi\u00e9 la mise \u00e0 disposition des textes par un souci de transparence et d\u2019inclusivit\u00e9. <em>\u00ab La Constitution ne nous appartient pas. Elle transcende le mandat \u00bb<\/em>, a-t-il affirm\u00e9.<\/p>\n<p>Il estime que les r\u00e9formes, notamment celles relatives aux partis politiques, doivent \u00eatre discut\u00e9es avec l\u2019ensemble des acteurs, compte tenu de leur impact sur le syst\u00e8me d\u00e9mocratique.<\/p>\n<p>Les avant-projets portent sur quatre volets principaux :<\/p>\n<ul>\n<li>La r\u00e9vision de la Constitution, avec un r\u00e9\u00e9quilibrage des pouvoirs, un renforcement du contr\u00f4le parlementaire et la cr\u00e9ation d\u2019une Cour constitutionnelle ;<\/li>\n<li>La loi organique relative \u00e0 la Cour constitutionnelle, pr\u00e9voyant notamment l\u2019\u00e9largissement de ses membres et de ses comp\u00e9tences ;<\/li>\n<li>La r\u00e9forme du Code \u00e9lectoral, avec la cr\u00e9ation d\u2019une Commission \u00e9lectorale nationale ind\u00e9pendante (CENI) et l\u2019introduction de nouvelles mesures visant \u00e0 moderniser le processus \u00e9lectoral ;<\/li>\n<li>La r\u00e9forme des partis politiques, destin\u00e9e \u00e0 actualiser un cadre juridique datant de 1981, notamment en mati\u00e8re de financement et de fonctionnement.<\/li>\n<\/ul>\n<p>Ces textes s\u2019appuient sur les recommandations formul\u00e9es lors des Assises de la Justice (2024) et du Dialogue national sur le syst\u00e8me politique (2025).<\/p>\n<p>En les rendant publics, l\u2019Ex\u00e9cutif affirme vouloir favoriser leur appropriation par les citoyens avant leur adoption.<\/p>\n<p>Les avant-projets doivent encore \u00eatre examin\u00e9s en Conseil des ministres avant d\u2019\u00eatre soumis \u00e0 l\u2019Assembl\u00e9e nationale.<\/p>\n<p>Cette phase de consultation pourrait permettre d\u2019int\u00e9grer d\u2019\u00e9ventuelles contributions et de consolider le consensus autour de ces r\u00e9formes.<\/p>\n<p>&nbsp;<\/p>\n<div class='share-to-whatsapp-wrapper'><div class='share-on-whsp'>PARTAGER SUR : <\/div><a data-text='DIOMAYE FAYE : \u00ab\u00a0Pourquoi j\u2019ai tenu \u00e0 la publication des avant-projets\u00a0\u00bb' data-link='https:\/\/www.nettali.com\/2026\/05\/01\/diomaye-faye-pourquoi-jai-tenu-a-la-publication-des-avant-projets\/' class='whatsapp-button whatsapp-share'>WhatsApp<\/a><div class='clear '><\/div><\/div>","protected":false},"excerpt":{"rendered":"<p>NETTALI.COM - Le chef de l\u2019\u00c9tat d\u00e9fend une d\u00e9marche inclusive pour des textes appel\u00e9s \u00e0 structurer durablement la vie politique s\u00e9n\u00e9galaise. Le pr\u00e9sident de la R\u00e9publique, Bassirou Diomaye Faye, a expliqu\u00e9 les raisons ayant motiv\u00e9 la publication, le 27 avril dernier, des quatre avant-projets de r\u00e9forme de la Constitution et du Code \u00e9lectoral, avant leur [&hellip;]<\/p>\n","protected":false},"author":4,"featured_media":172138,"comment_status":"open","ping_status":"open","sticky":true,"template":"","format":"standard","meta":{"_et_pb_use_builder":"","_et_pb_old_content":""},"categories":[2],"tags":[],"yoast_head":"<!-- This site is optimized with the Yoast SEO Premium plugin v17.8 (Yoast SEO v17.8) - https:\/\/yoast.com\/wordpress\/plugins\/seo\/ -->\n<title>DIOMAYE FAYE : \u00ab\u00a0Pourquoi j\u2019ai tenu \u00e0 la publication des avant-projets\u00a0\u00bb | Nettali.com<\/title>\n<meta name=\"robots\" content=\"index, follow, max-snippet:-1, max-image-preview:large, max-video-preview:-1\" \/>\n<link rel=\"canonical\" href=\"https:\/\/www.nettali.com\/2026\/05\/01\/diomaye-faye-pourquoi-jai-tenu-a-la-publication-des-avant-projets\/\" \/>\n<meta property=\"og:locale\" content=\"fr_FR\" \/>\n<meta property=\"og:type\" content=\"article\" \/>\n<meta property=\"og:title\" content=\"DIOMAYE FAYE : \u00ab\u00a0Pourquoi j\u2019ai tenu \u00e0 la publication des avant-projets\u00a0\u00bb\" \/>\n<meta property=\"og:description\" content=\"NETTALI.COM - Le chef de l\u2019\u00c9tat d\u00e9fend une d\u00e9marche inclusive pour des textes appel\u00e9s \u00e0 structurer durablement la vie politique s\u00e9n\u00e9galaise. Le pr\u00e9sident de la R\u00e9publique, Bassirou Diomaye Faye, a expliqu\u00e9 les raisons ayant motiv\u00e9 la publication, le 27 avril dernier, des quatre avant-projets de r\u00e9forme de la Constitution et du Code \u00e9lectoral, avant leur [&hellip;]\" \/>\n<meta property=\"og:url\" content=\"https:\/\/www.nettali.com\/2026\/05\/01\/diomaye-faye-pourquoi-jai-tenu-a-la-publication-des-avant-projets\/\" \/>\n<meta property=\"og:site_name\" content=\"Nettali.com\" \/>\n<meta property=\"article:publisher\" content=\"https:\/\/www.facebook.com\/nettalicom\" \/>\n<meta property=\"article:published_time\" content=\"2026-05-01T16:47:15+00:00\" \/>\n<meta property=\"article:modified_time\" content=\"2026-05-01T14:51:18+00:00\" \/>\n<meta property=\"og:image\" content=\"https:\/\/www.nettali.com\/wp-content\/uploads\/2026\/04\/Bassirou-Diomaye-discours-min.jpg\" \/>\n\t<meta property=\"og:image:width\" content=\"711\" \/>\n\t<meta property=\"og:image:height\" content=\"442\" \/>\n<meta name=\"twitter:card\" content=\"summary_large_image\" \/>\n<meta name=\"twitter:label1\" content=\"\u00c9crit par\" \/>\n\t<meta name=\"twitter:data1\" content=\"Daouda\" \/>\n\t<meta name=\"twitter:label2\" content=\"Dur\u00e9e de lecture estim\u00e9e\" \/>\n\t<meta name=\"twitter:data2\" content=\"2 minutes\" \/>\n<script type=\"application\/ld+json\" class=\"yoast-schema-graph\">{\"@context\":\"https:\/\/schema.org\",\"@graph\":[{\"@type\":\"WebSite\",\"@id\":\"https:\/\/www.nettali.com\/#website\",\"url\":\"https:\/\/www.nettali.com\/\",\"name\":\"Nettali.com\",\"description\":\"Le rendez-vous critique du Net\",\"potentialAction\":[{\"@type\":\"SearchAction\",\"target\":{\"@type\":\"EntryPoint\",\"urlTemplate\":\"https:\/\/www.nettali.com\/?s={search_term_string}\"},\"query-input\":\"required name=search_term_string\"}],\"inLanguage\":\"fr-FR\"},{\"@type\":\"ImageObject\",\"@id\":\"https:\/\/www.nettali.com\/2026\/05\/01\/diomaye-faye-pourquoi-jai-tenu-a-la-publication-des-avant-projets\/#primaryimage\",\"inLanguage\":\"fr-FR\",\"url\":\"https:\/\/www.nettali.com\/wp-content\/uploads\/2026\/04\/Bassirou-Diomaye-discours-min.jpg\",\"contentUrl\":\"https:\/\/www.nettali.com\/wp-content\/uploads\/2026\/04\/Bassirou-Diomaye-discours-min.jpg\",\"width\":711,\"height\":442},{\"@type\":\"WebPage\",\"@id\":\"https:\/\/www.nettali.com\/2026\/05\/01\/diomaye-faye-pourquoi-jai-tenu-a-la-publication-des-avant-projets\/#webpage\",\"url\":\"https:\/\/www.nettali.com\/2026\/05\/01\/diomaye-faye-pourquoi-jai-tenu-a-la-publication-des-avant-projets\/\",\"name\":\"DIOMAYE FAYE : \\u00ab\\u00a0Pourquoi j\\u2019ai tenu \\u00e0 la publication des avant-projets\\u00a0\\u00bb | Nettali.com\",\"isPartOf\":{\"@id\":\"https:\/\/www.nettali.com\/#website\"},\"primaryImageOfPage\":{\"@id\":\"https:\/\/www.nettali.com\/2026\/05\/01\/diomaye-faye-pourquoi-jai-tenu-a-la-publication-des-avant-projets\/#primaryimage\"},\"datePublished\":\"2026-05-01T16:47:15+00:00\",\"dateModified\":\"2026-05-01T14:51:18+00:00\",\"author\":{\"@id\":\"https:\/\/www.nettali.com\/#\/schema\/person\/3317e0bb3aa1da309fbf7b2780901bf4\"},\"breadcrumb\":{\"@id\":\"https:\/\/www.nettali.com\/2026\/05\/01\/diomaye-faye-pourquoi-jai-tenu-a-la-publication-des-avant-projets\/#breadcrumb\"},\"inLanguage\":\"fr-FR\",\"potentialAction\":[{\"@type\":\"ReadAction\",\"target\":[\"https:\/\/www.nettali.com\/2026\/05\/01\/diomaye-faye-pourquoi-jai-tenu-a-la-publication-des-avant-projets\/\"]}]},{\"@type\":\"BreadcrumbList\",\"@id\":\"https:\/\/www.nettali.com\/2026\/05\/01\/diomaye-faye-pourquoi-jai-tenu-a-la-publication-des-avant-projets\/#breadcrumb\",\"itemListElement\":[{\"@type\":\"ListItem\",\"position\":1,\"name\":\"Accueil\",\"item\":\"https:\/\/www.nettali.com\/\"},{\"@type\":\"ListItem\",\"position\":2,\"name\":\"DIOMAYE FAYE : \\u00ab\\u00a0Pourquoi j\\u2019ai tenu \\u00e0 la publication des avant-projets\\u00a0\\u00bb\"}]},{\"@type\":\"Person\",\"@id\":\"https:\/\/www.nettali.com\/#\/schema\/person\/3317e0bb3aa1da309fbf7b2780901bf4\",\"name\":\"Daouda\",\"image\":{\"@type\":\"ImageObject\",\"@id\":\"https:\/\/www.nettali.com\/#personlogo\",\"inLanguage\":\"fr-FR\",\"url\":\"https:\/\/secure.gravatar.com\/avatar\/8d143b5a49345098ddcfee1c49c2f47c?s=96&d=mm&r=g\",\"contentUrl\":\"https:\/\/secure.gravatar.com\/avatar\/8d143b5a49345098ddcfee1c49c2f47c?s=96&d=mm&r=g\",\"caption\":\"Daouda\"},\"sameAs\":[\"https:\/\/www.nettali.com\"]}]}<\/script>\n<!-- \/ Yoast SEO Premium plugin. -->","yoast_head_json":{"title":"DIOMAYE FAYE : \u00ab\u00a0Pourquoi j\u2019ai tenu \u00e0 la publication des avant-projets\u00a0\u00bb | Nettali.com","robots":{"index":"index","follow":"follow","max-snippet":"max-snippet:-1","max-image-preview":"max-image-preview:large","max-video-preview":"max-video-preview:-1"},"canonical":"https:\/\/www.nettali.com\/2026\/05\/01\/diomaye-faye-pourquoi-jai-tenu-a-la-publication-des-avant-projets\/","og_locale":"fr_FR","og_type":"article","og_title":"DIOMAYE FAYE : \u00ab\u00a0Pourquoi j\u2019ai tenu \u00e0 la publication des avant-projets\u00a0\u00bb","og_description":"NETTALI.COM - Le chef de l\u2019\u00c9tat d\u00e9fend une d\u00e9marche inclusive pour des textes appel\u00e9s \u00e0 structurer durablement la vie politique s\u00e9n\u00e9galaise. Le pr\u00e9sident de la R\u00e9publique, Bassirou Diomaye Faye, a expliqu\u00e9 les raisons ayant motiv\u00e9 la publication, le 27 avril dernier, des quatre avant-projets de r\u00e9forme de la Constitution et du Code \u00e9lectoral, avant leur [&hellip;]","og_url":"https:\/\/www.nettali.com\/2026\/05\/01\/diomaye-faye-pourquoi-jai-tenu-a-la-publication-des-avant-projets\/","og_site_name":"Nettali.com","article_publisher":"https:\/\/www.facebook.com\/nettalicom","article_published_time":"2026-05-01T16:47:15+00:00","article_modified_time":"2026-05-01T14:51:18+00:00","og_image":[{"width":711,"height":442,"url":"https:\/\/www.nettali.com\/wp-content\/uploads\/2026\/04\/Bassirou-Diomaye-discours-min.jpg","type":"image\/jpeg"}],"twitter_card":"summary_large_image","twitter_misc":{"\u00c9crit par":"Daouda","Dur\u00e9e de lecture estim\u00e9e":"2 minutes"},"schema":{"@context":"https:\/\/schema.org","@graph":[{"@type":"WebSite","@id":"https:\/\/www.nettali.com\/#website","url":"https:\/\/www.nettali.com\/","name":"Nettali.com","description":"Le rendez-vous critique du Net","potentialAction":[{"@type":"SearchAction","target":{"@type":"EntryPoint","urlTemplate":"https:\/\/www.nettali.com\/?s={search_term_string}"},"query-input":"required name=search_term_string"}],"inLanguage":"fr-FR"},{"@type":"ImageObject","@id":"https:\/\/www.nettali.com\/2026\/05\/01\/diomaye-faye-pourquoi-jai-tenu-a-la-publication-des-avant-projets\/#primaryimage","inLanguage":"fr-FR","url":"https:\/\/www.nettali.com\/wp-content\/uploads\/2026\/04\/Bassirou-Diomaye-discours-min.jpg","contentUrl":"https:\/\/www.nettali.com\/wp-content\/uploads\/2026\/04\/Bassirou-Diomaye-discours-min.jpg","width":711,"height":442},{"@type":"WebPage","@id":"https:\/\/www.nettali.com\/2026\/05\/01\/diomaye-faye-pourquoi-jai-tenu-a-la-publication-des-avant-projets\/#webpage","url":"https:\/\/www.nettali.com\/2026\/05\/01\/diomaye-faye-pourquoi-jai-tenu-a-la-publication-des-avant-projets\/","name":"DIOMAYE FAYE : \u00ab\u00a0Pourquoi j\u2019ai tenu \u00e0 la publication des avant-projets\u00a0\u00bb | Nettali.com","isPartOf":{"@id":"https:\/\/www.nettali.com\/#website"},"primaryImageOfPage":{"@id":"https:\/\/www.nettali.com\/2026\/05\/01\/diomaye-faye-pourquoi-jai-tenu-a-la-publication-des-avant-projets\/#primaryimage"},"datePublished":"2026-05-01T16:47:15+00:00","dateModified":"2026-05-01T14:51:18+00:00","author":{"@id":"https:\/\/www.nettali.com\/#\/schema\/person\/3317e0bb3aa1da309fbf7b2780901bf4"},"breadcrumb":{"@id":"https:\/\/www.nettali.com\/2026\/05\/01\/diomaye-faye-pourquoi-jai-tenu-a-la-publication-des-avant-projets\/#breadcrumb"},"inLanguage":"fr-FR","potentialAction":[{"@type":"ReadAction","target":["https:\/\/www.nettali.com\/2026\/05\/01\/diomaye-faye-pourquoi-jai-tenu-a-la-publication-des-avant-projets\/"]}]},{"@type":"BreadcrumbList","@id":"https:\/\/www.nettali.com\/2026\/05\/01\/diomaye-faye-pourquoi-jai-tenu-a-la-publication-des-avant-projets\/#breadcrumb","itemListElement":[{"@type":"ListItem","position":1,"name":"Accueil","item":"https:\/\/www.nettali.com\/"},{"@type":"ListItem","position":2,"name":"DIOMAYE FAYE : \u00ab\u00a0Pourquoi j\u2019ai tenu \u00e0 la publication des avant-projets\u00a0\u00bb"}]},{"@type":"Person","@id":"https:\/\/www.nettali.com\/#\/schema\/person\/3317e0bb3aa1da309fbf7b2780901bf4","name":"Daouda","image":{"@type":"ImageObject","@id":"https:\/\/www.nettali.com\/#personlogo","inLanguage":"fr-FR","url":"https:\/\/secure.gravatar.com\/avatar\/8d143b5a49345098ddcfee1c49c2f47c?s=96&d=mm&r=g","contentUrl":"https:\/\/secure.gravatar.com\/avatar\/8d143b5a49345098ddcfee1c49c2f47c?s=96&d=mm&r=g","caption":"Daouda"},"sameAs":["https:\/\/www.nettali.com"]}]}},"_links":{"self":[{"href":"https:\/\/www.nettali.com\/rest\/wp\/v2\/posts\/173050"}],"collection":[{"href":"https:\/\/www.nettali.com\/rest\/wp\/v2\/posts"}],"about":[{"href":"https:\/\/www.nettali.com\/rest\/wp\/v2\/types\/post"}],"author":[{"embeddable":true,"href":"https:\/\/www.nettali.com\/rest\/wp\/v2\/users\/4"}],"replies":[{"embeddable":true,"href":"https:\/\/www.nettali.com\/rest\/wp\/v2\/comments?post=173050"}],"version-history":[{"count":1,"href":"https:\/\/www.nettali.com\/rest\/wp\/v2\/posts\/173050\/revisions"}],"predecessor-version":[{"id":173051,"href":"https:\/\/www.nettali.com\/rest\/wp\/v2\/posts\/173050\/revisions\/173051"}],"wp:featuredmedia":[{"embeddable":true,"href":"https:\/\/www.nettali.com\/rest\/wp\/v2\/media\/172138"}],"wp:attachment":[{"href":"https:\/\/www.nettali.com\/rest\/wp\/v2\/media?parent=173050"}],"wp:term":[{"taxonomy":"category","embeddable":true,"href":"https:\/\/www.nettali.com\/rest\/wp\/v2\/categories?post=173050"},{"taxonomy":"post_tag","embeddable":true,"href":"https:\/\/www.nettali.com\/rest\/wp\/v2\/tags?post=173050"}],"curies":[{"name":"wp","href":"https:\/\/api.w.org\/{rel}","templated":true}]}}