{"id":173048,"date":"2026-05-01T14:41:52","date_gmt":"2026-05-01T14:41:52","guid":{"rendered":"https:\/\/www.nettali.com\/?p=173048"},"modified":"2026-05-01T14:41:52","modified_gmt":"2026-05-01T14:41:52","slug":"accusations-autour-de-macky-sall-mary-teuw-niane-porte-plainte-contre-thierno-lo","status":"publish","type":"post","link":"https:\/\/www.nettali.com\/2026\/05\/01\/accusations-autour-de-macky-sall-mary-teuw-niane-porte-plainte-contre-thierno-lo\/","title":{"rendered":"ACCUSATIONS AUTOUR DE MACKY SALL : Mary Teuw Niane porte plainte contre Thierno L\u00f4"},"content":{"rendered":"<p><strong>NETTALI.COM - Le Directeur de cabinet du Pr\u00e9sident de la R\u00e9publique d\u00e9nonce des propos diffamatoires li\u00e9s \u00e0 un suppos\u00e9 soutien \u00e0 la candidature de l\u2019ancien chef de l\u2019\u00c9tat \u00e0 l\u2019ONU.<\/strong><\/p>\n<p>La tension monte autour des d\u00e9clarations li\u00e9es \u00e0 une \u00e9ventuelle candidature de Macky Sall au poste de secr\u00e9taire g\u00e9n\u00e9ral de l\u2019Organisation des Nations unies. Le Directeur de cabinet du Pr\u00e9sident de la R\u00e9publique, Mary Teuw Niane, a d\u00e9cid\u00e9 de saisir la justice contre l\u2019ancien ministre Thierno L\u00f4, qu\u2019il accuse de diffamation.<\/p>\n<p>Dans une d\u00e9claration, Mary Teuw Niane a annonc\u00e9 avoir engag\u00e9 une proc\u00e9dure judiciaire. <em>\u00ab Je vous informe que mon avocat, Ma\u00eetre Khadim K\u00e9b\u00e9, a d\u00e9pos\u00e9 en mon nom une plainte contre monsieur Thierno L\u00f4 pour les propos diffamatoires qu\u2019il a tenus \u00e0 mon encontre \u00bb<\/em>, a-t-il indiqu\u00e9. Les propos en cause ont \u00e9t\u00e9 tenus lors d\u2019une \u00e9mission publique.<\/p>\n<p>\u00c0 l\u2019origine de cette plainte, des d\u00e9clarations de Thierno L\u00f4 affirmant que plusieurs responsables actuels de l\u2019\u00c9tat auraient contact\u00e9 Macky Sall pour soutenir sa candidature \u00e0 la t\u00eate de l\u2019ONU. Parmi les personnalit\u00e9s cit\u00e9es figurent le Directeur de cabinet du Pr\u00e9sident, le ministre des Affaires \u00e9trang\u00e8res ainsi que l\u2019ambassadeur du S\u00e9n\u00e9gal aux \u00c9tats-Unis.<\/p>\n<p><em>\u00ab Oui je le dis et je l\u2019assume (\u2026) s\u2019ils osent appeler Macky Sall, c\u2019est qu\u2019ils ont l\u2019autorisation de Diomaye \u00bb<\/em>, a d\u00e9clar\u00e9 Thierno L\u00f4.<\/p>\n<p>Cette affaire intervient dans un contexte o\u00f9 la candidature suppos\u00e9e de Macky Sall suscite d\u00e9j\u00e0 des d\u00e9bats au sein de l\u2019opinion. La plainte de Mary Teuw Niane pourrait ainsi ouvrir un nouveau front judiciaire, sur fond de tensions politiques et de rivalit\u00e9s d\u2019interpr\u00e9tation. Avec cette saisine de la justice, l\u2019affaire quitte d\u00e9sormais le terrain m\u00e9diatique pour entrer dans le champ judiciaire.<\/p>\n<p>Il reviendra aux juridictions comp\u00e9tentes de d\u00e9terminer le caract\u00e8re diffamatoire ou non des propos incrimin\u00e9s.<\/p>\n<p>&nbsp;<\/p>\n<p>&nbsp;<\/p>\n<div class='share-to-whatsapp-wrapper'><div class='share-on-whsp'>PARTAGER SUR : <\/div><a data-text='ACCUSATIONS AUTOUR DE MACKY SALL : Mary Teuw Niane porte plainte contre Thierno L\u00f4' data-link='https:\/\/www.nettali.com\/2026\/05\/01\/accusations-autour-de-macky-sall-mary-teuw-niane-porte-plainte-contre-thierno-lo\/' class='whatsapp-button whatsapp-share'>WhatsApp<\/a><div class='clear '><\/div><\/div>","protected":false},"excerpt":{"rendered":"<p>NETTALI.COM - Le Directeur de cabinet du Pr\u00e9sident de la R\u00e9publique d\u00e9nonce des propos diffamatoires li\u00e9s \u00e0 un suppos\u00e9 soutien \u00e0 la candidature de l\u2019ancien chef de l\u2019\u00c9tat \u00e0 l\u2019ONU. La tension monte autour des d\u00e9clarations li\u00e9es \u00e0 une \u00e9ventuelle candidature de Macky Sall au poste de secr\u00e9taire g\u00e9n\u00e9ral de l\u2019Organisation des Nations unies. Le [&hellip;]<\/p>\n","protected":false},"author":4,"featured_media":117041,"comment_status":"open","ping_status":"open","sticky":false,"template":"","format":"standard","meta":{"_et_pb_use_builder":"","_et_pb_old_content":""},"categories":[3],"tags":[],"yoast_head":"<!-- This site is optimized with the Yoast SEO Premium plugin v17.8 (Yoast SEO v17.8) - https:\/\/yoast.com\/wordpress\/plugins\/seo\/ -->\n<title>ACCUSATIONS AUTOUR DE MACKY SALL : Mary Teuw Niane porte plainte contre Thierno L\u00f4 | Nettali.com<\/title>\n<meta name=\"robots\" content=\"index, follow, max-snippet:-1, max-image-preview:large, max-video-preview:-1\" \/>\n<link rel=\"canonical\" href=\"https:\/\/www.nettali.com\/2026\/05\/01\/accusations-autour-de-macky-sall-mary-teuw-niane-porte-plainte-contre-thierno-lo\/\" \/>\n<meta property=\"og:locale\" content=\"fr_FR\" \/>\n<meta property=\"og:type\" content=\"article\" \/>\n<meta property=\"og:title\" content=\"ACCUSATIONS AUTOUR DE MACKY SALL : Mary Teuw Niane porte plainte contre Thierno L\u00f4\" \/>\n<meta property=\"og:description\" content=\"NETTALI.COM - Le Directeur de cabinet du Pr\u00e9sident de la R\u00e9publique d\u00e9nonce des propos diffamatoires li\u00e9s \u00e0 un suppos\u00e9 soutien \u00e0 la candidature de l\u2019ancien chef de l\u2019\u00c9tat \u00e0 l\u2019ONU. La tension monte autour des d\u00e9clarations li\u00e9es \u00e0 une \u00e9ventuelle candidature de Macky Sall au poste de secr\u00e9taire g\u00e9n\u00e9ral de l\u2019Organisation des Nations unies. Le [&hellip;]\" \/>\n<meta property=\"og:url\" content=\"https:\/\/www.nettali.com\/2026\/05\/01\/accusations-autour-de-macky-sall-mary-teuw-niane-porte-plainte-contre-thierno-lo\/\" \/>\n<meta property=\"og:site_name\" content=\"Nettali.com\" \/>\n<meta property=\"article:publisher\" content=\"https:\/\/www.facebook.com\/nettalicom\" \/>\n<meta property=\"article:published_time\" content=\"2026-05-01T14:41:52+00:00\" \/>\n<meta property=\"og:image\" content=\"https:\/\/www.nettali.com\/wp-content\/uploads\/2023\/08\/mary-tew-niane.jpg\" \/>\n\t<meta property=\"og:image:width\" content=\"600\" \/>\n\t<meta property=\"og:image:height\" content=\"400\" \/>\n<meta name=\"twitter:card\" content=\"summary_large_image\" \/>\n<meta name=\"twitter:label1\" content=\"\u00c9crit par\" \/>\n\t<meta name=\"twitter:data1\" content=\"Daouda\" \/>\n\t<meta name=\"twitter:label2\" content=\"Dur\u00e9e de lecture estim\u00e9e\" \/>\n\t<meta name=\"twitter:data2\" content=\"2 minutes\" \/>\n<script type=\"application\/ld+json\" class=\"yoast-schema-graph\">{\"@context\":\"https:\/\/schema.org\",\"@graph\":[{\"@type\":\"WebSite\",\"@id\":\"https:\/\/www.nettali.com\/#website\",\"url\":\"https:\/\/www.nettali.com\/\",\"name\":\"Nettali.com\",\"description\":\"Le rendez-vous critique du Net\",\"potentialAction\":[{\"@type\":\"SearchAction\",\"target\":{\"@type\":\"EntryPoint\",\"urlTemplate\":\"https:\/\/www.nettali.com\/?s={search_term_string}\"},\"query-input\":\"required name=search_term_string\"}],\"inLanguage\":\"fr-FR\"},{\"@type\":\"ImageObject\",\"@id\":\"https:\/\/www.nettali.com\/2026\/05\/01\/accusations-autour-de-macky-sall-mary-teuw-niane-porte-plainte-contre-thierno-lo\/#primaryimage\",\"inLanguage\":\"fr-FR\",\"url\":\"https:\/\/www.nettali.com\/wp-content\/uploads\/2023\/08\/mary-tew-niane.jpg\",\"contentUrl\":\"https:\/\/www.nettali.com\/wp-content\/uploads\/2023\/08\/mary-tew-niane.jpg\",\"width\":600,\"height\":400},{\"@type\":\"WebPage\",\"@id\":\"https:\/\/www.nettali.com\/2026\/05\/01\/accusations-autour-de-macky-sall-mary-teuw-niane-porte-plainte-contre-thierno-lo\/#webpage\",\"url\":\"https:\/\/www.nettali.com\/2026\/05\/01\/accusations-autour-de-macky-sall-mary-teuw-niane-porte-plainte-contre-thierno-lo\/\",\"name\":\"ACCUSATIONS AUTOUR DE MACKY SALL : Mary Teuw Niane porte plainte contre Thierno L\\u00f4 | Nettali.com\",\"isPartOf\":{\"@id\":\"https:\/\/www.nettali.com\/#website\"},\"primaryImageOfPage\":{\"@id\":\"https:\/\/www.nettali.com\/2026\/05\/01\/accusations-autour-de-macky-sall-mary-teuw-niane-porte-plainte-contre-thierno-lo\/#primaryimage\"},\"datePublished\":\"2026-05-01T14:41:52+00:00\",\"dateModified\":\"2026-05-01T14:41:52+00:00\",\"author\":{\"@id\":\"https:\/\/www.nettali.com\/#\/schema\/person\/3317e0bb3aa1da309fbf7b2780901bf4\"},\"breadcrumb\":{\"@id\":\"https:\/\/www.nettali.com\/2026\/05\/01\/accusations-autour-de-macky-sall-mary-teuw-niane-porte-plainte-contre-thierno-lo\/#breadcrumb\"},\"inLanguage\":\"fr-FR\",\"potentialAction\":[{\"@type\":\"ReadAction\",\"target\":[\"https:\/\/www.nettali.com\/2026\/05\/01\/accusations-autour-de-macky-sall-mary-teuw-niane-porte-plainte-contre-thierno-lo\/\"]}]},{\"@type\":\"BreadcrumbList\",\"@id\":\"https:\/\/www.nettali.com\/2026\/05\/01\/accusations-autour-de-macky-sall-mary-teuw-niane-porte-plainte-contre-thierno-lo\/#breadcrumb\",\"itemListElement\":[{\"@type\":\"ListItem\",\"position\":1,\"name\":\"Accueil\",\"item\":\"https:\/\/www.nettali.com\/\"},{\"@type\":\"ListItem\",\"position\":2,\"name\":\"ACCUSATIONS AUTOUR DE MACKY SALL : Mary Teuw Niane porte plainte contre Thierno L\\u00f4\"}]},{\"@type\":\"Person\",\"@id\":\"https:\/\/www.nettali.com\/#\/schema\/person\/3317e0bb3aa1da309fbf7b2780901bf4\",\"name\":\"Daouda\",\"image\":{\"@type\":\"ImageObject\",\"@id\":\"https:\/\/www.nettali.com\/#personlogo\",\"inLanguage\":\"fr-FR\",\"url\":\"https:\/\/secure.gravatar.com\/avatar\/8d143b5a49345098ddcfee1c49c2f47c?s=96&d=mm&r=g\",\"contentUrl\":\"https:\/\/secure.gravatar.com\/avatar\/8d143b5a49345098ddcfee1c49c2f47c?s=96&d=mm&r=g\",\"caption\":\"Daouda\"},\"sameAs\":[\"https:\/\/www.nettali.com\"]}]}<\/script>\n<!-- \/ Yoast SEO Premium plugin. -->","yoast_head_json":{"title":"ACCUSATIONS AUTOUR DE MACKY SALL : Mary Teuw Niane porte plainte contre Thierno L\u00f4 | Nettali.com","robots":{"index":"index","follow":"follow","max-snippet":"max-snippet:-1","max-image-preview":"max-image-preview:large","max-video-preview":"max-video-preview:-1"},"canonical":"https:\/\/www.nettali.com\/2026\/05\/01\/accusations-autour-de-macky-sall-mary-teuw-niane-porte-plainte-contre-thierno-lo\/","og_locale":"fr_FR","og_type":"article","og_title":"ACCUSATIONS AUTOUR DE MACKY SALL : Mary Teuw Niane porte plainte contre Thierno L\u00f4","og_description":"NETTALI.COM - Le Directeur de cabinet du Pr\u00e9sident de la R\u00e9publique d\u00e9nonce des propos diffamatoires li\u00e9s \u00e0 un suppos\u00e9 soutien \u00e0 la candidature de l\u2019ancien chef de l\u2019\u00c9tat \u00e0 l\u2019ONU. La tension monte autour des d\u00e9clarations li\u00e9es \u00e0 une \u00e9ventuelle candidature de Macky Sall au poste de secr\u00e9taire g\u00e9n\u00e9ral de l\u2019Organisation des Nations unies. Le [&hellip;]","og_url":"https:\/\/www.nettali.com\/2026\/05\/01\/accusations-autour-de-macky-sall-mary-teuw-niane-porte-plainte-contre-thierno-lo\/","og_site_name":"Nettali.com","article_publisher":"https:\/\/www.facebook.com\/nettalicom","article_published_time":"2026-05-01T14:41:52+00:00","og_image":[{"width":600,"height":400,"url":"https:\/\/www.nettali.com\/wp-content\/uploads\/2023\/08\/mary-tew-niane.jpg","type":"image\/jpeg"}],"twitter_card":"summary_large_image","twitter_misc":{"\u00c9crit par":"Daouda","Dur\u00e9e de lecture estim\u00e9e":"2 minutes"},"schema":{"@context":"https:\/\/schema.org","@graph":[{"@type":"WebSite","@id":"https:\/\/www.nettali.com\/#website","url":"https:\/\/www.nettali.com\/","name":"Nettali.com","description":"Le rendez-vous critique du Net","potentialAction":[{"@type":"SearchAction","target":{"@type":"EntryPoint","urlTemplate":"https:\/\/www.nettali.com\/?s={search_term_string}"},"query-input":"required name=search_term_string"}],"inLanguage":"fr-FR"},{"@type":"ImageObject","@id":"https:\/\/www.nettali.com\/2026\/05\/01\/accusations-autour-de-macky-sall-mary-teuw-niane-porte-plainte-contre-thierno-lo\/#primaryimage","inLanguage":"fr-FR","url":"https:\/\/www.nettali.com\/wp-content\/uploads\/2023\/08\/mary-tew-niane.jpg","contentUrl":"https:\/\/www.nettali.com\/wp-content\/uploads\/2023\/08\/mary-tew-niane.jpg","width":600,"height":400},{"@type":"WebPage","@id":"https:\/\/www.nettali.com\/2026\/05\/01\/accusations-autour-de-macky-sall-mary-teuw-niane-porte-plainte-contre-thierno-lo\/#webpage","url":"https:\/\/www.nettali.com\/2026\/05\/01\/accusations-autour-de-macky-sall-mary-teuw-niane-porte-plainte-contre-thierno-lo\/","name":"ACCUSATIONS AUTOUR DE MACKY SALL : Mary Teuw Niane porte plainte contre Thierno L\u00f4 | Nettali.com","isPartOf":{"@id":"https:\/\/www.nettali.com\/#website"},"primaryImageOfPage":{"@id":"https:\/\/www.nettali.com\/2026\/05\/01\/accusations-autour-de-macky-sall-mary-teuw-niane-porte-plainte-contre-thierno-lo\/#primaryimage"},"datePublished":"2026-05-01T14:41:52+00:00","dateModified":"2026-05-01T14:41:52+00:00","author":{"@id":"https:\/\/www.nettali.com\/#\/schema\/person\/3317e0bb3aa1da309fbf7b2780901bf4"},"breadcrumb":{"@id":"https:\/\/www.nettali.com\/2026\/05\/01\/accusations-autour-de-macky-sall-mary-teuw-niane-porte-plainte-contre-thierno-lo\/#breadcrumb"},"inLanguage":"fr-FR","potentialAction":[{"@type":"ReadAction","target":["https:\/\/www.nettali.com\/2026\/05\/01\/accusations-autour-de-macky-sall-mary-teuw-niane-porte-plainte-contre-thierno-lo\/"]}]},{"@type":"BreadcrumbList","@id":"https:\/\/www.nettali.com\/2026\/05\/01\/accusations-autour-de-macky-sall-mary-teuw-niane-porte-plainte-contre-thierno-lo\/#breadcrumb","itemListElement":[{"@type":"ListItem","position":1,"name":"Accueil","item":"https:\/\/www.nettali.com\/"},{"@type":"ListItem","position":2,"name":"ACCUSATIONS AUTOUR DE MACKY SALL : Mary Teuw Niane porte plainte contre Thierno L\u00f4"}]},{"@type":"Person","@id":"https:\/\/www.nettali.com\/#\/schema\/person\/3317e0bb3aa1da309fbf7b2780901bf4","name":"Daouda","image":{"@type":"ImageObject","@id":"https:\/\/www.nettali.com\/#personlogo","inLanguage":"fr-FR","url":"https:\/\/secure.gravatar.com\/avatar\/8d143b5a49345098ddcfee1c49c2f47c?s=96&d=mm&r=g","contentUrl":"https:\/\/secure.gravatar.com\/avatar\/8d143b5a49345098ddcfee1c49c2f47c?s=96&d=mm&r=g","caption":"Daouda"},"sameAs":["https:\/\/www.nettali.com"]}]}},"_links":{"self":[{"href":"https:\/\/www.nettali.com\/rest\/wp\/v2\/posts\/173048"}],"collection":[{"href":"https:\/\/www.nettali.com\/rest\/wp\/v2\/posts"}],"about":[{"href":"https:\/\/www.nettali.com\/rest\/wp\/v2\/types\/post"}],"author":[{"embeddable":true,"href":"https:\/\/www.nettali.com\/rest\/wp\/v2\/users\/4"}],"replies":[{"embeddable":true,"href":"https:\/\/www.nettali.com\/rest\/wp\/v2\/comments?post=173048"}],"version-history":[{"count":1,"href":"https:\/\/www.nettali.com\/rest\/wp\/v2\/posts\/173048\/revisions"}],"predecessor-version":[{"id":173049,"href":"https:\/\/www.nettali.com\/rest\/wp\/v2\/posts\/173048\/revisions\/173049"}],"wp:featuredmedia":[{"embeddable":true,"href":"https:\/\/www.nettali.com\/rest\/wp\/v2\/media\/117041"}],"wp:attachment":[{"href":"https:\/\/www.nettali.com\/rest\/wp\/v2\/media?parent=173048"}],"wp:term":[{"taxonomy":"category","embeddable":true,"href":"https:\/\/www.nettali.com\/rest\/wp\/v2\/categories?post=173048"},{"taxonomy":"post_tag","embeddable":true,"href":"https:\/\/www.nettali.com\/rest\/wp\/v2\/tags?post=173048"}],"curies":[{"name":"wp","href":"https:\/\/api.w.org\/{rel}","templated":true}]}}