{"id":173026,"date":"2026-04-30T17:44:33","date_gmt":"2026-04-30T17:44:33","guid":{"rendered":"https:\/\/www.nettali.com\/?p=173026"},"modified":"2026-05-01T09:19:13","modified_gmt":"2026-05-01T09:19:13","slug":"liberte-de-la-presse-le-senegal-recule-a-la-78e-place-du-classement-rsf","status":"publish","type":"post","link":"https:\/\/www.nettali.com\/2026\/04\/30\/liberte-de-la-presse-le-senegal-recule-a-la-78e-place-du-classement-rsf\/","title":{"rendered":"LIBERT\u00c9 DE LA PRESSE - Le S\u00e9n\u00e9gal recule \u00e0 la 78e place du classement RSF"},"content":{"rendered":"<p data-start=\"93\" data-end=\"239\"><strong>NETTALI.COM - Le pays perd quatre places en 2026, sur fond de fragilit\u00e9 \u00e9conomique des m\u00e9dias et de pressions persistantes sur les journalistes.<\/strong><\/p>\n<p>Le S\u00e9n\u00e9gal a enregistr\u00e9 un recul dans le classement mondial de la libert\u00e9 de la presse publi\u00e9 par Reporters sans fronti\u00e8res, passant de la 74e \u00e0 la 78e place sur 180 pays en 2026.<\/p>\n<p data-start=\"468\" data-end=\"665\">Pr\u00e9sent\u00e9 lors d\u2019une conf\u00e9rence de presse \u00e0 Dakar, ce classement met en lumi\u00e8re une d\u00e9gradation du climat m\u00e9diatique, malgr\u00e9 un cadre juridique globalement favorable \u00e0 l\u2019exercice du journalisme.<\/p>\n<p>Selon RSF, l\u2019un des principaux facteurs de ce recul r\u00e9side dans la fragilit\u00e9 \u00e9conomique des m\u00e9dias s\u00e9n\u00e9galais.<\/p>\n<p data-start=\"828\" data-end=\"998\">L\u2019organisation souligne que, hormis les m\u00e9dias publics et quelques grands groupes priv\u00e9s, la majorit\u00e9 des organes de presse peine \u00e0 trouver un mod\u00e8le \u00e9conomique viable.<\/p>\n<p data-start=\"1000\" data-end=\"1163\">Les subventions publiques, jug\u00e9es insuffisantes, ont en outre \u00e9t\u00e9 gel\u00e9es pendant deux ans avant d\u2019\u00eatre r\u00e9tablies d\u00e9but 2026, aggravant la pr\u00e9carit\u00e9 du secteur.<\/p>\n<p>RSF pointe \u00e9galement une recrudescence des menaces et des atteintes \u00e0 la s\u00e9curit\u00e9 des journalistes ces derni\u00e8res ann\u00e9es. L\u2019organisation rappelle qu\u2019une vingtaine d\u2019attaques contre des professionnels des m\u00e9dias ont \u00e9t\u00e9 recens\u00e9es durant la p\u00e9riode \u00e9lectorale de 2024.<\/p>\n<p data-start=\"1505\" data-end=\"1655\">Si une am\u00e9lioration a \u00e9t\u00e9 observ\u00e9e par la suite, elle note toutefois une reprise des convocations et interpellations li\u00e9es \u00e0 l\u2019exercice du m\u00e9tier.<\/p>\n<p>Malgr\u00e9 ces difficult\u00e9s, RSF reconna\u00eet certaines avanc\u00e9es, notamment l\u2019adoption d\u2019une loi sur l\u2019acc\u00e8s \u00e0 l\u2019information, qui renforce le droit des journalistes \u00e0 obtenir des donn\u00e9es d\u00e9tenues par les institutions publiques.<\/p>\n<p data-start=\"1937\" data-end=\"2131\">Cependant, le rapport rel\u00e8ve des inqui\u00e9tudes persistantes concernant le Code de la presse de 2017, qui pr\u00e9voit encore des peines privatives de libert\u00e9 pour certains d\u00e9lits de presse.<\/p>\n<p>Le S\u00e9n\u00e9gal conserve un paysage m\u00e9diatique pluraliste, mais RSF estime que celui-ci est d\u00e9s\u00e9quilibr\u00e9 par la forte domination des sujets politiques dans le traitement de l\u2019information. Cette tendance contribue, selon l\u2019organisation, \u00e0 fragiliser la diversit\u00e9 \u00e9ditoriale et la qualit\u00e9 du d\u00e9bat public.<\/p>\n<p>Au-del\u00e0 du cas s\u00e9n\u00e9galais, RSF alerte sur une situation globale en d\u00e9t\u00e9rioration. Pour la premi\u00e8re fois, plus de la moiti\u00e9 des pays du monde sont class\u00e9s en situation \u201cdifficile\u201d ou \u201ctr\u00e8s grave\u201d en mati\u00e8re de libert\u00e9 de la presse.<\/p>\n<p data-start=\"2776\" data-end=\"2876\">L\u2019organisation souligne \u00e9galement qu\u2019en 25 ans, le score moyen mondial n\u2019a jamais \u00e9t\u00e9 aussi bas.<\/p>\n<p>Malgr\u00e9 des acquis reconnus, le recul du S\u00e9n\u00e9gal dans le classement RSF met en \u00e9vidence des d\u00e9fis persistants. Entre fragilit\u00e9 \u00e9conomique, pressions sur les journalistes et limites du cadre l\u00e9gal, la consolidation de la libert\u00e9 de la presse appara\u00eet comme un enjeu majeur pour les ann\u00e9es \u00e0 venir.<\/p>\n<p>&nbsp;<\/p>\n<div class='share-to-whatsapp-wrapper'><div class='share-on-whsp'>PARTAGER SUR : <\/div><a data-text='LIBERT\u00c9 DE LA PRESSE - Le S\u00e9n\u00e9gal recule \u00e0 la 78e place du classement RSF' data-link='https:\/\/www.nettali.com\/2026\/04\/30\/liberte-de-la-presse-le-senegal-recule-a-la-78e-place-du-classement-rsf\/' class='whatsapp-button whatsapp-share'>WhatsApp<\/a><div class='clear '><\/div><\/div>","protected":false},"excerpt":{"rendered":"<p>NETTALI.COM - Le pays perd quatre places en 2026, sur fond de fragilit\u00e9 \u00e9conomique des m\u00e9dias et de pressions persistantes sur les journalistes. Le S\u00e9n\u00e9gal a enregistr\u00e9 un recul dans le classement mondial de la libert\u00e9 de la presse publi\u00e9 par Reporters sans fronti\u00e8res, passant de la 74e \u00e0 la 78e place sur 180 pays [&hellip;]<\/p>\n","protected":false},"author":4,"featured_media":149766,"comment_status":"open","ping_status":"open","sticky":true,"template":"","format":"standard","meta":{"_et_pb_use_builder":"","_et_pb_old_content":""},"categories":[3],"tags":[],"yoast_head":"<!-- This site is optimized with the Yoast SEO Premium plugin v17.8 (Yoast SEO v17.8) - https:\/\/yoast.com\/wordpress\/plugins\/seo\/ -->\n<title>LIBERT\u00c9 DE LA PRESSE - Le S\u00e9n\u00e9gal recule \u00e0 la 78e place du classement RSF | Nettali.com<\/title>\n<meta name=\"robots\" content=\"index, follow, max-snippet:-1, max-image-preview:large, max-video-preview:-1\" \/>\n<link rel=\"canonical\" href=\"https:\/\/www.nettali.com\/2026\/04\/30\/liberte-de-la-presse-le-senegal-recule-a-la-78e-place-du-classement-rsf\/\" \/>\n<meta property=\"og:locale\" content=\"fr_FR\" \/>\n<meta property=\"og:type\" content=\"article\" \/>\n<meta property=\"og:title\" content=\"LIBERT\u00c9 DE LA PRESSE - Le S\u00e9n\u00e9gal recule \u00e0 la 78e place du classement RSF\" \/>\n<meta property=\"og:description\" content=\"NETTALI.COM - Le pays perd quatre places en 2026, sur fond de fragilit\u00e9 \u00e9conomique des m\u00e9dias et de pressions persistantes sur les journalistes. Le S\u00e9n\u00e9gal a enregistr\u00e9 un recul dans le classement mondial de la libert\u00e9 de la presse publi\u00e9 par Reporters sans fronti\u00e8res, passant de la 74e \u00e0 la 78e place sur 180 pays [&hellip;]\" \/>\n<meta property=\"og:url\" content=\"https:\/\/www.nettali.com\/2026\/04\/30\/liberte-de-la-presse-le-senegal-recule-a-la-78e-place-du-classement-rsf\/\" \/>\n<meta property=\"og:site_name\" content=\"Nettali.com\" \/>\n<meta property=\"article:publisher\" content=\"https:\/\/www.facebook.com\/nettalicom\" \/>\n<meta property=\"article:published_time\" content=\"2026-04-30T17:44:33+00:00\" \/>\n<meta property=\"article:modified_time\" content=\"2026-05-01T09:19:13+00:00\" \/>\n<meta property=\"og:image\" content=\"https:\/\/www.nettali.com\/wp-content\/uploads\/2025\/02\/presse_sn_1.jpg\" \/>\n\t<meta property=\"og:image:width\" content=\"700\" \/>\n\t<meta property=\"og:image:height\" content=\"467\" \/>\n<meta name=\"twitter:card\" content=\"summary_large_image\" \/>\n<meta name=\"twitter:label1\" content=\"\u00c9crit par\" \/>\n\t<meta name=\"twitter:data1\" content=\"Daouda\" \/>\n\t<meta name=\"twitter:label2\" content=\"Dur\u00e9e de lecture estim\u00e9e\" \/>\n\t<meta name=\"twitter:data2\" content=\"2 minutes\" \/>\n<script type=\"application\/ld+json\" class=\"yoast-schema-graph\">{\"@context\":\"https:\/\/schema.org\",\"@graph\":[{\"@type\":\"WebSite\",\"@id\":\"https:\/\/www.nettali.com\/#website\",\"url\":\"https:\/\/www.nettali.com\/\",\"name\":\"Nettali.com\",\"description\":\"Le rendez-vous critique du Net\",\"potentialAction\":[{\"@type\":\"SearchAction\",\"target\":{\"@type\":\"EntryPoint\",\"urlTemplate\":\"https:\/\/www.nettali.com\/?s={search_term_string}\"},\"query-input\":\"required name=search_term_string\"}],\"inLanguage\":\"fr-FR\"},{\"@type\":\"ImageObject\",\"@id\":\"https:\/\/www.nettali.com\/2026\/04\/30\/liberte-de-la-presse-le-senegal-recule-a-la-78e-place-du-classement-rsf\/#primaryimage\",\"inLanguage\":\"fr-FR\",\"url\":\"https:\/\/www.nettali.com\/wp-content\/uploads\/2025\/02\/presse_sn_1.jpg\",\"contentUrl\":\"https:\/\/www.nettali.com\/wp-content\/uploads\/2025\/02\/presse_sn_1.jpg\",\"width\":700,\"height\":467},{\"@type\":\"WebPage\",\"@id\":\"https:\/\/www.nettali.com\/2026\/04\/30\/liberte-de-la-presse-le-senegal-recule-a-la-78e-place-du-classement-rsf\/#webpage\",\"url\":\"https:\/\/www.nettali.com\/2026\/04\/30\/liberte-de-la-presse-le-senegal-recule-a-la-78e-place-du-classement-rsf\/\",\"name\":\"LIBERT\\u00c9 DE LA PRESSE - Le S\\u00e9n\\u00e9gal recule \\u00e0 la 78e place du classement RSF | Nettali.com\",\"isPartOf\":{\"@id\":\"https:\/\/www.nettali.com\/#website\"},\"primaryImageOfPage\":{\"@id\":\"https:\/\/www.nettali.com\/2026\/04\/30\/liberte-de-la-presse-le-senegal-recule-a-la-78e-place-du-classement-rsf\/#primaryimage\"},\"datePublished\":\"2026-04-30T17:44:33+00:00\",\"dateModified\":\"2026-05-01T09:19:13+00:00\",\"author\":{\"@id\":\"https:\/\/www.nettali.com\/#\/schema\/person\/3317e0bb3aa1da309fbf7b2780901bf4\"},\"breadcrumb\":{\"@id\":\"https:\/\/www.nettali.com\/2026\/04\/30\/liberte-de-la-presse-le-senegal-recule-a-la-78e-place-du-classement-rsf\/#breadcrumb\"},\"inLanguage\":\"fr-FR\",\"potentialAction\":[{\"@type\":\"ReadAction\",\"target\":[\"https:\/\/www.nettali.com\/2026\/04\/30\/liberte-de-la-presse-le-senegal-recule-a-la-78e-place-du-classement-rsf\/\"]}]},{\"@type\":\"BreadcrumbList\",\"@id\":\"https:\/\/www.nettali.com\/2026\/04\/30\/liberte-de-la-presse-le-senegal-recule-a-la-78e-place-du-classement-rsf\/#breadcrumb\",\"itemListElement\":[{\"@type\":\"ListItem\",\"position\":1,\"name\":\"Accueil\",\"item\":\"https:\/\/www.nettali.com\/\"},{\"@type\":\"ListItem\",\"position\":2,\"name\":\"LIBERT\\u00c9 DE LA PRESSE - Le S\\u00e9n\\u00e9gal recule \\u00e0 la 78e place du classement RSF\"}]},{\"@type\":\"Person\",\"@id\":\"https:\/\/www.nettali.com\/#\/schema\/person\/3317e0bb3aa1da309fbf7b2780901bf4\",\"name\":\"Daouda\",\"image\":{\"@type\":\"ImageObject\",\"@id\":\"https:\/\/www.nettali.com\/#personlogo\",\"inLanguage\":\"fr-FR\",\"url\":\"https:\/\/secure.gravatar.com\/avatar\/8d143b5a49345098ddcfee1c49c2f47c?s=96&d=mm&r=g\",\"contentUrl\":\"https:\/\/secure.gravatar.com\/avatar\/8d143b5a49345098ddcfee1c49c2f47c?s=96&d=mm&r=g\",\"caption\":\"Daouda\"},\"sameAs\":[\"https:\/\/www.nettali.com\"]}]}<\/script>\n<!-- \/ Yoast SEO Premium plugin. -->","yoast_head_json":{"title":"LIBERT\u00c9 DE LA PRESSE - Le S\u00e9n\u00e9gal recule \u00e0 la 78e place du classement RSF | Nettali.com","robots":{"index":"index","follow":"follow","max-snippet":"max-snippet:-1","max-image-preview":"max-image-preview:large","max-video-preview":"max-video-preview:-1"},"canonical":"https:\/\/www.nettali.com\/2026\/04\/30\/liberte-de-la-presse-le-senegal-recule-a-la-78e-place-du-classement-rsf\/","og_locale":"fr_FR","og_type":"article","og_title":"LIBERT\u00c9 DE LA PRESSE - Le S\u00e9n\u00e9gal recule \u00e0 la 78e place du classement RSF","og_description":"NETTALI.COM - Le pays perd quatre places en 2026, sur fond de fragilit\u00e9 \u00e9conomique des m\u00e9dias et de pressions persistantes sur les journalistes. Le S\u00e9n\u00e9gal a enregistr\u00e9 un recul dans le classement mondial de la libert\u00e9 de la presse publi\u00e9 par Reporters sans fronti\u00e8res, passant de la 74e \u00e0 la 78e place sur 180 pays [&hellip;]","og_url":"https:\/\/www.nettali.com\/2026\/04\/30\/liberte-de-la-presse-le-senegal-recule-a-la-78e-place-du-classement-rsf\/","og_site_name":"Nettali.com","article_publisher":"https:\/\/www.facebook.com\/nettalicom","article_published_time":"2026-04-30T17:44:33+00:00","article_modified_time":"2026-05-01T09:19:13+00:00","og_image":[{"width":700,"height":467,"url":"https:\/\/www.nettali.com\/wp-content\/uploads\/2025\/02\/presse_sn_1.jpg","type":"image\/jpeg"}],"twitter_card":"summary_large_image","twitter_misc":{"\u00c9crit par":"Daouda","Dur\u00e9e de lecture estim\u00e9e":"2 minutes"},"schema":{"@context":"https:\/\/schema.org","@graph":[{"@type":"WebSite","@id":"https:\/\/www.nettali.com\/#website","url":"https:\/\/www.nettali.com\/","name":"Nettali.com","description":"Le rendez-vous critique du Net","potentialAction":[{"@type":"SearchAction","target":{"@type":"EntryPoint","urlTemplate":"https:\/\/www.nettali.com\/?s={search_term_string}"},"query-input":"required name=search_term_string"}],"inLanguage":"fr-FR"},{"@type":"ImageObject","@id":"https:\/\/www.nettali.com\/2026\/04\/30\/liberte-de-la-presse-le-senegal-recule-a-la-78e-place-du-classement-rsf\/#primaryimage","inLanguage":"fr-FR","url":"https:\/\/www.nettali.com\/wp-content\/uploads\/2025\/02\/presse_sn_1.jpg","contentUrl":"https:\/\/www.nettali.com\/wp-content\/uploads\/2025\/02\/presse_sn_1.jpg","width":700,"height":467},{"@type":"WebPage","@id":"https:\/\/www.nettali.com\/2026\/04\/30\/liberte-de-la-presse-le-senegal-recule-a-la-78e-place-du-classement-rsf\/#webpage","url":"https:\/\/www.nettali.com\/2026\/04\/30\/liberte-de-la-presse-le-senegal-recule-a-la-78e-place-du-classement-rsf\/","name":"LIBERT\u00c9 DE LA PRESSE - Le S\u00e9n\u00e9gal recule \u00e0 la 78e place du classement RSF | Nettali.com","isPartOf":{"@id":"https:\/\/www.nettali.com\/#website"},"primaryImageOfPage":{"@id":"https:\/\/www.nettali.com\/2026\/04\/30\/liberte-de-la-presse-le-senegal-recule-a-la-78e-place-du-classement-rsf\/#primaryimage"},"datePublished":"2026-04-30T17:44:33+00:00","dateModified":"2026-05-01T09:19:13+00:00","author":{"@id":"https:\/\/www.nettali.com\/#\/schema\/person\/3317e0bb3aa1da309fbf7b2780901bf4"},"breadcrumb":{"@id":"https:\/\/www.nettali.com\/2026\/04\/30\/liberte-de-la-presse-le-senegal-recule-a-la-78e-place-du-classement-rsf\/#breadcrumb"},"inLanguage":"fr-FR","potentialAction":[{"@type":"ReadAction","target":["https:\/\/www.nettali.com\/2026\/04\/30\/liberte-de-la-presse-le-senegal-recule-a-la-78e-place-du-classement-rsf\/"]}]},{"@type":"BreadcrumbList","@id":"https:\/\/www.nettali.com\/2026\/04\/30\/liberte-de-la-presse-le-senegal-recule-a-la-78e-place-du-classement-rsf\/#breadcrumb","itemListElement":[{"@type":"ListItem","position":1,"name":"Accueil","item":"https:\/\/www.nettali.com\/"},{"@type":"ListItem","position":2,"name":"LIBERT\u00c9 DE LA PRESSE - Le S\u00e9n\u00e9gal recule \u00e0 la 78e place du classement RSF"}]},{"@type":"Person","@id":"https:\/\/www.nettali.com\/#\/schema\/person\/3317e0bb3aa1da309fbf7b2780901bf4","name":"Daouda","image":{"@type":"ImageObject","@id":"https:\/\/www.nettali.com\/#personlogo","inLanguage":"fr-FR","url":"https:\/\/secure.gravatar.com\/avatar\/8d143b5a49345098ddcfee1c49c2f47c?s=96&d=mm&r=g","contentUrl":"https:\/\/secure.gravatar.com\/avatar\/8d143b5a49345098ddcfee1c49c2f47c?s=96&d=mm&r=g","caption":"Daouda"},"sameAs":["https:\/\/www.nettali.com"]}]}},"_links":{"self":[{"href":"https:\/\/www.nettali.com\/rest\/wp\/v2\/posts\/173026"}],"collection":[{"href":"https:\/\/www.nettali.com\/rest\/wp\/v2\/posts"}],"about":[{"href":"https:\/\/www.nettali.com\/rest\/wp\/v2\/types\/post"}],"author":[{"embeddable":true,"href":"https:\/\/www.nettali.com\/rest\/wp\/v2\/users\/4"}],"replies":[{"embeddable":true,"href":"https:\/\/www.nettali.com\/rest\/wp\/v2\/comments?post=173026"}],"version-history":[{"count":2,"href":"https:\/\/www.nettali.com\/rest\/wp\/v2\/posts\/173026\/revisions"}],"predecessor-version":[{"id":173035,"href":"https:\/\/www.nettali.com\/rest\/wp\/v2\/posts\/173026\/revisions\/173035"}],"wp:featuredmedia":[{"embeddable":true,"href":"https:\/\/www.nettali.com\/rest\/wp\/v2\/media\/149766"}],"wp:attachment":[{"href":"https:\/\/www.nettali.com\/rest\/wp\/v2\/media?parent=173026"}],"wp:term":[{"taxonomy":"category","embeddable":true,"href":"https:\/\/www.nettali.com\/rest\/wp\/v2\/categories?post=173026"},{"taxonomy":"post_tag","embeddable":true,"href":"https:\/\/www.nettali.com\/rest\/wp\/v2\/tags?post=173026"}],"curies":[{"name":"wp","href":"https:\/\/api.w.org\/{rel}","templated":true}]}}