{"id":173021,"date":"2026-04-30T15:30:05","date_gmt":"2026-04-30T15:30:05","guid":{"rendered":"https:\/\/www.nettali.com\/?p=173021"},"modified":"2026-04-30T16:48:13","modified_gmt":"2026-04-30T16:48:13","slug":"fifa-la-caf-soutient-a-lunanimite-la-reelection-de-gianni-infantino","status":"publish","type":"post","link":"https:\/\/www.nettali.com\/2026\/04\/30\/fifa-la-caf-soutient-a-lunanimite-la-reelection-de-gianni-infantino\/","title":{"rendered":"FIFA - La CAF soutient \u00e0 l\u2019unanimit\u00e9 la r\u00e9\u00e9lection de Gianni Infantino"},"content":{"rendered":"<p><strong>NETTALI.COM - La Conf\u00e9d\u00e9ration africaine de football (CAF) a tenu une r\u00e9union aujourd\u2019hui, mercredi 29 avril 2026, \u00e0 Vancouver, au Canada, \u00e0 la veille du 76\u1d49 Congr\u00e8s de la FIFA.<\/strong><\/p>\n<p>A cette occasion, les Associations Membres de la CAF ont unanimement d\u00e9cid\u00e9 de soutenir la r\u00e9\u00e9lection de Gianni Infantino au poste de Pr\u00e9sident de la FIFA pour la p\u00e9riode 2027\u20112031.<\/p>\n<p>Ce vote en bloc renforce la position du pr\u00e9sident sortant \u00e0 un an du lancement officiel de la campagne. La p\u00e9riode \u00e9lectorale d\u00e9butera le 30 avril 2026, comme l\u2019a confirm\u00e9 le Conseil de la FIFA hier. Avec 54 voix, l\u2019Afrique p\u00e8se lourd dans le coll\u00e8ge \u00e9lectoral de la FIFA qui compte 211 f\u00e9d\u00e9rations.<\/p>\n<div class='share-to-whatsapp-wrapper'><div class='share-on-whsp'>PARTAGER SUR : <\/div><a data-text='FIFA - La CAF soutient \u00e0 l\u2019unanimit\u00e9 la r\u00e9\u00e9lection de Gianni Infantino' data-link='https:\/\/www.nettali.com\/2026\/04\/30\/fifa-la-caf-soutient-a-lunanimite-la-reelection-de-gianni-infantino\/' class='whatsapp-button whatsapp-share'>WhatsApp<\/a><div class='clear '><\/div><\/div>","protected":false},"excerpt":{"rendered":"<p>NETTALI.COM - La Conf\u00e9d\u00e9ration africaine de football (CAF) a tenu une r\u00e9union aujourd\u2019hui, mercredi 29 avril 2026, \u00e0 Vancouver, au Canada, \u00e0 la veille du 76\u1d49 Congr\u00e8s de la FIFA. A cette occasion, les Associations Membres de la CAF ont unanimement d\u00e9cid\u00e9 de soutenir la r\u00e9\u00e9lection de Gianni Infantino au poste de Pr\u00e9sident de la [&hellip;]<\/p>\n","protected":false},"author":5,"featured_media":173022,"comment_status":"open","ping_status":"open","sticky":false,"template":"","format":"standard","meta":{"_et_pb_use_builder":"","_et_pb_old_content":""},"categories":[6],"tags":[],"yoast_head":"<!-- This site is optimized with the Yoast SEO Premium plugin v17.8 (Yoast SEO v17.8) - https:\/\/yoast.com\/wordpress\/plugins\/seo\/ -->\n<title>FIFA - La CAF soutient \u00e0 l\u2019unanimit\u00e9 la r\u00e9\u00e9lection de Gianni Infantino | Nettali.com<\/title>\n<meta name=\"robots\" content=\"index, follow, max-snippet:-1, max-image-preview:large, max-video-preview:-1\" \/>\n<link rel=\"canonical\" href=\"https:\/\/www.nettali.com\/2026\/04\/30\/fifa-la-caf-soutient-a-lunanimite-la-reelection-de-gianni-infantino\/\" \/>\n<meta property=\"og:locale\" content=\"fr_FR\" \/>\n<meta property=\"og:type\" content=\"article\" \/>\n<meta property=\"og:title\" content=\"FIFA - La CAF soutient \u00e0 l\u2019unanimit\u00e9 la r\u00e9\u00e9lection de Gianni Infantino\" \/>\n<meta property=\"og:description\" content=\"NETTALI.COM - La Conf\u00e9d\u00e9ration africaine de football (CAF) a tenu une r\u00e9union aujourd\u2019hui, mercredi 29 avril 2026, \u00e0 Vancouver, au Canada, \u00e0 la veille du 76\u1d49 Congr\u00e8s de la FIFA. A cette occasion, les Associations Membres de la CAF ont unanimement d\u00e9cid\u00e9 de soutenir la r\u00e9\u00e9lection de Gianni Infantino au poste de Pr\u00e9sident de la [&hellip;]\" \/>\n<meta property=\"og:url\" content=\"https:\/\/www.nettali.com\/2026\/04\/30\/fifa-la-caf-soutient-a-lunanimite-la-reelection-de-gianni-infantino\/\" \/>\n<meta property=\"og:site_name\" content=\"Nettali.com\" \/>\n<meta property=\"article:publisher\" content=\"https:\/\/www.facebook.com\/nettalicom\" \/>\n<meta property=\"article:published_time\" content=\"2026-04-30T15:30:05+00:00\" \/>\n<meta property=\"article:modified_time\" content=\"2026-04-30T16:48:13+00:00\" \/>\n<meta property=\"og:image\" content=\"https:\/\/www.nettali.com\/wp-content\/uploads\/2026\/04\/images-70.jpeg\" \/>\n\t<meta property=\"og:image:width\" content=\"678\" \/>\n\t<meta property=\"og:image:height\" content=\"453\" \/>\n<meta name=\"twitter:card\" content=\"summary_large_image\" \/>\n<meta name=\"twitter:label1\" content=\"\u00c9crit par\" \/>\n\t<meta name=\"twitter:data1\" content=\"Ibrahima\" \/>\n\t<meta name=\"twitter:label2\" content=\"Dur\u00e9e de lecture estim\u00e9e\" \/>\n\t<meta name=\"twitter:data2\" content=\"1 minute\" \/>\n<script type=\"application\/ld+json\" class=\"yoast-schema-graph\">{\"@context\":\"https:\/\/schema.org\",\"@graph\":[{\"@type\":\"WebSite\",\"@id\":\"https:\/\/www.nettali.com\/#website\",\"url\":\"https:\/\/www.nettali.com\/\",\"name\":\"Nettali.com\",\"description\":\"Le rendez-vous critique du Net\",\"potentialAction\":[{\"@type\":\"SearchAction\",\"target\":{\"@type\":\"EntryPoint\",\"urlTemplate\":\"https:\/\/www.nettali.com\/?s={search_term_string}\"},\"query-input\":\"required name=search_term_string\"}],\"inLanguage\":\"fr-FR\"},{\"@type\":\"ImageObject\",\"@id\":\"https:\/\/www.nettali.com\/2026\/04\/30\/fifa-la-caf-soutient-a-lunanimite-la-reelection-de-gianni-infantino\/#primaryimage\",\"inLanguage\":\"fr-FR\",\"url\":\"https:\/\/www.nettali.com\/wp-content\/uploads\/2026\/04\/images-70.jpeg\",\"contentUrl\":\"https:\/\/www.nettali.com\/wp-content\/uploads\/2026\/04\/images-70.jpeg\",\"width\":678,\"height\":453},{\"@type\":\"WebPage\",\"@id\":\"https:\/\/www.nettali.com\/2026\/04\/30\/fifa-la-caf-soutient-a-lunanimite-la-reelection-de-gianni-infantino\/#webpage\",\"url\":\"https:\/\/www.nettali.com\/2026\/04\/30\/fifa-la-caf-soutient-a-lunanimite-la-reelection-de-gianni-infantino\/\",\"name\":\"FIFA - La CAF soutient \\u00e0 l\\u2019unanimit\\u00e9 la r\\u00e9\\u00e9lection de Gianni Infantino | Nettali.com\",\"isPartOf\":{\"@id\":\"https:\/\/www.nettali.com\/#website\"},\"primaryImageOfPage\":{\"@id\":\"https:\/\/www.nettali.com\/2026\/04\/30\/fifa-la-caf-soutient-a-lunanimite-la-reelection-de-gianni-infantino\/#primaryimage\"},\"datePublished\":\"2026-04-30T15:30:05+00:00\",\"dateModified\":\"2026-04-30T16:48:13+00:00\",\"author\":{\"@id\":\"https:\/\/www.nettali.com\/#\/schema\/person\/bb147657c2986240405a608162b9bb23\"},\"breadcrumb\":{\"@id\":\"https:\/\/www.nettali.com\/2026\/04\/30\/fifa-la-caf-soutient-a-lunanimite-la-reelection-de-gianni-infantino\/#breadcrumb\"},\"inLanguage\":\"fr-FR\",\"potentialAction\":[{\"@type\":\"ReadAction\",\"target\":[\"https:\/\/www.nettali.com\/2026\/04\/30\/fifa-la-caf-soutient-a-lunanimite-la-reelection-de-gianni-infantino\/\"]}]},{\"@type\":\"BreadcrumbList\",\"@id\":\"https:\/\/www.nettali.com\/2026\/04\/30\/fifa-la-caf-soutient-a-lunanimite-la-reelection-de-gianni-infantino\/#breadcrumb\",\"itemListElement\":[{\"@type\":\"ListItem\",\"position\":1,\"name\":\"Accueil\",\"item\":\"https:\/\/www.nettali.com\/\"},{\"@type\":\"ListItem\",\"position\":2,\"name\":\"FIFA - La CAF soutient \\u00e0 l\\u2019unanimit\\u00e9 la r\\u00e9\\u00e9lection de Gianni Infantino\"}]},{\"@type\":\"Person\",\"@id\":\"https:\/\/www.nettali.com\/#\/schema\/person\/bb147657c2986240405a608162b9bb23\",\"name\":\"Ibrahima\",\"image\":{\"@type\":\"ImageObject\",\"@id\":\"https:\/\/www.nettali.com\/#personlogo\",\"inLanguage\":\"fr-FR\",\"url\":\"https:\/\/secure.gravatar.com\/avatar\/26a8a81f09f0dd7624c9d5c36c9ba3a2?s=96&d=mm&r=g\",\"contentUrl\":\"https:\/\/secure.gravatar.com\/avatar\/26a8a81f09f0dd7624c9d5c36c9ba3a2?s=96&d=mm&r=g\",\"caption\":\"Ibrahima\"},\"sameAs\":[\"https:\/\/www.nettali.com\"]}]}<\/script>\n<!-- \/ Yoast SEO Premium plugin. -->","yoast_head_json":{"title":"FIFA - La CAF soutient \u00e0 l\u2019unanimit\u00e9 la r\u00e9\u00e9lection de Gianni Infantino | Nettali.com","robots":{"index":"index","follow":"follow","max-snippet":"max-snippet:-1","max-image-preview":"max-image-preview:large","max-video-preview":"max-video-preview:-1"},"canonical":"https:\/\/www.nettali.com\/2026\/04\/30\/fifa-la-caf-soutient-a-lunanimite-la-reelection-de-gianni-infantino\/","og_locale":"fr_FR","og_type":"article","og_title":"FIFA - La CAF soutient \u00e0 l\u2019unanimit\u00e9 la r\u00e9\u00e9lection de Gianni Infantino","og_description":"NETTALI.COM - La Conf\u00e9d\u00e9ration africaine de football (CAF) a tenu une r\u00e9union aujourd\u2019hui, mercredi 29 avril 2026, \u00e0 Vancouver, au Canada, \u00e0 la veille du 76\u1d49 Congr\u00e8s de la FIFA. A cette occasion, les Associations Membres de la CAF ont unanimement d\u00e9cid\u00e9 de soutenir la r\u00e9\u00e9lection de Gianni Infantino au poste de Pr\u00e9sident de la [&hellip;]","og_url":"https:\/\/www.nettali.com\/2026\/04\/30\/fifa-la-caf-soutient-a-lunanimite-la-reelection-de-gianni-infantino\/","og_site_name":"Nettali.com","article_publisher":"https:\/\/www.facebook.com\/nettalicom","article_published_time":"2026-04-30T15:30:05+00:00","article_modified_time":"2026-04-30T16:48:13+00:00","og_image":[{"width":678,"height":453,"url":"https:\/\/www.nettali.com\/wp-content\/uploads\/2026\/04\/images-70.jpeg","type":"image\/jpeg"}],"twitter_card":"summary_large_image","twitter_misc":{"\u00c9crit par":"Ibrahima","Dur\u00e9e de lecture estim\u00e9e":"1 minute"},"schema":{"@context":"https:\/\/schema.org","@graph":[{"@type":"WebSite","@id":"https:\/\/www.nettali.com\/#website","url":"https:\/\/www.nettali.com\/","name":"Nettali.com","description":"Le rendez-vous critique du Net","potentialAction":[{"@type":"SearchAction","target":{"@type":"EntryPoint","urlTemplate":"https:\/\/www.nettali.com\/?s={search_term_string}"},"query-input":"required name=search_term_string"}],"inLanguage":"fr-FR"},{"@type":"ImageObject","@id":"https:\/\/www.nettali.com\/2026\/04\/30\/fifa-la-caf-soutient-a-lunanimite-la-reelection-de-gianni-infantino\/#primaryimage","inLanguage":"fr-FR","url":"https:\/\/www.nettali.com\/wp-content\/uploads\/2026\/04\/images-70.jpeg","contentUrl":"https:\/\/www.nettali.com\/wp-content\/uploads\/2026\/04\/images-70.jpeg","width":678,"height":453},{"@type":"WebPage","@id":"https:\/\/www.nettali.com\/2026\/04\/30\/fifa-la-caf-soutient-a-lunanimite-la-reelection-de-gianni-infantino\/#webpage","url":"https:\/\/www.nettali.com\/2026\/04\/30\/fifa-la-caf-soutient-a-lunanimite-la-reelection-de-gianni-infantino\/","name":"FIFA - La CAF soutient \u00e0 l\u2019unanimit\u00e9 la r\u00e9\u00e9lection de Gianni Infantino | Nettali.com","isPartOf":{"@id":"https:\/\/www.nettali.com\/#website"},"primaryImageOfPage":{"@id":"https:\/\/www.nettali.com\/2026\/04\/30\/fifa-la-caf-soutient-a-lunanimite-la-reelection-de-gianni-infantino\/#primaryimage"},"datePublished":"2026-04-30T15:30:05+00:00","dateModified":"2026-04-30T16:48:13+00:00","author":{"@id":"https:\/\/www.nettali.com\/#\/schema\/person\/bb147657c2986240405a608162b9bb23"},"breadcrumb":{"@id":"https:\/\/www.nettali.com\/2026\/04\/30\/fifa-la-caf-soutient-a-lunanimite-la-reelection-de-gianni-infantino\/#breadcrumb"},"inLanguage":"fr-FR","potentialAction":[{"@type":"ReadAction","target":["https:\/\/www.nettali.com\/2026\/04\/30\/fifa-la-caf-soutient-a-lunanimite-la-reelection-de-gianni-infantino\/"]}]},{"@type":"BreadcrumbList","@id":"https:\/\/www.nettali.com\/2026\/04\/30\/fifa-la-caf-soutient-a-lunanimite-la-reelection-de-gianni-infantino\/#breadcrumb","itemListElement":[{"@type":"ListItem","position":1,"name":"Accueil","item":"https:\/\/www.nettali.com\/"},{"@type":"ListItem","position":2,"name":"FIFA - La CAF soutient \u00e0 l\u2019unanimit\u00e9 la r\u00e9\u00e9lection de Gianni Infantino"}]},{"@type":"Person","@id":"https:\/\/www.nettali.com\/#\/schema\/person\/bb147657c2986240405a608162b9bb23","name":"Ibrahima","image":{"@type":"ImageObject","@id":"https:\/\/www.nettali.com\/#personlogo","inLanguage":"fr-FR","url":"https:\/\/secure.gravatar.com\/avatar\/26a8a81f09f0dd7624c9d5c36c9ba3a2?s=96&d=mm&r=g","contentUrl":"https:\/\/secure.gravatar.com\/avatar\/26a8a81f09f0dd7624c9d5c36c9ba3a2?s=96&d=mm&r=g","caption":"Ibrahima"},"sameAs":["https:\/\/www.nettali.com"]}]}},"_links":{"self":[{"href":"https:\/\/www.nettali.com\/rest\/wp\/v2\/posts\/173021"}],"collection":[{"href":"https:\/\/www.nettali.com\/rest\/wp\/v2\/posts"}],"about":[{"href":"https:\/\/www.nettali.com\/rest\/wp\/v2\/types\/post"}],"author":[{"embeddable":true,"href":"https:\/\/www.nettali.com\/rest\/wp\/v2\/users\/5"}],"replies":[{"embeddable":true,"href":"https:\/\/www.nettali.com\/rest\/wp\/v2\/comments?post=173021"}],"version-history":[{"count":1,"href":"https:\/\/www.nettali.com\/rest\/wp\/v2\/posts\/173021\/revisions"}],"predecessor-version":[{"id":173023,"href":"https:\/\/www.nettali.com\/rest\/wp\/v2\/posts\/173021\/revisions\/173023"}],"wp:featuredmedia":[{"embeddable":true,"href":"https:\/\/www.nettali.com\/rest\/wp\/v2\/media\/173022"}],"wp:attachment":[{"href":"https:\/\/www.nettali.com\/rest\/wp\/v2\/media?parent=173021"}],"wp:term":[{"taxonomy":"category","embeddable":true,"href":"https:\/\/www.nettali.com\/rest\/wp\/v2\/categories?post=173021"},{"taxonomy":"post_tag","embeddable":true,"href":"https:\/\/www.nettali.com\/rest\/wp\/v2\/tags?post=173021"}],"curies":[{"name":"wp","href":"https:\/\/api.w.org\/{rel}","templated":true}]}}