{"id":172994,"date":"2026-04-29T20:07:42","date_gmt":"2026-04-29T20:07:42","guid":{"rendered":"https:\/\/www.nettali.com\/?p=172994"},"modified":"2026-04-29T20:52:31","modified_gmt":"2026-04-29T20:52:31","slug":"psg-hakimi-forfait-pour-le-retour-a-munich","status":"publish","type":"post","link":"https:\/\/www.nettali.com\/2026\/04\/29\/psg-hakimi-forfait-pour-le-retour-a-munich\/","title":{"rendered":"PSG - Hakimi forfait pour le retour \u00e0 Munich"},"content":{"rendered":"<p><strong>NETTALI.COM - Coup dur pour Achraf Hakimi. Touch\u00e9 ce mardi lors de la demi-finale aller de la Ligue des champions face au Bayer Munich (5-4), le Marocain va manquer la manche retour, en Bavi\u00e8re.<\/strong><\/p>\n<p>Selon les informations de RMC, le Paris Saint-Germain devra composer sans Achraf Hakimi pour sa demi-finale retour de Ligue des Champions sur le terrain du Bayern Munich, mercredi prochain. Touch\u00e9 \u00e0 l'arri\u00e8re de la cuisse mardi en fin de rencontre, le lat\u00e9ral droit a pass\u00e9 des examens ce mercredi 29 avril. Ils ont confirm\u00e9 une d\u00e9chirure aux ischio-jambiers. L'international marocain est donc forfait pour la rencontre \u00e0 l'Allianz Arena.<\/p>\n<p>Il s'agit d'un v\u00e9ritable coup dur pour Luis Enrique, qui devra se passer de l'un de ses cadres en Allemagne. En l'absence d'Hakimi, l'entra\u00eeneur parisien devrait titulariser Warren Za\u00efre-Emery au poste d'arri\u00e8re droit.<\/p>\n<div class='share-to-whatsapp-wrapper'><div class='share-on-whsp'>PARTAGER SUR : <\/div><a data-text='PSG - Hakimi forfait pour le retour \u00e0 Munich' data-link='https:\/\/www.nettali.com\/2026\/04\/29\/psg-hakimi-forfait-pour-le-retour-a-munich\/' class='whatsapp-button whatsapp-share'>WhatsApp<\/a><div class='clear '><\/div><\/div>","protected":false},"excerpt":{"rendered":"<p>NETTALI.COM - Coup dur pour Achraf Hakimi. Touch\u00e9 ce mardi lors de la demi-finale aller de la Ligue des champions face au Bayer Munich (5-4), le Marocain va manquer la manche retour, en Bavi\u00e8re. Selon les informations de RMC, le Paris Saint-Germain devra composer sans Achraf Hakimi pour sa demi-finale retour de Ligue des Champions [&hellip;]<\/p>\n","protected":false},"author":5,"featured_media":172995,"comment_status":"open","ping_status":"open","sticky":false,"template":"","format":"standard","meta":{"_et_pb_use_builder":"","_et_pb_old_content":""},"categories":[6],"tags":[],"yoast_head":"<!-- This site is optimized with the Yoast SEO Premium plugin v17.8 (Yoast SEO v17.8) - https:\/\/yoast.com\/wordpress\/plugins\/seo\/ -->\n<title>PSG - Hakimi forfait pour le retour \u00e0 Munich | Nettali.com<\/title>\n<meta name=\"robots\" content=\"index, follow, max-snippet:-1, max-image-preview:large, max-video-preview:-1\" \/>\n<link rel=\"canonical\" href=\"https:\/\/www.nettali.com\/2026\/04\/29\/psg-hakimi-forfait-pour-le-retour-a-munich\/\" \/>\n<meta property=\"og:locale\" content=\"fr_FR\" \/>\n<meta property=\"og:type\" content=\"article\" \/>\n<meta property=\"og:title\" content=\"PSG - Hakimi forfait pour le retour \u00e0 Munich\" \/>\n<meta property=\"og:description\" content=\"NETTALI.COM - Coup dur pour Achraf Hakimi. Touch\u00e9 ce mardi lors de la demi-finale aller de la Ligue des champions face au Bayer Munich (5-4), le Marocain va manquer la manche retour, en Bavi\u00e8re. Selon les informations de RMC, le Paris Saint-Germain devra composer sans Achraf Hakimi pour sa demi-finale retour de Ligue des Champions [&hellip;]\" \/>\n<meta property=\"og:url\" content=\"https:\/\/www.nettali.com\/2026\/04\/29\/psg-hakimi-forfait-pour-le-retour-a-munich\/\" \/>\n<meta property=\"og:site_name\" content=\"Nettali.com\" \/>\n<meta property=\"article:publisher\" content=\"https:\/\/www.facebook.com\/nettalicom\" \/>\n<meta property=\"article:published_time\" content=\"2026-04-29T20:07:42+00:00\" \/>\n<meta property=\"article:modified_time\" content=\"2026-04-29T20:52:31+00:00\" \/>\n<meta property=\"og:image\" content=\"https:\/\/www.nettali.com\/wp-content\/uploads\/2026\/04\/14e59.jpg\" \/>\n\t<meta property=\"og:image:width\" content=\"1200\" \/>\n\t<meta property=\"og:image:height\" content=\"800\" \/>\n<meta name=\"twitter:card\" content=\"summary_large_image\" \/>\n<meta name=\"twitter:label1\" content=\"\u00c9crit par\" \/>\n\t<meta name=\"twitter:data1\" content=\"Ibrahima\" \/>\n\t<meta name=\"twitter:label2\" content=\"Dur\u00e9e de lecture estim\u00e9e\" \/>\n\t<meta name=\"twitter:data2\" content=\"1 minute\" \/>\n<script type=\"application\/ld+json\" class=\"yoast-schema-graph\">{\"@context\":\"https:\/\/schema.org\",\"@graph\":[{\"@type\":\"WebSite\",\"@id\":\"https:\/\/www.nettali.com\/#website\",\"url\":\"https:\/\/www.nettali.com\/\",\"name\":\"Nettali.com\",\"description\":\"Le rendez-vous critique du Net\",\"potentialAction\":[{\"@type\":\"SearchAction\",\"target\":{\"@type\":\"EntryPoint\",\"urlTemplate\":\"https:\/\/www.nettali.com\/?s={search_term_string}\"},\"query-input\":\"required name=search_term_string\"}],\"inLanguage\":\"fr-FR\"},{\"@type\":\"ImageObject\",\"@id\":\"https:\/\/www.nettali.com\/2026\/04\/29\/psg-hakimi-forfait-pour-le-retour-a-munich\/#primaryimage\",\"inLanguage\":\"fr-FR\",\"url\":\"https:\/\/www.nettali.com\/wp-content\/uploads\/2026\/04\/14e59.jpg\",\"contentUrl\":\"https:\/\/www.nettali.com\/wp-content\/uploads\/2026\/04\/14e59.jpg\",\"width\":1200,\"height\":800},{\"@type\":\"WebPage\",\"@id\":\"https:\/\/www.nettali.com\/2026\/04\/29\/psg-hakimi-forfait-pour-le-retour-a-munich\/#webpage\",\"url\":\"https:\/\/www.nettali.com\/2026\/04\/29\/psg-hakimi-forfait-pour-le-retour-a-munich\/\",\"name\":\"PSG - Hakimi forfait pour le retour \\u00e0 Munich | Nettali.com\",\"isPartOf\":{\"@id\":\"https:\/\/www.nettali.com\/#website\"},\"primaryImageOfPage\":{\"@id\":\"https:\/\/www.nettali.com\/2026\/04\/29\/psg-hakimi-forfait-pour-le-retour-a-munich\/#primaryimage\"},\"datePublished\":\"2026-04-29T20:07:42+00:00\",\"dateModified\":\"2026-04-29T20:52:31+00:00\",\"author\":{\"@id\":\"https:\/\/www.nettali.com\/#\/schema\/person\/bb147657c2986240405a608162b9bb23\"},\"breadcrumb\":{\"@id\":\"https:\/\/www.nettali.com\/2026\/04\/29\/psg-hakimi-forfait-pour-le-retour-a-munich\/#breadcrumb\"},\"inLanguage\":\"fr-FR\",\"potentialAction\":[{\"@type\":\"ReadAction\",\"target\":[\"https:\/\/www.nettali.com\/2026\/04\/29\/psg-hakimi-forfait-pour-le-retour-a-munich\/\"]}]},{\"@type\":\"BreadcrumbList\",\"@id\":\"https:\/\/www.nettali.com\/2026\/04\/29\/psg-hakimi-forfait-pour-le-retour-a-munich\/#breadcrumb\",\"itemListElement\":[{\"@type\":\"ListItem\",\"position\":1,\"name\":\"Accueil\",\"item\":\"https:\/\/www.nettali.com\/\"},{\"@type\":\"ListItem\",\"position\":2,\"name\":\"PSG - Hakimi forfait pour le retour \\u00e0 Munich\"}]},{\"@type\":\"Person\",\"@id\":\"https:\/\/www.nettali.com\/#\/schema\/person\/bb147657c2986240405a608162b9bb23\",\"name\":\"Ibrahima\",\"image\":{\"@type\":\"ImageObject\",\"@id\":\"https:\/\/www.nettali.com\/#personlogo\",\"inLanguage\":\"fr-FR\",\"url\":\"https:\/\/secure.gravatar.com\/avatar\/26a8a81f09f0dd7624c9d5c36c9ba3a2?s=96&d=mm&r=g\",\"contentUrl\":\"https:\/\/secure.gravatar.com\/avatar\/26a8a81f09f0dd7624c9d5c36c9ba3a2?s=96&d=mm&r=g\",\"caption\":\"Ibrahima\"},\"sameAs\":[\"https:\/\/www.nettali.com\"]}]}<\/script>\n<!-- \/ Yoast SEO Premium plugin. -->","yoast_head_json":{"title":"PSG - Hakimi forfait pour le retour \u00e0 Munich | Nettali.com","robots":{"index":"index","follow":"follow","max-snippet":"max-snippet:-1","max-image-preview":"max-image-preview:large","max-video-preview":"max-video-preview:-1"},"canonical":"https:\/\/www.nettali.com\/2026\/04\/29\/psg-hakimi-forfait-pour-le-retour-a-munich\/","og_locale":"fr_FR","og_type":"article","og_title":"PSG - Hakimi forfait pour le retour \u00e0 Munich","og_description":"NETTALI.COM - Coup dur pour Achraf Hakimi. Touch\u00e9 ce mardi lors de la demi-finale aller de la Ligue des champions face au Bayer Munich (5-4), le Marocain va manquer la manche retour, en Bavi\u00e8re. Selon les informations de RMC, le Paris Saint-Germain devra composer sans Achraf Hakimi pour sa demi-finale retour de Ligue des Champions [&hellip;]","og_url":"https:\/\/www.nettali.com\/2026\/04\/29\/psg-hakimi-forfait-pour-le-retour-a-munich\/","og_site_name":"Nettali.com","article_publisher":"https:\/\/www.facebook.com\/nettalicom","article_published_time":"2026-04-29T20:07:42+00:00","article_modified_time":"2026-04-29T20:52:31+00:00","og_image":[{"width":1200,"height":800,"url":"https:\/\/www.nettali.com\/wp-content\/uploads\/2026\/04\/14e59.jpg","type":"image\/jpeg"}],"twitter_card":"summary_large_image","twitter_misc":{"\u00c9crit par":"Ibrahima","Dur\u00e9e de lecture estim\u00e9e":"1 minute"},"schema":{"@context":"https:\/\/schema.org","@graph":[{"@type":"WebSite","@id":"https:\/\/www.nettali.com\/#website","url":"https:\/\/www.nettali.com\/","name":"Nettali.com","description":"Le rendez-vous critique du Net","potentialAction":[{"@type":"SearchAction","target":{"@type":"EntryPoint","urlTemplate":"https:\/\/www.nettali.com\/?s={search_term_string}"},"query-input":"required name=search_term_string"}],"inLanguage":"fr-FR"},{"@type":"ImageObject","@id":"https:\/\/www.nettali.com\/2026\/04\/29\/psg-hakimi-forfait-pour-le-retour-a-munich\/#primaryimage","inLanguage":"fr-FR","url":"https:\/\/www.nettali.com\/wp-content\/uploads\/2026\/04\/14e59.jpg","contentUrl":"https:\/\/www.nettali.com\/wp-content\/uploads\/2026\/04\/14e59.jpg","width":1200,"height":800},{"@type":"WebPage","@id":"https:\/\/www.nettali.com\/2026\/04\/29\/psg-hakimi-forfait-pour-le-retour-a-munich\/#webpage","url":"https:\/\/www.nettali.com\/2026\/04\/29\/psg-hakimi-forfait-pour-le-retour-a-munich\/","name":"PSG - Hakimi forfait pour le retour \u00e0 Munich | Nettali.com","isPartOf":{"@id":"https:\/\/www.nettali.com\/#website"},"primaryImageOfPage":{"@id":"https:\/\/www.nettali.com\/2026\/04\/29\/psg-hakimi-forfait-pour-le-retour-a-munich\/#primaryimage"},"datePublished":"2026-04-29T20:07:42+00:00","dateModified":"2026-04-29T20:52:31+00:00","author":{"@id":"https:\/\/www.nettali.com\/#\/schema\/person\/bb147657c2986240405a608162b9bb23"},"breadcrumb":{"@id":"https:\/\/www.nettali.com\/2026\/04\/29\/psg-hakimi-forfait-pour-le-retour-a-munich\/#breadcrumb"},"inLanguage":"fr-FR","potentialAction":[{"@type":"ReadAction","target":["https:\/\/www.nettali.com\/2026\/04\/29\/psg-hakimi-forfait-pour-le-retour-a-munich\/"]}]},{"@type":"BreadcrumbList","@id":"https:\/\/www.nettali.com\/2026\/04\/29\/psg-hakimi-forfait-pour-le-retour-a-munich\/#breadcrumb","itemListElement":[{"@type":"ListItem","position":1,"name":"Accueil","item":"https:\/\/www.nettali.com\/"},{"@type":"ListItem","position":2,"name":"PSG - Hakimi forfait pour le retour \u00e0 Munich"}]},{"@type":"Person","@id":"https:\/\/www.nettali.com\/#\/schema\/person\/bb147657c2986240405a608162b9bb23","name":"Ibrahima","image":{"@type":"ImageObject","@id":"https:\/\/www.nettali.com\/#personlogo","inLanguage":"fr-FR","url":"https:\/\/secure.gravatar.com\/avatar\/26a8a81f09f0dd7624c9d5c36c9ba3a2?s=96&d=mm&r=g","contentUrl":"https:\/\/secure.gravatar.com\/avatar\/26a8a81f09f0dd7624c9d5c36c9ba3a2?s=96&d=mm&r=g","caption":"Ibrahima"},"sameAs":["https:\/\/www.nettali.com"]}]}},"_links":{"self":[{"href":"https:\/\/www.nettali.com\/rest\/wp\/v2\/posts\/172994"}],"collection":[{"href":"https:\/\/www.nettali.com\/rest\/wp\/v2\/posts"}],"about":[{"href":"https:\/\/www.nettali.com\/rest\/wp\/v2\/types\/post"}],"author":[{"embeddable":true,"href":"https:\/\/www.nettali.com\/rest\/wp\/v2\/users\/5"}],"replies":[{"embeddable":true,"href":"https:\/\/www.nettali.com\/rest\/wp\/v2\/comments?post=172994"}],"version-history":[{"count":1,"href":"https:\/\/www.nettali.com\/rest\/wp\/v2\/posts\/172994\/revisions"}],"predecessor-version":[{"id":172996,"href":"https:\/\/www.nettali.com\/rest\/wp\/v2\/posts\/172994\/revisions\/172996"}],"wp:featuredmedia":[{"embeddable":true,"href":"https:\/\/www.nettali.com\/rest\/wp\/v2\/media\/172995"}],"wp:attachment":[{"href":"https:\/\/www.nettali.com\/rest\/wp\/v2\/media?parent=172994"}],"wp:term":[{"taxonomy":"category","embeddable":true,"href":"https:\/\/www.nettali.com\/rest\/wp\/v2\/categories?post=172994"},{"taxonomy":"post_tag","embeddable":true,"href":"https:\/\/www.nettali.com\/rest\/wp\/v2\/tags?post=172994"}],"curies":[{"name":"wp","href":"https:\/\/api.w.org\/{rel}","templated":true}]}}