{"id":172987,"date":"2026-04-29T16:10:36","date_gmt":"2026-04-29T16:10:36","guid":{"rendered":"https:\/\/www.nettali.com\/?p=172987"},"modified":"2026-04-29T17:10:54","modified_gmt":"2026-04-29T17:10:54","slug":"incendie-au-marche-sandaga-une-fabrique-artisanale-devastee-et-500-millions-de-fcfa-de-pertes","status":"publish","type":"post","link":"https:\/\/www.nettali.com\/2026\/04\/29\/incendie-au-marche-sandaga-une-fabrique-artisanale-devastee-et-500-millions-de-fcfa-de-pertes\/","title":{"rendered":"INCENDIE AU MARCHE SANDAGA - Une fabrique artisanale d\u00e9vast\u00e9e et 500 millions de FCFA de pertes"},"content":{"rendered":"<p><strong>NETTALI.COM- Un violent incendie a ravag\u00e9, dans la nuit du 28 au 29 avril 2026, une fabrique artisanale situ\u00e9e sur l\u2019avenue Jean Jaur\u00e8s au march\u00e9 Sandaga de Dakar, provoquant d\u2019importants d\u00e9g\u00e2ts mat\u00e9riels sans toutefois faire de victimes.<\/strong><\/p>\n<p>L\u2019un des commer\u00e7ants touch\u00e9s par ce sinistre, Cheikh Mbodji, a pr\u00e9cis\u00e9 que les pertes mat\u00e9rielles sont consid\u00e9rables et sont estim\u00e9es \u00e0 environ un demi-milliard de FCFA.<\/p>\n<p>Cheikh Mbodji a soulign\u00e9 que le site regroupait de nombreux ateliers de couture, des boutiques de tissus, des bijouteries ainsi que des objets d'art. Il a confi\u00e9 avoir \u00e9t\u00e9 inform\u00e9 de la situation aux alentours de 1 heure du matin alors qu\u2019il s\u00e9journait en C\u00f4te d\u2019Ivoire. \u00ab <em>Sur place, trois \u00e9tages ont \u00e9t\u00e9 enti\u00e8rement consum\u00e9s par les flammes. Il y a beaucoup de magasins qui sont brul\u00e9s. Il y a presque un demi-milliard de FCFA de pertes mat\u00e9rielles<\/em> \u00bb, a-t-il d\u00e9clar\u00e9 .<\/p>\n<p>Il a par ailleurs \u00e9num\u00e9r\u00e9 les biens d\u00e9truits, parmi lesquels figurent des tissus, des machines \u00e0 coudre, du mat\u00e9riel de flocage, des bijoux artisanaux en or et en argent, ainsi que diverses \u0153uvres d\u2019art. Selon ses dires, l'origine du drame demeure pour le moment ind\u00e9termin\u00e9e, bien que l\u2019hypoth\u00e8se d\u2019un court-circuit soit avanc\u00e9e.<\/p>\n<p>Une enqu\u00eate est ouverte afin d'\u00e9tablir les causes pr\u00e9cises de cet incendie.<\/p>\n<div class='share-to-whatsapp-wrapper'><div class='share-on-whsp'>PARTAGER SUR : <\/div><a data-text='INCENDIE AU MARCHE SANDAGA - Une fabrique artisanale d\u00e9vast\u00e9e et 500 millions de FCFA de pertes' data-link='https:\/\/www.nettali.com\/2026\/04\/29\/incendie-au-marche-sandaga-une-fabrique-artisanale-devastee-et-500-millions-de-fcfa-de-pertes\/' class='whatsapp-button whatsapp-share'>WhatsApp<\/a><div class='clear '><\/div><\/div>","protected":false},"excerpt":{"rendered":"<p>NETTALI.COM- Un violent incendie a ravag\u00e9, dans la nuit du 28 au 29 avril 2026, une fabrique artisanale situ\u00e9e sur l\u2019avenue Jean Jaur\u00e8s au march\u00e9 Sandaga de Dakar, provoquant d\u2019importants d\u00e9g\u00e2ts mat\u00e9riels sans toutefois faire de victimes. L\u2019un des commer\u00e7ants touch\u00e9s par ce sinistre, Cheikh Mbodji, a pr\u00e9cis\u00e9 que les pertes mat\u00e9rielles sont consid\u00e9rables et [&hellip;]<\/p>\n","protected":false},"author":6,"featured_media":172988,"comment_status":"open","ping_status":"open","sticky":false,"template":"","format":"standard","meta":{"_et_pb_use_builder":"","_et_pb_old_content":""},"categories":[3],"tags":[],"yoast_head":"<!-- This site is optimized with the Yoast SEO Premium plugin v17.8 (Yoast SEO v17.8) - https:\/\/yoast.com\/wordpress\/plugins\/seo\/ -->\n<title>INCENDIE AU MARCHE SANDAGA - Une fabrique artisanale d\u00e9vast\u00e9e et 500 millions de FCFA de pertes | Nettali.com<\/title>\n<meta name=\"robots\" content=\"index, follow, max-snippet:-1, max-image-preview:large, max-video-preview:-1\" \/>\n<link rel=\"canonical\" href=\"https:\/\/www.nettali.com\/2026\/04\/29\/incendie-au-marche-sandaga-une-fabrique-artisanale-devastee-et-500-millions-de-fcfa-de-pertes\/\" \/>\n<meta property=\"og:locale\" content=\"fr_FR\" \/>\n<meta property=\"og:type\" content=\"article\" \/>\n<meta property=\"og:title\" content=\"INCENDIE AU MARCHE SANDAGA - Une fabrique artisanale d\u00e9vast\u00e9e et 500 millions de FCFA de pertes\" \/>\n<meta property=\"og:description\" content=\"NETTALI.COM- Un violent incendie a ravag\u00e9, dans la nuit du 28 au 29 avril 2026, une fabrique artisanale situ\u00e9e sur l\u2019avenue Jean Jaur\u00e8s au march\u00e9 Sandaga de Dakar, provoquant d\u2019importants d\u00e9g\u00e2ts mat\u00e9riels sans toutefois faire de victimes. L\u2019un des commer\u00e7ants touch\u00e9s par ce sinistre, Cheikh Mbodji, a pr\u00e9cis\u00e9 que les pertes mat\u00e9rielles sont consid\u00e9rables et [&hellip;]\" \/>\n<meta property=\"og:url\" content=\"https:\/\/www.nettali.com\/2026\/04\/29\/incendie-au-marche-sandaga-une-fabrique-artisanale-devastee-et-500-millions-de-fcfa-de-pertes\/\" \/>\n<meta property=\"og:site_name\" content=\"Nettali.com\" \/>\n<meta property=\"article:publisher\" content=\"https:\/\/www.facebook.com\/nettalicom\" \/>\n<meta property=\"article:published_time\" content=\"2026-04-29T16:10:36+00:00\" \/>\n<meta property=\"article:modified_time\" content=\"2026-04-29T17:10:54+00:00\" \/>\n<meta property=\"og:image\" content=\"https:\/\/www.nettali.com\/wp-content\/uploads\/2026\/04\/images.jpg\" \/>\n\t<meta property=\"og:image:width\" content=\"259\" \/>\n\t<meta property=\"og:image:height\" content=\"194\" \/>\n<meta name=\"twitter:card\" content=\"summary_large_image\" \/>\n<meta name=\"twitter:label1\" content=\"\u00c9crit par\" \/>\n\t<meta name=\"twitter:data1\" content=\"Fatou\" \/>\n\t<meta name=\"twitter:label2\" content=\"Dur\u00e9e de lecture estim\u00e9e\" \/>\n\t<meta name=\"twitter:data2\" content=\"2 minutes\" \/>\n<script type=\"application\/ld+json\" class=\"yoast-schema-graph\">{\"@context\":\"https:\/\/schema.org\",\"@graph\":[{\"@type\":\"WebSite\",\"@id\":\"https:\/\/www.nettali.com\/#website\",\"url\":\"https:\/\/www.nettali.com\/\",\"name\":\"Nettali.com\",\"description\":\"Le rendez-vous critique du Net\",\"potentialAction\":[{\"@type\":\"SearchAction\",\"target\":{\"@type\":\"EntryPoint\",\"urlTemplate\":\"https:\/\/www.nettali.com\/?s={search_term_string}\"},\"query-input\":\"required name=search_term_string\"}],\"inLanguage\":\"fr-FR\"},{\"@type\":\"ImageObject\",\"@id\":\"https:\/\/www.nettali.com\/2026\/04\/29\/incendie-au-marche-sandaga-une-fabrique-artisanale-devastee-et-500-millions-de-fcfa-de-pertes\/#primaryimage\",\"inLanguage\":\"fr-FR\",\"url\":\"https:\/\/www.nettali.com\/wp-content\/uploads\/2026\/04\/images.jpg\",\"contentUrl\":\"https:\/\/www.nettali.com\/wp-content\/uploads\/2026\/04\/images.jpg\",\"width\":259,\"height\":194},{\"@type\":\"WebPage\",\"@id\":\"https:\/\/www.nettali.com\/2026\/04\/29\/incendie-au-marche-sandaga-une-fabrique-artisanale-devastee-et-500-millions-de-fcfa-de-pertes\/#webpage\",\"url\":\"https:\/\/www.nettali.com\/2026\/04\/29\/incendie-au-marche-sandaga-une-fabrique-artisanale-devastee-et-500-millions-de-fcfa-de-pertes\/\",\"name\":\"INCENDIE AU MARCHE SANDAGA - Une fabrique artisanale d\\u00e9vast\\u00e9e et 500 millions de FCFA de pertes | Nettali.com\",\"isPartOf\":{\"@id\":\"https:\/\/www.nettali.com\/#website\"},\"primaryImageOfPage\":{\"@id\":\"https:\/\/www.nettali.com\/2026\/04\/29\/incendie-au-marche-sandaga-une-fabrique-artisanale-devastee-et-500-millions-de-fcfa-de-pertes\/#primaryimage\"},\"datePublished\":\"2026-04-29T16:10:36+00:00\",\"dateModified\":\"2026-04-29T17:10:54+00:00\",\"author\":{\"@id\":\"https:\/\/www.nettali.com\/#\/schema\/person\/418274a86bdf87caff7a3ef476bd0bbf\"},\"breadcrumb\":{\"@id\":\"https:\/\/www.nettali.com\/2026\/04\/29\/incendie-au-marche-sandaga-une-fabrique-artisanale-devastee-et-500-millions-de-fcfa-de-pertes\/#breadcrumb\"},\"inLanguage\":\"fr-FR\",\"potentialAction\":[{\"@type\":\"ReadAction\",\"target\":[\"https:\/\/www.nettali.com\/2026\/04\/29\/incendie-au-marche-sandaga-une-fabrique-artisanale-devastee-et-500-millions-de-fcfa-de-pertes\/\"]}]},{\"@type\":\"BreadcrumbList\",\"@id\":\"https:\/\/www.nettali.com\/2026\/04\/29\/incendie-au-marche-sandaga-une-fabrique-artisanale-devastee-et-500-millions-de-fcfa-de-pertes\/#breadcrumb\",\"itemListElement\":[{\"@type\":\"ListItem\",\"position\":1,\"name\":\"Accueil\",\"item\":\"https:\/\/www.nettali.com\/\"},{\"@type\":\"ListItem\",\"position\":2,\"name\":\"INCENDIE AU MARCHE SANDAGA - Une fabrique artisanale d\\u00e9vast\\u00e9e et 500 millions de FCFA de pertes\"}]},{\"@type\":\"Person\",\"@id\":\"https:\/\/www.nettali.com\/#\/schema\/person\/418274a86bdf87caff7a3ef476bd0bbf\",\"name\":\"Fatou\",\"image\":{\"@type\":\"ImageObject\",\"@id\":\"https:\/\/www.nettali.com\/#personlogo\",\"inLanguage\":\"fr-FR\",\"url\":\"https:\/\/secure.gravatar.com\/avatar\/5a9442a2bee7b4dcf167cab035858e9a?s=96&d=mm&r=g\",\"contentUrl\":\"https:\/\/secure.gravatar.com\/avatar\/5a9442a2bee7b4dcf167cab035858e9a?s=96&d=mm&r=g\",\"caption\":\"Fatou\"},\"sameAs\":[\"https:\/\/www.nettali.com\"]}]}<\/script>\n<!-- \/ Yoast SEO Premium plugin. -->","yoast_head_json":{"title":"INCENDIE AU MARCHE SANDAGA - Une fabrique artisanale d\u00e9vast\u00e9e et 500 millions de FCFA de pertes | Nettali.com","robots":{"index":"index","follow":"follow","max-snippet":"max-snippet:-1","max-image-preview":"max-image-preview:large","max-video-preview":"max-video-preview:-1"},"canonical":"https:\/\/www.nettali.com\/2026\/04\/29\/incendie-au-marche-sandaga-une-fabrique-artisanale-devastee-et-500-millions-de-fcfa-de-pertes\/","og_locale":"fr_FR","og_type":"article","og_title":"INCENDIE AU MARCHE SANDAGA - Une fabrique artisanale d\u00e9vast\u00e9e et 500 millions de FCFA de pertes","og_description":"NETTALI.COM- Un violent incendie a ravag\u00e9, dans la nuit du 28 au 29 avril 2026, une fabrique artisanale situ\u00e9e sur l\u2019avenue Jean Jaur\u00e8s au march\u00e9 Sandaga de Dakar, provoquant d\u2019importants d\u00e9g\u00e2ts mat\u00e9riels sans toutefois faire de victimes. L\u2019un des commer\u00e7ants touch\u00e9s par ce sinistre, Cheikh Mbodji, a pr\u00e9cis\u00e9 que les pertes mat\u00e9rielles sont consid\u00e9rables et [&hellip;]","og_url":"https:\/\/www.nettali.com\/2026\/04\/29\/incendie-au-marche-sandaga-une-fabrique-artisanale-devastee-et-500-millions-de-fcfa-de-pertes\/","og_site_name":"Nettali.com","article_publisher":"https:\/\/www.facebook.com\/nettalicom","article_published_time":"2026-04-29T16:10:36+00:00","article_modified_time":"2026-04-29T17:10:54+00:00","og_image":[{"width":259,"height":194,"url":"https:\/\/www.nettali.com\/wp-content\/uploads\/2026\/04\/images.jpg","type":"image\/jpeg"}],"twitter_card":"summary_large_image","twitter_misc":{"\u00c9crit par":"Fatou","Dur\u00e9e de lecture estim\u00e9e":"2 minutes"},"schema":{"@context":"https:\/\/schema.org","@graph":[{"@type":"WebSite","@id":"https:\/\/www.nettali.com\/#website","url":"https:\/\/www.nettali.com\/","name":"Nettali.com","description":"Le rendez-vous critique du Net","potentialAction":[{"@type":"SearchAction","target":{"@type":"EntryPoint","urlTemplate":"https:\/\/www.nettali.com\/?s={search_term_string}"},"query-input":"required name=search_term_string"}],"inLanguage":"fr-FR"},{"@type":"ImageObject","@id":"https:\/\/www.nettali.com\/2026\/04\/29\/incendie-au-marche-sandaga-une-fabrique-artisanale-devastee-et-500-millions-de-fcfa-de-pertes\/#primaryimage","inLanguage":"fr-FR","url":"https:\/\/www.nettali.com\/wp-content\/uploads\/2026\/04\/images.jpg","contentUrl":"https:\/\/www.nettali.com\/wp-content\/uploads\/2026\/04\/images.jpg","width":259,"height":194},{"@type":"WebPage","@id":"https:\/\/www.nettali.com\/2026\/04\/29\/incendie-au-marche-sandaga-une-fabrique-artisanale-devastee-et-500-millions-de-fcfa-de-pertes\/#webpage","url":"https:\/\/www.nettali.com\/2026\/04\/29\/incendie-au-marche-sandaga-une-fabrique-artisanale-devastee-et-500-millions-de-fcfa-de-pertes\/","name":"INCENDIE AU MARCHE SANDAGA - Une fabrique artisanale d\u00e9vast\u00e9e et 500 millions de FCFA de pertes | Nettali.com","isPartOf":{"@id":"https:\/\/www.nettali.com\/#website"},"primaryImageOfPage":{"@id":"https:\/\/www.nettali.com\/2026\/04\/29\/incendie-au-marche-sandaga-une-fabrique-artisanale-devastee-et-500-millions-de-fcfa-de-pertes\/#primaryimage"},"datePublished":"2026-04-29T16:10:36+00:00","dateModified":"2026-04-29T17:10:54+00:00","author":{"@id":"https:\/\/www.nettali.com\/#\/schema\/person\/418274a86bdf87caff7a3ef476bd0bbf"},"breadcrumb":{"@id":"https:\/\/www.nettali.com\/2026\/04\/29\/incendie-au-marche-sandaga-une-fabrique-artisanale-devastee-et-500-millions-de-fcfa-de-pertes\/#breadcrumb"},"inLanguage":"fr-FR","potentialAction":[{"@type":"ReadAction","target":["https:\/\/www.nettali.com\/2026\/04\/29\/incendie-au-marche-sandaga-une-fabrique-artisanale-devastee-et-500-millions-de-fcfa-de-pertes\/"]}]},{"@type":"BreadcrumbList","@id":"https:\/\/www.nettali.com\/2026\/04\/29\/incendie-au-marche-sandaga-une-fabrique-artisanale-devastee-et-500-millions-de-fcfa-de-pertes\/#breadcrumb","itemListElement":[{"@type":"ListItem","position":1,"name":"Accueil","item":"https:\/\/www.nettali.com\/"},{"@type":"ListItem","position":2,"name":"INCENDIE AU MARCHE SANDAGA - Une fabrique artisanale d\u00e9vast\u00e9e et 500 millions de FCFA de pertes"}]},{"@type":"Person","@id":"https:\/\/www.nettali.com\/#\/schema\/person\/418274a86bdf87caff7a3ef476bd0bbf","name":"Fatou","image":{"@type":"ImageObject","@id":"https:\/\/www.nettali.com\/#personlogo","inLanguage":"fr-FR","url":"https:\/\/secure.gravatar.com\/avatar\/5a9442a2bee7b4dcf167cab035858e9a?s=96&d=mm&r=g","contentUrl":"https:\/\/secure.gravatar.com\/avatar\/5a9442a2bee7b4dcf167cab035858e9a?s=96&d=mm&r=g","caption":"Fatou"},"sameAs":["https:\/\/www.nettali.com"]}]}},"_links":{"self":[{"href":"https:\/\/www.nettali.com\/rest\/wp\/v2\/posts\/172987"}],"collection":[{"href":"https:\/\/www.nettali.com\/rest\/wp\/v2\/posts"}],"about":[{"href":"https:\/\/www.nettali.com\/rest\/wp\/v2\/types\/post"}],"author":[{"embeddable":true,"href":"https:\/\/www.nettali.com\/rest\/wp\/v2\/users\/6"}],"replies":[{"embeddable":true,"href":"https:\/\/www.nettali.com\/rest\/wp\/v2\/comments?post=172987"}],"version-history":[{"count":1,"href":"https:\/\/www.nettali.com\/rest\/wp\/v2\/posts\/172987\/revisions"}],"predecessor-version":[{"id":172989,"href":"https:\/\/www.nettali.com\/rest\/wp\/v2\/posts\/172987\/revisions\/172989"}],"wp:featuredmedia":[{"embeddable":true,"href":"https:\/\/www.nettali.com\/rest\/wp\/v2\/media\/172988"}],"wp:attachment":[{"href":"https:\/\/www.nettali.com\/rest\/wp\/v2\/media?parent=172987"}],"wp:term":[{"taxonomy":"category","embeddable":true,"href":"https:\/\/www.nettali.com\/rest\/wp\/v2\/categories?post=172987"},{"taxonomy":"post_tag","embeddable":true,"href":"https:\/\/www.nettali.com\/rest\/wp\/v2\/tags?post=172987"}],"curies":[{"name":"wp","href":"https:\/\/api.w.org\/{rel}","templated":true}]}}