{"id":172980,"date":"2026-04-29T17:00:06","date_gmt":"2026-04-29T17:00:06","guid":{"rendered":"https:\/\/www.nettali.com\/?p=172980"},"modified":"2026-04-29T17:06:11","modified_gmt":"2026-04-29T17:06:11","slug":"fifa-le-canada-refuse-un-privilege-a-infantino","status":"publish","type":"post","link":"https:\/\/www.nettali.com\/2026\/04\/29\/fifa-le-canada-refuse-un-privilege-a-infantino\/","title":{"rendered":"FIFA - Le Canada refuse un privil\u00e8ge \u00e0 Infantino"},"content":{"rendered":"<p><strong>NETTALI.COM -<\/strong> C\u2019est bien connu, le pr\u00e9sident de la FIFA, Gianni Infantino aime se prendre pour star internationale. Et cette fois, le Suisse s\u2019est quasiment pris pour le Pape.<\/p>\n<p>Global BC News rapporte que l\u2019instance dirigeante du football mondial a demand\u00e9 \u00e0 la ville de Vancouver qu\u2019Infantino puisse b\u00e9n\u00e9ficier d\u2019une escorte polici\u00e8re en cort\u00e8ge automobile pour le congr\u00e8s annuel de l\u2019organisation qui se tient cette semaine dans la ville canadienne. Le m\u00e9dia indique que ce type d\u2019escorte \u2018\u2019<em>permet de passer au vert aux feux rouges et de bloquer la circulation aux autres usagers de la route. Ce niveau n\u2019est qu\u2019un cran en dessous de celui r\u00e9serv\u00e9 au Pape, \u00e9quivalent \u00e0 celui utilis\u00e9 pour les visites des pr\u00e9sidents am\u00e9ricains et sup\u00e9rieur \u00e0 celui accord\u00e9 au Premier ministre canadien, Mark Carney.<\/em>\u2019\u2019<\/p>\n<p>Cependant la police de Vancouver a refus\u00e9 d\u2019accorder un tel privil\u00e8ge \u00e0 Infantino puisque cette escorte aurait repr\u00e9sent\u00e9 un co\u00fbt important pour les contribuables de la ville. \u2018\u2019<em>Toutes les dispositions prises en mati\u00e8re de transport seront appropri\u00e9es, mesur\u00e9es et conformes \u00e0 la mani\u00e8re dont Vancouver accueille en toute s\u00e9curit\u00e9 les grands \u00e9v\u00e9nements internationaux<\/em>\u2019\u2019, a ensuite assur\u00e9 le bureau du maire de la ville dans un communiqu\u00e9.<\/p>\n<div class='share-to-whatsapp-wrapper'><div class='share-on-whsp'>PARTAGER SUR : <\/div><a data-text='FIFA - Le Canada refuse un privil\u00e8ge \u00e0 Infantino' data-link='https:\/\/www.nettali.com\/2026\/04\/29\/fifa-le-canada-refuse-un-privilege-a-infantino\/' class='whatsapp-button whatsapp-share'>WhatsApp<\/a><div class='clear '><\/div><\/div>","protected":false},"excerpt":{"rendered":"<p>NETTALI.COM - C\u2019est bien connu, le pr\u00e9sident de la FIFA, Gianni Infantino aime se prendre pour star internationale. Et cette fois, le Suisse s\u2019est quasiment pris pour le Pape. Global BC News rapporte que l\u2019instance dirigeante du football mondial a demand\u00e9 \u00e0 la ville de Vancouver qu\u2019Infantino puisse b\u00e9n\u00e9ficier d\u2019une escorte polici\u00e8re en cort\u00e8ge automobile [&hellip;]<\/p>\n","protected":false},"author":2,"featured_media":172981,"comment_status":"open","ping_status":"open","sticky":false,"template":"","format":"standard","meta":{"_et_pb_use_builder":"","_et_pb_old_content":""},"categories":[6],"tags":[],"yoast_head":"<!-- This site is optimized with the Yoast SEO Premium plugin v17.8 (Yoast SEO v17.8) - https:\/\/yoast.com\/wordpress\/plugins\/seo\/ -->\n<title>FIFA - Le Canada refuse un privil\u00e8ge \u00e0 Infantino | Nettali.com<\/title>\n<meta name=\"robots\" content=\"index, follow, max-snippet:-1, max-image-preview:large, max-video-preview:-1\" \/>\n<link rel=\"canonical\" href=\"https:\/\/www.nettali.com\/2026\/04\/29\/fifa-le-canada-refuse-un-privilege-a-infantino\/\" \/>\n<meta property=\"og:locale\" content=\"fr_FR\" \/>\n<meta property=\"og:type\" content=\"article\" \/>\n<meta property=\"og:title\" content=\"FIFA - Le Canada refuse un privil\u00e8ge \u00e0 Infantino\" \/>\n<meta property=\"og:description\" content=\"NETTALI.COM - C\u2019est bien connu, le pr\u00e9sident de la FIFA, Gianni Infantino aime se prendre pour star internationale. Et cette fois, le Suisse s\u2019est quasiment pris pour le Pape. Global BC News rapporte que l\u2019instance dirigeante du football mondial a demand\u00e9 \u00e0 la ville de Vancouver qu\u2019Infantino puisse b\u00e9n\u00e9ficier d\u2019une escorte polici\u00e8re en cort\u00e8ge automobile [&hellip;]\" \/>\n<meta property=\"og:url\" content=\"https:\/\/www.nettali.com\/2026\/04\/29\/fifa-le-canada-refuse-un-privilege-a-infantino\/\" \/>\n<meta property=\"og:site_name\" content=\"Nettali.com\" \/>\n<meta property=\"article:publisher\" content=\"https:\/\/www.facebook.com\/nettalicom\" \/>\n<meta property=\"article:published_time\" content=\"2026-04-29T17:00:06+00:00\" \/>\n<meta property=\"article:modified_time\" content=\"2026-04-29T17:06:11+00:00\" \/>\n<meta property=\"og:image\" content=\"https:\/\/www.nettali.com\/wp-content\/uploads\/2026\/04\/5SHNY3JE4VGRXIWW2P7EDMW7SI.jpg\" \/>\n\t<meta property=\"og:image:width\" content=\"932\" \/>\n\t<meta property=\"og:image:height\" content=\"582\" \/>\n<meta name=\"twitter:card\" content=\"summary_large_image\" \/>\n<meta name=\"twitter:label1\" content=\"\u00c9crit par\" \/>\n\t<meta name=\"twitter:data1\" content=\"CK\" \/>\n\t<meta name=\"twitter:label2\" content=\"Dur\u00e9e de lecture estim\u00e9e\" \/>\n\t<meta name=\"twitter:data2\" content=\"2 minutes\" \/>\n<script type=\"application\/ld+json\" class=\"yoast-schema-graph\">{\"@context\":\"https:\/\/schema.org\",\"@graph\":[{\"@type\":\"WebSite\",\"@id\":\"https:\/\/www.nettali.com\/#website\",\"url\":\"https:\/\/www.nettali.com\/\",\"name\":\"Nettali.com\",\"description\":\"Le rendez-vous critique du Net\",\"potentialAction\":[{\"@type\":\"SearchAction\",\"target\":{\"@type\":\"EntryPoint\",\"urlTemplate\":\"https:\/\/www.nettali.com\/?s={search_term_string}\"},\"query-input\":\"required name=search_term_string\"}],\"inLanguage\":\"fr-FR\"},{\"@type\":\"ImageObject\",\"@id\":\"https:\/\/www.nettali.com\/2026\/04\/29\/fifa-le-canada-refuse-un-privilege-a-infantino\/#primaryimage\",\"inLanguage\":\"fr-FR\",\"url\":\"https:\/\/www.nettali.com\/wp-content\/uploads\/2026\/04\/5SHNY3JE4VGRXIWW2P7EDMW7SI.jpg\",\"contentUrl\":\"https:\/\/www.nettali.com\/wp-content\/uploads\/2026\/04\/5SHNY3JE4VGRXIWW2P7EDMW7SI.jpg\",\"width\":932,\"height\":582,\"caption\":\"January 04 2026: Gianni Infantino looks on during a 2025 AFCON Africa Cup of Nations game, South Africa vs Cameroon , at Al Medina stadium, Rabat, Marocco. Ulrik Pedersen\/CSM (Credit Image: \\u00a9 Ulrik Pedersen\/CSM via ZUMA Press Wire)\"},{\"@type\":\"WebPage\",\"@id\":\"https:\/\/www.nettali.com\/2026\/04\/29\/fifa-le-canada-refuse-un-privilege-a-infantino\/#webpage\",\"url\":\"https:\/\/www.nettali.com\/2026\/04\/29\/fifa-le-canada-refuse-un-privilege-a-infantino\/\",\"name\":\"FIFA - Le Canada refuse un privil\\u00e8ge \\u00e0 Infantino | Nettali.com\",\"isPartOf\":{\"@id\":\"https:\/\/www.nettali.com\/#website\"},\"primaryImageOfPage\":{\"@id\":\"https:\/\/www.nettali.com\/2026\/04\/29\/fifa-le-canada-refuse-un-privilege-a-infantino\/#primaryimage\"},\"datePublished\":\"2026-04-29T17:00:06+00:00\",\"dateModified\":\"2026-04-29T17:06:11+00:00\",\"author\":{\"@id\":\"https:\/\/www.nettali.com\/#\/schema\/person\/d8ac7b7e27ddad43f1c0d2ef090d7f71\"},\"breadcrumb\":{\"@id\":\"https:\/\/www.nettali.com\/2026\/04\/29\/fifa-le-canada-refuse-un-privilege-a-infantino\/#breadcrumb\"},\"inLanguage\":\"fr-FR\",\"potentialAction\":[{\"@type\":\"ReadAction\",\"target\":[\"https:\/\/www.nettali.com\/2026\/04\/29\/fifa-le-canada-refuse-un-privilege-a-infantino\/\"]}]},{\"@type\":\"BreadcrumbList\",\"@id\":\"https:\/\/www.nettali.com\/2026\/04\/29\/fifa-le-canada-refuse-un-privilege-a-infantino\/#breadcrumb\",\"itemListElement\":[{\"@type\":\"ListItem\",\"position\":1,\"name\":\"Accueil\",\"item\":\"https:\/\/www.nettali.com\/\"},{\"@type\":\"ListItem\",\"position\":2,\"name\":\"FIFA - Le Canada refuse un privil\\u00e8ge \\u00e0 Infantino\"}]},{\"@type\":\"Person\",\"@id\":\"https:\/\/www.nettali.com\/#\/schema\/person\/d8ac7b7e27ddad43f1c0d2ef090d7f71\",\"name\":\"CK\",\"image\":{\"@type\":\"ImageObject\",\"@id\":\"https:\/\/www.nettali.com\/#personlogo\",\"inLanguage\":\"fr-FR\",\"url\":\"https:\/\/secure.gravatar.com\/avatar\/1d8d5118b9327d94da7cd4ce7f17fec2?s=96&d=mm&r=g\",\"contentUrl\":\"https:\/\/secure.gravatar.com\/avatar\/1d8d5118b9327d94da7cd4ce7f17fec2?s=96&d=mm&r=g\",\"caption\":\"CK\"},\"sameAs\":[\"https:\/\/www.nettali.com\"]}]}<\/script>\n<!-- \/ Yoast SEO Premium plugin. -->","yoast_head_json":{"title":"FIFA - Le Canada refuse un privil\u00e8ge \u00e0 Infantino | Nettali.com","robots":{"index":"index","follow":"follow","max-snippet":"max-snippet:-1","max-image-preview":"max-image-preview:large","max-video-preview":"max-video-preview:-1"},"canonical":"https:\/\/www.nettali.com\/2026\/04\/29\/fifa-le-canada-refuse-un-privilege-a-infantino\/","og_locale":"fr_FR","og_type":"article","og_title":"FIFA - Le Canada refuse un privil\u00e8ge \u00e0 Infantino","og_description":"NETTALI.COM - C\u2019est bien connu, le pr\u00e9sident de la FIFA, Gianni Infantino aime se prendre pour star internationale. Et cette fois, le Suisse s\u2019est quasiment pris pour le Pape. Global BC News rapporte que l\u2019instance dirigeante du football mondial a demand\u00e9 \u00e0 la ville de Vancouver qu\u2019Infantino puisse b\u00e9n\u00e9ficier d\u2019une escorte polici\u00e8re en cort\u00e8ge automobile [&hellip;]","og_url":"https:\/\/www.nettali.com\/2026\/04\/29\/fifa-le-canada-refuse-un-privilege-a-infantino\/","og_site_name":"Nettali.com","article_publisher":"https:\/\/www.facebook.com\/nettalicom","article_published_time":"2026-04-29T17:00:06+00:00","article_modified_time":"2026-04-29T17:06:11+00:00","og_image":[{"width":932,"height":582,"url":"https:\/\/www.nettali.com\/wp-content\/uploads\/2026\/04\/5SHNY3JE4VGRXIWW2P7EDMW7SI.jpg","type":"image\/jpeg"}],"twitter_card":"summary_large_image","twitter_misc":{"\u00c9crit par":"CK","Dur\u00e9e de lecture estim\u00e9e":"2 minutes"},"schema":{"@context":"https:\/\/schema.org","@graph":[{"@type":"WebSite","@id":"https:\/\/www.nettali.com\/#website","url":"https:\/\/www.nettali.com\/","name":"Nettali.com","description":"Le rendez-vous critique du Net","potentialAction":[{"@type":"SearchAction","target":{"@type":"EntryPoint","urlTemplate":"https:\/\/www.nettali.com\/?s={search_term_string}"},"query-input":"required name=search_term_string"}],"inLanguage":"fr-FR"},{"@type":"ImageObject","@id":"https:\/\/www.nettali.com\/2026\/04\/29\/fifa-le-canada-refuse-un-privilege-a-infantino\/#primaryimage","inLanguage":"fr-FR","url":"https:\/\/www.nettali.com\/wp-content\/uploads\/2026\/04\/5SHNY3JE4VGRXIWW2P7EDMW7SI.jpg","contentUrl":"https:\/\/www.nettali.com\/wp-content\/uploads\/2026\/04\/5SHNY3JE4VGRXIWW2P7EDMW7SI.jpg","width":932,"height":582,"caption":"January 04 2026: Gianni Infantino looks on during a 2025 AFCON Africa Cup of Nations game, South Africa vs Cameroon , at Al Medina stadium, Rabat, Marocco. Ulrik Pedersen\/CSM (Credit Image: \u00a9 Ulrik Pedersen\/CSM via ZUMA Press Wire)"},{"@type":"WebPage","@id":"https:\/\/www.nettali.com\/2026\/04\/29\/fifa-le-canada-refuse-un-privilege-a-infantino\/#webpage","url":"https:\/\/www.nettali.com\/2026\/04\/29\/fifa-le-canada-refuse-un-privilege-a-infantino\/","name":"FIFA - Le Canada refuse un privil\u00e8ge \u00e0 Infantino | Nettali.com","isPartOf":{"@id":"https:\/\/www.nettali.com\/#website"},"primaryImageOfPage":{"@id":"https:\/\/www.nettali.com\/2026\/04\/29\/fifa-le-canada-refuse-un-privilege-a-infantino\/#primaryimage"},"datePublished":"2026-04-29T17:00:06+00:00","dateModified":"2026-04-29T17:06:11+00:00","author":{"@id":"https:\/\/www.nettali.com\/#\/schema\/person\/d8ac7b7e27ddad43f1c0d2ef090d7f71"},"breadcrumb":{"@id":"https:\/\/www.nettali.com\/2026\/04\/29\/fifa-le-canada-refuse-un-privilege-a-infantino\/#breadcrumb"},"inLanguage":"fr-FR","potentialAction":[{"@type":"ReadAction","target":["https:\/\/www.nettali.com\/2026\/04\/29\/fifa-le-canada-refuse-un-privilege-a-infantino\/"]}]},{"@type":"BreadcrumbList","@id":"https:\/\/www.nettali.com\/2026\/04\/29\/fifa-le-canada-refuse-un-privilege-a-infantino\/#breadcrumb","itemListElement":[{"@type":"ListItem","position":1,"name":"Accueil","item":"https:\/\/www.nettali.com\/"},{"@type":"ListItem","position":2,"name":"FIFA - Le Canada refuse un privil\u00e8ge \u00e0 Infantino"}]},{"@type":"Person","@id":"https:\/\/www.nettali.com\/#\/schema\/person\/d8ac7b7e27ddad43f1c0d2ef090d7f71","name":"CK","image":{"@type":"ImageObject","@id":"https:\/\/www.nettali.com\/#personlogo","inLanguage":"fr-FR","url":"https:\/\/secure.gravatar.com\/avatar\/1d8d5118b9327d94da7cd4ce7f17fec2?s=96&d=mm&r=g","contentUrl":"https:\/\/secure.gravatar.com\/avatar\/1d8d5118b9327d94da7cd4ce7f17fec2?s=96&d=mm&r=g","caption":"CK"},"sameAs":["https:\/\/www.nettali.com"]}]}},"_links":{"self":[{"href":"https:\/\/www.nettali.com\/rest\/wp\/v2\/posts\/172980"}],"collection":[{"href":"https:\/\/www.nettali.com\/rest\/wp\/v2\/posts"}],"about":[{"href":"https:\/\/www.nettali.com\/rest\/wp\/v2\/types\/post"}],"author":[{"embeddable":true,"href":"https:\/\/www.nettali.com\/rest\/wp\/v2\/users\/2"}],"replies":[{"embeddable":true,"href":"https:\/\/www.nettali.com\/rest\/wp\/v2\/comments?post=172980"}],"version-history":[{"count":1,"href":"https:\/\/www.nettali.com\/rest\/wp\/v2\/posts\/172980\/revisions"}],"predecessor-version":[{"id":172982,"href":"https:\/\/www.nettali.com\/rest\/wp\/v2\/posts\/172980\/revisions\/172982"}],"wp:featuredmedia":[{"embeddable":true,"href":"https:\/\/www.nettali.com\/rest\/wp\/v2\/media\/172981"}],"wp:attachment":[{"href":"https:\/\/www.nettali.com\/rest\/wp\/v2\/media?parent=172980"}],"wp:term":[{"taxonomy":"category","embeddable":true,"href":"https:\/\/www.nettali.com\/rest\/wp\/v2\/categories?post=172980"},{"taxonomy":"post_tag","embeddable":true,"href":"https:\/\/www.nettali.com\/rest\/wp\/v2\/tags?post=172980"}],"curies":[{"name":"wp","href":"https:\/\/api.w.org\/{rel}","templated":true}]}}