{"id":172977,"date":"2026-04-29T15:00:36","date_gmt":"2026-04-29T15:00:36","guid":{"rendered":"https:\/\/www.nettali.com\/?p=172977"},"modified":"2026-04-29T07:39:47","modified_gmt":"2026-04-29T07:39:47","slug":"lorient-le-betis-fonce-sur-bamba-dieng","status":"publish","type":"post","link":"https:\/\/www.nettali.com\/2026\/04\/29\/lorient-le-betis-fonce-sur-bamba-dieng\/","title":{"rendered":"LORIENT - Le Betis fonce sur Bamba Dieng"},"content":{"rendered":"<p><strong>NETTALI.COM -<\/strong> En fin de contrat avec Lorient, l'attaquant Bamba Dieng (26 ans, 19 matchs et 9 buts en L1 cette saison) se dirige vers un d\u00e9part \u00e0 l'issue de la saison. L'international s\u00e9n\u00e9galais pourrait poursuivre sa carri\u00e8re en Espagne, o\u00f9 le Betis est en pole pour accueillir l'ancien joueur de l'OM, selon le journaliste Sacha Tavolieri. Les Verdiblancos estiment qu'il a le profil pour compenser le futur d\u00e9part de C\u00e9dric Bakambu.<\/p>\n<p>Le club allemand de Fribourg est aussi sur le dossier mais poss\u00e8de une longueur de retard sur l'actuel 5e de Liga.<\/p>\n<div class='share-to-whatsapp-wrapper'><div class='share-on-whsp'>PARTAGER SUR : <\/div><a data-text='LORIENT - Le Betis fonce sur Bamba Dieng' data-link='https:\/\/www.nettali.com\/2026\/04\/29\/lorient-le-betis-fonce-sur-bamba-dieng\/' class='whatsapp-button whatsapp-share'>WhatsApp<\/a><div class='clear '><\/div><\/div>","protected":false},"excerpt":{"rendered":"<p>NETTALI.COM - En fin de contrat avec Lorient, l'attaquant Bamba Dieng (26 ans, 19 matchs et 9 buts en L1 cette saison) se dirige vers un d\u00e9part \u00e0 l'issue de la saison. L'international s\u00e9n\u00e9galais pourrait poursuivre sa carri\u00e8re en Espagne, o\u00f9 le Betis est en pole pour accueillir l'ancien joueur de l'OM, selon le journaliste [&hellip;]<\/p>\n","protected":false},"author":2,"featured_media":172978,"comment_status":"open","ping_status":"open","sticky":false,"template":"","format":"standard","meta":{"_et_pb_use_builder":"","_et_pb_old_content":""},"categories":[6],"tags":[],"yoast_head":"<!-- This site is optimized with the Yoast SEO Premium plugin v17.8 (Yoast SEO v17.8) - https:\/\/yoast.com\/wordpress\/plugins\/seo\/ -->\n<title>LORIENT - Le Betis fonce sur Bamba Dieng | Nettali.com<\/title>\n<meta name=\"robots\" content=\"index, follow, max-snippet:-1, max-image-preview:large, max-video-preview:-1\" \/>\n<link rel=\"canonical\" href=\"https:\/\/www.nettali.com\/2026\/04\/29\/lorient-le-betis-fonce-sur-bamba-dieng\/\" \/>\n<meta property=\"og:locale\" content=\"fr_FR\" \/>\n<meta property=\"og:type\" content=\"article\" \/>\n<meta property=\"og:title\" content=\"LORIENT - Le Betis fonce sur Bamba Dieng\" \/>\n<meta property=\"og:description\" content=\"NETTALI.COM - En fin de contrat avec Lorient, l&#039;attaquant Bamba Dieng (26 ans, 19 matchs et 9 buts en L1 cette saison) se dirige vers un d\u00e9part \u00e0 l&#039;issue de la saison. L&#039;international s\u00e9n\u00e9galais pourrait poursuivre sa carri\u00e8re en Espagne, o\u00f9 le Betis est en pole pour accueillir l&#039;ancien joueur de l&#039;OM, selon le journaliste [&hellip;]\" \/>\n<meta property=\"og:url\" content=\"https:\/\/www.nettali.com\/2026\/04\/29\/lorient-le-betis-fonce-sur-bamba-dieng\/\" \/>\n<meta property=\"og:site_name\" content=\"Nettali.com\" \/>\n<meta property=\"article:publisher\" content=\"https:\/\/www.facebook.com\/nettalicom\" \/>\n<meta property=\"article:published_time\" content=\"2026-04-29T15:00:36+00:00\" \/>\n<meta property=\"article:modified_time\" content=\"2026-04-29T07:39:47+00:00\" \/>\n<meta property=\"og:image\" content=\"https:\/\/www.nettali.com\/wp-content\/uploads\/2026\/04\/fb0a5.jpeg\" \/>\n\t<meta property=\"og:image:width\" content=\"828\" \/>\n\t<meta property=\"og:image:height\" content=\"552\" \/>\n<meta name=\"twitter:card\" content=\"summary_large_image\" \/>\n<meta name=\"twitter:label1\" content=\"\u00c9crit par\" \/>\n\t<meta name=\"twitter:data1\" content=\"CK\" \/>\n\t<meta name=\"twitter:label2\" content=\"Dur\u00e9e de lecture estim\u00e9e\" \/>\n\t<meta name=\"twitter:data2\" content=\"1 minute\" \/>\n<script type=\"application\/ld+json\" class=\"yoast-schema-graph\">{\"@context\":\"https:\/\/schema.org\",\"@graph\":[{\"@type\":\"WebSite\",\"@id\":\"https:\/\/www.nettali.com\/#website\",\"url\":\"https:\/\/www.nettali.com\/\",\"name\":\"Nettali.com\",\"description\":\"Le rendez-vous critique du Net\",\"potentialAction\":[{\"@type\":\"SearchAction\",\"target\":{\"@type\":\"EntryPoint\",\"urlTemplate\":\"https:\/\/www.nettali.com\/?s={search_term_string}\"},\"query-input\":\"required name=search_term_string\"}],\"inLanguage\":\"fr-FR\"},{\"@type\":\"ImageObject\",\"@id\":\"https:\/\/www.nettali.com\/2026\/04\/29\/lorient-le-betis-fonce-sur-bamba-dieng\/#primaryimage\",\"inLanguage\":\"fr-FR\",\"url\":\"https:\/\/www.nettali.com\/wp-content\/uploads\/2026\/04\/fb0a5.jpeg\",\"contentUrl\":\"https:\/\/www.nettali.com\/wp-content\/uploads\/2026\/04\/fb0a5.jpeg\",\"width\":828,\"height\":552},{\"@type\":\"WebPage\",\"@id\":\"https:\/\/www.nettali.com\/2026\/04\/29\/lorient-le-betis-fonce-sur-bamba-dieng\/#webpage\",\"url\":\"https:\/\/www.nettali.com\/2026\/04\/29\/lorient-le-betis-fonce-sur-bamba-dieng\/\",\"name\":\"LORIENT - Le Betis fonce sur Bamba Dieng | Nettali.com\",\"isPartOf\":{\"@id\":\"https:\/\/www.nettali.com\/#website\"},\"primaryImageOfPage\":{\"@id\":\"https:\/\/www.nettali.com\/2026\/04\/29\/lorient-le-betis-fonce-sur-bamba-dieng\/#primaryimage\"},\"datePublished\":\"2026-04-29T15:00:36+00:00\",\"dateModified\":\"2026-04-29T07:39:47+00:00\",\"author\":{\"@id\":\"https:\/\/www.nettali.com\/#\/schema\/person\/d8ac7b7e27ddad43f1c0d2ef090d7f71\"},\"breadcrumb\":{\"@id\":\"https:\/\/www.nettali.com\/2026\/04\/29\/lorient-le-betis-fonce-sur-bamba-dieng\/#breadcrumb\"},\"inLanguage\":\"fr-FR\",\"potentialAction\":[{\"@type\":\"ReadAction\",\"target\":[\"https:\/\/www.nettali.com\/2026\/04\/29\/lorient-le-betis-fonce-sur-bamba-dieng\/\"]}]},{\"@type\":\"BreadcrumbList\",\"@id\":\"https:\/\/www.nettali.com\/2026\/04\/29\/lorient-le-betis-fonce-sur-bamba-dieng\/#breadcrumb\",\"itemListElement\":[{\"@type\":\"ListItem\",\"position\":1,\"name\":\"Accueil\",\"item\":\"https:\/\/www.nettali.com\/\"},{\"@type\":\"ListItem\",\"position\":2,\"name\":\"LORIENT - Le Betis fonce sur Bamba Dieng\"}]},{\"@type\":\"Person\",\"@id\":\"https:\/\/www.nettali.com\/#\/schema\/person\/d8ac7b7e27ddad43f1c0d2ef090d7f71\",\"name\":\"CK\",\"image\":{\"@type\":\"ImageObject\",\"@id\":\"https:\/\/www.nettali.com\/#personlogo\",\"inLanguage\":\"fr-FR\",\"url\":\"https:\/\/secure.gravatar.com\/avatar\/1d8d5118b9327d94da7cd4ce7f17fec2?s=96&d=mm&r=g\",\"contentUrl\":\"https:\/\/secure.gravatar.com\/avatar\/1d8d5118b9327d94da7cd4ce7f17fec2?s=96&d=mm&r=g\",\"caption\":\"CK\"},\"sameAs\":[\"https:\/\/www.nettali.com\"]}]}<\/script>\n<!-- \/ Yoast SEO Premium plugin. -->","yoast_head_json":{"title":"LORIENT - Le Betis fonce sur Bamba Dieng | Nettali.com","robots":{"index":"index","follow":"follow","max-snippet":"max-snippet:-1","max-image-preview":"max-image-preview:large","max-video-preview":"max-video-preview:-1"},"canonical":"https:\/\/www.nettali.com\/2026\/04\/29\/lorient-le-betis-fonce-sur-bamba-dieng\/","og_locale":"fr_FR","og_type":"article","og_title":"LORIENT - Le Betis fonce sur Bamba Dieng","og_description":"NETTALI.COM - En fin de contrat avec Lorient, l'attaquant Bamba Dieng (26 ans, 19 matchs et 9 buts en L1 cette saison) se dirige vers un d\u00e9part \u00e0 l'issue de la saison. L'international s\u00e9n\u00e9galais pourrait poursuivre sa carri\u00e8re en Espagne, o\u00f9 le Betis est en pole pour accueillir l'ancien joueur de l'OM, selon le journaliste [&hellip;]","og_url":"https:\/\/www.nettali.com\/2026\/04\/29\/lorient-le-betis-fonce-sur-bamba-dieng\/","og_site_name":"Nettali.com","article_publisher":"https:\/\/www.facebook.com\/nettalicom","article_published_time":"2026-04-29T15:00:36+00:00","article_modified_time":"2026-04-29T07:39:47+00:00","og_image":[{"width":828,"height":552,"url":"https:\/\/www.nettali.com\/wp-content\/uploads\/2026\/04\/fb0a5.jpeg","type":"image\/jpeg"}],"twitter_card":"summary_large_image","twitter_misc":{"\u00c9crit par":"CK","Dur\u00e9e de lecture estim\u00e9e":"1 minute"},"schema":{"@context":"https:\/\/schema.org","@graph":[{"@type":"WebSite","@id":"https:\/\/www.nettali.com\/#website","url":"https:\/\/www.nettali.com\/","name":"Nettali.com","description":"Le rendez-vous critique du Net","potentialAction":[{"@type":"SearchAction","target":{"@type":"EntryPoint","urlTemplate":"https:\/\/www.nettali.com\/?s={search_term_string}"},"query-input":"required name=search_term_string"}],"inLanguage":"fr-FR"},{"@type":"ImageObject","@id":"https:\/\/www.nettali.com\/2026\/04\/29\/lorient-le-betis-fonce-sur-bamba-dieng\/#primaryimage","inLanguage":"fr-FR","url":"https:\/\/www.nettali.com\/wp-content\/uploads\/2026\/04\/fb0a5.jpeg","contentUrl":"https:\/\/www.nettali.com\/wp-content\/uploads\/2026\/04\/fb0a5.jpeg","width":828,"height":552},{"@type":"WebPage","@id":"https:\/\/www.nettali.com\/2026\/04\/29\/lorient-le-betis-fonce-sur-bamba-dieng\/#webpage","url":"https:\/\/www.nettali.com\/2026\/04\/29\/lorient-le-betis-fonce-sur-bamba-dieng\/","name":"LORIENT - Le Betis fonce sur Bamba Dieng | Nettali.com","isPartOf":{"@id":"https:\/\/www.nettali.com\/#website"},"primaryImageOfPage":{"@id":"https:\/\/www.nettali.com\/2026\/04\/29\/lorient-le-betis-fonce-sur-bamba-dieng\/#primaryimage"},"datePublished":"2026-04-29T15:00:36+00:00","dateModified":"2026-04-29T07:39:47+00:00","author":{"@id":"https:\/\/www.nettali.com\/#\/schema\/person\/d8ac7b7e27ddad43f1c0d2ef090d7f71"},"breadcrumb":{"@id":"https:\/\/www.nettali.com\/2026\/04\/29\/lorient-le-betis-fonce-sur-bamba-dieng\/#breadcrumb"},"inLanguage":"fr-FR","potentialAction":[{"@type":"ReadAction","target":["https:\/\/www.nettali.com\/2026\/04\/29\/lorient-le-betis-fonce-sur-bamba-dieng\/"]}]},{"@type":"BreadcrumbList","@id":"https:\/\/www.nettali.com\/2026\/04\/29\/lorient-le-betis-fonce-sur-bamba-dieng\/#breadcrumb","itemListElement":[{"@type":"ListItem","position":1,"name":"Accueil","item":"https:\/\/www.nettali.com\/"},{"@type":"ListItem","position":2,"name":"LORIENT - Le Betis fonce sur Bamba Dieng"}]},{"@type":"Person","@id":"https:\/\/www.nettali.com\/#\/schema\/person\/d8ac7b7e27ddad43f1c0d2ef090d7f71","name":"CK","image":{"@type":"ImageObject","@id":"https:\/\/www.nettali.com\/#personlogo","inLanguage":"fr-FR","url":"https:\/\/secure.gravatar.com\/avatar\/1d8d5118b9327d94da7cd4ce7f17fec2?s=96&d=mm&r=g","contentUrl":"https:\/\/secure.gravatar.com\/avatar\/1d8d5118b9327d94da7cd4ce7f17fec2?s=96&d=mm&r=g","caption":"CK"},"sameAs":["https:\/\/www.nettali.com"]}]}},"_links":{"self":[{"href":"https:\/\/www.nettali.com\/rest\/wp\/v2\/posts\/172977"}],"collection":[{"href":"https:\/\/www.nettali.com\/rest\/wp\/v2\/posts"}],"about":[{"href":"https:\/\/www.nettali.com\/rest\/wp\/v2\/types\/post"}],"author":[{"embeddable":true,"href":"https:\/\/www.nettali.com\/rest\/wp\/v2\/users\/2"}],"replies":[{"embeddable":true,"href":"https:\/\/www.nettali.com\/rest\/wp\/v2\/comments?post=172977"}],"version-history":[{"count":1,"href":"https:\/\/www.nettali.com\/rest\/wp\/v2\/posts\/172977\/revisions"}],"predecessor-version":[{"id":172979,"href":"https:\/\/www.nettali.com\/rest\/wp\/v2\/posts\/172977\/revisions\/172979"}],"wp:featuredmedia":[{"embeddable":true,"href":"https:\/\/www.nettali.com\/rest\/wp\/v2\/media\/172978"}],"wp:attachment":[{"href":"https:\/\/www.nettali.com\/rest\/wp\/v2\/media?parent=172977"}],"wp:term":[{"taxonomy":"category","embeddable":true,"href":"https:\/\/www.nettali.com\/rest\/wp\/v2\/categories?post=172977"},{"taxonomy":"post_tag","embeddable":true,"href":"https:\/\/www.nettali.com\/rest\/wp\/v2\/tags?post=172977"}],"curies":[{"name":"wp","href":"https:\/\/api.w.org\/{rel}","templated":true}]}}