{"id":172974,"date":"2026-04-29T13:00:35","date_gmt":"2026-04-29T13:00:35","guid":{"rendered":"https:\/\/www.nettali.com\/?p=172974"},"modified":"2026-04-29T13:09:34","modified_gmt":"2026-04-29T13:09:34","slug":"crise-au-mali-goita-reapparait-mais","status":"publish","type":"post","link":"https:\/\/www.nettali.com\/2026\/04\/29\/crise-au-mali-goita-reapparait-mais\/","title":{"rendered":"CRISE AU MALI - Go\u00efta r\u00e9appara\u00eet, mais..."},"content":{"rendered":"<p><strong>NETTALI.COM -\u00a0 Apr\u00e8s les attaques coordonn\u00e9es du 25 avril et la mort du ministre de la D\u00e9fense, la junte fait face \u00e0 une crise s\u00e9curitaire et politique sans pr\u00e9c\u00e9dent. Alors que Kidal est tomb\u00e9e et que Gao est menac\u00e9e, le JNIM annonce un blocus total de la capitale, Bamako. Mais entre-temps, le pr\u00e9sident Assimi Go\u00efta a fait signe de vie le mardi 28 avril.<\/strong><\/p>\n<p>Le Mali est plong\u00e9 dans une onde de choc dont l\u2019ampleur semble menacer les fondements m\u00eames de la Transition. Ce mardi 28 avril 2026, le g\u00e9n\u00e9ral Assimi Go\u00efta est enfin r\u00e9apparu publiquement \u00e0 Koulouba, brisant trois jours d'un silence pesant qui alimentait toutes les interrogations. Cette r\u00e9apparition intervient apr\u00e8s les attaques simultan\u00e9es du samedi 25 avril, qui ont vis\u00e9 des points n\u00e9vralgiques du pays, dont la villegarnison de Kati, et ont co\u00fbt\u00e9 la vie au ministre de la D\u00e9fense, le g\u00e9n\u00e9ral Sadio Camara.<\/p>\n<p>Le chef de l\u2019\u00c9tat a re\u00e7u l\u2019ambassadeur de la F\u00e9d\u00e9ration de Russie, Igor Gromyko. Selon la communication officielle de la pr\u00e9sidence, les \u00e9changes ont port\u00e9 sur \u201c<em>la situation actuelle<\/em>\u201d et sur les relations de partenariat entre Bamako et Moscou. Dans un contexte de d\u00e9b\u00e2cle militaire au Nord, le diplomate russe a r\u00e9affirm\u00e9 l\u2019engagement de son pays en \u00e9voquant \u201c<em>l'action conjointe des Forces arm\u00e9es maliennes et des forces russes<\/em>\u201d.<\/p>\n<p>Malgr\u00e9 cette mise en sc\u00e8ne diplomatique, la r\u00e9alit\u00e9 du terrain est alarmante. Assimi Go\u00efta s\u2019est \u00e9galement rendu au chevet des bless\u00e9s, alors qu\u2019un bilan hospitalier provisoire fait \u00e9tat d\u2019au moins 23 morts, civils et militaires, suite aux assauts de samedi.<\/p>\n<p><strong>La d\u00e9route au Nord : Kidal perdue, Gao encercl\u00e9e <\/strong><\/p>\n<p>L'autorit\u00e9 de l\u2019\u00c9tat s\u2019effondre dans les r\u00e9gions septentrionales. La ville strat\u00e9gique de Kidal est \u00e0 nouveau tomb\u00e9e aux mains des groupes arm\u00e9s, apr\u00e8s avoir \u00e9t\u00e9 reprise par l'arm\u00e9e en novembre 2023 avec l\u2019appui du groupe Wagner (devenu Africa Corps). Plus inqui\u00e9tant encore, l\u2019arm\u00e9e malienne abandonne d\u00e9sormais des positions cl\u00e9s dans la r\u00e9gion de Gao.<\/p>\n<p>\u201c<em>Les militaires ont abandonn\u00e9 leur position \u00e0 Labbezanga situ\u00e9 pr\u00e8s de la fronti\u00e8re du Niger. Ils se sont repli\u00e9s vers Ansogo<\/em>\u201d, a indiqu\u00e9 \u00e0 l'AFP un \u00e9lu local sous couvert d'anonymat. Priv\u00e9es de soutien a\u00e9rien et confront\u00e9es \u00e0 des accords de retrait sign\u00e9s par les partenaires russes, les troupes maliennes se replient, laissant la ville de Gao encercl\u00e9e.<\/p>\n<p><strong>Bamako sous la menace d\u2019un blocus total <\/strong><\/p>\n<p>L'offensive ne se limite plus aux confins du pays. Le Groupe de soutien \u00e0 l\u2019islam et aux musulmans (JNIM), alli\u00e9 \u00e0 Al-Qa\u00efda, a franchi une \u00e9tape majeure en annon\u00e7ant l'asphyxie de la capitale. \u201c<em>\u00c0 partir d\u2019aujourd\u2019hui (mardi), un blocus est impos\u00e9 \u00e0 Bamako sur tous les axes<\/em>\u201d, a d\u00e9clar\u00e9 Bina Diarra, porte-parole du JNIM. \u201c<em>La seule mesure de tol\u00e9rance est accord\u00e9e \u00e0 ceux qui se trouvent d\u00e9j\u00e0 \u00e0 Bamako pour leur permettre de repartir. En revanche, il est d\u00e9sormais interdit de s\u2019y rendre jusqu\u2019\u00e0 nouvel ordre. Toute personne qui enfreindra ce blocus en prenant la route vers Bamako ou Kati en assumera les cons\u00e9quences. Qu\u2019il s\u2019agisse de personnes ou de v\u00e9hicules. Personne ne sera \u00e9pargn\u00e9.<\/em>\u201d<\/p>\n<p>Cette offensive coordonn\u00e9e entre les djihadistes du JNIM et les ind\u00e9pendantistes touaregs du Front de lib\u00e9ration de l\u2019Azawad (FLA) met \u00e0 mal la rh\u00e9torique de la junte. Le Premier ministre malien, Abdoulaye Ma\u00efga, a reconnu la gravit\u00e9 de la situation : \u201c<em>le but de l'ennemi \u00e9tait de conqu\u00e9rir le pouvoir, en d\u00e9mantelant les institutions de la R\u00e9publique<\/em>\u201d.<\/p>\n<p>L'\u00e9chec de la strat\u00e9gie de rupture pose la question de l'avenir du pays. Alors que les accords militaires avec la France ont \u00e9t\u00e9 r\u00e9voqu\u00e9s par Bamako, Paris n'a plus aucune obligation d'intervention. Face \u00e0 l'inefficacit\u00e9 apparente du nouveau dispositif s\u00e9curitaire, le Mali semble plus que jamais dans l'impasse, coinc\u00e9 entre une junte affaiblie et des groupes arm\u00e9s dont l'objectif final est d\u00e9sormais la prise du pouvoir central.<\/p>\n<div class='share-to-whatsapp-wrapper'><div class='share-on-whsp'>PARTAGER SUR : <\/div><a data-text='CRISE AU MALI - Go\u00efta r\u00e9appara\u00eet, mais...' data-link='https:\/\/www.nettali.com\/2026\/04\/29\/crise-au-mali-goita-reapparait-mais\/' class='whatsapp-button whatsapp-share'>WhatsApp<\/a><div class='clear '><\/div><\/div>","protected":false},"excerpt":{"rendered":"<p>NETTALI.COM -\u00a0 Apr\u00e8s les attaques coordonn\u00e9es du 25 avril et la mort du ministre de la D\u00e9fense, la junte fait face \u00e0 une crise s\u00e9curitaire et politique sans pr\u00e9c\u00e9dent. Alors que Kidal est tomb\u00e9e et que Gao est menac\u00e9e, le JNIM annonce un blocus total de la capitale, Bamako. Mais entre-temps, le pr\u00e9sident Assimi Go\u00efta [&hellip;]<\/p>\n","protected":false},"author":2,"featured_media":172975,"comment_status":"open","ping_status":"open","sticky":false,"template":"","format":"standard","meta":{"_et_pb_use_builder":"","_et_pb_old_content":""},"categories":[8],"tags":[],"yoast_head":"<!-- This site is optimized with the Yoast SEO Premium plugin v17.8 (Yoast SEO v17.8) - https:\/\/yoast.com\/wordpress\/plugins\/seo\/ -->\n<title>CRISE AU MALI - Go\u00efta r\u00e9appara\u00eet, mais... | Nettali.com<\/title>\n<meta name=\"robots\" content=\"index, follow, max-snippet:-1, max-image-preview:large, max-video-preview:-1\" \/>\n<link rel=\"canonical\" href=\"https:\/\/www.nettali.com\/2026\/04\/29\/crise-au-mali-goita-reapparait-mais\/\" \/>\n<meta property=\"og:locale\" content=\"fr_FR\" \/>\n<meta property=\"og:type\" content=\"article\" \/>\n<meta property=\"og:title\" content=\"CRISE AU MALI - Go\u00efta r\u00e9appara\u00eet, mais...\" \/>\n<meta property=\"og:description\" content=\"NETTALI.COM -\u00a0 Apr\u00e8s les attaques coordonn\u00e9es du 25 avril et la mort du ministre de la D\u00e9fense, la junte fait face \u00e0 une crise s\u00e9curitaire et politique sans pr\u00e9c\u00e9dent. Alors que Kidal est tomb\u00e9e et que Gao est menac\u00e9e, le JNIM annonce un blocus total de la capitale, Bamako. Mais entre-temps, le pr\u00e9sident Assimi Go\u00efta [&hellip;]\" \/>\n<meta property=\"og:url\" content=\"https:\/\/www.nettali.com\/2026\/04\/29\/crise-au-mali-goita-reapparait-mais\/\" \/>\n<meta property=\"og:site_name\" content=\"Nettali.com\" \/>\n<meta property=\"article:publisher\" content=\"https:\/\/www.facebook.com\/nettalicom\" \/>\n<meta property=\"article:published_time\" content=\"2026-04-29T13:00:35+00:00\" \/>\n<meta property=\"article:modified_time\" content=\"2026-04-29T13:09:34+00:00\" \/>\n<meta property=\"og:image\" content=\"https:\/\/www.nettali.com\/wp-content\/uploads\/2026\/04\/96298966-67167721.jpg\" \/>\n\t<meta property=\"og:image:width\" content=\"1280\" \/>\n\t<meta property=\"og:image:height\" content=\"854\" \/>\n<meta name=\"twitter:card\" content=\"summary_large_image\" \/>\n<meta name=\"twitter:label1\" content=\"\u00c9crit par\" \/>\n\t<meta name=\"twitter:data1\" content=\"CK\" \/>\n\t<meta name=\"twitter:label2\" content=\"Dur\u00e9e de lecture estim\u00e9e\" \/>\n\t<meta name=\"twitter:data2\" content=\"4 minutes\" \/>\n<script type=\"application\/ld+json\" class=\"yoast-schema-graph\">{\"@context\":\"https:\/\/schema.org\",\"@graph\":[{\"@type\":\"WebSite\",\"@id\":\"https:\/\/www.nettali.com\/#website\",\"url\":\"https:\/\/www.nettali.com\/\",\"name\":\"Nettali.com\",\"description\":\"Le rendez-vous critique du Net\",\"potentialAction\":[{\"@type\":\"SearchAction\",\"target\":{\"@type\":\"EntryPoint\",\"urlTemplate\":\"https:\/\/www.nettali.com\/?s={search_term_string}\"},\"query-input\":\"required name=search_term_string\"}],\"inLanguage\":\"fr-FR\"},{\"@type\":\"ImageObject\",\"@id\":\"https:\/\/www.nettali.com\/2026\/04\/29\/crise-au-mali-goita-reapparait-mais\/#primaryimage\",\"inLanguage\":\"fr-FR\",\"url\":\"https:\/\/www.nettali.com\/wp-content\/uploads\/2026\/04\/96298966-67167721.jpg\",\"contentUrl\":\"https:\/\/www.nettali.com\/wp-content\/uploads\/2026\/04\/96298966-67167721.jpg\",\"width\":1280,\"height\":854},{\"@type\":\"WebPage\",\"@id\":\"https:\/\/www.nettali.com\/2026\/04\/29\/crise-au-mali-goita-reapparait-mais\/#webpage\",\"url\":\"https:\/\/www.nettali.com\/2026\/04\/29\/crise-au-mali-goita-reapparait-mais\/\",\"name\":\"CRISE AU MALI - Go\\u00efta r\\u00e9appara\\u00eet, mais... | Nettali.com\",\"isPartOf\":{\"@id\":\"https:\/\/www.nettali.com\/#website\"},\"primaryImageOfPage\":{\"@id\":\"https:\/\/www.nettali.com\/2026\/04\/29\/crise-au-mali-goita-reapparait-mais\/#primaryimage\"},\"datePublished\":\"2026-04-29T13:00:35+00:00\",\"dateModified\":\"2026-04-29T13:09:34+00:00\",\"author\":{\"@id\":\"https:\/\/www.nettali.com\/#\/schema\/person\/d8ac7b7e27ddad43f1c0d2ef090d7f71\"},\"breadcrumb\":{\"@id\":\"https:\/\/www.nettali.com\/2026\/04\/29\/crise-au-mali-goita-reapparait-mais\/#breadcrumb\"},\"inLanguage\":\"fr-FR\",\"potentialAction\":[{\"@type\":\"ReadAction\",\"target\":[\"https:\/\/www.nettali.com\/2026\/04\/29\/crise-au-mali-goita-reapparait-mais\/\"]}]},{\"@type\":\"BreadcrumbList\",\"@id\":\"https:\/\/www.nettali.com\/2026\/04\/29\/crise-au-mali-goita-reapparait-mais\/#breadcrumb\",\"itemListElement\":[{\"@type\":\"ListItem\",\"position\":1,\"name\":\"Accueil\",\"item\":\"https:\/\/www.nettali.com\/\"},{\"@type\":\"ListItem\",\"position\":2,\"name\":\"CRISE AU MALI - Go\\u00efta r\\u00e9appara\\u00eet, mais...\"}]},{\"@type\":\"Person\",\"@id\":\"https:\/\/www.nettali.com\/#\/schema\/person\/d8ac7b7e27ddad43f1c0d2ef090d7f71\",\"name\":\"CK\",\"image\":{\"@type\":\"ImageObject\",\"@id\":\"https:\/\/www.nettali.com\/#personlogo\",\"inLanguage\":\"fr-FR\",\"url\":\"https:\/\/secure.gravatar.com\/avatar\/1d8d5118b9327d94da7cd4ce7f17fec2?s=96&d=mm&r=g\",\"contentUrl\":\"https:\/\/secure.gravatar.com\/avatar\/1d8d5118b9327d94da7cd4ce7f17fec2?s=96&d=mm&r=g\",\"caption\":\"CK\"},\"sameAs\":[\"https:\/\/www.nettali.com\"]}]}<\/script>\n<!-- \/ Yoast SEO Premium plugin. -->","yoast_head_json":{"title":"CRISE AU MALI - Go\u00efta r\u00e9appara\u00eet, mais... | Nettali.com","robots":{"index":"index","follow":"follow","max-snippet":"max-snippet:-1","max-image-preview":"max-image-preview:large","max-video-preview":"max-video-preview:-1"},"canonical":"https:\/\/www.nettali.com\/2026\/04\/29\/crise-au-mali-goita-reapparait-mais\/","og_locale":"fr_FR","og_type":"article","og_title":"CRISE AU MALI - Go\u00efta r\u00e9appara\u00eet, mais...","og_description":"NETTALI.COM -\u00a0 Apr\u00e8s les attaques coordonn\u00e9es du 25 avril et la mort du ministre de la D\u00e9fense, la junte fait face \u00e0 une crise s\u00e9curitaire et politique sans pr\u00e9c\u00e9dent. Alors que Kidal est tomb\u00e9e et que Gao est menac\u00e9e, le JNIM annonce un blocus total de la capitale, Bamako. Mais entre-temps, le pr\u00e9sident Assimi Go\u00efta [&hellip;]","og_url":"https:\/\/www.nettali.com\/2026\/04\/29\/crise-au-mali-goita-reapparait-mais\/","og_site_name":"Nettali.com","article_publisher":"https:\/\/www.facebook.com\/nettalicom","article_published_time":"2026-04-29T13:00:35+00:00","article_modified_time":"2026-04-29T13:09:34+00:00","og_image":[{"width":1280,"height":854,"url":"https:\/\/www.nettali.com\/wp-content\/uploads\/2026\/04\/96298966-67167721.jpg","type":"image\/jpeg"}],"twitter_card":"summary_large_image","twitter_misc":{"\u00c9crit par":"CK","Dur\u00e9e de lecture estim\u00e9e":"4 minutes"},"schema":{"@context":"https:\/\/schema.org","@graph":[{"@type":"WebSite","@id":"https:\/\/www.nettali.com\/#website","url":"https:\/\/www.nettali.com\/","name":"Nettali.com","description":"Le rendez-vous critique du Net","potentialAction":[{"@type":"SearchAction","target":{"@type":"EntryPoint","urlTemplate":"https:\/\/www.nettali.com\/?s={search_term_string}"},"query-input":"required name=search_term_string"}],"inLanguage":"fr-FR"},{"@type":"ImageObject","@id":"https:\/\/www.nettali.com\/2026\/04\/29\/crise-au-mali-goita-reapparait-mais\/#primaryimage","inLanguage":"fr-FR","url":"https:\/\/www.nettali.com\/wp-content\/uploads\/2026\/04\/96298966-67167721.jpg","contentUrl":"https:\/\/www.nettali.com\/wp-content\/uploads\/2026\/04\/96298966-67167721.jpg","width":1280,"height":854},{"@type":"WebPage","@id":"https:\/\/www.nettali.com\/2026\/04\/29\/crise-au-mali-goita-reapparait-mais\/#webpage","url":"https:\/\/www.nettali.com\/2026\/04\/29\/crise-au-mali-goita-reapparait-mais\/","name":"CRISE AU MALI - Go\u00efta r\u00e9appara\u00eet, mais... | Nettali.com","isPartOf":{"@id":"https:\/\/www.nettali.com\/#website"},"primaryImageOfPage":{"@id":"https:\/\/www.nettali.com\/2026\/04\/29\/crise-au-mali-goita-reapparait-mais\/#primaryimage"},"datePublished":"2026-04-29T13:00:35+00:00","dateModified":"2026-04-29T13:09:34+00:00","author":{"@id":"https:\/\/www.nettali.com\/#\/schema\/person\/d8ac7b7e27ddad43f1c0d2ef090d7f71"},"breadcrumb":{"@id":"https:\/\/www.nettali.com\/2026\/04\/29\/crise-au-mali-goita-reapparait-mais\/#breadcrumb"},"inLanguage":"fr-FR","potentialAction":[{"@type":"ReadAction","target":["https:\/\/www.nettali.com\/2026\/04\/29\/crise-au-mali-goita-reapparait-mais\/"]}]},{"@type":"BreadcrumbList","@id":"https:\/\/www.nettali.com\/2026\/04\/29\/crise-au-mali-goita-reapparait-mais\/#breadcrumb","itemListElement":[{"@type":"ListItem","position":1,"name":"Accueil","item":"https:\/\/www.nettali.com\/"},{"@type":"ListItem","position":2,"name":"CRISE AU MALI - Go\u00efta r\u00e9appara\u00eet, mais..."}]},{"@type":"Person","@id":"https:\/\/www.nettali.com\/#\/schema\/person\/d8ac7b7e27ddad43f1c0d2ef090d7f71","name":"CK","image":{"@type":"ImageObject","@id":"https:\/\/www.nettali.com\/#personlogo","inLanguage":"fr-FR","url":"https:\/\/secure.gravatar.com\/avatar\/1d8d5118b9327d94da7cd4ce7f17fec2?s=96&d=mm&r=g","contentUrl":"https:\/\/secure.gravatar.com\/avatar\/1d8d5118b9327d94da7cd4ce7f17fec2?s=96&d=mm&r=g","caption":"CK"},"sameAs":["https:\/\/www.nettali.com"]}]}},"_links":{"self":[{"href":"https:\/\/www.nettali.com\/rest\/wp\/v2\/posts\/172974"}],"collection":[{"href":"https:\/\/www.nettali.com\/rest\/wp\/v2\/posts"}],"about":[{"href":"https:\/\/www.nettali.com\/rest\/wp\/v2\/types\/post"}],"author":[{"embeddable":true,"href":"https:\/\/www.nettali.com\/rest\/wp\/v2\/users\/2"}],"replies":[{"embeddable":true,"href":"https:\/\/www.nettali.com\/rest\/wp\/v2\/comments?post=172974"}],"version-history":[{"count":1,"href":"https:\/\/www.nettali.com\/rest\/wp\/v2\/posts\/172974\/revisions"}],"predecessor-version":[{"id":172976,"href":"https:\/\/www.nettali.com\/rest\/wp\/v2\/posts\/172974\/revisions\/172976"}],"wp:featuredmedia":[{"embeddable":true,"href":"https:\/\/www.nettali.com\/rest\/wp\/v2\/media\/172975"}],"wp:attachment":[{"href":"https:\/\/www.nettali.com\/rest\/wp\/v2\/media?parent=172974"}],"wp:term":[{"taxonomy":"category","embeddable":true,"href":"https:\/\/www.nettali.com\/rest\/wp\/v2\/categories?post=172974"},{"taxonomy":"post_tag","embeddable":true,"href":"https:\/\/www.nettali.com\/rest\/wp\/v2\/tags?post=172974"}],"curies":[{"name":"wp","href":"https:\/\/api.w.org\/{rel}","templated":true}]}}