{"id":172971,"date":"2026-04-29T10:00:39","date_gmt":"2026-04-29T10:00:39","guid":{"rendered":"https:\/\/www.nettali.com\/?p=172971"},"modified":"2026-04-29T07:22:22","modified_gmt":"2026-04-29T07:22:22","slug":"conseil-strategique-de-linitiative-presidentielle-sunuchampions-diomaye-redefinit-les-rapports-entre-letat-et-le-secteur-prive","status":"publish","type":"post","link":"https:\/\/www.nettali.com\/2026\/04\/29\/conseil-strategique-de-linitiative-presidentielle-sunuchampions-diomaye-redefinit-les-rapports-entre-letat-et-le-secteur-prive\/","title":{"rendered":"CONSEIL STRAT\u00c9GIQUE DE L\u2019INITIATIVE PR\u00c9SIDENTIELLE SUNUCHAMPIONS - Diomaye red\u00e9finit les rapports entre l\u2019\u00c9tat et le secteur priv\u00e9"},"content":{"rendered":"<p><strong>NETTALI.COM -<\/strong> Le Pr\u00e9sident de la R\u00e9publique a proc\u00e9d\u00e9 le mardi 28 avril, au Palais, \u00e0 l'installation du Conseil Strat\u00e9gique de l'Initiative pr\u00e9sidentielle SunuChampions, dans une atmosph\u00e8re de travail empreinte de sobri\u00e9t\u00e9 et de solennit\u00e9. La c\u00e9r\u00e9monie a \u00e9t\u00e9 imm\u00e9diatement suivie de la premi\u00e8re session de ce Conseil, organe d'impulsion et d'orientation plac\u00e9 sous l'autorit\u00e9 directe du Chef de l'\u00c9tat.<\/p>\n<p>Institu\u00e9e par arr\u00eat\u00e9 n\u00b0 000707 du 7 janvier 2026, l'Initiative SunuChampions proc\u00e8de d'une conviction : aucune souverainet\u00e9 \u00e9conomique durable, selon une note, ne se construit sans un tissu d'entreprises nationales solides, comp\u00e9titives au niveau national, r\u00e9gional et international, capables d'innover et d'entra\u00eener derri\u00e8re elles des pans entiers de l'\u00e9conomie.<\/p>\n<p>Quinze entreprises \u00e0 fort potentiel seront ainsi s\u00e9lectionn\u00e9es au terme d'un processus d\u2019appel \u00e0 candidatures rigoureux et transparent, puis accompagn\u00e9es dans leur trajectoire de croissance pour devenir de v\u00e9ritables locomotives du d\u00e9veloppement national, vecteurs d'innovation et cr\u00e9atrices d'emplois durables, renseigne le document.<\/p>\n<p>\u201c<em>Le Conseil Strat\u00e9gique a vocation \u00e0 \u00e9clairer le Chef de l'\u00c9tat dans le pilotage de cette ambition. Il rassemble sept personnalit\u00e9s issues du secteur priv\u00e9, de l'administration et du monde acad\u00e9mique, reconnues pour leur trajectoire et leur sens du devoir patriotique. Y si\u00e8gent Aminata Niane, Thiaba Camara Sy, Eveline Tall, Mouhamadou Makhtar Ciss\u00e9, le Professeur Ahmadou Aly Mbaye, Youssef Omais et Samba S\u00e8ne. Lors de la premi\u00e8re session, tenue en pr\u00e9sence du Chef de l'\u00c9tat, le Conseil a formul\u00e9 des recommandations portant sur le processus d'appel \u00e0 candidatures, les crit\u00e8res de s\u00e9lection, le dispositif d'accompagnement et la feuille de route de l'Initiative. Il a salu\u00e9 une d\u00e9marche qui red\u00e9finit en profondeur les rapports entre l'\u00c9tat et le secteur priv\u00e9, en clarifiant les r\u00f4les de chacun et en lib\u00e9rant les \u00e9nergies au service d'un v\u00e9ritable partenariat de d\u00e9veloppement<\/em>\u201d, informe la m\u00eame source.<\/p>\n<p>Ainsi, \u00e0 travers SunuChampions, le Chef de l'\u00c9tat affirme une orientation politique claire : faire du secteur priv\u00e9 national le moteur de la transformation \u00e9conomique du S\u00e9n\u00e9gal, et de l'\u00c9tat un partenaire strat\u00e9gique exigeant et loyal. C'est dans ce dialogue que se forgeront les champions de demain, dit-on.<\/p>\n<div class='share-to-whatsapp-wrapper'><div class='share-on-whsp'>PARTAGER SUR : <\/div><a data-text='CONSEIL STRAT\u00c9GIQUE DE L\u2019INITIATIVE PR\u00c9SIDENTIELLE SUNUCHAMPIONS - Diomaye red\u00e9finit les rapports entre l\u2019\u00c9tat et le secteur priv\u00e9' data-link='https:\/\/www.nettali.com\/2026\/04\/29\/conseil-strategique-de-linitiative-presidentielle-sunuchampions-diomaye-redefinit-les-rapports-entre-letat-et-le-secteur-prive\/' class='whatsapp-button whatsapp-share'>WhatsApp<\/a><div class='clear '><\/div><\/div>","protected":false},"excerpt":{"rendered":"<p>NETTALI.COM - Le Pr\u00e9sident de la R\u00e9publique a proc\u00e9d\u00e9 le mardi 28 avril, au Palais, \u00e0 l'installation du Conseil Strat\u00e9gique de l'Initiative pr\u00e9sidentielle SunuChampions, dans une atmosph\u00e8re de travail empreinte de sobri\u00e9t\u00e9 et de solennit\u00e9. La c\u00e9r\u00e9monie a \u00e9t\u00e9 imm\u00e9diatement suivie de la premi\u00e8re session de ce Conseil, organe d'impulsion et d'orientation plac\u00e9 sous l'autorit\u00e9 [&hellip;]<\/p>\n","protected":false},"author":2,"featured_media":172972,"comment_status":"open","ping_status":"open","sticky":true,"template":"","format":"standard","meta":{"_et_pb_use_builder":"","_et_pb_old_content":""},"categories":[4],"tags":[],"yoast_head":"<!-- This site is optimized with the Yoast SEO Premium plugin v17.8 (Yoast SEO v17.8) - https:\/\/yoast.com\/wordpress\/plugins\/seo\/ -->\n<title>CONSEIL STRAT\u00c9GIQUE DE L\u2019INITIATIVE PR\u00c9SIDENTIELLE SUNUCHAMPIONS - Diomaye red\u00e9finit les rapports entre l\u2019\u00c9tat et le secteur priv\u00e9 | Nettali.com<\/title>\n<meta name=\"robots\" content=\"index, follow, max-snippet:-1, max-image-preview:large, max-video-preview:-1\" \/>\n<link rel=\"canonical\" href=\"https:\/\/www.nettali.com\/2026\/04\/29\/conseil-strategique-de-linitiative-presidentielle-sunuchampions-diomaye-redefinit-les-rapports-entre-letat-et-le-secteur-prive\/\" \/>\n<meta property=\"og:locale\" content=\"fr_FR\" \/>\n<meta property=\"og:type\" content=\"article\" \/>\n<meta property=\"og:title\" content=\"CONSEIL STRAT\u00c9GIQUE DE L\u2019INITIATIVE PR\u00c9SIDENTIELLE SUNUCHAMPIONS - Diomaye red\u00e9finit les rapports entre l\u2019\u00c9tat et le secteur priv\u00e9\" \/>\n<meta property=\"og:description\" content=\"NETTALI.COM - Le Pr\u00e9sident de la R\u00e9publique a proc\u00e9d\u00e9 le mardi 28 avril, au Palais, \u00e0 l&#039;installation du Conseil Strat\u00e9gique de l&#039;Initiative pr\u00e9sidentielle SunuChampions, dans une atmosph\u00e8re de travail empreinte de sobri\u00e9t\u00e9 et de solennit\u00e9. La c\u00e9r\u00e9monie a \u00e9t\u00e9 imm\u00e9diatement suivie de la premi\u00e8re session de ce Conseil, organe d&#039;impulsion et d&#039;orientation plac\u00e9 sous l&#039;autorit\u00e9 [&hellip;]\" \/>\n<meta property=\"og:url\" content=\"https:\/\/www.nettali.com\/2026\/04\/29\/conseil-strategique-de-linitiative-presidentielle-sunuchampions-diomaye-redefinit-les-rapports-entre-letat-et-le-secteur-prive\/\" \/>\n<meta property=\"og:site_name\" content=\"Nettali.com\" \/>\n<meta property=\"article:publisher\" content=\"https:\/\/www.facebook.com\/nettalicom\" \/>\n<meta property=\"article:published_time\" content=\"2026-04-29T10:00:39+00:00\" \/>\n<meta property=\"article:modified_time\" content=\"2026-04-29T07:22:22+00:00\" \/>\n<meta property=\"og:image\" content=\"https:\/\/www.nettali.com\/wp-content\/uploads\/2026\/04\/images-7.jpeg\" \/>\n\t<meta property=\"og:image:width\" content=\"275\" \/>\n\t<meta property=\"og:image:height\" content=\"183\" \/>\n<meta name=\"twitter:card\" content=\"summary_large_image\" \/>\n<meta name=\"twitter:label1\" content=\"\u00c9crit par\" \/>\n\t<meta name=\"twitter:data1\" content=\"CK\" \/>\n\t<meta name=\"twitter:label2\" content=\"Dur\u00e9e de lecture estim\u00e9e\" \/>\n\t<meta name=\"twitter:data2\" content=\"2 minutes\" \/>\n<script type=\"application\/ld+json\" class=\"yoast-schema-graph\">{\"@context\":\"https:\/\/schema.org\",\"@graph\":[{\"@type\":\"WebSite\",\"@id\":\"https:\/\/www.nettali.com\/#website\",\"url\":\"https:\/\/www.nettali.com\/\",\"name\":\"Nettali.com\",\"description\":\"Le rendez-vous critique du Net\",\"potentialAction\":[{\"@type\":\"SearchAction\",\"target\":{\"@type\":\"EntryPoint\",\"urlTemplate\":\"https:\/\/www.nettali.com\/?s={search_term_string}\"},\"query-input\":\"required name=search_term_string\"}],\"inLanguage\":\"fr-FR\"},{\"@type\":\"ImageObject\",\"@id\":\"https:\/\/www.nettali.com\/2026\/04\/29\/conseil-strategique-de-linitiative-presidentielle-sunuchampions-diomaye-redefinit-les-rapports-entre-letat-et-le-secteur-prive\/#primaryimage\",\"inLanguage\":\"fr-FR\",\"url\":\"https:\/\/www.nettali.com\/wp-content\/uploads\/2026\/04\/images-7.jpeg\",\"contentUrl\":\"https:\/\/www.nettali.com\/wp-content\/uploads\/2026\/04\/images-7.jpeg\",\"width\":275,\"height\":183},{\"@type\":\"WebPage\",\"@id\":\"https:\/\/www.nettali.com\/2026\/04\/29\/conseil-strategique-de-linitiative-presidentielle-sunuchampions-diomaye-redefinit-les-rapports-entre-letat-et-le-secteur-prive\/#webpage\",\"url\":\"https:\/\/www.nettali.com\/2026\/04\/29\/conseil-strategique-de-linitiative-presidentielle-sunuchampions-diomaye-redefinit-les-rapports-entre-letat-et-le-secteur-prive\/\",\"name\":\"CONSEIL STRAT\\u00c9GIQUE DE L\\u2019INITIATIVE PR\\u00c9SIDENTIELLE SUNUCHAMPIONS - Diomaye red\\u00e9finit les rapports entre l\\u2019\\u00c9tat et le secteur priv\\u00e9 | Nettali.com\",\"isPartOf\":{\"@id\":\"https:\/\/www.nettali.com\/#website\"},\"primaryImageOfPage\":{\"@id\":\"https:\/\/www.nettali.com\/2026\/04\/29\/conseil-strategique-de-linitiative-presidentielle-sunuchampions-diomaye-redefinit-les-rapports-entre-letat-et-le-secteur-prive\/#primaryimage\"},\"datePublished\":\"2026-04-29T10:00:39+00:00\",\"dateModified\":\"2026-04-29T07:22:22+00:00\",\"author\":{\"@id\":\"https:\/\/www.nettali.com\/#\/schema\/person\/d8ac7b7e27ddad43f1c0d2ef090d7f71\"},\"breadcrumb\":{\"@id\":\"https:\/\/www.nettali.com\/2026\/04\/29\/conseil-strategique-de-linitiative-presidentielle-sunuchampions-diomaye-redefinit-les-rapports-entre-letat-et-le-secteur-prive\/#breadcrumb\"},\"inLanguage\":\"fr-FR\",\"potentialAction\":[{\"@type\":\"ReadAction\",\"target\":[\"https:\/\/www.nettali.com\/2026\/04\/29\/conseil-strategique-de-linitiative-presidentielle-sunuchampions-diomaye-redefinit-les-rapports-entre-letat-et-le-secteur-prive\/\"]}]},{\"@type\":\"BreadcrumbList\",\"@id\":\"https:\/\/www.nettali.com\/2026\/04\/29\/conseil-strategique-de-linitiative-presidentielle-sunuchampions-diomaye-redefinit-les-rapports-entre-letat-et-le-secteur-prive\/#breadcrumb\",\"itemListElement\":[{\"@type\":\"ListItem\",\"position\":1,\"name\":\"Accueil\",\"item\":\"https:\/\/www.nettali.com\/\"},{\"@type\":\"ListItem\",\"position\":2,\"name\":\"CONSEIL STRAT\\u00c9GIQUE DE L\\u2019INITIATIVE PR\\u00c9SIDENTIELLE SUNUCHAMPIONS - Diomaye red\\u00e9finit les rapports entre l\\u2019\\u00c9tat et le secteur priv\\u00e9\"}]},{\"@type\":\"Person\",\"@id\":\"https:\/\/www.nettali.com\/#\/schema\/person\/d8ac7b7e27ddad43f1c0d2ef090d7f71\",\"name\":\"CK\",\"image\":{\"@type\":\"ImageObject\",\"@id\":\"https:\/\/www.nettali.com\/#personlogo\",\"inLanguage\":\"fr-FR\",\"url\":\"https:\/\/secure.gravatar.com\/avatar\/1d8d5118b9327d94da7cd4ce7f17fec2?s=96&d=mm&r=g\",\"contentUrl\":\"https:\/\/secure.gravatar.com\/avatar\/1d8d5118b9327d94da7cd4ce7f17fec2?s=96&d=mm&r=g\",\"caption\":\"CK\"},\"sameAs\":[\"https:\/\/www.nettali.com\"]}]}<\/script>\n<!-- \/ Yoast SEO Premium plugin. -->","yoast_head_json":{"title":"CONSEIL STRAT\u00c9GIQUE DE L\u2019INITIATIVE PR\u00c9SIDENTIELLE SUNUCHAMPIONS - Diomaye red\u00e9finit les rapports entre l\u2019\u00c9tat et le secteur priv\u00e9 | Nettali.com","robots":{"index":"index","follow":"follow","max-snippet":"max-snippet:-1","max-image-preview":"max-image-preview:large","max-video-preview":"max-video-preview:-1"},"canonical":"https:\/\/www.nettali.com\/2026\/04\/29\/conseil-strategique-de-linitiative-presidentielle-sunuchampions-diomaye-redefinit-les-rapports-entre-letat-et-le-secteur-prive\/","og_locale":"fr_FR","og_type":"article","og_title":"CONSEIL STRAT\u00c9GIQUE DE L\u2019INITIATIVE PR\u00c9SIDENTIELLE SUNUCHAMPIONS - Diomaye red\u00e9finit les rapports entre l\u2019\u00c9tat et le secteur priv\u00e9","og_description":"NETTALI.COM - Le Pr\u00e9sident de la R\u00e9publique a proc\u00e9d\u00e9 le mardi 28 avril, au Palais, \u00e0 l'installation du Conseil Strat\u00e9gique de l'Initiative pr\u00e9sidentielle SunuChampions, dans une atmosph\u00e8re de travail empreinte de sobri\u00e9t\u00e9 et de solennit\u00e9. La c\u00e9r\u00e9monie a \u00e9t\u00e9 imm\u00e9diatement suivie de la premi\u00e8re session de ce Conseil, organe d'impulsion et d'orientation plac\u00e9 sous l'autorit\u00e9 [&hellip;]","og_url":"https:\/\/www.nettali.com\/2026\/04\/29\/conseil-strategique-de-linitiative-presidentielle-sunuchampions-diomaye-redefinit-les-rapports-entre-letat-et-le-secteur-prive\/","og_site_name":"Nettali.com","article_publisher":"https:\/\/www.facebook.com\/nettalicom","article_published_time":"2026-04-29T10:00:39+00:00","article_modified_time":"2026-04-29T07:22:22+00:00","og_image":[{"width":275,"height":183,"url":"https:\/\/www.nettali.com\/wp-content\/uploads\/2026\/04\/images-7.jpeg","type":"image\/jpeg"}],"twitter_card":"summary_large_image","twitter_misc":{"\u00c9crit par":"CK","Dur\u00e9e de lecture estim\u00e9e":"2 minutes"},"schema":{"@context":"https:\/\/schema.org","@graph":[{"@type":"WebSite","@id":"https:\/\/www.nettali.com\/#website","url":"https:\/\/www.nettali.com\/","name":"Nettali.com","description":"Le rendez-vous critique du Net","potentialAction":[{"@type":"SearchAction","target":{"@type":"EntryPoint","urlTemplate":"https:\/\/www.nettali.com\/?s={search_term_string}"},"query-input":"required name=search_term_string"}],"inLanguage":"fr-FR"},{"@type":"ImageObject","@id":"https:\/\/www.nettali.com\/2026\/04\/29\/conseil-strategique-de-linitiative-presidentielle-sunuchampions-diomaye-redefinit-les-rapports-entre-letat-et-le-secteur-prive\/#primaryimage","inLanguage":"fr-FR","url":"https:\/\/www.nettali.com\/wp-content\/uploads\/2026\/04\/images-7.jpeg","contentUrl":"https:\/\/www.nettali.com\/wp-content\/uploads\/2026\/04\/images-7.jpeg","width":275,"height":183},{"@type":"WebPage","@id":"https:\/\/www.nettali.com\/2026\/04\/29\/conseil-strategique-de-linitiative-presidentielle-sunuchampions-diomaye-redefinit-les-rapports-entre-letat-et-le-secteur-prive\/#webpage","url":"https:\/\/www.nettali.com\/2026\/04\/29\/conseil-strategique-de-linitiative-presidentielle-sunuchampions-diomaye-redefinit-les-rapports-entre-letat-et-le-secteur-prive\/","name":"CONSEIL STRAT\u00c9GIQUE DE L\u2019INITIATIVE PR\u00c9SIDENTIELLE SUNUCHAMPIONS - Diomaye red\u00e9finit les rapports entre l\u2019\u00c9tat et le secteur priv\u00e9 | Nettali.com","isPartOf":{"@id":"https:\/\/www.nettali.com\/#website"},"primaryImageOfPage":{"@id":"https:\/\/www.nettali.com\/2026\/04\/29\/conseil-strategique-de-linitiative-presidentielle-sunuchampions-diomaye-redefinit-les-rapports-entre-letat-et-le-secteur-prive\/#primaryimage"},"datePublished":"2026-04-29T10:00:39+00:00","dateModified":"2026-04-29T07:22:22+00:00","author":{"@id":"https:\/\/www.nettali.com\/#\/schema\/person\/d8ac7b7e27ddad43f1c0d2ef090d7f71"},"breadcrumb":{"@id":"https:\/\/www.nettali.com\/2026\/04\/29\/conseil-strategique-de-linitiative-presidentielle-sunuchampions-diomaye-redefinit-les-rapports-entre-letat-et-le-secteur-prive\/#breadcrumb"},"inLanguage":"fr-FR","potentialAction":[{"@type":"ReadAction","target":["https:\/\/www.nettali.com\/2026\/04\/29\/conseil-strategique-de-linitiative-presidentielle-sunuchampions-diomaye-redefinit-les-rapports-entre-letat-et-le-secteur-prive\/"]}]},{"@type":"BreadcrumbList","@id":"https:\/\/www.nettali.com\/2026\/04\/29\/conseil-strategique-de-linitiative-presidentielle-sunuchampions-diomaye-redefinit-les-rapports-entre-letat-et-le-secteur-prive\/#breadcrumb","itemListElement":[{"@type":"ListItem","position":1,"name":"Accueil","item":"https:\/\/www.nettali.com\/"},{"@type":"ListItem","position":2,"name":"CONSEIL STRAT\u00c9GIQUE DE L\u2019INITIATIVE PR\u00c9SIDENTIELLE SUNUCHAMPIONS - Diomaye red\u00e9finit les rapports entre l\u2019\u00c9tat et le secteur priv\u00e9"}]},{"@type":"Person","@id":"https:\/\/www.nettali.com\/#\/schema\/person\/d8ac7b7e27ddad43f1c0d2ef090d7f71","name":"CK","image":{"@type":"ImageObject","@id":"https:\/\/www.nettali.com\/#personlogo","inLanguage":"fr-FR","url":"https:\/\/secure.gravatar.com\/avatar\/1d8d5118b9327d94da7cd4ce7f17fec2?s=96&d=mm&r=g","contentUrl":"https:\/\/secure.gravatar.com\/avatar\/1d8d5118b9327d94da7cd4ce7f17fec2?s=96&d=mm&r=g","caption":"CK"},"sameAs":["https:\/\/www.nettali.com"]}]}},"_links":{"self":[{"href":"https:\/\/www.nettali.com\/rest\/wp\/v2\/posts\/172971"}],"collection":[{"href":"https:\/\/www.nettali.com\/rest\/wp\/v2\/posts"}],"about":[{"href":"https:\/\/www.nettali.com\/rest\/wp\/v2\/types\/post"}],"author":[{"embeddable":true,"href":"https:\/\/www.nettali.com\/rest\/wp\/v2\/users\/2"}],"replies":[{"embeddable":true,"href":"https:\/\/www.nettali.com\/rest\/wp\/v2\/comments?post=172971"}],"version-history":[{"count":1,"href":"https:\/\/www.nettali.com\/rest\/wp\/v2\/posts\/172971\/revisions"}],"predecessor-version":[{"id":172973,"href":"https:\/\/www.nettali.com\/rest\/wp\/v2\/posts\/172971\/revisions\/172973"}],"wp:featuredmedia":[{"embeddable":true,"href":"https:\/\/www.nettali.com\/rest\/wp\/v2\/media\/172972"}],"wp:attachment":[{"href":"https:\/\/www.nettali.com\/rest\/wp\/v2\/media?parent=172971"}],"wp:term":[{"taxonomy":"category","embeddable":true,"href":"https:\/\/www.nettali.com\/rest\/wp\/v2\/categories?post=172971"},{"taxonomy":"post_tag","embeddable":true,"href":"https:\/\/www.nettali.com\/rest\/wp\/v2\/tags?post=172971"}],"curies":[{"name":"wp","href":"https:\/\/api.w.org\/{rel}","templated":true}]}}