{"id":172959,"date":"2026-04-29T12:05:02","date_gmt":"2026-04-29T12:05:02","guid":{"rendered":"https:\/\/www.nettali.com\/?p=172959"},"modified":"2026-04-29T13:09:44","modified_gmt":"2026-04-29T13:09:44","slug":"affaire-pape-malick-ndour-les-cadres-republicains-denoncent-un-traitement-particulier-inflige-a-un-adversaire-politique","status":"publish","type":"post","link":"https:\/\/www.nettali.com\/2026\/04\/29\/affaire-pape-malick-ndour-les-cadres-republicains-denoncent-un-traitement-particulier-inflige-a-un-adversaire-politique\/","title":{"rendered":"AFFAIRE PAPE MALICK NDOUR - Les cadres r\u00e9publicains d\u00e9noncent un \"traitement particulier inflig\u00e9 \u00e0 un adversaire politique \""},"content":{"rendered":"<p><strong>NETTALI. COM - La Convergence des Cadres R\u00e9publicains (CCR) a vivement r\u00e9agi, ce mercredi 29 avril 2026, \u00e0 la d\u00e9cision de la Cour supr\u00eame ordonnant le placement sous mandat de d\u00e9p\u00f4t de son coordonnateur, Pape Malick Ndour. Dans un communiqu\u00e9 officiel, l'organisation d\u00e9nonce une proc\u00e9dure marqu\u00e9e par des incoh\u00e9rences et r\u00e9affirme son soutien total \u00e0 l'ancien ministre, tout en mettant en garde contre une instrumentalisation politique de l'appareil judiciaire.<\/strong><\/p>\n<p>Les cadres r\u00e9publicains sont tr\u00e8s remont\u00e9s par l'arr\u00eat de la Cour supr\u00eame du mardi 28 avril 2026 infirmant la mise sous bracelet \u00e9lectronique de Pape Malick Ndour. Ils ont, dans un communiqu\u00e9, exprim\u00e9 leur indignation face \u00e0 une d\u00e9cision qui sanctionne un dossier marqu\u00e9, selon eux, par \u00ab <em>de nombreuses incoh\u00e9rences, des contestations juridiques s\u00e9rieuses et des interrogations profondes sur le respect des principes fondamentaux de justice et d\u2019\u00e9quit\u00e9<\/em> \u00bb.<\/p>\n<p>Pour la Convergence des cadres r\u00e9publicains , cette \u00e9volution judiciaire ne fait que renforcer \u00ab<em> le sentiment d\u2019un traitement particulier inflig\u00e9 \u00e0 un adversaire politique, dont le seul tort est la constance dans ses convictions<\/em> \u00bb.<\/p>\n<p>L'instance de l'Alliance pour la R\u00e9publique (APR) insiste sur le fait que \u00ab <em>Pape Malick Ndour demeure pr\u00e9sum\u00e9 innocent<\/em> \u00bb. Elle soutient qu'\u00ab <em>aucun emballement m\u00e9diatique, aucune pression politique, aucune tentative de condamnation par anticipation ne sauraient se substituer au droit, \u00e0 la v\u00e9rit\u00e9 et aux garanties fondamentales reconnues \u00e0 tout justiciable dans un \u00c9tat de droit<\/em> \u00bb.<\/p>\n<p>Face \u00e0 ce qu'elle qualifie de \u00ab <em>climat de suspicion grandissant<\/em> \u00bb, la CCR exhorte \u00e0 ce que la justice demeure \u00ab <em>ind\u00e9pendante, impartiale et \u00e0 l\u2019abri de toute instrumentalisation<\/em> \u00bb.<\/p>\n<p>En conclusion, la structure r\u00e9affirme son \u00ab <em>soutien total et sans r\u00e9serve \u00e0 Pape Malick Ndour, \u00e0 sa famille, \u00e0 ses proches ainsi qu\u2019\u00e0 tous ceux qui lui t\u00e9moignent solidarit\u00e9 et confiance dans cette \u00e9preuve<\/em> \u00bb.<\/p>\n<div class='share-to-whatsapp-wrapper'><div class='share-on-whsp'>PARTAGER SUR : <\/div><a data-text='AFFAIRE PAPE MALICK NDOUR - Les cadres r\u00e9publicains d\u00e9noncent un \"traitement particulier inflig\u00e9 \u00e0 un adversaire politique \"' data-link='https:\/\/www.nettali.com\/2026\/04\/29\/affaire-pape-malick-ndour-les-cadres-republicains-denoncent-un-traitement-particulier-inflige-a-un-adversaire-politique\/' class='whatsapp-button whatsapp-share'>WhatsApp<\/a><div class='clear '><\/div><\/div>","protected":false},"excerpt":{"rendered":"<p>NETTALI. COM - La Convergence des Cadres R\u00e9publicains (CCR) a vivement r\u00e9agi, ce mercredi 29 avril 2026, \u00e0 la d\u00e9cision de la Cour supr\u00eame ordonnant le placement sous mandat de d\u00e9p\u00f4t de son coordonnateur, Pape Malick Ndour. Dans un communiqu\u00e9 officiel, l'organisation d\u00e9nonce une proc\u00e9dure marqu\u00e9e par des incoh\u00e9rences et r\u00e9affirme son soutien total \u00e0 [&hellip;]<\/p>\n","protected":false},"author":6,"featured_media":168702,"comment_status":"open","ping_status":"open","sticky":false,"template":"","format":"standard","meta":{"_et_pb_use_builder":"","_et_pb_old_content":""},"categories":[2],"tags":[],"yoast_head":"<!-- This site is optimized with the Yoast SEO Premium plugin v17.8 (Yoast SEO v17.8) - https:\/\/yoast.com\/wordpress\/plugins\/seo\/ -->\n<title>AFFAIRE PAPE MALICK NDOUR - Les cadres r\u00e9publicains d\u00e9noncent un &quot;traitement particulier inflig\u00e9 \u00e0 un adversaire politique &quot; | Nettali.com<\/title>\n<meta name=\"robots\" content=\"index, follow, max-snippet:-1, max-image-preview:large, max-video-preview:-1\" \/>\n<link rel=\"canonical\" href=\"https:\/\/www.nettali.com\/2026\/04\/29\/affaire-pape-malick-ndour-les-cadres-republicains-denoncent-un-traitement-particulier-inflige-a-un-adversaire-politique\/\" \/>\n<meta property=\"og:locale\" content=\"fr_FR\" \/>\n<meta property=\"og:type\" content=\"article\" \/>\n<meta property=\"og:title\" content=\"AFFAIRE PAPE MALICK NDOUR - Les cadres r\u00e9publicains d\u00e9noncent un &quot;traitement particulier inflig\u00e9 \u00e0 un adversaire politique &quot;\" \/>\n<meta property=\"og:description\" content=\"NETTALI. COM - La Convergence des Cadres R\u00e9publicains (CCR) a vivement r\u00e9agi, ce mercredi 29 avril 2026, \u00e0 la d\u00e9cision de la Cour supr\u00eame ordonnant le placement sous mandat de d\u00e9p\u00f4t de son coordonnateur, Pape Malick Ndour. Dans un communiqu\u00e9 officiel, l&#039;organisation d\u00e9nonce une proc\u00e9dure marqu\u00e9e par des incoh\u00e9rences et r\u00e9affirme son soutien total \u00e0 [&hellip;]\" \/>\n<meta property=\"og:url\" content=\"https:\/\/www.nettali.com\/2026\/04\/29\/affaire-pape-malick-ndour-les-cadres-republicains-denoncent-un-traitement-particulier-inflige-a-un-adversaire-politique\/\" \/>\n<meta property=\"og:site_name\" content=\"Nettali.com\" \/>\n<meta property=\"article:publisher\" content=\"https:\/\/www.facebook.com\/nettalicom\" \/>\n<meta property=\"article:published_time\" content=\"2026-04-29T12:05:02+00:00\" \/>\n<meta property=\"article:modified_time\" content=\"2026-04-29T13:09:44+00:00\" \/>\n<meta property=\"og:image\" content=\"https:\/\/www.nettali.com\/wp-content\/uploads\/2026\/01\/Pape-Malick-ndour.png\" \/>\n\t<meta property=\"og:image:width\" content=\"540\" \/>\n\t<meta property=\"og:image:height\" content=\"407\" \/>\n<meta name=\"twitter:card\" content=\"summary_large_image\" \/>\n<meta name=\"twitter:label1\" content=\"\u00c9crit par\" \/>\n\t<meta name=\"twitter:data1\" content=\"Fatou\" \/>\n\t<meta name=\"twitter:label2\" content=\"Dur\u00e9e de lecture estim\u00e9e\" \/>\n\t<meta name=\"twitter:data2\" content=\"2 minutes\" \/>\n<script type=\"application\/ld+json\" class=\"yoast-schema-graph\">{\"@context\":\"https:\/\/schema.org\",\"@graph\":[{\"@type\":\"WebSite\",\"@id\":\"https:\/\/www.nettali.com\/#website\",\"url\":\"https:\/\/www.nettali.com\/\",\"name\":\"Nettali.com\",\"description\":\"Le rendez-vous critique du Net\",\"potentialAction\":[{\"@type\":\"SearchAction\",\"target\":{\"@type\":\"EntryPoint\",\"urlTemplate\":\"https:\/\/www.nettali.com\/?s={search_term_string}\"},\"query-input\":\"required name=search_term_string\"}],\"inLanguage\":\"fr-FR\"},{\"@type\":\"ImageObject\",\"@id\":\"https:\/\/www.nettali.com\/2026\/04\/29\/affaire-pape-malick-ndour-les-cadres-republicains-denoncent-un-traitement-particulier-inflige-a-un-adversaire-politique\/#primaryimage\",\"inLanguage\":\"fr-FR\",\"url\":\"https:\/\/www.nettali.com\/wp-content\/uploads\/2026\/01\/Pape-Malick-ndour.png\",\"contentUrl\":\"https:\/\/www.nettali.com\/wp-content\/uploads\/2026\/01\/Pape-Malick-ndour.png\",\"width\":540,\"height\":407},{\"@type\":\"WebPage\",\"@id\":\"https:\/\/www.nettali.com\/2026\/04\/29\/affaire-pape-malick-ndour-les-cadres-republicains-denoncent-un-traitement-particulier-inflige-a-un-adversaire-politique\/#webpage\",\"url\":\"https:\/\/www.nettali.com\/2026\/04\/29\/affaire-pape-malick-ndour-les-cadres-republicains-denoncent-un-traitement-particulier-inflige-a-un-adversaire-politique\/\",\"name\":\"AFFAIRE PAPE MALICK NDOUR - Les cadres r\\u00e9publicains d\\u00e9noncent un \\\"traitement particulier inflig\\u00e9 \\u00e0 un adversaire politique \\\" | Nettali.com\",\"isPartOf\":{\"@id\":\"https:\/\/www.nettali.com\/#website\"},\"primaryImageOfPage\":{\"@id\":\"https:\/\/www.nettali.com\/2026\/04\/29\/affaire-pape-malick-ndour-les-cadres-republicains-denoncent-un-traitement-particulier-inflige-a-un-adversaire-politique\/#primaryimage\"},\"datePublished\":\"2026-04-29T12:05:02+00:00\",\"dateModified\":\"2026-04-29T13:09:44+00:00\",\"author\":{\"@id\":\"https:\/\/www.nettali.com\/#\/schema\/person\/418274a86bdf87caff7a3ef476bd0bbf\"},\"breadcrumb\":{\"@id\":\"https:\/\/www.nettali.com\/2026\/04\/29\/affaire-pape-malick-ndour-les-cadres-republicains-denoncent-un-traitement-particulier-inflige-a-un-adversaire-politique\/#breadcrumb\"},\"inLanguage\":\"fr-FR\",\"potentialAction\":[{\"@type\":\"ReadAction\",\"target\":[\"https:\/\/www.nettali.com\/2026\/04\/29\/affaire-pape-malick-ndour-les-cadres-republicains-denoncent-un-traitement-particulier-inflige-a-un-adversaire-politique\/\"]}]},{\"@type\":\"BreadcrumbList\",\"@id\":\"https:\/\/www.nettali.com\/2026\/04\/29\/affaire-pape-malick-ndour-les-cadres-republicains-denoncent-un-traitement-particulier-inflige-a-un-adversaire-politique\/#breadcrumb\",\"itemListElement\":[{\"@type\":\"ListItem\",\"position\":1,\"name\":\"Accueil\",\"item\":\"https:\/\/www.nettali.com\/\"},{\"@type\":\"ListItem\",\"position\":2,\"name\":\"AFFAIRE PAPE MALICK NDOUR - Les cadres r\\u00e9publicains d\\u00e9noncent un \\\"traitement particulier inflig\\u00e9 \\u00e0 un adversaire politique \\\"\"}]},{\"@type\":\"Person\",\"@id\":\"https:\/\/www.nettali.com\/#\/schema\/person\/418274a86bdf87caff7a3ef476bd0bbf\",\"name\":\"Fatou\",\"image\":{\"@type\":\"ImageObject\",\"@id\":\"https:\/\/www.nettali.com\/#personlogo\",\"inLanguage\":\"fr-FR\",\"url\":\"https:\/\/secure.gravatar.com\/avatar\/5a9442a2bee7b4dcf167cab035858e9a?s=96&d=mm&r=g\",\"contentUrl\":\"https:\/\/secure.gravatar.com\/avatar\/5a9442a2bee7b4dcf167cab035858e9a?s=96&d=mm&r=g\",\"caption\":\"Fatou\"},\"sameAs\":[\"https:\/\/www.nettali.com\"]}]}<\/script>\n<!-- \/ Yoast SEO Premium plugin. -->","yoast_head_json":{"title":"AFFAIRE PAPE MALICK NDOUR - Les cadres r\u00e9publicains d\u00e9noncent un \"traitement particulier inflig\u00e9 \u00e0 un adversaire politique \" | Nettali.com","robots":{"index":"index","follow":"follow","max-snippet":"max-snippet:-1","max-image-preview":"max-image-preview:large","max-video-preview":"max-video-preview:-1"},"canonical":"https:\/\/www.nettali.com\/2026\/04\/29\/affaire-pape-malick-ndour-les-cadres-republicains-denoncent-un-traitement-particulier-inflige-a-un-adversaire-politique\/","og_locale":"fr_FR","og_type":"article","og_title":"AFFAIRE PAPE MALICK NDOUR - Les cadres r\u00e9publicains d\u00e9noncent un \"traitement particulier inflig\u00e9 \u00e0 un adversaire politique \"","og_description":"NETTALI. COM - La Convergence des Cadres R\u00e9publicains (CCR) a vivement r\u00e9agi, ce mercredi 29 avril 2026, \u00e0 la d\u00e9cision de la Cour supr\u00eame ordonnant le placement sous mandat de d\u00e9p\u00f4t de son coordonnateur, Pape Malick Ndour. Dans un communiqu\u00e9 officiel, l'organisation d\u00e9nonce une proc\u00e9dure marqu\u00e9e par des incoh\u00e9rences et r\u00e9affirme son soutien total \u00e0 [&hellip;]","og_url":"https:\/\/www.nettali.com\/2026\/04\/29\/affaire-pape-malick-ndour-les-cadres-republicains-denoncent-un-traitement-particulier-inflige-a-un-adversaire-politique\/","og_site_name":"Nettali.com","article_publisher":"https:\/\/www.facebook.com\/nettalicom","article_published_time":"2026-04-29T12:05:02+00:00","article_modified_time":"2026-04-29T13:09:44+00:00","og_image":[{"width":540,"height":407,"url":"https:\/\/www.nettali.com\/wp-content\/uploads\/2026\/01\/Pape-Malick-ndour.png","type":"image\/png"}],"twitter_card":"summary_large_image","twitter_misc":{"\u00c9crit par":"Fatou","Dur\u00e9e de lecture estim\u00e9e":"2 minutes"},"schema":{"@context":"https:\/\/schema.org","@graph":[{"@type":"WebSite","@id":"https:\/\/www.nettali.com\/#website","url":"https:\/\/www.nettali.com\/","name":"Nettali.com","description":"Le rendez-vous critique du Net","potentialAction":[{"@type":"SearchAction","target":{"@type":"EntryPoint","urlTemplate":"https:\/\/www.nettali.com\/?s={search_term_string}"},"query-input":"required name=search_term_string"}],"inLanguage":"fr-FR"},{"@type":"ImageObject","@id":"https:\/\/www.nettali.com\/2026\/04\/29\/affaire-pape-malick-ndour-les-cadres-republicains-denoncent-un-traitement-particulier-inflige-a-un-adversaire-politique\/#primaryimage","inLanguage":"fr-FR","url":"https:\/\/www.nettali.com\/wp-content\/uploads\/2026\/01\/Pape-Malick-ndour.png","contentUrl":"https:\/\/www.nettali.com\/wp-content\/uploads\/2026\/01\/Pape-Malick-ndour.png","width":540,"height":407},{"@type":"WebPage","@id":"https:\/\/www.nettali.com\/2026\/04\/29\/affaire-pape-malick-ndour-les-cadres-republicains-denoncent-un-traitement-particulier-inflige-a-un-adversaire-politique\/#webpage","url":"https:\/\/www.nettali.com\/2026\/04\/29\/affaire-pape-malick-ndour-les-cadres-republicains-denoncent-un-traitement-particulier-inflige-a-un-adversaire-politique\/","name":"AFFAIRE PAPE MALICK NDOUR - Les cadres r\u00e9publicains d\u00e9noncent un \"traitement particulier inflig\u00e9 \u00e0 un adversaire politique \" | Nettali.com","isPartOf":{"@id":"https:\/\/www.nettali.com\/#website"},"primaryImageOfPage":{"@id":"https:\/\/www.nettali.com\/2026\/04\/29\/affaire-pape-malick-ndour-les-cadres-republicains-denoncent-un-traitement-particulier-inflige-a-un-adversaire-politique\/#primaryimage"},"datePublished":"2026-04-29T12:05:02+00:00","dateModified":"2026-04-29T13:09:44+00:00","author":{"@id":"https:\/\/www.nettali.com\/#\/schema\/person\/418274a86bdf87caff7a3ef476bd0bbf"},"breadcrumb":{"@id":"https:\/\/www.nettali.com\/2026\/04\/29\/affaire-pape-malick-ndour-les-cadres-republicains-denoncent-un-traitement-particulier-inflige-a-un-adversaire-politique\/#breadcrumb"},"inLanguage":"fr-FR","potentialAction":[{"@type":"ReadAction","target":["https:\/\/www.nettali.com\/2026\/04\/29\/affaire-pape-malick-ndour-les-cadres-republicains-denoncent-un-traitement-particulier-inflige-a-un-adversaire-politique\/"]}]},{"@type":"BreadcrumbList","@id":"https:\/\/www.nettali.com\/2026\/04\/29\/affaire-pape-malick-ndour-les-cadres-republicains-denoncent-un-traitement-particulier-inflige-a-un-adversaire-politique\/#breadcrumb","itemListElement":[{"@type":"ListItem","position":1,"name":"Accueil","item":"https:\/\/www.nettali.com\/"},{"@type":"ListItem","position":2,"name":"AFFAIRE PAPE MALICK NDOUR - Les cadres r\u00e9publicains d\u00e9noncent un \"traitement particulier inflig\u00e9 \u00e0 un adversaire politique \""}]},{"@type":"Person","@id":"https:\/\/www.nettali.com\/#\/schema\/person\/418274a86bdf87caff7a3ef476bd0bbf","name":"Fatou","image":{"@type":"ImageObject","@id":"https:\/\/www.nettali.com\/#personlogo","inLanguage":"fr-FR","url":"https:\/\/secure.gravatar.com\/avatar\/5a9442a2bee7b4dcf167cab035858e9a?s=96&d=mm&r=g","contentUrl":"https:\/\/secure.gravatar.com\/avatar\/5a9442a2bee7b4dcf167cab035858e9a?s=96&d=mm&r=g","caption":"Fatou"},"sameAs":["https:\/\/www.nettali.com"]}]}},"_links":{"self":[{"href":"https:\/\/www.nettali.com\/rest\/wp\/v2\/posts\/172959"}],"collection":[{"href":"https:\/\/www.nettali.com\/rest\/wp\/v2\/posts"}],"about":[{"href":"https:\/\/www.nettali.com\/rest\/wp\/v2\/types\/post"}],"author":[{"embeddable":true,"href":"https:\/\/www.nettali.com\/rest\/wp\/v2\/users\/6"}],"replies":[{"embeddable":true,"href":"https:\/\/www.nettali.com\/rest\/wp\/v2\/comments?post=172959"}],"version-history":[{"count":3,"href":"https:\/\/www.nettali.com\/rest\/wp\/v2\/posts\/172959\/revisions"}],"predecessor-version":[{"id":172965,"href":"https:\/\/www.nettali.com\/rest\/wp\/v2\/posts\/172959\/revisions\/172965"}],"wp:featuredmedia":[{"embeddable":true,"href":"https:\/\/www.nettali.com\/rest\/wp\/v2\/media\/168702"}],"wp:attachment":[{"href":"https:\/\/www.nettali.com\/rest\/wp\/v2\/media?parent=172959"}],"wp:term":[{"taxonomy":"category","embeddable":true,"href":"https:\/\/www.nettali.com\/rest\/wp\/v2\/categories?post=172959"},{"taxonomy":"post_tag","embeddable":true,"href":"https:\/\/www.nettali.com\/rest\/wp\/v2\/tags?post=172959"}],"curies":[{"name":"wp","href":"https:\/\/api.w.org\/{rel}","templated":true}]}}