{"id":172952,"date":"2026-04-29T11:05:45","date_gmt":"2026-04-29T11:05:45","guid":{"rendered":"https:\/\/www.nettali.com\/?p=172952"},"modified":"2026-04-29T13:09:55","modified_gmt":"2026-04-29T13:09:55","slug":"affaire-keur-yeurmande-ndella-madior-et-ses-employes-liberes-mais","status":"publish","type":"post","link":"https:\/\/www.nettali.com\/2026\/04\/29\/affaire-keur-yeurmande-ndella-madior-et-ses-employes-liberes-mais\/","title":{"rendered":"AFFAIRE KEUR YEURMANDE - Ndella Madior et ses employ\u00e9s lib\u00e9r\u00e9s, mais..."},"content":{"rendered":"<p><strong>NETTALI.COM - La Chambre criminelle de Dakar a accord\u00e9, le mardi 28 avril 2026, la libert\u00e9 provisoire \u00e0 Ndella Madior Diouf et ses deux employ\u00e9s, Cheikh Tidiane Ndiaye et El Hadji S\u00e8ne, plac\u00e9s tous sous mandat de d\u00e9p\u00f4t en d\u00e9cembre 2023 apr\u00e8s le d\u00e9c\u00e8s suspect de six nourrissons dans sa structure \u00ab Keur Yeurmand\u00e9 \u00bb. Le trio risque toutefois des peines fermes.<\/strong><\/p>\n<p data-path-to-node=\"5\">Plac\u00e9e sous mandat de d\u00e9p\u00f4t depuis le 28 d\u00e9cembre 2023, la directrice de la pouponni\u00e8re de Sacr\u00e9-C\u0153ur \u00ab Keur Yeurmand\u00e9 \u00bb a comparu devant la Chambre criminelle de Dakar. Ndella Madior Diouf, ses deux employ\u00e9s, son assistant Cheikh Tidiane Ndiaye et l\u2019animateur El Hadji S\u00e8ne ont r\u00e9pondu de plusieurs chefs d\u2019inculpation: homicide involontaire, mise en danger de la vie d\u2019autrui, traite de personnes et exercice ill\u00e9gal de la m\u00e9decine ; privation d\u2019aliments ou de soins ayant entra\u00een\u00e9 la mort ; non-assistance \u00e0 personne en danger et obtention ill\u00e9gale de certificats d\u2019inhumation.<\/p>\n<p data-path-to-node=\"7\">L\u2019affaire avait \u00e9clat\u00e9 en d\u00e9cembre 2023 apr\u00e8s la diffusion de vid\u00e9os virales. L\u2019une montrait une m\u00e8re accusant Mme Diouf de s\u00e9questrer son enfant contre une ran\u00e7on de 5 millions de FCFA. Une autre, film\u00e9e par une employ\u00e9e, r\u00e9v\u00e9lait l\u2019insalubrit\u00e9 des lieux et la sant\u00e9 pr\u00e9caire des nourrissons. L\u2019enqu\u00eate qui s'en est suivie, avait permis de secourir 48 b\u00e9b\u00e9s.<\/p>\n<p>\u00c0 la barre, Ndella Madior Diouf a ni\u00e9 les faits, invoquant une mission philanthropique et pointant du doigt un sabotage de son personnel. Elle a rejet\u00e9 toute intention malveillante, se d\u00e9crivant comme une \u00ab M\u00e8re Teresa \u00bb au secours des femmes en d\u00e9tresse. Elle a justifi\u00e9 son engagement par son propre pass\u00e9 d\u2019\u00e9tudiante en m\u00e9decine confront\u00e9e \u00e0 un refus de paternit\u00e9. Pour financer la structure, elle a affirm\u00e9 avoir mobilis\u00e9 les revenus de sa radio Saphir FM (g\u00e9n\u00e9rant un million de FCFA par jour), de son restaurant \u00e0 Saly et des dons. Selon elle, le drame serait le r\u00e9sultat d'un \u00ab sabotage \u00bb orchestr\u00e9 par des nounous infiltr\u00e9es.<\/p>\n<p data-path-to-node=\"10\">Ses co-accus\u00e9s ont \u00e9galement plaid\u00e9 l'innocence. L'animateur El Hadji S\u00e8ne a affirm\u00e9 avec force n'avoir aucun lien avec les b\u00e9b\u00e9s : \u00ab J'ai peur des enfants et des chats, je ne les touche m\u00eame pas \u00bb. Quant \u00e0 Cheikh Tidiane Ndiaye, il a soutenu que ses fonctions se limitaient strictement au recrutement pour la radio.<\/p>\n<p data-path-to-node=\"12\">Le repr\u00e9sentant du parquet a requis 5ans de prison ferme et 1 million de FCFA d'amende contre Ndella Madior Diouf\u00a0 et 3 mois de prison ferme contre les deux autres accus\u00e9s. Il s'est appuy\u00e9 sur les rapports m\u00e9dicaux. Ces derniers concluent que les six nourrissons d\u00e9c\u00e9d\u00e9s, souffraient de d\u00e9nutrition s\u00e9v\u00e8re et de pathologies li\u00e9es \u00e0 un r\u00e9gime nutritionnel inadapt\u00e9, le tout dans un environnement insalubre.<\/p>\n<p data-path-to-node=\"13\">Le procureur a n\u00e9anmoins sugg\u00e9r\u00e9 d'\u00e9carter certaines charges, notamment la traite de personnes et la non-d\u00e9claration de naissance.<\/p>\n<p data-path-to-node=\"13\">La d\u00e9fense a plaid\u00e9 l'acquittement en d\u00e9non\u00e7ant une carence des services de l'\u00c9tat. Selon leurs plaidoiries, Ndella a tent\u00e9 de combler, avec ses propres moyens, un vide laiss\u00e9 par l'\u00c9tat qui ne dispose pas de structures suffisantes pour accompagner les m\u00e8res et enfants en situation de grande pr\u00e9carit\u00e9.<\/p>\n<p>Le verdict sera prononc\u00e9 le 26 mai 2026.<\/p>\n<div class='share-to-whatsapp-wrapper'><div class='share-on-whsp'>PARTAGER SUR : <\/div><a data-text='AFFAIRE KEUR YEURMANDE - Ndella Madior et ses employ\u00e9s lib\u00e9r\u00e9s, mais...' data-link='https:\/\/www.nettali.com\/2026\/04\/29\/affaire-keur-yeurmande-ndella-madior-et-ses-employes-liberes-mais\/' class='whatsapp-button whatsapp-share'>WhatsApp<\/a><div class='clear '><\/div><\/div>","protected":false},"excerpt":{"rendered":"<p>NETTALI.COM - La Chambre criminelle de Dakar a accord\u00e9, le mardi 28 avril 2026, la libert\u00e9 provisoire \u00e0 Ndella Madior Diouf et ses deux employ\u00e9s, Cheikh Tidiane Ndiaye et El Hadji S\u00e8ne, plac\u00e9s tous sous mandat de d\u00e9p\u00f4t en d\u00e9cembre 2023 apr\u00e8s le d\u00e9c\u00e8s suspect de six nourrissons dans sa structure \u00ab Keur Yeurmand\u00e9 \u00bb. [&hellip;]<\/p>\n","protected":false},"author":6,"featured_media":124120,"comment_status":"open","ping_status":"open","sticky":false,"template":"","format":"standard","meta":{"_et_pb_use_builder":"","_et_pb_old_content":""},"categories":[3],"tags":[],"yoast_head":"<!-- This site is optimized with the Yoast SEO Premium plugin v17.8 (Yoast SEO v17.8) - https:\/\/yoast.com\/wordpress\/plugins\/seo\/ -->\n<title>AFFAIRE KEUR YEURMANDE - Ndella Madior et ses employ\u00e9s lib\u00e9r\u00e9s, mais... | Nettali.com<\/title>\n<meta name=\"robots\" content=\"index, follow, max-snippet:-1, max-image-preview:large, max-video-preview:-1\" \/>\n<link rel=\"canonical\" href=\"https:\/\/www.nettali.com\/2026\/04\/29\/affaire-keur-yeurmande-ndella-madior-et-ses-employes-liberes-mais\/\" \/>\n<meta property=\"og:locale\" content=\"fr_FR\" \/>\n<meta property=\"og:type\" content=\"article\" \/>\n<meta property=\"og:title\" content=\"AFFAIRE KEUR YEURMANDE - Ndella Madior et ses employ\u00e9s lib\u00e9r\u00e9s, mais...\" \/>\n<meta property=\"og:description\" content=\"NETTALI.COM - La Chambre criminelle de Dakar a accord\u00e9, le mardi 28 avril 2026, la libert\u00e9 provisoire \u00e0 Ndella Madior Diouf et ses deux employ\u00e9s, Cheikh Tidiane Ndiaye et El Hadji S\u00e8ne, plac\u00e9s tous sous mandat de d\u00e9p\u00f4t en d\u00e9cembre 2023 apr\u00e8s le d\u00e9c\u00e8s suspect de six nourrissons dans sa structure \u00ab Keur Yeurmand\u00e9 \u00bb. [&hellip;]\" \/>\n<meta property=\"og:url\" content=\"https:\/\/www.nettali.com\/2026\/04\/29\/affaire-keur-yeurmande-ndella-madior-et-ses-employes-liberes-mais\/\" \/>\n<meta property=\"og:site_name\" content=\"Nettali.com\" \/>\n<meta property=\"article:publisher\" content=\"https:\/\/www.facebook.com\/nettalicom\" \/>\n<meta property=\"article:published_time\" content=\"2026-04-29T11:05:45+00:00\" \/>\n<meta property=\"article:modified_time\" content=\"2026-04-29T13:09:55+00:00\" \/>\n<meta property=\"og:image\" content=\"https:\/\/www.nettali.com\/wp-content\/uploads\/2023\/12\/Ndella-Madior.jpeg\" \/>\n\t<meta property=\"og:image:width\" content=\"800\" \/>\n\t<meta property=\"og:image:height\" content=\"450\" \/>\n<meta name=\"twitter:card\" content=\"summary_large_image\" \/>\n<meta name=\"twitter:label1\" content=\"\u00c9crit par\" \/>\n\t<meta name=\"twitter:data1\" content=\"Fatou\" \/>\n\t<meta name=\"twitter:label2\" content=\"Dur\u00e9e de lecture estim\u00e9e\" \/>\n\t<meta name=\"twitter:data2\" content=\"3 minutes\" \/>\n<script type=\"application\/ld+json\" class=\"yoast-schema-graph\">{\"@context\":\"https:\/\/schema.org\",\"@graph\":[{\"@type\":\"WebSite\",\"@id\":\"https:\/\/www.nettali.com\/#website\",\"url\":\"https:\/\/www.nettali.com\/\",\"name\":\"Nettali.com\",\"description\":\"Le rendez-vous critique du Net\",\"potentialAction\":[{\"@type\":\"SearchAction\",\"target\":{\"@type\":\"EntryPoint\",\"urlTemplate\":\"https:\/\/www.nettali.com\/?s={search_term_string}\"},\"query-input\":\"required name=search_term_string\"}],\"inLanguage\":\"fr-FR\"},{\"@type\":\"ImageObject\",\"@id\":\"https:\/\/www.nettali.com\/2026\/04\/29\/affaire-keur-yeurmande-ndella-madior-et-ses-employes-liberes-mais\/#primaryimage\",\"inLanguage\":\"fr-FR\",\"url\":\"https:\/\/www.nettali.com\/wp-content\/uploads\/2023\/12\/Ndella-Madior.jpeg\",\"contentUrl\":\"https:\/\/www.nettali.com\/wp-content\/uploads\/2023\/12\/Ndella-Madior.jpeg\",\"width\":800,\"height\":450},{\"@type\":\"WebPage\",\"@id\":\"https:\/\/www.nettali.com\/2026\/04\/29\/affaire-keur-yeurmande-ndella-madior-et-ses-employes-liberes-mais\/#webpage\",\"url\":\"https:\/\/www.nettali.com\/2026\/04\/29\/affaire-keur-yeurmande-ndella-madior-et-ses-employes-liberes-mais\/\",\"name\":\"AFFAIRE KEUR YEURMANDE - Ndella Madior et ses employ\\u00e9s lib\\u00e9r\\u00e9s, mais... | Nettali.com\",\"isPartOf\":{\"@id\":\"https:\/\/www.nettali.com\/#website\"},\"primaryImageOfPage\":{\"@id\":\"https:\/\/www.nettali.com\/2026\/04\/29\/affaire-keur-yeurmande-ndella-madior-et-ses-employes-liberes-mais\/#primaryimage\"},\"datePublished\":\"2026-04-29T11:05:45+00:00\",\"dateModified\":\"2026-04-29T13:09:55+00:00\",\"author\":{\"@id\":\"https:\/\/www.nettali.com\/#\/schema\/person\/418274a86bdf87caff7a3ef476bd0bbf\"},\"breadcrumb\":{\"@id\":\"https:\/\/www.nettali.com\/2026\/04\/29\/affaire-keur-yeurmande-ndella-madior-et-ses-employes-liberes-mais\/#breadcrumb\"},\"inLanguage\":\"fr-FR\",\"potentialAction\":[{\"@type\":\"ReadAction\",\"target\":[\"https:\/\/www.nettali.com\/2026\/04\/29\/affaire-keur-yeurmande-ndella-madior-et-ses-employes-liberes-mais\/\"]}]},{\"@type\":\"BreadcrumbList\",\"@id\":\"https:\/\/www.nettali.com\/2026\/04\/29\/affaire-keur-yeurmande-ndella-madior-et-ses-employes-liberes-mais\/#breadcrumb\",\"itemListElement\":[{\"@type\":\"ListItem\",\"position\":1,\"name\":\"Accueil\",\"item\":\"https:\/\/www.nettali.com\/\"},{\"@type\":\"ListItem\",\"position\":2,\"name\":\"AFFAIRE KEUR YEURMANDE - Ndella Madior et ses employ\\u00e9s lib\\u00e9r\\u00e9s, mais...\"}]},{\"@type\":\"Person\",\"@id\":\"https:\/\/www.nettali.com\/#\/schema\/person\/418274a86bdf87caff7a3ef476bd0bbf\",\"name\":\"Fatou\",\"image\":{\"@type\":\"ImageObject\",\"@id\":\"https:\/\/www.nettali.com\/#personlogo\",\"inLanguage\":\"fr-FR\",\"url\":\"https:\/\/secure.gravatar.com\/avatar\/5a9442a2bee7b4dcf167cab035858e9a?s=96&d=mm&r=g\",\"contentUrl\":\"https:\/\/secure.gravatar.com\/avatar\/5a9442a2bee7b4dcf167cab035858e9a?s=96&d=mm&r=g\",\"caption\":\"Fatou\"},\"sameAs\":[\"https:\/\/www.nettali.com\"]}]}<\/script>\n<!-- \/ Yoast SEO Premium plugin. -->","yoast_head_json":{"title":"AFFAIRE KEUR YEURMANDE - Ndella Madior et ses employ\u00e9s lib\u00e9r\u00e9s, mais... | Nettali.com","robots":{"index":"index","follow":"follow","max-snippet":"max-snippet:-1","max-image-preview":"max-image-preview:large","max-video-preview":"max-video-preview:-1"},"canonical":"https:\/\/www.nettali.com\/2026\/04\/29\/affaire-keur-yeurmande-ndella-madior-et-ses-employes-liberes-mais\/","og_locale":"fr_FR","og_type":"article","og_title":"AFFAIRE KEUR YEURMANDE - Ndella Madior et ses employ\u00e9s lib\u00e9r\u00e9s, mais...","og_description":"NETTALI.COM - La Chambre criminelle de Dakar a accord\u00e9, le mardi 28 avril 2026, la libert\u00e9 provisoire \u00e0 Ndella Madior Diouf et ses deux employ\u00e9s, Cheikh Tidiane Ndiaye et El Hadji S\u00e8ne, plac\u00e9s tous sous mandat de d\u00e9p\u00f4t en d\u00e9cembre 2023 apr\u00e8s le d\u00e9c\u00e8s suspect de six nourrissons dans sa structure \u00ab Keur Yeurmand\u00e9 \u00bb. [&hellip;]","og_url":"https:\/\/www.nettali.com\/2026\/04\/29\/affaire-keur-yeurmande-ndella-madior-et-ses-employes-liberes-mais\/","og_site_name":"Nettali.com","article_publisher":"https:\/\/www.facebook.com\/nettalicom","article_published_time":"2026-04-29T11:05:45+00:00","article_modified_time":"2026-04-29T13:09:55+00:00","og_image":[{"width":800,"height":450,"url":"https:\/\/www.nettali.com\/wp-content\/uploads\/2023\/12\/Ndella-Madior.jpeg","type":"image\/jpeg"}],"twitter_card":"summary_large_image","twitter_misc":{"\u00c9crit par":"Fatou","Dur\u00e9e de lecture estim\u00e9e":"3 minutes"},"schema":{"@context":"https:\/\/schema.org","@graph":[{"@type":"WebSite","@id":"https:\/\/www.nettali.com\/#website","url":"https:\/\/www.nettali.com\/","name":"Nettali.com","description":"Le rendez-vous critique du Net","potentialAction":[{"@type":"SearchAction","target":{"@type":"EntryPoint","urlTemplate":"https:\/\/www.nettali.com\/?s={search_term_string}"},"query-input":"required name=search_term_string"}],"inLanguage":"fr-FR"},{"@type":"ImageObject","@id":"https:\/\/www.nettali.com\/2026\/04\/29\/affaire-keur-yeurmande-ndella-madior-et-ses-employes-liberes-mais\/#primaryimage","inLanguage":"fr-FR","url":"https:\/\/www.nettali.com\/wp-content\/uploads\/2023\/12\/Ndella-Madior.jpeg","contentUrl":"https:\/\/www.nettali.com\/wp-content\/uploads\/2023\/12\/Ndella-Madior.jpeg","width":800,"height":450},{"@type":"WebPage","@id":"https:\/\/www.nettali.com\/2026\/04\/29\/affaire-keur-yeurmande-ndella-madior-et-ses-employes-liberes-mais\/#webpage","url":"https:\/\/www.nettali.com\/2026\/04\/29\/affaire-keur-yeurmande-ndella-madior-et-ses-employes-liberes-mais\/","name":"AFFAIRE KEUR YEURMANDE - Ndella Madior et ses employ\u00e9s lib\u00e9r\u00e9s, mais... | Nettali.com","isPartOf":{"@id":"https:\/\/www.nettali.com\/#website"},"primaryImageOfPage":{"@id":"https:\/\/www.nettali.com\/2026\/04\/29\/affaire-keur-yeurmande-ndella-madior-et-ses-employes-liberes-mais\/#primaryimage"},"datePublished":"2026-04-29T11:05:45+00:00","dateModified":"2026-04-29T13:09:55+00:00","author":{"@id":"https:\/\/www.nettali.com\/#\/schema\/person\/418274a86bdf87caff7a3ef476bd0bbf"},"breadcrumb":{"@id":"https:\/\/www.nettali.com\/2026\/04\/29\/affaire-keur-yeurmande-ndella-madior-et-ses-employes-liberes-mais\/#breadcrumb"},"inLanguage":"fr-FR","potentialAction":[{"@type":"ReadAction","target":["https:\/\/www.nettali.com\/2026\/04\/29\/affaire-keur-yeurmande-ndella-madior-et-ses-employes-liberes-mais\/"]}]},{"@type":"BreadcrumbList","@id":"https:\/\/www.nettali.com\/2026\/04\/29\/affaire-keur-yeurmande-ndella-madior-et-ses-employes-liberes-mais\/#breadcrumb","itemListElement":[{"@type":"ListItem","position":1,"name":"Accueil","item":"https:\/\/www.nettali.com\/"},{"@type":"ListItem","position":2,"name":"AFFAIRE KEUR YEURMANDE - Ndella Madior et ses employ\u00e9s lib\u00e9r\u00e9s, mais..."}]},{"@type":"Person","@id":"https:\/\/www.nettali.com\/#\/schema\/person\/418274a86bdf87caff7a3ef476bd0bbf","name":"Fatou","image":{"@type":"ImageObject","@id":"https:\/\/www.nettali.com\/#personlogo","inLanguage":"fr-FR","url":"https:\/\/secure.gravatar.com\/avatar\/5a9442a2bee7b4dcf167cab035858e9a?s=96&d=mm&r=g","contentUrl":"https:\/\/secure.gravatar.com\/avatar\/5a9442a2bee7b4dcf167cab035858e9a?s=96&d=mm&r=g","caption":"Fatou"},"sameAs":["https:\/\/www.nettali.com"]}]}},"_links":{"self":[{"href":"https:\/\/www.nettali.com\/rest\/wp\/v2\/posts\/172952"}],"collection":[{"href":"https:\/\/www.nettali.com\/rest\/wp\/v2\/posts"}],"about":[{"href":"https:\/\/www.nettali.com\/rest\/wp\/v2\/types\/post"}],"author":[{"embeddable":true,"href":"https:\/\/www.nettali.com\/rest\/wp\/v2\/users\/6"}],"replies":[{"embeddable":true,"href":"https:\/\/www.nettali.com\/rest\/wp\/v2\/comments?post=172952"}],"version-history":[{"count":3,"href":"https:\/\/www.nettali.com\/rest\/wp\/v2\/posts\/172952\/revisions"}],"predecessor-version":[{"id":172962,"href":"https:\/\/www.nettali.com\/rest\/wp\/v2\/posts\/172952\/revisions\/172962"}],"wp:featuredmedia":[{"embeddable":true,"href":"https:\/\/www.nettali.com\/rest\/wp\/v2\/media\/124120"}],"wp:attachment":[{"href":"https:\/\/www.nettali.com\/rest\/wp\/v2\/media?parent=172952"}],"wp:term":[{"taxonomy":"category","embeddable":true,"href":"https:\/\/www.nettali.com\/rest\/wp\/v2\/categories?post=172952"},{"taxonomy":"post_tag","embeddable":true,"href":"https:\/\/www.nettali.com\/rest\/wp\/v2\/tags?post=172952"}],"curies":[{"name":"wp","href":"https:\/\/api.w.org\/{rel}","templated":true}]}}