{"id":172936,"date":"2026-04-28T19:39:24","date_gmt":"2026-04-28T19:39:24","guid":{"rendered":"https:\/\/www.nettali.com\/?p=172936"},"modified":"2026-04-28T19:36:32","modified_gmt":"2026-04-28T19:36:32","slug":"affaire-sweet-beaute-thierno-alassane-sall-demande-lexamen-des-scelles","status":"publish","type":"post","link":"https:\/\/www.nettali.com\/2026\/04\/28\/affaire-sweet-beaute-thierno-alassane-sall-demande-lexamen-des-scelles\/","title":{"rendered":"AFFAIRE SWEET BEAUT\u00c9 - Thierno Alassane Sall demande l\u2019examen des \u00abscell\u00e9s\u00a0\u00bb"},"content":{"rendered":"<p data-start=\"118\" data-end=\"261\"><strong>NETTALI.COM - Le d\u00e9put\u00e9 de l\u2019opposition critique la coh\u00e9rence de la majorit\u00e9 et lie la r\u00e9forme \u00e9lectorale \u00e0 la question de la loi d\u2019amnistie.<\/strong><\/p>\n<p>Le d\u00e9bat autour de la modification du Code \u00e9lectoral continue de susciter de vives r\u00e9actions au sein de l\u2019Assembl\u00e9e nationale. Ce mardi, le d\u00e9put\u00e9 de l\u2019opposition Thierno Alassane Sall (TAS) a exprim\u00e9 une critique frontale \u00e0 l\u2019endroit de la majorit\u00e9 parlementaire, qu\u2019il accuse d\u2019incoh\u00e9rence dans sa d\u00e9marche.<\/p>\n<p data-start=\"608\" data-end=\"794\">Dans une publication sur ses r\u00e9seaux sociaux, le leader de <em data-start=\"667\" data-end=\"694\">La R\u00e9publique des Valeurs<\/em> a mis en cause ce qu\u2019il qualifie de \u00ab rectification s\u00e9lective \u00bb op\u00e9r\u00e9e par le parti au pouvoir.<\/p>\n<p>Tout en prenant acte de la volont\u00e9 affich\u00e9e de r\u00e9forme, Thierno Alassane Sall s\u2019interroge sur les priorit\u00e9s de la majorit\u00e9. \u00ab <em>Ainsi donc, PASTEF proclame vouloir faire \u0153uvre de rectification. Soit. Mais alors, qu\u2019y a-t-il de plus sc\u00e9l\u00e9rat que la loi d\u2019amnistie ?<\/em> \u00bb, a-t-il \u00e9crit. Pour lui, la r\u00e9forme du Code \u00e9lectoral ne peut \u00eatre dissoci\u00e9e d\u2019autres enjeux politiques majeurs, notamment la gestion des \u00e9v\u00e9nements r\u00e9cents couverts par la loi d\u2019amnistie.<\/p>\n<p>Le d\u00e9put\u00e9 met en avant ce qu\u2019il consid\u00e8re comme une contradiction entre la volont\u00e9 d\u2019\u00e9quit\u00e9 \u00e9lectorale et le maintien de zones d\u2019ombre sur certaines affaires. Il \u00e9voque notamment le dossier dit \u201cSweet Beaut\u00e9\u201d, en lien avec l\u2019affaire impliquant Ousmane Sonko, estimant que des \u00e9l\u00e9ments nouveaux m\u00e9riteraient d\u2019\u00eatre examin\u00e9s. Il s\u2019interroge ainsi sur les raisons pour lesquelles certaines affaires restent, selon lui, \u00ab scell\u00e9es \u00bb.<\/p>\n<p>Pour Thierno Alassane Sall, la cr\u00e9dibilit\u00e9 de la r\u00e9forme \u00e9lectorale d\u00e9pend directement de la capacit\u00e9 des autorit\u00e9s \u00e0 faire toute la lumi\u00e8re sur les \u00e9v\u00e9nements pass\u00e9s. <em>\u00ab Si la majorit\u00e9 PASTEF veut r\u00e9ellement r\u00e9pondre \u00e0 la commande de l\u2019opinion, qu\u2019elle revienne sur la loi d\u2019amnistie \u00bb<\/em>, a-t-il conclu. Alors que la majorit\u00e9 d\u00e9fend une r\u00e9forme n\u00e9cessaire pour assainir le processus \u00e9lectoral, l\u2019opposition continue de contester \u00e0 la fois la m\u00e9thode et le contexte.<\/p>\n<p data-start=\"2709\" data-end=\"2877\">\n<div class='share-to-whatsapp-wrapper'><div class='share-on-whsp'>PARTAGER SUR : <\/div><a data-text='AFFAIRE SWEET BEAUT\u00c9 - Thierno Alassane Sall demande l\u2019examen des \u00abscell\u00e9s\u00a0\u00bb' data-link='https:\/\/www.nettali.com\/2026\/04\/28\/affaire-sweet-beaute-thierno-alassane-sall-demande-lexamen-des-scelles\/' class='whatsapp-button whatsapp-share'>WhatsApp<\/a><div class='clear '><\/div><\/div>","protected":false},"excerpt":{"rendered":"<p>NETTALI.COM - Le d\u00e9put\u00e9 de l\u2019opposition critique la coh\u00e9rence de la majorit\u00e9 et lie la r\u00e9forme \u00e9lectorale \u00e0 la question de la loi d\u2019amnistie. Le d\u00e9bat autour de la modification du Code \u00e9lectoral continue de susciter de vives r\u00e9actions au sein de l\u2019Assembl\u00e9e nationale. Ce mardi, le d\u00e9put\u00e9 de l\u2019opposition Thierno Alassane Sall (TAS) a [&hellip;]<\/p>\n","protected":false},"author":4,"featured_media":143302,"comment_status":"open","ping_status":"open","sticky":true,"template":"","format":"standard","meta":{"_et_pb_use_builder":"","_et_pb_old_content":""},"categories":[2],"tags":[],"yoast_head":"<!-- This site is optimized with the Yoast SEO Premium plugin v17.8 (Yoast SEO v17.8) - https:\/\/yoast.com\/wordpress\/plugins\/seo\/ -->\n<title>AFFAIRE SWEET BEAUT\u00c9 - Thierno Alassane Sall demande l\u2019examen des \u00abscell\u00e9s\u00a0\u00bb | Nettali.com<\/title>\n<meta name=\"robots\" content=\"index, follow, max-snippet:-1, max-image-preview:large, max-video-preview:-1\" \/>\n<link rel=\"canonical\" href=\"https:\/\/www.nettali.com\/2026\/04\/28\/affaire-sweet-beaute-thierno-alassane-sall-demande-lexamen-des-scelles\/\" \/>\n<meta property=\"og:locale\" content=\"fr_FR\" \/>\n<meta property=\"og:type\" content=\"article\" \/>\n<meta property=\"og:title\" content=\"AFFAIRE SWEET BEAUT\u00c9 - Thierno Alassane Sall demande l\u2019examen des \u00abscell\u00e9s\u00a0\u00bb\" \/>\n<meta property=\"og:description\" content=\"NETTALI.COM - Le d\u00e9put\u00e9 de l\u2019opposition critique la coh\u00e9rence de la majorit\u00e9 et lie la r\u00e9forme \u00e9lectorale \u00e0 la question de la loi d\u2019amnistie. Le d\u00e9bat autour de la modification du Code \u00e9lectoral continue de susciter de vives r\u00e9actions au sein de l\u2019Assembl\u00e9e nationale. Ce mardi, le d\u00e9put\u00e9 de l\u2019opposition Thierno Alassane Sall (TAS) a [&hellip;]\" \/>\n<meta property=\"og:url\" content=\"https:\/\/www.nettali.com\/2026\/04\/28\/affaire-sweet-beaute-thierno-alassane-sall-demande-lexamen-des-scelles\/\" \/>\n<meta property=\"og:site_name\" content=\"Nettali.com\" \/>\n<meta property=\"article:publisher\" content=\"https:\/\/www.facebook.com\/nettalicom\" \/>\n<meta property=\"article:published_time\" content=\"2026-04-28T19:39:24+00:00\" \/>\n<meta property=\"article:modified_time\" content=\"2026-04-28T19:36:32+00:00\" \/>\n<meta property=\"og:image\" content=\"https:\/\/www.nettali.com\/wp-content\/uploads\/2024\/11\/thierno-alassane-sall_6345.jpg\" \/>\n\t<meta property=\"og:image:width\" content=\"1280\" \/>\n\t<meta property=\"og:image:height\" content=\"960\" \/>\n<meta name=\"twitter:card\" content=\"summary_large_image\" \/>\n<meta name=\"twitter:label1\" content=\"\u00c9crit par\" \/>\n\t<meta name=\"twitter:data1\" content=\"Daouda\" \/>\n\t<meta name=\"twitter:label2\" content=\"Dur\u00e9e de lecture estim\u00e9e\" \/>\n\t<meta name=\"twitter:data2\" content=\"2 minutes\" \/>\n<script type=\"application\/ld+json\" class=\"yoast-schema-graph\">{\"@context\":\"https:\/\/schema.org\",\"@graph\":[{\"@type\":\"WebSite\",\"@id\":\"https:\/\/www.nettali.com\/#website\",\"url\":\"https:\/\/www.nettali.com\/\",\"name\":\"Nettali.com\",\"description\":\"Le rendez-vous critique du Net\",\"potentialAction\":[{\"@type\":\"SearchAction\",\"target\":{\"@type\":\"EntryPoint\",\"urlTemplate\":\"https:\/\/www.nettali.com\/?s={search_term_string}\"},\"query-input\":\"required name=search_term_string\"}],\"inLanguage\":\"fr-FR\"},{\"@type\":\"ImageObject\",\"@id\":\"https:\/\/www.nettali.com\/2026\/04\/28\/affaire-sweet-beaute-thierno-alassane-sall-demande-lexamen-des-scelles\/#primaryimage\",\"inLanguage\":\"fr-FR\",\"url\":\"https:\/\/www.nettali.com\/wp-content\/uploads\/2024\/11\/thierno-alassane-sall_6345.jpg\",\"contentUrl\":\"https:\/\/www.nettali.com\/wp-content\/uploads\/2024\/11\/thierno-alassane-sall_6345.jpg\",\"width\":1280,\"height\":960},{\"@type\":\"WebPage\",\"@id\":\"https:\/\/www.nettali.com\/2026\/04\/28\/affaire-sweet-beaute-thierno-alassane-sall-demande-lexamen-des-scelles\/#webpage\",\"url\":\"https:\/\/www.nettali.com\/2026\/04\/28\/affaire-sweet-beaute-thierno-alassane-sall-demande-lexamen-des-scelles\/\",\"name\":\"AFFAIRE SWEET BEAUT\\u00c9 - Thierno Alassane Sall demande l\\u2019examen des \\u00abscell\\u00e9s\\u00a0\\u00bb | Nettali.com\",\"isPartOf\":{\"@id\":\"https:\/\/www.nettali.com\/#website\"},\"primaryImageOfPage\":{\"@id\":\"https:\/\/www.nettali.com\/2026\/04\/28\/affaire-sweet-beaute-thierno-alassane-sall-demande-lexamen-des-scelles\/#primaryimage\"},\"datePublished\":\"2026-04-28T19:39:24+00:00\",\"dateModified\":\"2026-04-28T19:36:32+00:00\",\"author\":{\"@id\":\"https:\/\/www.nettali.com\/#\/schema\/person\/3317e0bb3aa1da309fbf7b2780901bf4\"},\"breadcrumb\":{\"@id\":\"https:\/\/www.nettali.com\/2026\/04\/28\/affaire-sweet-beaute-thierno-alassane-sall-demande-lexamen-des-scelles\/#breadcrumb\"},\"inLanguage\":\"fr-FR\",\"potentialAction\":[{\"@type\":\"ReadAction\",\"target\":[\"https:\/\/www.nettali.com\/2026\/04\/28\/affaire-sweet-beaute-thierno-alassane-sall-demande-lexamen-des-scelles\/\"]}]},{\"@type\":\"BreadcrumbList\",\"@id\":\"https:\/\/www.nettali.com\/2026\/04\/28\/affaire-sweet-beaute-thierno-alassane-sall-demande-lexamen-des-scelles\/#breadcrumb\",\"itemListElement\":[{\"@type\":\"ListItem\",\"position\":1,\"name\":\"Accueil\",\"item\":\"https:\/\/www.nettali.com\/\"},{\"@type\":\"ListItem\",\"position\":2,\"name\":\"AFFAIRE SWEET BEAUT\\u00c9 - Thierno Alassane Sall demande l\\u2019examen des \\u00abscell\\u00e9s\\u00a0\\u00bb\"}]},{\"@type\":\"Person\",\"@id\":\"https:\/\/www.nettali.com\/#\/schema\/person\/3317e0bb3aa1da309fbf7b2780901bf4\",\"name\":\"Daouda\",\"image\":{\"@type\":\"ImageObject\",\"@id\":\"https:\/\/www.nettali.com\/#personlogo\",\"inLanguage\":\"fr-FR\",\"url\":\"https:\/\/secure.gravatar.com\/avatar\/8d143b5a49345098ddcfee1c49c2f47c?s=96&d=mm&r=g\",\"contentUrl\":\"https:\/\/secure.gravatar.com\/avatar\/8d143b5a49345098ddcfee1c49c2f47c?s=96&d=mm&r=g\",\"caption\":\"Daouda\"},\"sameAs\":[\"https:\/\/www.nettali.com\"]}]}<\/script>\n<!-- \/ Yoast SEO Premium plugin. -->","yoast_head_json":{"title":"AFFAIRE SWEET BEAUT\u00c9 - Thierno Alassane Sall demande l\u2019examen des \u00abscell\u00e9s\u00a0\u00bb | Nettali.com","robots":{"index":"index","follow":"follow","max-snippet":"max-snippet:-1","max-image-preview":"max-image-preview:large","max-video-preview":"max-video-preview:-1"},"canonical":"https:\/\/www.nettali.com\/2026\/04\/28\/affaire-sweet-beaute-thierno-alassane-sall-demande-lexamen-des-scelles\/","og_locale":"fr_FR","og_type":"article","og_title":"AFFAIRE SWEET BEAUT\u00c9 - Thierno Alassane Sall demande l\u2019examen des \u00abscell\u00e9s\u00a0\u00bb","og_description":"NETTALI.COM - Le d\u00e9put\u00e9 de l\u2019opposition critique la coh\u00e9rence de la majorit\u00e9 et lie la r\u00e9forme \u00e9lectorale \u00e0 la question de la loi d\u2019amnistie. Le d\u00e9bat autour de la modification du Code \u00e9lectoral continue de susciter de vives r\u00e9actions au sein de l\u2019Assembl\u00e9e nationale. Ce mardi, le d\u00e9put\u00e9 de l\u2019opposition Thierno Alassane Sall (TAS) a [&hellip;]","og_url":"https:\/\/www.nettali.com\/2026\/04\/28\/affaire-sweet-beaute-thierno-alassane-sall-demande-lexamen-des-scelles\/","og_site_name":"Nettali.com","article_publisher":"https:\/\/www.facebook.com\/nettalicom","article_published_time":"2026-04-28T19:39:24+00:00","article_modified_time":"2026-04-28T19:36:32+00:00","og_image":[{"width":1280,"height":960,"url":"https:\/\/www.nettali.com\/wp-content\/uploads\/2024\/11\/thierno-alassane-sall_6345.jpg","type":"image\/jpeg"}],"twitter_card":"summary_large_image","twitter_misc":{"\u00c9crit par":"Daouda","Dur\u00e9e de lecture estim\u00e9e":"2 minutes"},"schema":{"@context":"https:\/\/schema.org","@graph":[{"@type":"WebSite","@id":"https:\/\/www.nettali.com\/#website","url":"https:\/\/www.nettali.com\/","name":"Nettali.com","description":"Le rendez-vous critique du Net","potentialAction":[{"@type":"SearchAction","target":{"@type":"EntryPoint","urlTemplate":"https:\/\/www.nettali.com\/?s={search_term_string}"},"query-input":"required name=search_term_string"}],"inLanguage":"fr-FR"},{"@type":"ImageObject","@id":"https:\/\/www.nettali.com\/2026\/04\/28\/affaire-sweet-beaute-thierno-alassane-sall-demande-lexamen-des-scelles\/#primaryimage","inLanguage":"fr-FR","url":"https:\/\/www.nettali.com\/wp-content\/uploads\/2024\/11\/thierno-alassane-sall_6345.jpg","contentUrl":"https:\/\/www.nettali.com\/wp-content\/uploads\/2024\/11\/thierno-alassane-sall_6345.jpg","width":1280,"height":960},{"@type":"WebPage","@id":"https:\/\/www.nettali.com\/2026\/04\/28\/affaire-sweet-beaute-thierno-alassane-sall-demande-lexamen-des-scelles\/#webpage","url":"https:\/\/www.nettali.com\/2026\/04\/28\/affaire-sweet-beaute-thierno-alassane-sall-demande-lexamen-des-scelles\/","name":"AFFAIRE SWEET BEAUT\u00c9 - Thierno Alassane Sall demande l\u2019examen des \u00abscell\u00e9s\u00a0\u00bb | Nettali.com","isPartOf":{"@id":"https:\/\/www.nettali.com\/#website"},"primaryImageOfPage":{"@id":"https:\/\/www.nettali.com\/2026\/04\/28\/affaire-sweet-beaute-thierno-alassane-sall-demande-lexamen-des-scelles\/#primaryimage"},"datePublished":"2026-04-28T19:39:24+00:00","dateModified":"2026-04-28T19:36:32+00:00","author":{"@id":"https:\/\/www.nettali.com\/#\/schema\/person\/3317e0bb3aa1da309fbf7b2780901bf4"},"breadcrumb":{"@id":"https:\/\/www.nettali.com\/2026\/04\/28\/affaire-sweet-beaute-thierno-alassane-sall-demande-lexamen-des-scelles\/#breadcrumb"},"inLanguage":"fr-FR","potentialAction":[{"@type":"ReadAction","target":["https:\/\/www.nettali.com\/2026\/04\/28\/affaire-sweet-beaute-thierno-alassane-sall-demande-lexamen-des-scelles\/"]}]},{"@type":"BreadcrumbList","@id":"https:\/\/www.nettali.com\/2026\/04\/28\/affaire-sweet-beaute-thierno-alassane-sall-demande-lexamen-des-scelles\/#breadcrumb","itemListElement":[{"@type":"ListItem","position":1,"name":"Accueil","item":"https:\/\/www.nettali.com\/"},{"@type":"ListItem","position":2,"name":"AFFAIRE SWEET BEAUT\u00c9 - Thierno Alassane Sall demande l\u2019examen des \u00abscell\u00e9s\u00a0\u00bb"}]},{"@type":"Person","@id":"https:\/\/www.nettali.com\/#\/schema\/person\/3317e0bb3aa1da309fbf7b2780901bf4","name":"Daouda","image":{"@type":"ImageObject","@id":"https:\/\/www.nettali.com\/#personlogo","inLanguage":"fr-FR","url":"https:\/\/secure.gravatar.com\/avatar\/8d143b5a49345098ddcfee1c49c2f47c?s=96&d=mm&r=g","contentUrl":"https:\/\/secure.gravatar.com\/avatar\/8d143b5a49345098ddcfee1c49c2f47c?s=96&d=mm&r=g","caption":"Daouda"},"sameAs":["https:\/\/www.nettali.com"]}]}},"_links":{"self":[{"href":"https:\/\/www.nettali.com\/rest\/wp\/v2\/posts\/172936"}],"collection":[{"href":"https:\/\/www.nettali.com\/rest\/wp\/v2\/posts"}],"about":[{"href":"https:\/\/www.nettali.com\/rest\/wp\/v2\/types\/post"}],"author":[{"embeddable":true,"href":"https:\/\/www.nettali.com\/rest\/wp\/v2\/users\/4"}],"replies":[{"embeddable":true,"href":"https:\/\/www.nettali.com\/rest\/wp\/v2\/comments?post=172936"}],"version-history":[{"count":3,"href":"https:\/\/www.nettali.com\/rest\/wp\/v2\/posts\/172936\/revisions"}],"predecessor-version":[{"id":172949,"href":"https:\/\/www.nettali.com\/rest\/wp\/v2\/posts\/172936\/revisions\/172949"}],"wp:featuredmedia":[{"embeddable":true,"href":"https:\/\/www.nettali.com\/rest\/wp\/v2\/media\/143302"}],"wp:attachment":[{"href":"https:\/\/www.nettali.com\/rest\/wp\/v2\/media?parent=172936"}],"wp:term":[{"taxonomy":"category","embeddable":true,"href":"https:\/\/www.nettali.com\/rest\/wp\/v2\/categories?post=172936"},{"taxonomy":"post_tag","embeddable":true,"href":"https:\/\/www.nettali.com\/rest\/wp\/v2\/tags?post=172936"}],"curies":[{"name":"wp","href":"https:\/\/api.w.org\/{rel}","templated":true}]}}