{"id":172929,"date":"2026-04-28T16:09:51","date_gmt":"2026-04-28T16:09:51","guid":{"rendered":"https:\/\/www.nettali.com\/?p=172929"},"modified":"2026-04-28T21:13:46","modified_gmt":"2026-04-28T21:13:46","slug":"cour-supreme-farba-ngom-definitivement-libre-pape-malick-ndour-maintenu-en-detention","status":"publish","type":"post","link":"https:\/\/www.nettali.com\/2026\/04\/28\/cour-supreme-farba-ngom-definitivement-libre-pape-malick-ndour-maintenu-en-detention\/","title":{"rendered":"COUR SUPR\u00caME - Farba Ngom libre, Pape Malick Ndour maintenu en d\u00e9tention"},"content":{"rendered":"<p><strong>NETTALI.COM - La Cour supr\u00eame du S\u00e9n\u00e9gal a rendu sa d\u00e9cision ce mardi dans les dossiers impliquant Mouhamadou Ngom, dit Farba, et Pape Malick Ndour, ancien ministre de la Jeunesse. Saisie par le minist\u00e8re public, la haute juridiction a tranch\u00e9 en op\u00e9rant une distinction claire entre les deux proc\u00e9dures.<\/strong><\/p>\n<p>Concernant le d\u00e9put\u00e9-maire des Agnam, la Cour supr\u00eame a rejet\u00e9 le recours du parquet g\u00e9n\u00e9ral, confirmant ainsi les d\u00e9cisions ant\u00e9rieures rendues par le juge d\u2019instruction et la chambre d\u2019accusation.<\/p>\n<p data-start=\"826\" data-end=\"994\">Ce rejet signifie que les arguments du minist\u00e8re public n\u2019ont pas convaincu la juridiction supr\u00eame, mettant fin \u00e0 la tentative de remise en cause de sa mise en libert\u00e9.<\/p>\n<p data-start=\"996\" data-end=\"1180\">Si l\u2019instruction se poursuit, cette d\u00e9cision renforce la position judiciaire de Farba Ngom, avec la possibilit\u00e9, \u00e0 terme, d\u2019un non-lieu qui viendrait clore d\u00e9finitivement la proc\u00e9dure.<\/p>\n<p>\u00c0 l\u2019inverse, la Cour supr\u00eame a confirm\u00e9 l\u2019ordonnance de placement sous mandat de d\u00e9p\u00f4t visant Pape Malick Ndour.<\/p>\n<p data-start=\"1356\" data-end=\"1534\">L\u2019ancien ministre risque ainsi d\u2019\u00eatre incarc\u00e9r\u00e9, la juridiction ayant valid\u00e9 la d\u00e9cision de la chambre d\u2019accusation qui avait ordonn\u00e9 son placement sous mandat de d\u00e9p\u00f4t. La proc\u00e9dure se poursuit devant les juridictions comp\u00e9tentes.<\/p>\n<div class='share-to-whatsapp-wrapper'><div class='share-on-whsp'>PARTAGER SUR : <\/div><a data-text='COUR SUPR\u00caME - Farba Ngom libre, Pape Malick Ndour maintenu en d\u00e9tention' data-link='https:\/\/www.nettali.com\/2026\/04\/28\/cour-supreme-farba-ngom-definitivement-libre-pape-malick-ndour-maintenu-en-detention\/' class='whatsapp-button whatsapp-share'>WhatsApp<\/a><div class='clear '><\/div><\/div>","protected":false},"excerpt":{"rendered":"<p>NETTALI.COM - La Cour supr\u00eame du S\u00e9n\u00e9gal a rendu sa d\u00e9cision ce mardi dans les dossiers impliquant Mouhamadou Ngom, dit Farba, et Pape Malick Ndour, ancien ministre de la Jeunesse. Saisie par le minist\u00e8re public, la haute juridiction a tranch\u00e9 en op\u00e9rant une distinction claire entre les deux proc\u00e9dures. Concernant le d\u00e9put\u00e9-maire des Agnam, la [&hellip;]<\/p>\n","protected":false},"author":4,"featured_media":172930,"comment_status":"open","ping_status":"open","sticky":true,"template":"","format":"standard","meta":{"_et_pb_use_builder":"","_et_pb_old_content":""},"categories":[3],"tags":[],"yoast_head":"<!-- This site is optimized with the Yoast SEO Premium plugin v17.8 (Yoast SEO v17.8) - https:\/\/yoast.com\/wordpress\/plugins\/seo\/ -->\n<title>COUR SUPR\u00caME - Farba Ngom libre, Pape Malick Ndour maintenu en d\u00e9tention | Nettali.com<\/title>\n<meta name=\"robots\" content=\"index, follow, max-snippet:-1, max-image-preview:large, max-video-preview:-1\" \/>\n<link rel=\"canonical\" href=\"https:\/\/www.nettali.com\/2026\/04\/28\/cour-supreme-farba-ngom-definitivement-libre-pape-malick-ndour-maintenu-en-detention\/\" \/>\n<meta property=\"og:locale\" content=\"fr_FR\" \/>\n<meta property=\"og:type\" content=\"article\" \/>\n<meta property=\"og:title\" content=\"COUR SUPR\u00caME - Farba Ngom libre, Pape Malick Ndour maintenu en d\u00e9tention\" \/>\n<meta property=\"og:description\" content=\"NETTALI.COM - La Cour supr\u00eame du S\u00e9n\u00e9gal a rendu sa d\u00e9cision ce mardi dans les dossiers impliquant Mouhamadou Ngom, dit Farba, et Pape Malick Ndour, ancien ministre de la Jeunesse. Saisie par le minist\u00e8re public, la haute juridiction a tranch\u00e9 en op\u00e9rant une distinction claire entre les deux proc\u00e9dures. Concernant le d\u00e9put\u00e9-maire des Agnam, la [&hellip;]\" \/>\n<meta property=\"og:url\" content=\"https:\/\/www.nettali.com\/2026\/04\/28\/cour-supreme-farba-ngom-definitivement-libre-pape-malick-ndour-maintenu-en-detention\/\" \/>\n<meta property=\"og:site_name\" content=\"Nettali.com\" \/>\n<meta property=\"article:publisher\" content=\"https:\/\/www.facebook.com\/nettalicom\" \/>\n<meta property=\"article:published_time\" content=\"2026-04-28T16:09:51+00:00\" \/>\n<meta property=\"article:modified_time\" content=\"2026-04-28T21:13:46+00:00\" \/>\n<meta property=\"og:image\" content=\"https:\/\/www.nettali.com\/wp-content\/uploads\/2026\/04\/Farba-Ngom-Pape-Malick-Ndour.jpeg\" \/>\n\t<meta property=\"og:image:width\" content=\"1600\" \/>\n\t<meta property=\"og:image:height\" content=\"845\" \/>\n<meta name=\"twitter:card\" content=\"summary_large_image\" \/>\n<meta name=\"twitter:label1\" content=\"\u00c9crit par\" \/>\n\t<meta name=\"twitter:data1\" content=\"Daouda\" \/>\n\t<meta name=\"twitter:label2\" content=\"Dur\u00e9e de lecture estim\u00e9e\" \/>\n\t<meta name=\"twitter:data2\" content=\"2 minutes\" \/>\n<script type=\"application\/ld+json\" class=\"yoast-schema-graph\">{\"@context\":\"https:\/\/schema.org\",\"@graph\":[{\"@type\":\"WebSite\",\"@id\":\"https:\/\/www.nettali.com\/#website\",\"url\":\"https:\/\/www.nettali.com\/\",\"name\":\"Nettali.com\",\"description\":\"Le rendez-vous critique du Net\",\"potentialAction\":[{\"@type\":\"SearchAction\",\"target\":{\"@type\":\"EntryPoint\",\"urlTemplate\":\"https:\/\/www.nettali.com\/?s={search_term_string}\"},\"query-input\":\"required name=search_term_string\"}],\"inLanguage\":\"fr-FR\"},{\"@type\":\"ImageObject\",\"@id\":\"https:\/\/www.nettali.com\/2026\/04\/28\/cour-supreme-farba-ngom-definitivement-libre-pape-malick-ndour-maintenu-en-detention\/#primaryimage\",\"inLanguage\":\"fr-FR\",\"url\":\"https:\/\/www.nettali.com\/wp-content\/uploads\/2026\/04\/Farba-Ngom-Pape-Malick-Ndour.jpeg\",\"contentUrl\":\"https:\/\/www.nettali.com\/wp-content\/uploads\/2026\/04\/Farba-Ngom-Pape-Malick-Ndour.jpeg\",\"width\":1600,\"height\":845},{\"@type\":\"WebPage\",\"@id\":\"https:\/\/www.nettali.com\/2026\/04\/28\/cour-supreme-farba-ngom-definitivement-libre-pape-malick-ndour-maintenu-en-detention\/#webpage\",\"url\":\"https:\/\/www.nettali.com\/2026\/04\/28\/cour-supreme-farba-ngom-definitivement-libre-pape-malick-ndour-maintenu-en-detention\/\",\"name\":\"COUR SUPR\\u00caME - Farba Ngom libre, Pape Malick Ndour maintenu en d\\u00e9tention | Nettali.com\",\"isPartOf\":{\"@id\":\"https:\/\/www.nettali.com\/#website\"},\"primaryImageOfPage\":{\"@id\":\"https:\/\/www.nettali.com\/2026\/04\/28\/cour-supreme-farba-ngom-definitivement-libre-pape-malick-ndour-maintenu-en-detention\/#primaryimage\"},\"datePublished\":\"2026-04-28T16:09:51+00:00\",\"dateModified\":\"2026-04-28T21:13:46+00:00\",\"author\":{\"@id\":\"https:\/\/www.nettali.com\/#\/schema\/person\/3317e0bb3aa1da309fbf7b2780901bf4\"},\"breadcrumb\":{\"@id\":\"https:\/\/www.nettali.com\/2026\/04\/28\/cour-supreme-farba-ngom-definitivement-libre-pape-malick-ndour-maintenu-en-detention\/#breadcrumb\"},\"inLanguage\":\"fr-FR\",\"potentialAction\":[{\"@type\":\"ReadAction\",\"target\":[\"https:\/\/www.nettali.com\/2026\/04\/28\/cour-supreme-farba-ngom-definitivement-libre-pape-malick-ndour-maintenu-en-detention\/\"]}]},{\"@type\":\"BreadcrumbList\",\"@id\":\"https:\/\/www.nettali.com\/2026\/04\/28\/cour-supreme-farba-ngom-definitivement-libre-pape-malick-ndour-maintenu-en-detention\/#breadcrumb\",\"itemListElement\":[{\"@type\":\"ListItem\",\"position\":1,\"name\":\"Accueil\",\"item\":\"https:\/\/www.nettali.com\/\"},{\"@type\":\"ListItem\",\"position\":2,\"name\":\"COUR SUPR\\u00caME - Farba Ngom libre, Pape Malick Ndour maintenu en d\\u00e9tention\"}]},{\"@type\":\"Person\",\"@id\":\"https:\/\/www.nettali.com\/#\/schema\/person\/3317e0bb3aa1da309fbf7b2780901bf4\",\"name\":\"Daouda\",\"image\":{\"@type\":\"ImageObject\",\"@id\":\"https:\/\/www.nettali.com\/#personlogo\",\"inLanguage\":\"fr-FR\",\"url\":\"https:\/\/secure.gravatar.com\/avatar\/8d143b5a49345098ddcfee1c49c2f47c?s=96&d=mm&r=g\",\"contentUrl\":\"https:\/\/secure.gravatar.com\/avatar\/8d143b5a49345098ddcfee1c49c2f47c?s=96&d=mm&r=g\",\"caption\":\"Daouda\"},\"sameAs\":[\"https:\/\/www.nettali.com\"]}]}<\/script>\n<!-- \/ Yoast SEO Premium plugin. -->","yoast_head_json":{"title":"COUR SUPR\u00caME - Farba Ngom libre, Pape Malick Ndour maintenu en d\u00e9tention | Nettali.com","robots":{"index":"index","follow":"follow","max-snippet":"max-snippet:-1","max-image-preview":"max-image-preview:large","max-video-preview":"max-video-preview:-1"},"canonical":"https:\/\/www.nettali.com\/2026\/04\/28\/cour-supreme-farba-ngom-definitivement-libre-pape-malick-ndour-maintenu-en-detention\/","og_locale":"fr_FR","og_type":"article","og_title":"COUR SUPR\u00caME - Farba Ngom libre, Pape Malick Ndour maintenu en d\u00e9tention","og_description":"NETTALI.COM - La Cour supr\u00eame du S\u00e9n\u00e9gal a rendu sa d\u00e9cision ce mardi dans les dossiers impliquant Mouhamadou Ngom, dit Farba, et Pape Malick Ndour, ancien ministre de la Jeunesse. Saisie par le minist\u00e8re public, la haute juridiction a tranch\u00e9 en op\u00e9rant une distinction claire entre les deux proc\u00e9dures. Concernant le d\u00e9put\u00e9-maire des Agnam, la [&hellip;]","og_url":"https:\/\/www.nettali.com\/2026\/04\/28\/cour-supreme-farba-ngom-definitivement-libre-pape-malick-ndour-maintenu-en-detention\/","og_site_name":"Nettali.com","article_publisher":"https:\/\/www.facebook.com\/nettalicom","article_published_time":"2026-04-28T16:09:51+00:00","article_modified_time":"2026-04-28T21:13:46+00:00","og_image":[{"width":1600,"height":845,"url":"https:\/\/www.nettali.com\/wp-content\/uploads\/2026\/04\/Farba-Ngom-Pape-Malick-Ndour.jpeg","type":"image\/jpeg"}],"twitter_card":"summary_large_image","twitter_misc":{"\u00c9crit par":"Daouda","Dur\u00e9e de lecture estim\u00e9e":"2 minutes"},"schema":{"@context":"https:\/\/schema.org","@graph":[{"@type":"WebSite","@id":"https:\/\/www.nettali.com\/#website","url":"https:\/\/www.nettali.com\/","name":"Nettali.com","description":"Le rendez-vous critique du Net","potentialAction":[{"@type":"SearchAction","target":{"@type":"EntryPoint","urlTemplate":"https:\/\/www.nettali.com\/?s={search_term_string}"},"query-input":"required name=search_term_string"}],"inLanguage":"fr-FR"},{"@type":"ImageObject","@id":"https:\/\/www.nettali.com\/2026\/04\/28\/cour-supreme-farba-ngom-definitivement-libre-pape-malick-ndour-maintenu-en-detention\/#primaryimage","inLanguage":"fr-FR","url":"https:\/\/www.nettali.com\/wp-content\/uploads\/2026\/04\/Farba-Ngom-Pape-Malick-Ndour.jpeg","contentUrl":"https:\/\/www.nettali.com\/wp-content\/uploads\/2026\/04\/Farba-Ngom-Pape-Malick-Ndour.jpeg","width":1600,"height":845},{"@type":"WebPage","@id":"https:\/\/www.nettali.com\/2026\/04\/28\/cour-supreme-farba-ngom-definitivement-libre-pape-malick-ndour-maintenu-en-detention\/#webpage","url":"https:\/\/www.nettali.com\/2026\/04\/28\/cour-supreme-farba-ngom-definitivement-libre-pape-malick-ndour-maintenu-en-detention\/","name":"COUR SUPR\u00caME - Farba Ngom libre, Pape Malick Ndour maintenu en d\u00e9tention | Nettali.com","isPartOf":{"@id":"https:\/\/www.nettali.com\/#website"},"primaryImageOfPage":{"@id":"https:\/\/www.nettali.com\/2026\/04\/28\/cour-supreme-farba-ngom-definitivement-libre-pape-malick-ndour-maintenu-en-detention\/#primaryimage"},"datePublished":"2026-04-28T16:09:51+00:00","dateModified":"2026-04-28T21:13:46+00:00","author":{"@id":"https:\/\/www.nettali.com\/#\/schema\/person\/3317e0bb3aa1da309fbf7b2780901bf4"},"breadcrumb":{"@id":"https:\/\/www.nettali.com\/2026\/04\/28\/cour-supreme-farba-ngom-definitivement-libre-pape-malick-ndour-maintenu-en-detention\/#breadcrumb"},"inLanguage":"fr-FR","potentialAction":[{"@type":"ReadAction","target":["https:\/\/www.nettali.com\/2026\/04\/28\/cour-supreme-farba-ngom-definitivement-libre-pape-malick-ndour-maintenu-en-detention\/"]}]},{"@type":"BreadcrumbList","@id":"https:\/\/www.nettali.com\/2026\/04\/28\/cour-supreme-farba-ngom-definitivement-libre-pape-malick-ndour-maintenu-en-detention\/#breadcrumb","itemListElement":[{"@type":"ListItem","position":1,"name":"Accueil","item":"https:\/\/www.nettali.com\/"},{"@type":"ListItem","position":2,"name":"COUR SUPR\u00caME - Farba Ngom libre, Pape Malick Ndour maintenu en d\u00e9tention"}]},{"@type":"Person","@id":"https:\/\/www.nettali.com\/#\/schema\/person\/3317e0bb3aa1da309fbf7b2780901bf4","name":"Daouda","image":{"@type":"ImageObject","@id":"https:\/\/www.nettali.com\/#personlogo","inLanguage":"fr-FR","url":"https:\/\/secure.gravatar.com\/avatar\/8d143b5a49345098ddcfee1c49c2f47c?s=96&d=mm&r=g","contentUrl":"https:\/\/secure.gravatar.com\/avatar\/8d143b5a49345098ddcfee1c49c2f47c?s=96&d=mm&r=g","caption":"Daouda"},"sameAs":["https:\/\/www.nettali.com"]}]}},"_links":{"self":[{"href":"https:\/\/www.nettali.com\/rest\/wp\/v2\/posts\/172929"}],"collection":[{"href":"https:\/\/www.nettali.com\/rest\/wp\/v2\/posts"}],"about":[{"href":"https:\/\/www.nettali.com\/rest\/wp\/v2\/types\/post"}],"author":[{"embeddable":true,"href":"https:\/\/www.nettali.com\/rest\/wp\/v2\/users\/4"}],"replies":[{"embeddable":true,"href":"https:\/\/www.nettali.com\/rest\/wp\/v2\/comments?post=172929"}],"version-history":[{"count":4,"href":"https:\/\/www.nettali.com\/rest\/wp\/v2\/posts\/172929\/revisions"}],"predecessor-version":[{"id":172951,"href":"https:\/\/www.nettali.com\/rest\/wp\/v2\/posts\/172929\/revisions\/172951"}],"wp:featuredmedia":[{"embeddable":true,"href":"https:\/\/www.nettali.com\/rest\/wp\/v2\/media\/172930"}],"wp:attachment":[{"href":"https:\/\/www.nettali.com\/rest\/wp\/v2\/media?parent=172929"}],"wp:term":[{"taxonomy":"category","embeddable":true,"href":"https:\/\/www.nettali.com\/rest\/wp\/v2\/categories?post=172929"},{"taxonomy":"post_tag","embeddable":true,"href":"https:\/\/www.nettali.com\/rest\/wp\/v2\/tags?post=172929"}],"curies":[{"name":"wp","href":"https:\/\/api.w.org\/{rel}","templated":true}]}}