{"id":172921,"date":"2026-04-28T15:08:17","date_gmt":"2026-04-28T15:08:17","guid":{"rendered":"https:\/\/www.nettali.com\/?p=172921"},"modified":"2026-04-28T19:34:52","modified_gmt":"2026-04-28T19:34:52","slug":"assemblee-nationale-la-reforme-de-leligibilite-contestee","status":"publish","type":"post","link":"https:\/\/www.nettali.com\/2026\/04\/28\/assemblee-nationale-la-reforme-de-leligibilite-contestee\/","title":{"rendered":"ASSEMBL\u00c9E NATIONALE - La r\u00e9forme de l\u2019\u00e9ligibilit\u00e9 contest\u00e9e"},"content":{"rendered":"<p><strong>NETTALI.COM - Alors que les d\u00e9put\u00e9s ont entam\u00e9 le mardi 28 avril 2026, l\u2019examen de la proposition de loi visant \u00e0 modifier le Code \u00e9lectoral, les d\u00e9bats ont rapidement tourn\u00e9 \u00e0 la confrontation directe. L'opposition, port\u00e9e par le groupe parlementaire Takku Wallu, d\u00e9nonce une man\u0153uvre l\u00e9gislative destin\u00e9e \u00e0 r\u00e9int\u00e9grer Ousmane Sonko dans la course \u00e9lectorale de 2029, au d\u00e9triment des traditions de consensus qui ont longtemps r\u00e9gi la d\u00e9mocratie s\u00e9n\u00e9galaise.<\/strong><\/p>\n<p>D\u00e8s l\u2019ouverture de la s\u00e9ance pl\u00e9ni\u00e8re, Abdou Mbow, pr\u00e9sident du groupe parlementaire de l\u2019opposition Takku Wallu, a vivement fustig\u00e9 une proposition de loi qu\u2019il juge \u00ab <em>taill\u00e9e sur mesure\u00bb par le parti Pastef au pouvoir, afin de permettre \u00e0 son \u00abguide spirituel <\/em>\u00bb Ousmane Sonko de se pr\u00e9senter \u00e0 l\u2019\u00e9lection pr\u00e9sidentielle de 2029.<\/p>\n<p>Le parlementaire a vertement interpell\u00e9 la majorit\u00e9 en d\u00e9clarant : \u00ab <em>Vous le faites dans le mauvais sens, parce que jamais dans l'histoire politique du S\u00e9n\u00e9gal, une modification du Code \u00e9lectoral n'a \u00e9t\u00e9 pr\u00e9c\u00e9d\u00e9e d'un dialogue et la recherche d'un consensus. Vous avez rompu tout ce que nos devanciers ont r\u00e9ussi en mati\u00e8re de processus \u00e9lectoral inclusif, en imposant votre majorit\u00e9 pour adopter ce texte, taill\u00e9 sur mesure, pour permettre \u00e0 votre guide spirituel (Ousmane Sonko) d'\u00eatre candidat en 2029 <\/em>\u00bb.<\/p>\n<p>Abdou Mbow a \u00e9galement dirig\u00e9 ses critiques vers le chef de l\u2019\u00c9tat, le Pr\u00e9sident Diomaye Faye, lui reprochant de n\u2019avoir \u00ab <em>pas eu le courage d'assumer ses responsabilit\u00e9s <\/em>\u00bb en ne s\u2019opposant pas formellement \u00e0 ce projet de loi.<\/p>\n<p>Selon l\u2019opposant, le silence du chef de l\u2019ex\u00e9cutif est r\u00e9v\u00e9lateur : \u00ab <em>Il n\u2019a pas exprim\u00e9 clairement (un avis contraire). D\u00e8s lors, le Pr\u00e9sident de la R\u00e9publique, Diomaye Faye, devient complice de cette forfaiture \u00e9lectorale <\/em>\u00bb. Il a par ailleurs affirm\u00e9 que le duo au sommet de l\u2019\u00c9tat \u00ab <em>est en train de d\u00e9tricoter<\/em>\u00bb les fondements \u00e9conomiques et les acquis d\u00e9mocratiques du pays.<\/p>\n<p>Cette initiative l\u00e9gislative port\u00e9e par le Pastef se concentre principalement sur la refonte des articles L.29 et L.30 du Code \u00e9lectoral. Le projet sugg\u00e8re de restreindre les motifs d'in\u00e9ligibilit\u00e9 \u00e0 une liste limitative de d\u00e9lits graves, tels que le blanchiment de capitaux, le d\u00e9tournement de deniers publics ou la corruption.<\/p>\n<p>Au c\u0153ur des d\u00e9bats, la modification du controvers\u00e9 article L.30 vise \u00e0 supprimer la disposition qui \u00e9carte actuellement de la comp\u00e9tition \u00e9lectorale tout citoyen condamn\u00e9 \u00e0 une amende exc\u00e9dant 200 000 FCFA.<\/p>\n<div class='share-to-whatsapp-wrapper'><div class='share-on-whsp'>PARTAGER SUR : <\/div><a data-text='ASSEMBL\u00c9E NATIONALE - La r\u00e9forme de l\u2019\u00e9ligibilit\u00e9 contest\u00e9e' data-link='https:\/\/www.nettali.com\/2026\/04\/28\/assemblee-nationale-la-reforme-de-leligibilite-contestee\/' class='whatsapp-button whatsapp-share'>WhatsApp<\/a><div class='clear '><\/div><\/div>","protected":false},"excerpt":{"rendered":"<p>NETTALI.COM - Alors que les d\u00e9put\u00e9s ont entam\u00e9 le mardi 28 avril 2026, l\u2019examen de la proposition de loi visant \u00e0 modifier le Code \u00e9lectoral, les d\u00e9bats ont rapidement tourn\u00e9 \u00e0 la confrontation directe. L'opposition, port\u00e9e par le groupe parlementaire Takku Wallu, d\u00e9nonce une man\u0153uvre l\u00e9gislative destin\u00e9e \u00e0 r\u00e9int\u00e9grer Ousmane Sonko dans la course \u00e9lectorale [&hellip;]<\/p>\n","protected":false},"author":6,"featured_media":139899,"comment_status":"open","ping_status":"open","sticky":false,"template":"","format":"standard","meta":{"_et_pb_use_builder":"","_et_pb_old_content":""},"categories":[2],"tags":[],"yoast_head":"<!-- This site is optimized with the Yoast SEO Premium plugin v17.8 (Yoast SEO v17.8) - https:\/\/yoast.com\/wordpress\/plugins\/seo\/ -->\n<title>ASSEMBL\u00c9E NATIONALE - La r\u00e9forme de l\u2019\u00e9ligibilit\u00e9 contest\u00e9e | Nettali.com<\/title>\n<meta name=\"robots\" content=\"index, follow, max-snippet:-1, max-image-preview:large, max-video-preview:-1\" \/>\n<link rel=\"canonical\" href=\"https:\/\/www.nettali.com\/2026\/04\/28\/assemblee-nationale-la-reforme-de-leligibilite-contestee\/\" \/>\n<meta property=\"og:locale\" content=\"fr_FR\" \/>\n<meta property=\"og:type\" content=\"article\" \/>\n<meta property=\"og:title\" content=\"ASSEMBL\u00c9E NATIONALE - La r\u00e9forme de l\u2019\u00e9ligibilit\u00e9 contest\u00e9e\" \/>\n<meta property=\"og:description\" content=\"NETTALI.COM - Alors que les d\u00e9put\u00e9s ont entam\u00e9 le mardi 28 avril 2026, l\u2019examen de la proposition de loi visant \u00e0 modifier le Code \u00e9lectoral, les d\u00e9bats ont rapidement tourn\u00e9 \u00e0 la confrontation directe. L&#039;opposition, port\u00e9e par le groupe parlementaire Takku Wallu, d\u00e9nonce une man\u0153uvre l\u00e9gislative destin\u00e9e \u00e0 r\u00e9int\u00e9grer Ousmane Sonko dans la course \u00e9lectorale [&hellip;]\" \/>\n<meta property=\"og:url\" content=\"https:\/\/www.nettali.com\/2026\/04\/28\/assemblee-nationale-la-reforme-de-leligibilite-contestee\/\" \/>\n<meta property=\"og:site_name\" content=\"Nettali.com\" \/>\n<meta property=\"article:publisher\" content=\"https:\/\/www.facebook.com\/nettalicom\" \/>\n<meta property=\"article:published_time\" content=\"2026-04-28T15:08:17+00:00\" \/>\n<meta property=\"article:modified_time\" content=\"2026-04-28T19:34:52+00:00\" \/>\n<meta property=\"og:image\" content=\"https:\/\/www.nettali.com\/wp-content\/uploads\/2024\/09\/assemblee-nationale.jpg\" \/>\n\t<meta property=\"og:image:width\" content=\"696\" \/>\n\t<meta property=\"og:image:height\" content=\"392\" \/>\n<meta name=\"twitter:card\" content=\"summary_large_image\" \/>\n<meta name=\"twitter:label1\" content=\"\u00c9crit par\" \/>\n\t<meta name=\"twitter:data1\" content=\"Fatou\" \/>\n\t<meta name=\"twitter:label2\" content=\"Dur\u00e9e de lecture estim\u00e9e\" \/>\n\t<meta name=\"twitter:data2\" content=\"2 minutes\" \/>\n<script type=\"application\/ld+json\" class=\"yoast-schema-graph\">{\"@context\":\"https:\/\/schema.org\",\"@graph\":[{\"@type\":\"WebSite\",\"@id\":\"https:\/\/www.nettali.com\/#website\",\"url\":\"https:\/\/www.nettali.com\/\",\"name\":\"Nettali.com\",\"description\":\"Le rendez-vous critique du Net\",\"potentialAction\":[{\"@type\":\"SearchAction\",\"target\":{\"@type\":\"EntryPoint\",\"urlTemplate\":\"https:\/\/www.nettali.com\/?s={search_term_string}\"},\"query-input\":\"required name=search_term_string\"}],\"inLanguage\":\"fr-FR\"},{\"@type\":\"ImageObject\",\"@id\":\"https:\/\/www.nettali.com\/2026\/04\/28\/assemblee-nationale-la-reforme-de-leligibilite-contestee\/#primaryimage\",\"inLanguage\":\"fr-FR\",\"url\":\"https:\/\/www.nettali.com\/wp-content\/uploads\/2024\/09\/assemblee-nationale.jpg\",\"contentUrl\":\"https:\/\/www.nettali.com\/wp-content\/uploads\/2024\/09\/assemblee-nationale.jpg\",\"width\":696,\"height\":392},{\"@type\":\"WebPage\",\"@id\":\"https:\/\/www.nettali.com\/2026\/04\/28\/assemblee-nationale-la-reforme-de-leligibilite-contestee\/#webpage\",\"url\":\"https:\/\/www.nettali.com\/2026\/04\/28\/assemblee-nationale-la-reforme-de-leligibilite-contestee\/\",\"name\":\"ASSEMBL\\u00c9E NATIONALE - La r\\u00e9forme de l\\u2019\\u00e9ligibilit\\u00e9 contest\\u00e9e | Nettali.com\",\"isPartOf\":{\"@id\":\"https:\/\/www.nettali.com\/#website\"},\"primaryImageOfPage\":{\"@id\":\"https:\/\/www.nettali.com\/2026\/04\/28\/assemblee-nationale-la-reforme-de-leligibilite-contestee\/#primaryimage\"},\"datePublished\":\"2026-04-28T15:08:17+00:00\",\"dateModified\":\"2026-04-28T19:34:52+00:00\",\"author\":{\"@id\":\"https:\/\/www.nettali.com\/#\/schema\/person\/418274a86bdf87caff7a3ef476bd0bbf\"},\"breadcrumb\":{\"@id\":\"https:\/\/www.nettali.com\/2026\/04\/28\/assemblee-nationale-la-reforme-de-leligibilite-contestee\/#breadcrumb\"},\"inLanguage\":\"fr-FR\",\"potentialAction\":[{\"@type\":\"ReadAction\",\"target\":[\"https:\/\/www.nettali.com\/2026\/04\/28\/assemblee-nationale-la-reforme-de-leligibilite-contestee\/\"]}]},{\"@type\":\"BreadcrumbList\",\"@id\":\"https:\/\/www.nettali.com\/2026\/04\/28\/assemblee-nationale-la-reforme-de-leligibilite-contestee\/#breadcrumb\",\"itemListElement\":[{\"@type\":\"ListItem\",\"position\":1,\"name\":\"Accueil\",\"item\":\"https:\/\/www.nettali.com\/\"},{\"@type\":\"ListItem\",\"position\":2,\"name\":\"ASSEMBL\\u00c9E NATIONALE - La r\\u00e9forme de l\\u2019\\u00e9ligibilit\\u00e9 contest\\u00e9e\"}]},{\"@type\":\"Person\",\"@id\":\"https:\/\/www.nettali.com\/#\/schema\/person\/418274a86bdf87caff7a3ef476bd0bbf\",\"name\":\"Fatou\",\"image\":{\"@type\":\"ImageObject\",\"@id\":\"https:\/\/www.nettali.com\/#personlogo\",\"inLanguage\":\"fr-FR\",\"url\":\"https:\/\/secure.gravatar.com\/avatar\/5a9442a2bee7b4dcf167cab035858e9a?s=96&d=mm&r=g\",\"contentUrl\":\"https:\/\/secure.gravatar.com\/avatar\/5a9442a2bee7b4dcf167cab035858e9a?s=96&d=mm&r=g\",\"caption\":\"Fatou\"},\"sameAs\":[\"https:\/\/www.nettali.com\"]}]}<\/script>\n<!-- \/ Yoast SEO Premium plugin. -->","yoast_head_json":{"title":"ASSEMBL\u00c9E NATIONALE - La r\u00e9forme de l\u2019\u00e9ligibilit\u00e9 contest\u00e9e | Nettali.com","robots":{"index":"index","follow":"follow","max-snippet":"max-snippet:-1","max-image-preview":"max-image-preview:large","max-video-preview":"max-video-preview:-1"},"canonical":"https:\/\/www.nettali.com\/2026\/04\/28\/assemblee-nationale-la-reforme-de-leligibilite-contestee\/","og_locale":"fr_FR","og_type":"article","og_title":"ASSEMBL\u00c9E NATIONALE - La r\u00e9forme de l\u2019\u00e9ligibilit\u00e9 contest\u00e9e","og_description":"NETTALI.COM - Alors que les d\u00e9put\u00e9s ont entam\u00e9 le mardi 28 avril 2026, l\u2019examen de la proposition de loi visant \u00e0 modifier le Code \u00e9lectoral, les d\u00e9bats ont rapidement tourn\u00e9 \u00e0 la confrontation directe. L'opposition, port\u00e9e par le groupe parlementaire Takku Wallu, d\u00e9nonce une man\u0153uvre l\u00e9gislative destin\u00e9e \u00e0 r\u00e9int\u00e9grer Ousmane Sonko dans la course \u00e9lectorale [&hellip;]","og_url":"https:\/\/www.nettali.com\/2026\/04\/28\/assemblee-nationale-la-reforme-de-leligibilite-contestee\/","og_site_name":"Nettali.com","article_publisher":"https:\/\/www.facebook.com\/nettalicom","article_published_time":"2026-04-28T15:08:17+00:00","article_modified_time":"2026-04-28T19:34:52+00:00","og_image":[{"width":696,"height":392,"url":"https:\/\/www.nettali.com\/wp-content\/uploads\/2024\/09\/assemblee-nationale.jpg","type":"image\/jpeg"}],"twitter_card":"summary_large_image","twitter_misc":{"\u00c9crit par":"Fatou","Dur\u00e9e de lecture estim\u00e9e":"2 minutes"},"schema":{"@context":"https:\/\/schema.org","@graph":[{"@type":"WebSite","@id":"https:\/\/www.nettali.com\/#website","url":"https:\/\/www.nettali.com\/","name":"Nettali.com","description":"Le rendez-vous critique du Net","potentialAction":[{"@type":"SearchAction","target":{"@type":"EntryPoint","urlTemplate":"https:\/\/www.nettali.com\/?s={search_term_string}"},"query-input":"required name=search_term_string"}],"inLanguage":"fr-FR"},{"@type":"ImageObject","@id":"https:\/\/www.nettali.com\/2026\/04\/28\/assemblee-nationale-la-reforme-de-leligibilite-contestee\/#primaryimage","inLanguage":"fr-FR","url":"https:\/\/www.nettali.com\/wp-content\/uploads\/2024\/09\/assemblee-nationale.jpg","contentUrl":"https:\/\/www.nettali.com\/wp-content\/uploads\/2024\/09\/assemblee-nationale.jpg","width":696,"height":392},{"@type":"WebPage","@id":"https:\/\/www.nettali.com\/2026\/04\/28\/assemblee-nationale-la-reforme-de-leligibilite-contestee\/#webpage","url":"https:\/\/www.nettali.com\/2026\/04\/28\/assemblee-nationale-la-reforme-de-leligibilite-contestee\/","name":"ASSEMBL\u00c9E NATIONALE - La r\u00e9forme de l\u2019\u00e9ligibilit\u00e9 contest\u00e9e | Nettali.com","isPartOf":{"@id":"https:\/\/www.nettali.com\/#website"},"primaryImageOfPage":{"@id":"https:\/\/www.nettali.com\/2026\/04\/28\/assemblee-nationale-la-reforme-de-leligibilite-contestee\/#primaryimage"},"datePublished":"2026-04-28T15:08:17+00:00","dateModified":"2026-04-28T19:34:52+00:00","author":{"@id":"https:\/\/www.nettali.com\/#\/schema\/person\/418274a86bdf87caff7a3ef476bd0bbf"},"breadcrumb":{"@id":"https:\/\/www.nettali.com\/2026\/04\/28\/assemblee-nationale-la-reforme-de-leligibilite-contestee\/#breadcrumb"},"inLanguage":"fr-FR","potentialAction":[{"@type":"ReadAction","target":["https:\/\/www.nettali.com\/2026\/04\/28\/assemblee-nationale-la-reforme-de-leligibilite-contestee\/"]}]},{"@type":"BreadcrumbList","@id":"https:\/\/www.nettali.com\/2026\/04\/28\/assemblee-nationale-la-reforme-de-leligibilite-contestee\/#breadcrumb","itemListElement":[{"@type":"ListItem","position":1,"name":"Accueil","item":"https:\/\/www.nettali.com\/"},{"@type":"ListItem","position":2,"name":"ASSEMBL\u00c9E NATIONALE - La r\u00e9forme de l\u2019\u00e9ligibilit\u00e9 contest\u00e9e"}]},{"@type":"Person","@id":"https:\/\/www.nettali.com\/#\/schema\/person\/418274a86bdf87caff7a3ef476bd0bbf","name":"Fatou","image":{"@type":"ImageObject","@id":"https:\/\/www.nettali.com\/#personlogo","inLanguage":"fr-FR","url":"https:\/\/secure.gravatar.com\/avatar\/5a9442a2bee7b4dcf167cab035858e9a?s=96&d=mm&r=g","contentUrl":"https:\/\/secure.gravatar.com\/avatar\/5a9442a2bee7b4dcf167cab035858e9a?s=96&d=mm&r=g","caption":"Fatou"},"sameAs":["https:\/\/www.nettali.com"]}]}},"_links":{"self":[{"href":"https:\/\/www.nettali.com\/rest\/wp\/v2\/posts\/172921"}],"collection":[{"href":"https:\/\/www.nettali.com\/rest\/wp\/v2\/posts"}],"about":[{"href":"https:\/\/www.nettali.com\/rest\/wp\/v2\/types\/post"}],"author":[{"embeddable":true,"href":"https:\/\/www.nettali.com\/rest\/wp\/v2\/users\/6"}],"replies":[{"embeddable":true,"href":"https:\/\/www.nettali.com\/rest\/wp\/v2\/comments?post=172921"}],"version-history":[{"count":3,"href":"https:\/\/www.nettali.com\/rest\/wp\/v2\/posts\/172921\/revisions"}],"predecessor-version":[{"id":172926,"href":"https:\/\/www.nettali.com\/rest\/wp\/v2\/posts\/172921\/revisions\/172926"}],"wp:featuredmedia":[{"embeddable":true,"href":"https:\/\/www.nettali.com\/rest\/wp\/v2\/media\/139899"}],"wp:attachment":[{"href":"https:\/\/www.nettali.com\/rest\/wp\/v2\/media?parent=172921"}],"wp:term":[{"taxonomy":"category","embeddable":true,"href":"https:\/\/www.nettali.com\/rest\/wp\/v2\/categories?post=172921"},{"taxonomy":"post_tag","embeddable":true,"href":"https:\/\/www.nettali.com\/rest\/wp\/v2\/tags?post=172921"}],"curies":[{"name":"wp","href":"https:\/\/api.w.org\/{rel}","templated":true}]}}