{"id":172912,"date":"2026-04-28T10:00:30","date_gmt":"2026-04-28T10:00:30","guid":{"rendered":"https:\/\/www.nettali.com\/?p=172912"},"modified":"2026-04-28T06:40:04","modified_gmt":"2026-04-28T06:40:04","slug":"reformes-constitutionnelles-du-pastef-le-fdr-rejette-les-propositions-et-appelle-a-la-mobilisation","status":"publish","type":"post","link":"https:\/\/www.nettali.com\/2026\/04\/28\/reformes-constitutionnelles-du-pastef-le-fdr-rejette-les-propositions-et-appelle-a-la-mobilisation\/","title":{"rendered":"R\u00c9FORMES CONSTITUTIONNELLES DU PASTEF - Le FDR rejette les propositions et appelle \u00e0 la mobilisation"},"content":{"rendered":"<p><strong>NETTALI.COM -<\/strong> Le FDR ne compte pas r\u00e9pondre \u00e0 l\u2019invitation du ministre de l\u2019Int\u00e9rieur le 30 avril 2026. Il \u00e9voque, pour justifier cette position, la publication des avant-projets, \u00e9crits sans leur implication. \u201c\u2026<em>Le FDR rappelle que les partis d\u2019opposition ayant particip\u00e9 au Dialogue national avaient d\u00e9nonc\u00e9 en son temps leur exclusion dudit comit\u00e9 (de relecture) et d\u00e9clin\u00e9 toute responsabilit\u00e9 quant \u00e0 ses conclusions\u2026<\/em>\u201d, fustigent-ils dans un communiqu\u00e9 re\u00e7u \u00e0 Nettali.com.<\/p>\n<p>Aujourd\u2019hui, selon les camarades de Mamadou Diagne Fada, il est de notori\u00e9t\u00e9 publique que ce \u201ccomit\u00e9 de relecture\u201d a travaill\u00e9 sous l\u2019autorit\u00e9 directe du pr\u00e9sident de PASTEF, avec la participation de plusieurs responsables de ce parti. \u201c<em>Cette entorse grave \u00f4te toute l\u00e9gitimit\u00e9 \u00e0 ces textes qui n\u2019engagent nullement les partis de l\u2019opposition. Il s\u2019y ajoute que le groupe PASTEF a d\u00e9j\u00e0 engag\u00e9 une proc\u00e9dure de r\u00e9vision des articles L29 et L30 du Code \u00e9lectoral taill\u00e9e sur mesure \u00e0 la t\u00eate du \u201cClient\u201d Ousmane Sonko, condamn\u00e9 et contumax dans deux affaires judiciaires<\/em>\u201d, d\u00e9nonce le communiqu\u00e9.<\/p>\n<p>Dans ces conditions, soutiennent les opposants, la rencontre avec les partis politiques envisag\u00e9e par le ministre de l\u2019Int\u00e9rieur pour le 30 avril, ne pr\u00e9sente aucun int\u00e9r\u00eat, sinon celui d\u2019amuser la galerie.<\/p>\n<p>Le Front rejette avec force ce qu\u2019il consid\u00e8re comme \u201c<em>des pratiques autoritaires et unilat\u00e9rales qui sont en rupture compl\u00e8te avec les traditions de concertation inclusive ayant toujours fait la force de la d\u00e9mocratie s\u00e9n\u00e9galaise<\/em>\u201d.<\/p>\n<p>Le FDR exige que les documents issus du \u201ccomit\u00e9 de relecture\u201d soient soumis \u00e0 la discussion afin de prendre en compte les observations de l\u2019opposition.<\/p>\n<p>Il envisage une rencontre d\u2019urgence en vue de mettre en place des actions de riposte d\u00e9mocratiques.<\/p>\n<div class='share-to-whatsapp-wrapper'><div class='share-on-whsp'>PARTAGER SUR : <\/div><a data-text='R\u00c9FORMES CONSTITUTIONNELLES DU PASTEF - Le FDR rejette les propositions et appelle \u00e0 la mobilisation' data-link='https:\/\/www.nettali.com\/2026\/04\/28\/reformes-constitutionnelles-du-pastef-le-fdr-rejette-les-propositions-et-appelle-a-la-mobilisation\/' class='whatsapp-button whatsapp-share'>WhatsApp<\/a><div class='clear '><\/div><\/div>","protected":false},"excerpt":{"rendered":"<p>NETTALI.COM - Le FDR ne compte pas r\u00e9pondre \u00e0 l\u2019invitation du ministre de l\u2019Int\u00e9rieur le 30 avril 2026. Il \u00e9voque, pour justifier cette position, la publication des avant-projets, \u00e9crits sans leur implication. \u201c\u2026Le FDR rappelle que les partis d\u2019opposition ayant particip\u00e9 au Dialogue national avaient d\u00e9nonc\u00e9 en son temps leur exclusion dudit comit\u00e9 (de relecture) [&hellip;]<\/p>\n","protected":false},"author":2,"featured_media":172913,"comment_status":"open","ping_status":"open","sticky":false,"template":"","format":"standard","meta":{"_et_pb_use_builder":"","_et_pb_old_content":""},"categories":[2],"tags":[],"yoast_head":"<!-- This site is optimized with the Yoast SEO Premium plugin v17.8 (Yoast SEO v17.8) - https:\/\/yoast.com\/wordpress\/plugins\/seo\/ -->\n<title>R\u00c9FORMES CONSTITUTIONNELLES DU PASTEF - Le FDR rejette les propositions et appelle \u00e0 la mobilisation | Nettali.com<\/title>\n<meta name=\"robots\" content=\"index, follow, max-snippet:-1, max-image-preview:large, max-video-preview:-1\" \/>\n<link rel=\"canonical\" href=\"https:\/\/www.nettali.com\/2026\/04\/28\/reformes-constitutionnelles-du-pastef-le-fdr-rejette-les-propositions-et-appelle-a-la-mobilisation\/\" \/>\n<meta property=\"og:locale\" content=\"fr_FR\" \/>\n<meta property=\"og:type\" content=\"article\" \/>\n<meta property=\"og:title\" content=\"R\u00c9FORMES CONSTITUTIONNELLES DU PASTEF - Le FDR rejette les propositions et appelle \u00e0 la mobilisation\" \/>\n<meta property=\"og:description\" content=\"NETTALI.COM - Le FDR ne compte pas r\u00e9pondre \u00e0 l\u2019invitation du ministre de l\u2019Int\u00e9rieur le 30 avril 2026. Il \u00e9voque, pour justifier cette position, la publication des avant-projets, \u00e9crits sans leur implication. \u201c\u2026Le FDR rappelle que les partis d\u2019opposition ayant particip\u00e9 au Dialogue national avaient d\u00e9nonc\u00e9 en son temps leur exclusion dudit comit\u00e9 (de relecture) [&hellip;]\" \/>\n<meta property=\"og:url\" content=\"https:\/\/www.nettali.com\/2026\/04\/28\/reformes-constitutionnelles-du-pastef-le-fdr-rejette-les-propositions-et-appelle-a-la-mobilisation\/\" \/>\n<meta property=\"og:site_name\" content=\"Nettali.com\" \/>\n<meta property=\"article:publisher\" content=\"https:\/\/www.facebook.com\/nettalicom\" \/>\n<meta property=\"article:published_time\" content=\"2026-04-28T10:00:30+00:00\" \/>\n<meta property=\"article:modified_time\" content=\"2026-04-28T06:40:04+00:00\" \/>\n<meta property=\"og:image\" content=\"https:\/\/www.nettali.com\/wp-content\/uploads\/2026\/04\/IMG_1721.jpeg\" \/>\n\t<meta property=\"og:image:width\" content=\"672\" \/>\n\t<meta property=\"og:image:height\" content=\"504\" \/>\n<meta name=\"twitter:card\" content=\"summary_large_image\" \/>\n<meta name=\"twitter:label1\" content=\"\u00c9crit par\" \/>\n\t<meta name=\"twitter:data1\" content=\"CK\" \/>\n\t<meta name=\"twitter:label2\" content=\"Dur\u00e9e de lecture estim\u00e9e\" \/>\n\t<meta name=\"twitter:data2\" content=\"2 minutes\" \/>\n<script type=\"application\/ld+json\" class=\"yoast-schema-graph\">{\"@context\":\"https:\/\/schema.org\",\"@graph\":[{\"@type\":\"WebSite\",\"@id\":\"https:\/\/www.nettali.com\/#website\",\"url\":\"https:\/\/www.nettali.com\/\",\"name\":\"Nettali.com\",\"description\":\"Le rendez-vous critique du Net\",\"potentialAction\":[{\"@type\":\"SearchAction\",\"target\":{\"@type\":\"EntryPoint\",\"urlTemplate\":\"https:\/\/www.nettali.com\/?s={search_term_string}\"},\"query-input\":\"required name=search_term_string\"}],\"inLanguage\":\"fr-FR\"},{\"@type\":\"ImageObject\",\"@id\":\"https:\/\/www.nettali.com\/2026\/04\/28\/reformes-constitutionnelles-du-pastef-le-fdr-rejette-les-propositions-et-appelle-a-la-mobilisation\/#primaryimage\",\"inLanguage\":\"fr-FR\",\"url\":\"https:\/\/www.nettali.com\/wp-content\/uploads\/2026\/04\/IMG_1721.jpeg\",\"contentUrl\":\"https:\/\/www.nettali.com\/wp-content\/uploads\/2026\/04\/IMG_1721.jpeg\",\"width\":672,\"height\":504},{\"@type\":\"WebPage\",\"@id\":\"https:\/\/www.nettali.com\/2026\/04\/28\/reformes-constitutionnelles-du-pastef-le-fdr-rejette-les-propositions-et-appelle-a-la-mobilisation\/#webpage\",\"url\":\"https:\/\/www.nettali.com\/2026\/04\/28\/reformes-constitutionnelles-du-pastef-le-fdr-rejette-les-propositions-et-appelle-a-la-mobilisation\/\",\"name\":\"R\\u00c9FORMES CONSTITUTIONNELLES DU PASTEF - Le FDR rejette les propositions et appelle \\u00e0 la mobilisation | Nettali.com\",\"isPartOf\":{\"@id\":\"https:\/\/www.nettali.com\/#website\"},\"primaryImageOfPage\":{\"@id\":\"https:\/\/www.nettali.com\/2026\/04\/28\/reformes-constitutionnelles-du-pastef-le-fdr-rejette-les-propositions-et-appelle-a-la-mobilisation\/#primaryimage\"},\"datePublished\":\"2026-04-28T10:00:30+00:00\",\"dateModified\":\"2026-04-28T06:40:04+00:00\",\"author\":{\"@id\":\"https:\/\/www.nettali.com\/#\/schema\/person\/d8ac7b7e27ddad43f1c0d2ef090d7f71\"},\"breadcrumb\":{\"@id\":\"https:\/\/www.nettali.com\/2026\/04\/28\/reformes-constitutionnelles-du-pastef-le-fdr-rejette-les-propositions-et-appelle-a-la-mobilisation\/#breadcrumb\"},\"inLanguage\":\"fr-FR\",\"potentialAction\":[{\"@type\":\"ReadAction\",\"target\":[\"https:\/\/www.nettali.com\/2026\/04\/28\/reformes-constitutionnelles-du-pastef-le-fdr-rejette-les-propositions-et-appelle-a-la-mobilisation\/\"]}]},{\"@type\":\"BreadcrumbList\",\"@id\":\"https:\/\/www.nettali.com\/2026\/04\/28\/reformes-constitutionnelles-du-pastef-le-fdr-rejette-les-propositions-et-appelle-a-la-mobilisation\/#breadcrumb\",\"itemListElement\":[{\"@type\":\"ListItem\",\"position\":1,\"name\":\"Accueil\",\"item\":\"https:\/\/www.nettali.com\/\"},{\"@type\":\"ListItem\",\"position\":2,\"name\":\"R\\u00c9FORMES CONSTITUTIONNELLES DU PASTEF - Le FDR rejette les propositions et appelle \\u00e0 la mobilisation\"}]},{\"@type\":\"Person\",\"@id\":\"https:\/\/www.nettali.com\/#\/schema\/person\/d8ac7b7e27ddad43f1c0d2ef090d7f71\",\"name\":\"CK\",\"image\":{\"@type\":\"ImageObject\",\"@id\":\"https:\/\/www.nettali.com\/#personlogo\",\"inLanguage\":\"fr-FR\",\"url\":\"https:\/\/secure.gravatar.com\/avatar\/1d8d5118b9327d94da7cd4ce7f17fec2?s=96&d=mm&r=g\",\"contentUrl\":\"https:\/\/secure.gravatar.com\/avatar\/1d8d5118b9327d94da7cd4ce7f17fec2?s=96&d=mm&r=g\",\"caption\":\"CK\"},\"sameAs\":[\"https:\/\/www.nettali.com\"]}]}<\/script>\n<!-- \/ Yoast SEO Premium plugin. -->","yoast_head_json":{"title":"R\u00c9FORMES CONSTITUTIONNELLES DU PASTEF - Le FDR rejette les propositions et appelle \u00e0 la mobilisation | Nettali.com","robots":{"index":"index","follow":"follow","max-snippet":"max-snippet:-1","max-image-preview":"max-image-preview:large","max-video-preview":"max-video-preview:-1"},"canonical":"https:\/\/www.nettali.com\/2026\/04\/28\/reformes-constitutionnelles-du-pastef-le-fdr-rejette-les-propositions-et-appelle-a-la-mobilisation\/","og_locale":"fr_FR","og_type":"article","og_title":"R\u00c9FORMES CONSTITUTIONNELLES DU PASTEF - Le FDR rejette les propositions et appelle \u00e0 la mobilisation","og_description":"NETTALI.COM - Le FDR ne compte pas r\u00e9pondre \u00e0 l\u2019invitation du ministre de l\u2019Int\u00e9rieur le 30 avril 2026. Il \u00e9voque, pour justifier cette position, la publication des avant-projets, \u00e9crits sans leur implication. \u201c\u2026Le FDR rappelle que les partis d\u2019opposition ayant particip\u00e9 au Dialogue national avaient d\u00e9nonc\u00e9 en son temps leur exclusion dudit comit\u00e9 (de relecture) [&hellip;]","og_url":"https:\/\/www.nettali.com\/2026\/04\/28\/reformes-constitutionnelles-du-pastef-le-fdr-rejette-les-propositions-et-appelle-a-la-mobilisation\/","og_site_name":"Nettali.com","article_publisher":"https:\/\/www.facebook.com\/nettalicom","article_published_time":"2026-04-28T10:00:30+00:00","article_modified_time":"2026-04-28T06:40:04+00:00","og_image":[{"width":672,"height":504,"url":"https:\/\/www.nettali.com\/wp-content\/uploads\/2026\/04\/IMG_1721.jpeg","type":"image\/jpeg"}],"twitter_card":"summary_large_image","twitter_misc":{"\u00c9crit par":"CK","Dur\u00e9e de lecture estim\u00e9e":"2 minutes"},"schema":{"@context":"https:\/\/schema.org","@graph":[{"@type":"WebSite","@id":"https:\/\/www.nettali.com\/#website","url":"https:\/\/www.nettali.com\/","name":"Nettali.com","description":"Le rendez-vous critique du Net","potentialAction":[{"@type":"SearchAction","target":{"@type":"EntryPoint","urlTemplate":"https:\/\/www.nettali.com\/?s={search_term_string}"},"query-input":"required name=search_term_string"}],"inLanguage":"fr-FR"},{"@type":"ImageObject","@id":"https:\/\/www.nettali.com\/2026\/04\/28\/reformes-constitutionnelles-du-pastef-le-fdr-rejette-les-propositions-et-appelle-a-la-mobilisation\/#primaryimage","inLanguage":"fr-FR","url":"https:\/\/www.nettali.com\/wp-content\/uploads\/2026\/04\/IMG_1721.jpeg","contentUrl":"https:\/\/www.nettali.com\/wp-content\/uploads\/2026\/04\/IMG_1721.jpeg","width":672,"height":504},{"@type":"WebPage","@id":"https:\/\/www.nettali.com\/2026\/04\/28\/reformes-constitutionnelles-du-pastef-le-fdr-rejette-les-propositions-et-appelle-a-la-mobilisation\/#webpage","url":"https:\/\/www.nettali.com\/2026\/04\/28\/reformes-constitutionnelles-du-pastef-le-fdr-rejette-les-propositions-et-appelle-a-la-mobilisation\/","name":"R\u00c9FORMES CONSTITUTIONNELLES DU PASTEF - Le FDR rejette les propositions et appelle \u00e0 la mobilisation | Nettali.com","isPartOf":{"@id":"https:\/\/www.nettali.com\/#website"},"primaryImageOfPage":{"@id":"https:\/\/www.nettali.com\/2026\/04\/28\/reformes-constitutionnelles-du-pastef-le-fdr-rejette-les-propositions-et-appelle-a-la-mobilisation\/#primaryimage"},"datePublished":"2026-04-28T10:00:30+00:00","dateModified":"2026-04-28T06:40:04+00:00","author":{"@id":"https:\/\/www.nettali.com\/#\/schema\/person\/d8ac7b7e27ddad43f1c0d2ef090d7f71"},"breadcrumb":{"@id":"https:\/\/www.nettali.com\/2026\/04\/28\/reformes-constitutionnelles-du-pastef-le-fdr-rejette-les-propositions-et-appelle-a-la-mobilisation\/#breadcrumb"},"inLanguage":"fr-FR","potentialAction":[{"@type":"ReadAction","target":["https:\/\/www.nettali.com\/2026\/04\/28\/reformes-constitutionnelles-du-pastef-le-fdr-rejette-les-propositions-et-appelle-a-la-mobilisation\/"]}]},{"@type":"BreadcrumbList","@id":"https:\/\/www.nettali.com\/2026\/04\/28\/reformes-constitutionnelles-du-pastef-le-fdr-rejette-les-propositions-et-appelle-a-la-mobilisation\/#breadcrumb","itemListElement":[{"@type":"ListItem","position":1,"name":"Accueil","item":"https:\/\/www.nettali.com\/"},{"@type":"ListItem","position":2,"name":"R\u00c9FORMES CONSTITUTIONNELLES DU PASTEF - Le FDR rejette les propositions et appelle \u00e0 la mobilisation"}]},{"@type":"Person","@id":"https:\/\/www.nettali.com\/#\/schema\/person\/d8ac7b7e27ddad43f1c0d2ef090d7f71","name":"CK","image":{"@type":"ImageObject","@id":"https:\/\/www.nettali.com\/#personlogo","inLanguage":"fr-FR","url":"https:\/\/secure.gravatar.com\/avatar\/1d8d5118b9327d94da7cd4ce7f17fec2?s=96&d=mm&r=g","contentUrl":"https:\/\/secure.gravatar.com\/avatar\/1d8d5118b9327d94da7cd4ce7f17fec2?s=96&d=mm&r=g","caption":"CK"},"sameAs":["https:\/\/www.nettali.com"]}]}},"_links":{"self":[{"href":"https:\/\/www.nettali.com\/rest\/wp\/v2\/posts\/172912"}],"collection":[{"href":"https:\/\/www.nettali.com\/rest\/wp\/v2\/posts"}],"about":[{"href":"https:\/\/www.nettali.com\/rest\/wp\/v2\/types\/post"}],"author":[{"embeddable":true,"href":"https:\/\/www.nettali.com\/rest\/wp\/v2\/users\/2"}],"replies":[{"embeddable":true,"href":"https:\/\/www.nettali.com\/rest\/wp\/v2\/comments?post=172912"}],"version-history":[{"count":1,"href":"https:\/\/www.nettali.com\/rest\/wp\/v2\/posts\/172912\/revisions"}],"predecessor-version":[{"id":172914,"href":"https:\/\/www.nettali.com\/rest\/wp\/v2\/posts\/172912\/revisions\/172914"}],"wp:featuredmedia":[{"embeddable":true,"href":"https:\/\/www.nettali.com\/rest\/wp\/v2\/media\/172913"}],"wp:attachment":[{"href":"https:\/\/www.nettali.com\/rest\/wp\/v2\/media?parent=172912"}],"wp:term":[{"taxonomy":"category","embeddable":true,"href":"https:\/\/www.nettali.com\/rest\/wp\/v2\/categories?post=172912"},{"taxonomy":"post_tag","embeddable":true,"href":"https:\/\/www.nettali.com\/rest\/wp\/v2\/tags?post=172912"}],"curies":[{"name":"wp","href":"https:\/\/api.w.org\/{rel}","templated":true}]}}