{"id":172909,"date":"2026-04-28T12:00:57","date_gmt":"2026-04-28T12:00:57","guid":{"rendered":"https:\/\/www.nettali.com\/?p=172909"},"modified":"2026-04-28T12:27:20","modified_gmt":"2026-04-28T12:27:20","slug":"lutte-contre-les-inondations-letat-mise-sur-lanticipation-cette-annee","status":"publish","type":"post","link":"https:\/\/www.nettali.com\/2026\/04\/28\/lutte-contre-les-inondations-letat-mise-sur-lanticipation-cette-annee\/","title":{"rendered":"LUTTE CONTRE LES INONDATIONS - L\u2019\u00c9tat mise sur l\u2019anticipation cette ann\u00e9e"},"content":{"rendered":"<p><strong>NETTALI.COM -<\/strong> Dans le cadre de la gestion du risque d\u2019inondation, le S\u00e9n\u00e9gal vient de faire un grand pas avec la mise en place du Comit\u00e9 national de gestion int\u00e9gr\u00e9e du risque d\u2019inondation (CNGIRI). Pr\u00e9sent\u00e9e le 23 avril 2026 \u00e0 Diamniadio, cette nouvelle instance, selon une note rendue publique, vise \u00e0 renforcer la coordination des acteurs, am\u00e9liorer l\u2019anticipation des risques et apporter une r\u00e9ponse plus efficace et durable face aux inondations.<\/p>\n<p>Dans un contexte marqu\u00e9 par le changement climatique et ses cons\u00e9quences, ainsi que par l\u2019urbanisation galopante, a poursuivi la m\u00eame source, cette r\u00e9forme traduit une forte volont\u00e9 des plus hautes autorit\u00e9s de l\u2019\u00c9tat de passer d\u2019une gestion r\u00e9active \u00e0 une approche structur\u00e9e, continue et anticipative.<\/p>\n<p>Mis en place par le Minist\u00e8re de l\u2019Hydraulique et de l\u2019Assainissement, \u00e0 travers la Direction de la pr\u00e9vention et de la gestion des Inondations (DPGI), le CNGIRI, selon le document, remplace le Comit\u00e9 national de gestion des inondations (CNGI).<\/p>\n<p>Cette \u00e9volution consacre un changement de paradigme : la gestion des inondations ne se limite plus \u00e0 la p\u00e9riode d\u2019hivernage, mais s\u2019inscrit d\u00e9sormais dans une logique permanente, fond\u00e9e sur l\u2019anticipation, la pr\u00e9vention et la coordination. \u201c<em>L\u2019hivernage 2026 sera plac\u00e9 sous le sceau de l\u2019anticipation, d\u2019une coordination renforc\u00e9e et d\u2019actions structurantes et pr\u00e9ventives, afin de mieux prot\u00e9ger nos concitoyens et renforcer la r\u00e9silience de nos territoires<\/em>\u201d, soutenait Dr. Cheikh Tidiane Di\u00e8ye.<\/p>\n<p>En outre, selon le document, le CNGIRI se positionne comme une instance permanente de concertation et de coordination car il permettra d\u2019assurer une meilleure coh\u00e9rence des interventions, de renforcer la coordination institutionnelle et d\u2019am\u00e9liorer le suivi et l\u2019\u00e9valuation des actions.<\/p>\n<p>Le dispositif s\u2019appuie notamment sur un comit\u00e9 de pilotage, charg\u00e9 de d\u00e9finir les orientations strat\u00e9giques et d\u2019assurer la coordination intersectorielle, ainsi que sur un comit\u00e9 technique, en charge du suivi op\u00e9rationnel des actions.<\/p>\n<p>Ainsi, il r\u00e9unit plusieurs acteurs institutionnels, notamment des repr\u00e9sentants de la Pr\u00e9sidence de la R\u00e9publique, de la Primature, ainsi que de nombreux minist\u00e8res sectoriels et des gouverneurs de r\u00e9gion, garantissant ainsi une approche transversale et concert\u00e9e.<\/p>\n<p>\u00c0 l\u2019issue de la r\u00e9union du Comit\u00e9 national de Gestion des Inondations, plusieurs orientations ont \u00e9t\u00e9 retenues afin de renforcer la pr\u00e9paration de l\u2019hivernage 2026. Elles portent, d'apr\u00e8s le document, sur le renforcement de l\u2019anticipation \u00e0 travers la diffusion d\u2019informations fiables sur les risques, la mise en place de plans d\u2019actions coordonn\u00e9s sur les sites critiques, l\u2019acc\u00e9l\u00e9ration des op\u00e9rations pr\u00e9-hivernales, ainsi que le renforcement de la sensibilisation et de l\u2019implication des collectivit\u00e9s et des communaut\u00e9s.<\/p>\n<p>Face \u00e0 ces enjeux, le Ministre de l\u2019Hydraulique et de l\u2019Assainissement, Docteur Cheikh Tidiane Dieye, a appel\u00e9 \u00e0 une mobilisation accrue de l\u2019ensemble des acteurs, a conclu la m\u00eame source.<\/p>\n<div class='share-to-whatsapp-wrapper'><div class='share-on-whsp'>PARTAGER SUR : <\/div><a data-text='LUTTE CONTRE LES INONDATIONS - L\u2019\u00c9tat mise sur l\u2019anticipation cette ann\u00e9e' data-link='https:\/\/www.nettali.com\/2026\/04\/28\/lutte-contre-les-inondations-letat-mise-sur-lanticipation-cette-annee\/' class='whatsapp-button whatsapp-share'>WhatsApp<\/a><div class='clear '><\/div><\/div>","protected":false},"excerpt":{"rendered":"<p>NETTALI.COM - Dans le cadre de la gestion du risque d\u2019inondation, le S\u00e9n\u00e9gal vient de faire un grand pas avec la mise en place du Comit\u00e9 national de gestion int\u00e9gr\u00e9e du risque d\u2019inondation (CNGIRI). Pr\u00e9sent\u00e9e le 23 avril 2026 \u00e0 Diamniadio, cette nouvelle instance, selon une note rendue publique, vise \u00e0 renforcer la coordination des [&hellip;]<\/p>\n","protected":false},"author":2,"featured_media":172910,"comment_status":"open","ping_status":"open","sticky":false,"template":"","format":"standard","meta":{"_et_pb_use_builder":"","_et_pb_old_content":""},"categories":[34945],"tags":[],"yoast_head":"<!-- This site is optimized with the Yoast SEO Premium plugin v17.8 (Yoast SEO v17.8) - https:\/\/yoast.com\/wordpress\/plugins\/seo\/ -->\n<title>LUTTE CONTRE LES INONDATIONS - L\u2019\u00c9tat mise sur l\u2019anticipation cette ann\u00e9e | Nettali.com<\/title>\n<meta name=\"robots\" content=\"index, follow, max-snippet:-1, max-image-preview:large, max-video-preview:-1\" \/>\n<link rel=\"canonical\" href=\"https:\/\/www.nettali.com\/2026\/04\/28\/lutte-contre-les-inondations-letat-mise-sur-lanticipation-cette-annee\/\" \/>\n<meta property=\"og:locale\" content=\"fr_FR\" \/>\n<meta property=\"og:type\" content=\"article\" \/>\n<meta property=\"og:title\" content=\"LUTTE CONTRE LES INONDATIONS - L\u2019\u00c9tat mise sur l\u2019anticipation cette ann\u00e9e\" \/>\n<meta property=\"og:description\" content=\"NETTALI.COM - Dans le cadre de la gestion du risque d\u2019inondation, le S\u00e9n\u00e9gal vient de faire un grand pas avec la mise en place du Comit\u00e9 national de gestion int\u00e9gr\u00e9e du risque d\u2019inondation (CNGIRI). Pr\u00e9sent\u00e9e le 23 avril 2026 \u00e0 Diamniadio, cette nouvelle instance, selon une note rendue publique, vise \u00e0 renforcer la coordination des [&hellip;]\" \/>\n<meta property=\"og:url\" content=\"https:\/\/www.nettali.com\/2026\/04\/28\/lutte-contre-les-inondations-letat-mise-sur-lanticipation-cette-annee\/\" \/>\n<meta property=\"og:site_name\" content=\"Nettali.com\" \/>\n<meta property=\"article:publisher\" content=\"https:\/\/www.facebook.com\/nettalicom\" \/>\n<meta property=\"article:published_time\" content=\"2026-04-28T12:00:57+00:00\" \/>\n<meta property=\"article:modified_time\" content=\"2026-04-28T12:27:20+00:00\" \/>\n<meta property=\"og:image\" content=\"https:\/\/www.nettali.com\/wp-content\/uploads\/2026\/04\/IMG-20250711-WA0118.jpg\" \/>\n\t<meta property=\"og:image:width\" content=\"867\" \/>\n\t<meta property=\"og:image:height\" content=\"578\" \/>\n<meta name=\"twitter:card\" content=\"summary_large_image\" \/>\n<meta name=\"twitter:label1\" content=\"\u00c9crit par\" \/>\n\t<meta name=\"twitter:data1\" content=\"CK\" \/>\n\t<meta name=\"twitter:label2\" content=\"Dur\u00e9e de lecture estim\u00e9e\" \/>\n\t<meta name=\"twitter:data2\" content=\"3 minutes\" \/>\n<script type=\"application\/ld+json\" class=\"yoast-schema-graph\">{\"@context\":\"https:\/\/schema.org\",\"@graph\":[{\"@type\":\"WebSite\",\"@id\":\"https:\/\/www.nettali.com\/#website\",\"url\":\"https:\/\/www.nettali.com\/\",\"name\":\"Nettali.com\",\"description\":\"Le rendez-vous critique du Net\",\"potentialAction\":[{\"@type\":\"SearchAction\",\"target\":{\"@type\":\"EntryPoint\",\"urlTemplate\":\"https:\/\/www.nettali.com\/?s={search_term_string}\"},\"query-input\":\"required name=search_term_string\"}],\"inLanguage\":\"fr-FR\"},{\"@type\":\"ImageObject\",\"@id\":\"https:\/\/www.nettali.com\/2026\/04\/28\/lutte-contre-les-inondations-letat-mise-sur-lanticipation-cette-annee\/#primaryimage\",\"inLanguage\":\"fr-FR\",\"url\":\"https:\/\/www.nettali.com\/wp-content\/uploads\/2026\/04\/IMG-20250711-WA0118.jpg\",\"contentUrl\":\"https:\/\/www.nettali.com\/wp-content\/uploads\/2026\/04\/IMG-20250711-WA0118.jpg\",\"width\":867,\"height\":578},{\"@type\":\"WebPage\",\"@id\":\"https:\/\/www.nettali.com\/2026\/04\/28\/lutte-contre-les-inondations-letat-mise-sur-lanticipation-cette-annee\/#webpage\",\"url\":\"https:\/\/www.nettali.com\/2026\/04\/28\/lutte-contre-les-inondations-letat-mise-sur-lanticipation-cette-annee\/\",\"name\":\"LUTTE CONTRE LES INONDATIONS - L\\u2019\\u00c9tat mise sur l\\u2019anticipation cette ann\\u00e9e | Nettali.com\",\"isPartOf\":{\"@id\":\"https:\/\/www.nettali.com\/#website\"},\"primaryImageOfPage\":{\"@id\":\"https:\/\/www.nettali.com\/2026\/04\/28\/lutte-contre-les-inondations-letat-mise-sur-lanticipation-cette-annee\/#primaryimage\"},\"datePublished\":\"2026-04-28T12:00:57+00:00\",\"dateModified\":\"2026-04-28T12:27:20+00:00\",\"author\":{\"@id\":\"https:\/\/www.nettali.com\/#\/schema\/person\/d8ac7b7e27ddad43f1c0d2ef090d7f71\"},\"breadcrumb\":{\"@id\":\"https:\/\/www.nettali.com\/2026\/04\/28\/lutte-contre-les-inondations-letat-mise-sur-lanticipation-cette-annee\/#breadcrumb\"},\"inLanguage\":\"fr-FR\",\"potentialAction\":[{\"@type\":\"ReadAction\",\"target\":[\"https:\/\/www.nettali.com\/2026\/04\/28\/lutte-contre-les-inondations-letat-mise-sur-lanticipation-cette-annee\/\"]}]},{\"@type\":\"BreadcrumbList\",\"@id\":\"https:\/\/www.nettali.com\/2026\/04\/28\/lutte-contre-les-inondations-letat-mise-sur-lanticipation-cette-annee\/#breadcrumb\",\"itemListElement\":[{\"@type\":\"ListItem\",\"position\":1,\"name\":\"Accueil\",\"item\":\"https:\/\/www.nettali.com\/\"},{\"@type\":\"ListItem\",\"position\":2,\"name\":\"LUTTE CONTRE LES INONDATIONS - L\\u2019\\u00c9tat mise sur l\\u2019anticipation cette ann\\u00e9e\"}]},{\"@type\":\"Person\",\"@id\":\"https:\/\/www.nettali.com\/#\/schema\/person\/d8ac7b7e27ddad43f1c0d2ef090d7f71\",\"name\":\"CK\",\"image\":{\"@type\":\"ImageObject\",\"@id\":\"https:\/\/www.nettali.com\/#personlogo\",\"inLanguage\":\"fr-FR\",\"url\":\"https:\/\/secure.gravatar.com\/avatar\/1d8d5118b9327d94da7cd4ce7f17fec2?s=96&d=mm&r=g\",\"contentUrl\":\"https:\/\/secure.gravatar.com\/avatar\/1d8d5118b9327d94da7cd4ce7f17fec2?s=96&d=mm&r=g\",\"caption\":\"CK\"},\"sameAs\":[\"https:\/\/www.nettali.com\"]}]}<\/script>\n<!-- \/ Yoast SEO Premium plugin. -->","yoast_head_json":{"title":"LUTTE CONTRE LES INONDATIONS - L\u2019\u00c9tat mise sur l\u2019anticipation cette ann\u00e9e | Nettali.com","robots":{"index":"index","follow":"follow","max-snippet":"max-snippet:-1","max-image-preview":"max-image-preview:large","max-video-preview":"max-video-preview:-1"},"canonical":"https:\/\/www.nettali.com\/2026\/04\/28\/lutte-contre-les-inondations-letat-mise-sur-lanticipation-cette-annee\/","og_locale":"fr_FR","og_type":"article","og_title":"LUTTE CONTRE LES INONDATIONS - L\u2019\u00c9tat mise sur l\u2019anticipation cette ann\u00e9e","og_description":"NETTALI.COM - Dans le cadre de la gestion du risque d\u2019inondation, le S\u00e9n\u00e9gal vient de faire un grand pas avec la mise en place du Comit\u00e9 national de gestion int\u00e9gr\u00e9e du risque d\u2019inondation (CNGIRI). Pr\u00e9sent\u00e9e le 23 avril 2026 \u00e0 Diamniadio, cette nouvelle instance, selon une note rendue publique, vise \u00e0 renforcer la coordination des [&hellip;]","og_url":"https:\/\/www.nettali.com\/2026\/04\/28\/lutte-contre-les-inondations-letat-mise-sur-lanticipation-cette-annee\/","og_site_name":"Nettali.com","article_publisher":"https:\/\/www.facebook.com\/nettalicom","article_published_time":"2026-04-28T12:00:57+00:00","article_modified_time":"2026-04-28T12:27:20+00:00","og_image":[{"width":867,"height":578,"url":"https:\/\/www.nettali.com\/wp-content\/uploads\/2026\/04\/IMG-20250711-WA0118.jpg","type":"image\/jpeg"}],"twitter_card":"summary_large_image","twitter_misc":{"\u00c9crit par":"CK","Dur\u00e9e de lecture estim\u00e9e":"3 minutes"},"schema":{"@context":"https:\/\/schema.org","@graph":[{"@type":"WebSite","@id":"https:\/\/www.nettali.com\/#website","url":"https:\/\/www.nettali.com\/","name":"Nettali.com","description":"Le rendez-vous critique du Net","potentialAction":[{"@type":"SearchAction","target":{"@type":"EntryPoint","urlTemplate":"https:\/\/www.nettali.com\/?s={search_term_string}"},"query-input":"required name=search_term_string"}],"inLanguage":"fr-FR"},{"@type":"ImageObject","@id":"https:\/\/www.nettali.com\/2026\/04\/28\/lutte-contre-les-inondations-letat-mise-sur-lanticipation-cette-annee\/#primaryimage","inLanguage":"fr-FR","url":"https:\/\/www.nettali.com\/wp-content\/uploads\/2026\/04\/IMG-20250711-WA0118.jpg","contentUrl":"https:\/\/www.nettali.com\/wp-content\/uploads\/2026\/04\/IMG-20250711-WA0118.jpg","width":867,"height":578},{"@type":"WebPage","@id":"https:\/\/www.nettali.com\/2026\/04\/28\/lutte-contre-les-inondations-letat-mise-sur-lanticipation-cette-annee\/#webpage","url":"https:\/\/www.nettali.com\/2026\/04\/28\/lutte-contre-les-inondations-letat-mise-sur-lanticipation-cette-annee\/","name":"LUTTE CONTRE LES INONDATIONS - L\u2019\u00c9tat mise sur l\u2019anticipation cette ann\u00e9e | Nettali.com","isPartOf":{"@id":"https:\/\/www.nettali.com\/#website"},"primaryImageOfPage":{"@id":"https:\/\/www.nettali.com\/2026\/04\/28\/lutte-contre-les-inondations-letat-mise-sur-lanticipation-cette-annee\/#primaryimage"},"datePublished":"2026-04-28T12:00:57+00:00","dateModified":"2026-04-28T12:27:20+00:00","author":{"@id":"https:\/\/www.nettali.com\/#\/schema\/person\/d8ac7b7e27ddad43f1c0d2ef090d7f71"},"breadcrumb":{"@id":"https:\/\/www.nettali.com\/2026\/04\/28\/lutte-contre-les-inondations-letat-mise-sur-lanticipation-cette-annee\/#breadcrumb"},"inLanguage":"fr-FR","potentialAction":[{"@type":"ReadAction","target":["https:\/\/www.nettali.com\/2026\/04\/28\/lutte-contre-les-inondations-letat-mise-sur-lanticipation-cette-annee\/"]}]},{"@type":"BreadcrumbList","@id":"https:\/\/www.nettali.com\/2026\/04\/28\/lutte-contre-les-inondations-letat-mise-sur-lanticipation-cette-annee\/#breadcrumb","itemListElement":[{"@type":"ListItem","position":1,"name":"Accueil","item":"https:\/\/www.nettali.com\/"},{"@type":"ListItem","position":2,"name":"LUTTE CONTRE LES INONDATIONS - L\u2019\u00c9tat mise sur l\u2019anticipation cette ann\u00e9e"}]},{"@type":"Person","@id":"https:\/\/www.nettali.com\/#\/schema\/person\/d8ac7b7e27ddad43f1c0d2ef090d7f71","name":"CK","image":{"@type":"ImageObject","@id":"https:\/\/www.nettali.com\/#personlogo","inLanguage":"fr-FR","url":"https:\/\/secure.gravatar.com\/avatar\/1d8d5118b9327d94da7cd4ce7f17fec2?s=96&d=mm&r=g","contentUrl":"https:\/\/secure.gravatar.com\/avatar\/1d8d5118b9327d94da7cd4ce7f17fec2?s=96&d=mm&r=g","caption":"CK"},"sameAs":["https:\/\/www.nettali.com"]}]}},"_links":{"self":[{"href":"https:\/\/www.nettali.com\/rest\/wp\/v2\/posts\/172909"}],"collection":[{"href":"https:\/\/www.nettali.com\/rest\/wp\/v2\/posts"}],"about":[{"href":"https:\/\/www.nettali.com\/rest\/wp\/v2\/types\/post"}],"author":[{"embeddable":true,"href":"https:\/\/www.nettali.com\/rest\/wp\/v2\/users\/2"}],"replies":[{"embeddable":true,"href":"https:\/\/www.nettali.com\/rest\/wp\/v2\/comments?post=172909"}],"version-history":[{"count":1,"href":"https:\/\/www.nettali.com\/rest\/wp\/v2\/posts\/172909\/revisions"}],"predecessor-version":[{"id":172911,"href":"https:\/\/www.nettali.com\/rest\/wp\/v2\/posts\/172909\/revisions\/172911"}],"wp:featuredmedia":[{"embeddable":true,"href":"https:\/\/www.nettali.com\/rest\/wp\/v2\/media\/172910"}],"wp:attachment":[{"href":"https:\/\/www.nettali.com\/rest\/wp\/v2\/media?parent=172909"}],"wp:term":[{"taxonomy":"category","embeddable":true,"href":"https:\/\/www.nettali.com\/rest\/wp\/v2\/categories?post=172909"},{"taxonomy":"post_tag","embeddable":true,"href":"https:\/\/www.nettali.com\/rest\/wp\/v2\/tags?post=172909"}],"curies":[{"name":"wp","href":"https:\/\/api.w.org\/{rel}","templated":true}]}}