{"id":172906,"date":"2026-04-28T11:14:45","date_gmt":"2026-04-28T11:14:45","guid":{"rendered":"https:\/\/www.nettali.com\/?p=172906"},"modified":"2026-04-28T06:40:46","modified_gmt":"2026-04-28T06:40:46","slug":"reformes-institutionnelles-portees-par-lexectif-sidy-alpha-ndiaye-en-explique-la-coherence","status":"publish","type":"post","link":"https:\/\/www.nettali.com\/2026\/04\/28\/reformes-institutionnelles-portees-par-lexectif-sidy-alpha-ndiaye-en-explique-la-coherence\/","title":{"rendered":"REFORMES INSTITUTIONNELLES PORTEES PAR L'EXECTIF - Sidy Alpha Ndiaye en explique la coh\u00e9rence"},"content":{"rendered":"<p><strong>NETTALI.COM - Invit\u00e9 du Journal T\u00e9l\u00e9vis\u00e9 de 20h de la RTS ce soir, le ministre conseiller juridique et directeur de cabinet adjoint du Pr\u00e9sident de la R\u00e9publique, Sidy Alpha Ndiaye, est revenu en d\u00e9tail sur les quatre avant-projets de loi issus des r\u00e9formes institutionnelles initi\u00e9s par le pr\u00e9sident de la r\u00e9publique. Il a vendu une d\u00e9marche qu\u2019il qualifie de coh\u00e9rente, participative et fond\u00e9e sur un large consensus national.<\/strong><\/p>\n<p>Selon lui, ces textes s\u2019inscrivent dans une dynamique politique structur\u00e9e autour d\u2019un \u00ab triptyque \u00bb : le programme pr\u00e9sidentiel du candidat Bassirou Diomaye Faye, le programme l\u00e9gislatif des \u00e9lections du 17 novembre 2024, ainsi que des inspirations issues des grandes assises nationales et engagements politiques ant\u00e9rieurs.<\/p>\n<p>Il a aussi soulign\u00e9 la dimension m\u00e9thodologique du processus, marqu\u00e9 par deux dialogues nationaux majeurs \u2014 sur la justice en 2024 et sur le syst\u00e8me politique \u2014 ayant permis de formuler des recommandations transform\u00e9es en projets de textes juridiques.<\/p>\n<p>Le ministre conseiller a ainsi insist\u00e9 sur le caract\u00e8re inclusif de cette d\u00e9marche, affirmant qu\u2019un comit\u00e9 de lecture pr\u00e9sid\u00e9 par le Premier ministre Ousmane Sonko, a permis d\u2019aboutir aux avant-projets soumis aujourd\u2019hui.<\/p>\n<p><strong>Une r\u00e9forme constitutionnelle au c\u0153ur des changements<\/strong><\/p>\n<p>Abordant le contenu des textes, Sidy Alpha Ndiaye a mis l'accent sur les principales innovations de l\u2019avant-projet de r\u00e9vision constitutionnelle. qui vise, selon lui, le r\u00e9\u00e9quilibrage des pouvoirs au sein de l\u2019ex\u00e9cutif qui a pour objectif , la red\u00e9finition des rapports entre le Pr\u00e9sident de la R\u00e9publique et le Premier ministre dans la conduite de la politique nationale.<\/p>\n<p>Parmi les autres changements majeurs \u00e9voqu\u00e9s, figurent la cr\u00e9ation d\u2019une Cour constitutionnelle, le renforcement de ses comp\u00e9tences et le passage de sept \u00e0 neuf membres.<\/p>\n<p>Le texte pr\u00e9voit \u00e9galement l\u2019interdiction pour le chef de l\u2019\u00c9tat d\u2019exercer des fonctions de chef de parti ou de coalition, ainsi que de nouvelles dispositions encadrant les actes du pr\u00e9sident en fin de mandat.<\/p>\n<p>Le projet introduit aussi des innovations symboliques et juridiques, notamment la r\u00e9vision du pr\u00e9ambule de la Constitution avec la mise en avant de r\u00e9f\u00e9rences aux cosmogonies juridiques africaines, en remplacement de certaines r\u00e9f\u00e9rences historiques europ\u00e9ennes.<\/p>\n<p><strong>Vers une nouvelle architecture \u00e9lectorale<\/strong><\/p>\n<p>Sur le plan \u00e9lectoral, Sidy Alpha Ndiaye a mis en avant la cr\u00e9ation d\u2019une Commission \u00e9lectorale nationale ind\u00e9pendante (CENI), pr\u00e9sent\u00e9e comme une avanc\u00e9e majeure attendue de longue date. Cette r\u00e9forme vise \u00e0 retirer l\u2019organisation des \u00e9lections au minist\u00e8re de l\u2019Int\u00e9rieur afin de renforcer la transparence et la cr\u00e9dibilit\u00e9 du processus \u00e9lectoral.<\/p>\n<p>Une r\u00e9forme du Code \u00e9lectoral et de la loi sur les partis politiques est \u00e9galement pr\u00e9vue, avec pour objectif de rationaliser le paysage politique et de mieux encadrer la vie partisane.<\/p>\n<p><strong>Une \u00ab forte identit\u00e9 de vue \u00bb avec les acteurs politiques<\/strong><\/p>\n<p>Interrog\u00e9 sur l\u2019ad\u00e9quation entre ces r\u00e9formes et les propositions des acteurs politiques, le ministre conseiller juridique a assur\u00e9 qu\u2019il existe une convergence claire entre les diff\u00e9rentes contributions.<\/p>\n<p>Il a notamment cit\u00e9 la similitude entre les avant-projets de loi et certaines propositions des d\u00e9put\u00e9s de la majorit\u00e9, soulignant une \u00ab forte identit\u00e9 de vue \u00bb sur plusieurs dispositions, notamment en mati\u00e8re d\u2019infractions \u00e9lectorales et de sanctions.<\/p>\n<p>Pour Sidy Alpha Ndiaye, ces r\u00e9formes traduisent ainsi une volont\u00e9 de continuit\u00e9 entre les engagements de campagne, les dialogues nationaux et les textes l\u00e9gislatifs en pr\u00e9paration, dans une logique de consolidation de l\u2019\u00c9tat de droit et de modernisation des institutions.<\/p>\n<div class='share-to-whatsapp-wrapper'><div class='share-on-whsp'>PARTAGER SUR : <\/div><a data-text='REFORMES INSTITUTIONNELLES PORTEES PAR L'EXECTIF - Sidy Alpha Ndiaye en explique la coh\u00e9rence' data-link='https:\/\/www.nettali.com\/2026\/04\/28\/reformes-institutionnelles-portees-par-lexectif-sidy-alpha-ndiaye-en-explique-la-coherence\/' class='whatsapp-button whatsapp-share'>WhatsApp<\/a><div class='clear '><\/div><\/div>","protected":false},"excerpt":{"rendered":"<p>NETTALI.COM - Invit\u00e9 du Journal T\u00e9l\u00e9vis\u00e9 de 20h de la RTS ce soir, le ministre conseiller juridique et directeur de cabinet adjoint du Pr\u00e9sident de la R\u00e9publique, Sidy Alpha Ndiaye, est revenu en d\u00e9tail sur les quatre avant-projets de loi issus des r\u00e9formes institutionnelles initi\u00e9s par le pr\u00e9sident de la r\u00e9publique. Il a vendu une [&hellip;]<\/p>\n","protected":false},"author":2,"featured_media":172907,"comment_status":"open","ping_status":"open","sticky":false,"template":"","format":"standard","meta":{"_et_pb_use_builder":"","_et_pb_old_content":""},"categories":[2],"tags":[],"yoast_head":"<!-- This site is optimized with the Yoast SEO Premium plugin v17.8 (Yoast SEO v17.8) - https:\/\/yoast.com\/wordpress\/plugins\/seo\/ -->\n<title>REFORMES INSTITUTIONNELLES PORTEES PAR L&#039;EXECTIF - Sidy Alpha Ndiaye en explique la coh\u00e9rence | Nettali.com<\/title>\n<meta name=\"robots\" content=\"index, follow, max-snippet:-1, max-image-preview:large, max-video-preview:-1\" \/>\n<link rel=\"canonical\" href=\"https:\/\/www.nettali.com\/2026\/04\/28\/reformes-institutionnelles-portees-par-lexectif-sidy-alpha-ndiaye-en-explique-la-coherence\/\" \/>\n<meta property=\"og:locale\" content=\"fr_FR\" \/>\n<meta property=\"og:type\" content=\"article\" \/>\n<meta property=\"og:title\" content=\"REFORMES INSTITUTIONNELLES PORTEES PAR L&#039;EXECTIF - Sidy Alpha Ndiaye en explique la coh\u00e9rence\" \/>\n<meta property=\"og:description\" content=\"NETTALI.COM - Invit\u00e9 du Journal T\u00e9l\u00e9vis\u00e9 de 20h de la RTS ce soir, le ministre conseiller juridique et directeur de cabinet adjoint du Pr\u00e9sident de la R\u00e9publique, Sidy Alpha Ndiaye, est revenu en d\u00e9tail sur les quatre avant-projets de loi issus des r\u00e9formes institutionnelles initi\u00e9s par le pr\u00e9sident de la r\u00e9publique. Il a vendu une [&hellip;]\" \/>\n<meta property=\"og:url\" content=\"https:\/\/www.nettali.com\/2026\/04\/28\/reformes-institutionnelles-portees-par-lexectif-sidy-alpha-ndiaye-en-explique-la-coherence\/\" \/>\n<meta property=\"og:site_name\" content=\"Nettali.com\" \/>\n<meta property=\"article:publisher\" content=\"https:\/\/www.facebook.com\/nettalicom\" \/>\n<meta property=\"article:published_time\" content=\"2026-04-28T11:14:45+00:00\" \/>\n<meta property=\"article:modified_time\" content=\"2026-04-28T06:40:46+00:00\" \/>\n<meta property=\"og:image\" content=\"https:\/\/www.nettali.com\/wp-content\/uploads\/2026\/04\/hq720-1.jpg\" \/>\n\t<meta property=\"og:image:width\" content=\"686\" \/>\n\t<meta property=\"og:image:height\" content=\"386\" \/>\n<meta name=\"twitter:card\" content=\"summary_large_image\" \/>\n<meta name=\"twitter:label1\" content=\"\u00c9crit par\" \/>\n\t<meta name=\"twitter:data1\" content=\"CK\" \/>\n\t<meta name=\"twitter:label2\" content=\"Dur\u00e9e de lecture estim\u00e9e\" \/>\n\t<meta name=\"twitter:data2\" content=\"3 minutes\" \/>\n<script type=\"application\/ld+json\" class=\"yoast-schema-graph\">{\"@context\":\"https:\/\/schema.org\",\"@graph\":[{\"@type\":\"WebSite\",\"@id\":\"https:\/\/www.nettali.com\/#website\",\"url\":\"https:\/\/www.nettali.com\/\",\"name\":\"Nettali.com\",\"description\":\"Le rendez-vous critique du Net\",\"potentialAction\":[{\"@type\":\"SearchAction\",\"target\":{\"@type\":\"EntryPoint\",\"urlTemplate\":\"https:\/\/www.nettali.com\/?s={search_term_string}\"},\"query-input\":\"required name=search_term_string\"}],\"inLanguage\":\"fr-FR\"},{\"@type\":\"ImageObject\",\"@id\":\"https:\/\/www.nettali.com\/2026\/04\/28\/reformes-institutionnelles-portees-par-lexectif-sidy-alpha-ndiaye-en-explique-la-coherence\/#primaryimage\",\"inLanguage\":\"fr-FR\",\"url\":\"https:\/\/www.nettali.com\/wp-content\/uploads\/2026\/04\/hq720-1.jpg\",\"contentUrl\":\"https:\/\/www.nettali.com\/wp-content\/uploads\/2026\/04\/hq720-1.jpg\",\"width\":686,\"height\":386},{\"@type\":\"WebPage\",\"@id\":\"https:\/\/www.nettali.com\/2026\/04\/28\/reformes-institutionnelles-portees-par-lexectif-sidy-alpha-ndiaye-en-explique-la-coherence\/#webpage\",\"url\":\"https:\/\/www.nettali.com\/2026\/04\/28\/reformes-institutionnelles-portees-par-lexectif-sidy-alpha-ndiaye-en-explique-la-coherence\/\",\"name\":\"REFORMES INSTITUTIONNELLES PORTEES PAR L'EXECTIF - Sidy Alpha Ndiaye en explique la coh\\u00e9rence | Nettali.com\",\"isPartOf\":{\"@id\":\"https:\/\/www.nettali.com\/#website\"},\"primaryImageOfPage\":{\"@id\":\"https:\/\/www.nettali.com\/2026\/04\/28\/reformes-institutionnelles-portees-par-lexectif-sidy-alpha-ndiaye-en-explique-la-coherence\/#primaryimage\"},\"datePublished\":\"2026-04-28T11:14:45+00:00\",\"dateModified\":\"2026-04-28T06:40:46+00:00\",\"author\":{\"@id\":\"https:\/\/www.nettali.com\/#\/schema\/person\/d8ac7b7e27ddad43f1c0d2ef090d7f71\"},\"breadcrumb\":{\"@id\":\"https:\/\/www.nettali.com\/2026\/04\/28\/reformes-institutionnelles-portees-par-lexectif-sidy-alpha-ndiaye-en-explique-la-coherence\/#breadcrumb\"},\"inLanguage\":\"fr-FR\",\"potentialAction\":[{\"@type\":\"ReadAction\",\"target\":[\"https:\/\/www.nettali.com\/2026\/04\/28\/reformes-institutionnelles-portees-par-lexectif-sidy-alpha-ndiaye-en-explique-la-coherence\/\"]}]},{\"@type\":\"BreadcrumbList\",\"@id\":\"https:\/\/www.nettali.com\/2026\/04\/28\/reformes-institutionnelles-portees-par-lexectif-sidy-alpha-ndiaye-en-explique-la-coherence\/#breadcrumb\",\"itemListElement\":[{\"@type\":\"ListItem\",\"position\":1,\"name\":\"Accueil\",\"item\":\"https:\/\/www.nettali.com\/\"},{\"@type\":\"ListItem\",\"position\":2,\"name\":\"REFORMES INSTITUTIONNELLES PORTEES PAR L'EXECTIF - Sidy Alpha Ndiaye en explique la coh\\u00e9rence\"}]},{\"@type\":\"Person\",\"@id\":\"https:\/\/www.nettali.com\/#\/schema\/person\/d8ac7b7e27ddad43f1c0d2ef090d7f71\",\"name\":\"CK\",\"image\":{\"@type\":\"ImageObject\",\"@id\":\"https:\/\/www.nettali.com\/#personlogo\",\"inLanguage\":\"fr-FR\",\"url\":\"https:\/\/secure.gravatar.com\/avatar\/1d8d5118b9327d94da7cd4ce7f17fec2?s=96&d=mm&r=g\",\"contentUrl\":\"https:\/\/secure.gravatar.com\/avatar\/1d8d5118b9327d94da7cd4ce7f17fec2?s=96&d=mm&r=g\",\"caption\":\"CK\"},\"sameAs\":[\"https:\/\/www.nettali.com\"]}]}<\/script>\n<!-- \/ Yoast SEO Premium plugin. -->","yoast_head_json":{"title":"REFORMES INSTITUTIONNELLES PORTEES PAR L'EXECTIF - Sidy Alpha Ndiaye en explique la coh\u00e9rence | Nettali.com","robots":{"index":"index","follow":"follow","max-snippet":"max-snippet:-1","max-image-preview":"max-image-preview:large","max-video-preview":"max-video-preview:-1"},"canonical":"https:\/\/www.nettali.com\/2026\/04\/28\/reformes-institutionnelles-portees-par-lexectif-sidy-alpha-ndiaye-en-explique-la-coherence\/","og_locale":"fr_FR","og_type":"article","og_title":"REFORMES INSTITUTIONNELLES PORTEES PAR L'EXECTIF - Sidy Alpha Ndiaye en explique la coh\u00e9rence","og_description":"NETTALI.COM - Invit\u00e9 du Journal T\u00e9l\u00e9vis\u00e9 de 20h de la RTS ce soir, le ministre conseiller juridique et directeur de cabinet adjoint du Pr\u00e9sident de la R\u00e9publique, Sidy Alpha Ndiaye, est revenu en d\u00e9tail sur les quatre avant-projets de loi issus des r\u00e9formes institutionnelles initi\u00e9s par le pr\u00e9sident de la r\u00e9publique. Il a vendu une [&hellip;]","og_url":"https:\/\/www.nettali.com\/2026\/04\/28\/reformes-institutionnelles-portees-par-lexectif-sidy-alpha-ndiaye-en-explique-la-coherence\/","og_site_name":"Nettali.com","article_publisher":"https:\/\/www.facebook.com\/nettalicom","article_published_time":"2026-04-28T11:14:45+00:00","article_modified_time":"2026-04-28T06:40:46+00:00","og_image":[{"width":686,"height":386,"url":"https:\/\/www.nettali.com\/wp-content\/uploads\/2026\/04\/hq720-1.jpg","type":"image\/jpeg"}],"twitter_card":"summary_large_image","twitter_misc":{"\u00c9crit par":"CK","Dur\u00e9e de lecture estim\u00e9e":"3 minutes"},"schema":{"@context":"https:\/\/schema.org","@graph":[{"@type":"WebSite","@id":"https:\/\/www.nettali.com\/#website","url":"https:\/\/www.nettali.com\/","name":"Nettali.com","description":"Le rendez-vous critique du Net","potentialAction":[{"@type":"SearchAction","target":{"@type":"EntryPoint","urlTemplate":"https:\/\/www.nettali.com\/?s={search_term_string}"},"query-input":"required name=search_term_string"}],"inLanguage":"fr-FR"},{"@type":"ImageObject","@id":"https:\/\/www.nettali.com\/2026\/04\/28\/reformes-institutionnelles-portees-par-lexectif-sidy-alpha-ndiaye-en-explique-la-coherence\/#primaryimage","inLanguage":"fr-FR","url":"https:\/\/www.nettali.com\/wp-content\/uploads\/2026\/04\/hq720-1.jpg","contentUrl":"https:\/\/www.nettali.com\/wp-content\/uploads\/2026\/04\/hq720-1.jpg","width":686,"height":386},{"@type":"WebPage","@id":"https:\/\/www.nettali.com\/2026\/04\/28\/reformes-institutionnelles-portees-par-lexectif-sidy-alpha-ndiaye-en-explique-la-coherence\/#webpage","url":"https:\/\/www.nettali.com\/2026\/04\/28\/reformes-institutionnelles-portees-par-lexectif-sidy-alpha-ndiaye-en-explique-la-coherence\/","name":"REFORMES INSTITUTIONNELLES PORTEES PAR L'EXECTIF - Sidy Alpha Ndiaye en explique la coh\u00e9rence | Nettali.com","isPartOf":{"@id":"https:\/\/www.nettali.com\/#website"},"primaryImageOfPage":{"@id":"https:\/\/www.nettali.com\/2026\/04\/28\/reformes-institutionnelles-portees-par-lexectif-sidy-alpha-ndiaye-en-explique-la-coherence\/#primaryimage"},"datePublished":"2026-04-28T11:14:45+00:00","dateModified":"2026-04-28T06:40:46+00:00","author":{"@id":"https:\/\/www.nettali.com\/#\/schema\/person\/d8ac7b7e27ddad43f1c0d2ef090d7f71"},"breadcrumb":{"@id":"https:\/\/www.nettali.com\/2026\/04\/28\/reformes-institutionnelles-portees-par-lexectif-sidy-alpha-ndiaye-en-explique-la-coherence\/#breadcrumb"},"inLanguage":"fr-FR","potentialAction":[{"@type":"ReadAction","target":["https:\/\/www.nettali.com\/2026\/04\/28\/reformes-institutionnelles-portees-par-lexectif-sidy-alpha-ndiaye-en-explique-la-coherence\/"]}]},{"@type":"BreadcrumbList","@id":"https:\/\/www.nettali.com\/2026\/04\/28\/reformes-institutionnelles-portees-par-lexectif-sidy-alpha-ndiaye-en-explique-la-coherence\/#breadcrumb","itemListElement":[{"@type":"ListItem","position":1,"name":"Accueil","item":"https:\/\/www.nettali.com\/"},{"@type":"ListItem","position":2,"name":"REFORMES INSTITUTIONNELLES PORTEES PAR L'EXECTIF - Sidy Alpha Ndiaye en explique la coh\u00e9rence"}]},{"@type":"Person","@id":"https:\/\/www.nettali.com\/#\/schema\/person\/d8ac7b7e27ddad43f1c0d2ef090d7f71","name":"CK","image":{"@type":"ImageObject","@id":"https:\/\/www.nettali.com\/#personlogo","inLanguage":"fr-FR","url":"https:\/\/secure.gravatar.com\/avatar\/1d8d5118b9327d94da7cd4ce7f17fec2?s=96&d=mm&r=g","contentUrl":"https:\/\/secure.gravatar.com\/avatar\/1d8d5118b9327d94da7cd4ce7f17fec2?s=96&d=mm&r=g","caption":"CK"},"sameAs":["https:\/\/www.nettali.com"]}]}},"_links":{"self":[{"href":"https:\/\/www.nettali.com\/rest\/wp\/v2\/posts\/172906"}],"collection":[{"href":"https:\/\/www.nettali.com\/rest\/wp\/v2\/posts"}],"about":[{"href":"https:\/\/www.nettali.com\/rest\/wp\/v2\/types\/post"}],"author":[{"embeddable":true,"href":"https:\/\/www.nettali.com\/rest\/wp\/v2\/users\/2"}],"replies":[{"embeddable":true,"href":"https:\/\/www.nettali.com\/rest\/wp\/v2\/comments?post=172906"}],"version-history":[{"count":1,"href":"https:\/\/www.nettali.com\/rest\/wp\/v2\/posts\/172906\/revisions"}],"predecessor-version":[{"id":172908,"href":"https:\/\/www.nettali.com\/rest\/wp\/v2\/posts\/172906\/revisions\/172908"}],"wp:featuredmedia":[{"embeddable":true,"href":"https:\/\/www.nettali.com\/rest\/wp\/v2\/media\/172907"}],"wp:attachment":[{"href":"https:\/\/www.nettali.com\/rest\/wp\/v2\/media?parent=172906"}],"wp:term":[{"taxonomy":"category","embeddable":true,"href":"https:\/\/www.nettali.com\/rest\/wp\/v2\/categories?post=172906"},{"taxonomy":"post_tag","embeddable":true,"href":"https:\/\/www.nettali.com\/rest\/wp\/v2\/tags?post=172906"}],"curies":[{"name":"wp","href":"https:\/\/api.w.org\/{rel}","templated":true}]}}