{"id":172897,"date":"2026-04-27T23:47:28","date_gmt":"2026-04-27T23:47:28","guid":{"rendered":"https:\/\/www.nettali.com\/?p=172897"},"modified":"2026-04-28T06:09:26","modified_gmt":"2026-04-28T06:09:26","slug":"proposition-de-loi-de-pastef-me-abdoulaye-tine-critique-une-procedure-durgence-jugee-injustifiee","status":"publish","type":"post","link":"https:\/\/www.nettali.com\/2026\/04\/27\/proposition-de-loi-de-pastef-me-abdoulaye-tine-critique-une-procedure-durgence-jugee-injustifiee\/","title":{"rendered":"PROPOSITION DE LOI DE PASTEF - Me Abdoulaye Tine critique une proc\u00e9dure \"d\u2019urgence\" jug\u00e9e injustifi\u00e9e"},"content":{"rendered":"<p><strong>NETTALI.COM - Lors de la conf\u00e9rence de la coalition Diomaye-Pr\u00e9sident, l\u2019avocat marque sa diff\u00e9rence sur la m\u00e9thode, tout en soutenant le principe des r\u00e9formes.<\/strong><\/p>\n<p>La conf\u00e9rence de presse de la coalition Diomaye-Pr\u00e9sident a r\u00e9v\u00e9l\u00e9 des nuances au sein m\u00eame du camp pr\u00e9sidentiel. Prenant la parole apr\u00e8s Aminata Tour\u00e9, Me Abdoulaye Tine a exprim\u00e9 des r\u00e9serves sur la m\u00e9thode adopt\u00e9e pour la modification des articles L.29 et L.30 du Code \u00e9lectoral.<\/p>\n<p>S\u2019il dit adh\u00e9rer au fond des r\u00e9formes, notamment la volont\u00e9 de mettre fin \u00e0 l\u2019instrumentalisation de la justice \u00e0 des fins politiques, l\u2019avocat conteste en revanche le recours \u00e0 une proc\u00e9dure d\u2019urgence.<\/p>\n<p>Me Tine ne remet pas en cause l\u2019objectif des r\u00e9formes. Pour lui, les changements propos\u00e9s s\u2019inscrivent dans une logique n\u00e9cessaire de correction des d\u00e9rives pass\u00e9es.<\/p>\n<p>Mais il estime que la m\u00e9thode choisie rompt avec l\u2019esprit de consensus qui avait guid\u00e9 les pr\u00e9c\u00e9dents cadres de concertation. <em>\u00ab Le probl\u00e8me n\u2019est pas le contenu, mais la d\u00e9marche \u00bb,<\/em> r\u00e9sume en substance sa position.<\/p>\n<p>Pour appuyer sa prise de position, l\u2019avocat a rappel\u00e9 son engagement politique et juridique dans les luttes d\u00e9mocratiques r\u00e9centes.<\/p>\n<p>Ancien membre du mouvement M23, il souligne avoir combattu aux c\u00f4t\u00e9s de plusieurs figures de l\u2019opposition, dont Aminata Tour\u00e9, \u00e0 une p\u00e9riode marqu\u00e9e par des tensions politiques fortes.<\/p>\n<p>Il rappelle \u00e9galement avoir saisi la Cour de justice de la CEDEAO contre la loi sur le parrainage en 2018-2019, notamment sur la question de l\u2019urgence l\u00e9gislative.<\/p>\n<p>C\u2019est pr\u00e9cis\u00e9ment sur ce point que Me Tine concentre ses critiques. Le gouvernement invoque l\u2019urgence pour acc\u00e9l\u00e9rer l\u2019adoption des modifications du Code \u00e9lectoral.<\/p>\n<p>Or, selon lui, cette justification ne tient pas juridiquement.<\/p>\n<p>La prochaine \u00e9lection pr\u00e9sidentielle \u00e9tant pr\u00e9vue en 2027, il estime qu\u2019aucune contrainte de calendrier ne justifie de d\u00e9roger aux proc\u00e9dures classiques de concertation.<\/p>\n<p>Pour l\u2019avocat, l\u2019usage de l\u2019urgence appara\u00eet donc comme discutable, voire infond\u00e9, au regard des standards juridiques.<\/p>\n<p>Autre point de friction : l\u2019absence, selon lui, d\u2019une implication suffisante de l\u2019opposition et de la soci\u00e9t\u00e9 civile.<\/p>\n<p>Me Tine rappelle que les r\u00e9formes du syst\u00e8me \u00e9lectoral figuraient d\u00e9j\u00e0 dans les recommandations issues des Assises de la justice (2024) et du Dialogue national sur le syst\u00e8me politique (2025). \u00ab La voie \u00e9tait trac\u00e9e \u00bb, affirme-t-il.<\/p>\n<p>D\u00e8s lors, il s\u2019interroge sur les raisons ayant conduit \u00e0 s\u2019\u00e9carter de cette dynamique consensuelle au moment de la traduction l\u00e9gislative.<\/p>\n<p>Cette prise de position met en lumi\u00e8re une r\u00e9alit\u00e9 politique : m\u00eame au sein de la coalition au pouvoir, l\u2019unanimit\u00e9 n\u2019est pas totale sur la conduite des r\u00e9formes.<\/p>\n<p>Entre volont\u00e9 d\u2019aller vite et exigence de consensus, une ligne de fracture appara\u00eet.<\/p>\n<p>Au-del\u00e0 de la controverse juridique, le d\u00e9bat porte sur une question centrale : \u00a0comment r\u00e9former sans fragiliser la confiance politique ?<\/p>\n<p>Pour Me Tine, le risque est clair : substituer une logique unilat\u00e9rale \u00e0 un processus collectif pourrait affaiblir la l\u00e9gitimit\u00e9 des r\u00e9formes, pourtant largement partag\u00e9es sur le fond.<\/p>\n<p>&nbsp;<\/p>\n<div class='share-to-whatsapp-wrapper'><div class='share-on-whsp'>PARTAGER SUR : <\/div><a data-text='PROPOSITION DE LOI DE PASTEF - Me Abdoulaye Tine critique une proc\u00e9dure \"d\u2019urgence\" jug\u00e9e injustifi\u00e9e' data-link='https:\/\/www.nettali.com\/2026\/04\/27\/proposition-de-loi-de-pastef-me-abdoulaye-tine-critique-une-procedure-durgence-jugee-injustifiee\/' class='whatsapp-button whatsapp-share'>WhatsApp<\/a><div class='clear '><\/div><\/div>","protected":false},"excerpt":{"rendered":"<p>NETTALI.COM - Lors de la conf\u00e9rence de la coalition Diomaye-Pr\u00e9sident, l\u2019avocat marque sa diff\u00e9rence sur la m\u00e9thode, tout en soutenant le principe des r\u00e9formes. La conf\u00e9rence de presse de la coalition Diomaye-Pr\u00e9sident a r\u00e9v\u00e9l\u00e9 des nuances au sein m\u00eame du camp pr\u00e9sidentiel. Prenant la parole apr\u00e8s Aminata Tour\u00e9, Me Abdoulaye Tine a exprim\u00e9 des r\u00e9serves [&hellip;]<\/p>\n","protected":false},"author":4,"featured_media":147537,"comment_status":"open","ping_status":"open","sticky":true,"template":"","format":"standard","meta":{"_et_pb_use_builder":"","_et_pb_old_content":""},"categories":[2],"tags":[],"yoast_head":"<!-- This site is optimized with the Yoast SEO Premium plugin v17.8 (Yoast SEO v17.8) - https:\/\/yoast.com\/wordpress\/plugins\/seo\/ -->\n<title>PROPOSITION DE LOI DE PASTEF - Me Abdoulaye Tine critique une proc\u00e9dure &quot;d\u2019urgence&quot; jug\u00e9e injustifi\u00e9e | Nettali.com<\/title>\n<meta name=\"robots\" content=\"index, follow, max-snippet:-1, max-image-preview:large, max-video-preview:-1\" \/>\n<link rel=\"canonical\" href=\"https:\/\/www.nettali.com\/2026\/04\/27\/proposition-de-loi-de-pastef-me-abdoulaye-tine-critique-une-procedure-durgence-jugee-injustifiee\/\" \/>\n<meta property=\"og:locale\" content=\"fr_FR\" \/>\n<meta property=\"og:type\" content=\"article\" \/>\n<meta property=\"og:title\" content=\"PROPOSITION DE LOI DE PASTEF - Me Abdoulaye Tine critique une proc\u00e9dure &quot;d\u2019urgence&quot; jug\u00e9e injustifi\u00e9e\" \/>\n<meta property=\"og:description\" content=\"NETTALI.COM - Lors de la conf\u00e9rence de la coalition Diomaye-Pr\u00e9sident, l\u2019avocat marque sa diff\u00e9rence sur la m\u00e9thode, tout en soutenant le principe des r\u00e9formes. La conf\u00e9rence de presse de la coalition Diomaye-Pr\u00e9sident a r\u00e9v\u00e9l\u00e9 des nuances au sein m\u00eame du camp pr\u00e9sidentiel. Prenant la parole apr\u00e8s Aminata Tour\u00e9, Me Abdoulaye Tine a exprim\u00e9 des r\u00e9serves [&hellip;]\" \/>\n<meta property=\"og:url\" content=\"https:\/\/www.nettali.com\/2026\/04\/27\/proposition-de-loi-de-pastef-me-abdoulaye-tine-critique-une-procedure-durgence-jugee-injustifiee\/\" \/>\n<meta property=\"og:site_name\" content=\"Nettali.com\" \/>\n<meta property=\"article:publisher\" content=\"https:\/\/www.facebook.com\/nettalicom\" \/>\n<meta property=\"article:published_time\" content=\"2026-04-27T23:47:28+00:00\" \/>\n<meta property=\"article:modified_time\" content=\"2026-04-28T06:09:26+00:00\" \/>\n<meta property=\"og:image\" content=\"https:\/\/www.nettali.com\/wp-content\/uploads\/2025\/01\/Me-Abdoulaye-Tine.jpg\" \/>\n\t<meta property=\"og:image:width\" content=\"650\" \/>\n\t<meta property=\"og:image:height\" content=\"487\" \/>\n<meta name=\"twitter:card\" content=\"summary_large_image\" \/>\n<meta name=\"twitter:label1\" content=\"\u00c9crit par\" \/>\n\t<meta name=\"twitter:data1\" content=\"Daouda\" \/>\n\t<meta name=\"twitter:label2\" content=\"Dur\u00e9e de lecture estim\u00e9e\" \/>\n\t<meta name=\"twitter:data2\" content=\"3 minutes\" \/>\n<script type=\"application\/ld+json\" class=\"yoast-schema-graph\">{\"@context\":\"https:\/\/schema.org\",\"@graph\":[{\"@type\":\"WebSite\",\"@id\":\"https:\/\/www.nettali.com\/#website\",\"url\":\"https:\/\/www.nettali.com\/\",\"name\":\"Nettali.com\",\"description\":\"Le rendez-vous critique du Net\",\"potentialAction\":[{\"@type\":\"SearchAction\",\"target\":{\"@type\":\"EntryPoint\",\"urlTemplate\":\"https:\/\/www.nettali.com\/?s={search_term_string}\"},\"query-input\":\"required name=search_term_string\"}],\"inLanguage\":\"fr-FR\"},{\"@type\":\"ImageObject\",\"@id\":\"https:\/\/www.nettali.com\/2026\/04\/27\/proposition-de-loi-de-pastef-me-abdoulaye-tine-critique-une-procedure-durgence-jugee-injustifiee\/#primaryimage\",\"inLanguage\":\"fr-FR\",\"url\":\"https:\/\/www.nettali.com\/wp-content\/uploads\/2025\/01\/Me-Abdoulaye-Tine.jpg\",\"contentUrl\":\"https:\/\/www.nettali.com\/wp-content\/uploads\/2025\/01\/Me-Abdoulaye-Tine.jpg\",\"width\":650,\"height\":487},{\"@type\":\"WebPage\",\"@id\":\"https:\/\/www.nettali.com\/2026\/04\/27\/proposition-de-loi-de-pastef-me-abdoulaye-tine-critique-une-procedure-durgence-jugee-injustifiee\/#webpage\",\"url\":\"https:\/\/www.nettali.com\/2026\/04\/27\/proposition-de-loi-de-pastef-me-abdoulaye-tine-critique-une-procedure-durgence-jugee-injustifiee\/\",\"name\":\"PROPOSITION DE LOI DE PASTEF - Me Abdoulaye Tine critique une proc\\u00e9dure \\\"d\\u2019urgence\\\" jug\\u00e9e injustifi\\u00e9e | Nettali.com\",\"isPartOf\":{\"@id\":\"https:\/\/www.nettali.com\/#website\"},\"primaryImageOfPage\":{\"@id\":\"https:\/\/www.nettali.com\/2026\/04\/27\/proposition-de-loi-de-pastef-me-abdoulaye-tine-critique-une-procedure-durgence-jugee-injustifiee\/#primaryimage\"},\"datePublished\":\"2026-04-27T23:47:28+00:00\",\"dateModified\":\"2026-04-28T06:09:26+00:00\",\"author\":{\"@id\":\"https:\/\/www.nettali.com\/#\/schema\/person\/3317e0bb3aa1da309fbf7b2780901bf4\"},\"breadcrumb\":{\"@id\":\"https:\/\/www.nettali.com\/2026\/04\/27\/proposition-de-loi-de-pastef-me-abdoulaye-tine-critique-une-procedure-durgence-jugee-injustifiee\/#breadcrumb\"},\"inLanguage\":\"fr-FR\",\"potentialAction\":[{\"@type\":\"ReadAction\",\"target\":[\"https:\/\/www.nettali.com\/2026\/04\/27\/proposition-de-loi-de-pastef-me-abdoulaye-tine-critique-une-procedure-durgence-jugee-injustifiee\/\"]}]},{\"@type\":\"BreadcrumbList\",\"@id\":\"https:\/\/www.nettali.com\/2026\/04\/27\/proposition-de-loi-de-pastef-me-abdoulaye-tine-critique-une-procedure-durgence-jugee-injustifiee\/#breadcrumb\",\"itemListElement\":[{\"@type\":\"ListItem\",\"position\":1,\"name\":\"Accueil\",\"item\":\"https:\/\/www.nettali.com\/\"},{\"@type\":\"ListItem\",\"position\":2,\"name\":\"PROPOSITION DE LOI DE PASTEF - Me Abdoulaye Tine critique une proc\\u00e9dure \\\"d\\u2019urgence\\\" jug\\u00e9e injustifi\\u00e9e\"}]},{\"@type\":\"Person\",\"@id\":\"https:\/\/www.nettali.com\/#\/schema\/person\/3317e0bb3aa1da309fbf7b2780901bf4\",\"name\":\"Daouda\",\"image\":{\"@type\":\"ImageObject\",\"@id\":\"https:\/\/www.nettali.com\/#personlogo\",\"inLanguage\":\"fr-FR\",\"url\":\"https:\/\/secure.gravatar.com\/avatar\/8d143b5a49345098ddcfee1c49c2f47c?s=96&d=mm&r=g\",\"contentUrl\":\"https:\/\/secure.gravatar.com\/avatar\/8d143b5a49345098ddcfee1c49c2f47c?s=96&d=mm&r=g\",\"caption\":\"Daouda\"},\"sameAs\":[\"https:\/\/www.nettali.com\"]}]}<\/script>\n<!-- \/ Yoast SEO Premium plugin. -->","yoast_head_json":{"title":"PROPOSITION DE LOI DE PASTEF - Me Abdoulaye Tine critique une proc\u00e9dure \"d\u2019urgence\" jug\u00e9e injustifi\u00e9e | Nettali.com","robots":{"index":"index","follow":"follow","max-snippet":"max-snippet:-1","max-image-preview":"max-image-preview:large","max-video-preview":"max-video-preview:-1"},"canonical":"https:\/\/www.nettali.com\/2026\/04\/27\/proposition-de-loi-de-pastef-me-abdoulaye-tine-critique-une-procedure-durgence-jugee-injustifiee\/","og_locale":"fr_FR","og_type":"article","og_title":"PROPOSITION DE LOI DE PASTEF - Me Abdoulaye Tine critique une proc\u00e9dure \"d\u2019urgence\" jug\u00e9e injustifi\u00e9e","og_description":"NETTALI.COM - Lors de la conf\u00e9rence de la coalition Diomaye-Pr\u00e9sident, l\u2019avocat marque sa diff\u00e9rence sur la m\u00e9thode, tout en soutenant le principe des r\u00e9formes. La conf\u00e9rence de presse de la coalition Diomaye-Pr\u00e9sident a r\u00e9v\u00e9l\u00e9 des nuances au sein m\u00eame du camp pr\u00e9sidentiel. Prenant la parole apr\u00e8s Aminata Tour\u00e9, Me Abdoulaye Tine a exprim\u00e9 des r\u00e9serves [&hellip;]","og_url":"https:\/\/www.nettali.com\/2026\/04\/27\/proposition-de-loi-de-pastef-me-abdoulaye-tine-critique-une-procedure-durgence-jugee-injustifiee\/","og_site_name":"Nettali.com","article_publisher":"https:\/\/www.facebook.com\/nettalicom","article_published_time":"2026-04-27T23:47:28+00:00","article_modified_time":"2026-04-28T06:09:26+00:00","og_image":[{"width":650,"height":487,"url":"https:\/\/www.nettali.com\/wp-content\/uploads\/2025\/01\/Me-Abdoulaye-Tine.jpg","type":"image\/jpeg"}],"twitter_card":"summary_large_image","twitter_misc":{"\u00c9crit par":"Daouda","Dur\u00e9e de lecture estim\u00e9e":"3 minutes"},"schema":{"@context":"https:\/\/schema.org","@graph":[{"@type":"WebSite","@id":"https:\/\/www.nettali.com\/#website","url":"https:\/\/www.nettali.com\/","name":"Nettali.com","description":"Le rendez-vous critique du Net","potentialAction":[{"@type":"SearchAction","target":{"@type":"EntryPoint","urlTemplate":"https:\/\/www.nettali.com\/?s={search_term_string}"},"query-input":"required name=search_term_string"}],"inLanguage":"fr-FR"},{"@type":"ImageObject","@id":"https:\/\/www.nettali.com\/2026\/04\/27\/proposition-de-loi-de-pastef-me-abdoulaye-tine-critique-une-procedure-durgence-jugee-injustifiee\/#primaryimage","inLanguage":"fr-FR","url":"https:\/\/www.nettali.com\/wp-content\/uploads\/2025\/01\/Me-Abdoulaye-Tine.jpg","contentUrl":"https:\/\/www.nettali.com\/wp-content\/uploads\/2025\/01\/Me-Abdoulaye-Tine.jpg","width":650,"height":487},{"@type":"WebPage","@id":"https:\/\/www.nettali.com\/2026\/04\/27\/proposition-de-loi-de-pastef-me-abdoulaye-tine-critique-une-procedure-durgence-jugee-injustifiee\/#webpage","url":"https:\/\/www.nettali.com\/2026\/04\/27\/proposition-de-loi-de-pastef-me-abdoulaye-tine-critique-une-procedure-durgence-jugee-injustifiee\/","name":"PROPOSITION DE LOI DE PASTEF - Me Abdoulaye Tine critique une proc\u00e9dure \"d\u2019urgence\" jug\u00e9e injustifi\u00e9e | Nettali.com","isPartOf":{"@id":"https:\/\/www.nettali.com\/#website"},"primaryImageOfPage":{"@id":"https:\/\/www.nettali.com\/2026\/04\/27\/proposition-de-loi-de-pastef-me-abdoulaye-tine-critique-une-procedure-durgence-jugee-injustifiee\/#primaryimage"},"datePublished":"2026-04-27T23:47:28+00:00","dateModified":"2026-04-28T06:09:26+00:00","author":{"@id":"https:\/\/www.nettali.com\/#\/schema\/person\/3317e0bb3aa1da309fbf7b2780901bf4"},"breadcrumb":{"@id":"https:\/\/www.nettali.com\/2026\/04\/27\/proposition-de-loi-de-pastef-me-abdoulaye-tine-critique-une-procedure-durgence-jugee-injustifiee\/#breadcrumb"},"inLanguage":"fr-FR","potentialAction":[{"@type":"ReadAction","target":["https:\/\/www.nettali.com\/2026\/04\/27\/proposition-de-loi-de-pastef-me-abdoulaye-tine-critique-une-procedure-durgence-jugee-injustifiee\/"]}]},{"@type":"BreadcrumbList","@id":"https:\/\/www.nettali.com\/2026\/04\/27\/proposition-de-loi-de-pastef-me-abdoulaye-tine-critique-une-procedure-durgence-jugee-injustifiee\/#breadcrumb","itemListElement":[{"@type":"ListItem","position":1,"name":"Accueil","item":"https:\/\/www.nettali.com\/"},{"@type":"ListItem","position":2,"name":"PROPOSITION DE LOI DE PASTEF - Me Abdoulaye Tine critique une proc\u00e9dure \"d\u2019urgence\" jug\u00e9e injustifi\u00e9e"}]},{"@type":"Person","@id":"https:\/\/www.nettali.com\/#\/schema\/person\/3317e0bb3aa1da309fbf7b2780901bf4","name":"Daouda","image":{"@type":"ImageObject","@id":"https:\/\/www.nettali.com\/#personlogo","inLanguage":"fr-FR","url":"https:\/\/secure.gravatar.com\/avatar\/8d143b5a49345098ddcfee1c49c2f47c?s=96&d=mm&r=g","contentUrl":"https:\/\/secure.gravatar.com\/avatar\/8d143b5a49345098ddcfee1c49c2f47c?s=96&d=mm&r=g","caption":"Daouda"},"sameAs":["https:\/\/www.nettali.com"]}]}},"_links":{"self":[{"href":"https:\/\/www.nettali.com\/rest\/wp\/v2\/posts\/172897"}],"collection":[{"href":"https:\/\/www.nettali.com\/rest\/wp\/v2\/posts"}],"about":[{"href":"https:\/\/www.nettali.com\/rest\/wp\/v2\/types\/post"}],"author":[{"embeddable":true,"href":"https:\/\/www.nettali.com\/rest\/wp\/v2\/users\/4"}],"replies":[{"embeddable":true,"href":"https:\/\/www.nettali.com\/rest\/wp\/v2\/comments?post=172897"}],"version-history":[{"count":2,"href":"https:\/\/www.nettali.com\/rest\/wp\/v2\/posts\/172897\/revisions"}],"predecessor-version":[{"id":172901,"href":"https:\/\/www.nettali.com\/rest\/wp\/v2\/posts\/172897\/revisions\/172901"}],"wp:featuredmedia":[{"embeddable":true,"href":"https:\/\/www.nettali.com\/rest\/wp\/v2\/media\/147537"}],"wp:attachment":[{"href":"https:\/\/www.nettali.com\/rest\/wp\/v2\/media?parent=172897"}],"wp:term":[{"taxonomy":"category","embeddable":true,"href":"https:\/\/www.nettali.com\/rest\/wp\/v2\/categories?post=172897"},{"taxonomy":"post_tag","embeddable":true,"href":"https:\/\/www.nettali.com\/rest\/wp\/v2\/tags?post=172897"}],"curies":[{"name":"wp","href":"https:\/\/api.w.org\/{rel}","templated":true}]}}