{"id":172895,"date":"2026-04-27T22:42:34","date_gmt":"2026-04-27T22:42:34","guid":{"rendered":"https:\/\/www.nettali.com\/?p=172895"},"modified":"2026-04-28T06:10:25","modified_gmt":"2026-04-28T06:10:25","slug":"reformes-institutionnelles-aminata-toure-defend-un-processus-inclusif-et-concerte-et-explique-le-role-del-malick-et-ayib-daffe","status":"publish","type":"post","link":"https:\/\/www.nettali.com\/2026\/04\/27\/reformes-institutionnelles-aminata-toure-defend-un-processus-inclusif-et-concerte-et-explique-le-role-del-malick-et-ayib-daffe\/","title":{"rendered":"R\u00c9FORMES INSTITUTIONNELLES - Aminata Tour\u00e9 d\u00e9fend un processus \"inclusif et concert\u00e9\" et explique le r\u00f4le d\u2019El Malick et Ayib Daff\u00e9"},"content":{"rendered":"<p><strong>NETTALI.COM - Lors d\u2019une conf\u00e9rence de presse, la coalition Diomaye-Pr\u00e9sident a insist\u00e9 sur l\u2019implication de tous les acteurs, y compris du Parlement, dans l\u2019\u00e9laboration des avant-projets de loi.<\/strong><\/p>\n<p>La conf\u00e9rence de presse de la coalition Diomaye-Pr\u00e9sident a \u00e9t\u00e9 marqu\u00e9e par une prise de parole d\u2019Aminata Tour\u00e9, venue d\u00e9fendre la d\u00e9marche ayant conduit aux r\u00e9formes institutionnelles en cours. L\u2019ancienne Premi\u00e8re ministre a notamment tenu \u00e0 lever toute ambigu\u00eft\u00e9 sur le processus d\u2019\u00e9laboration des textes.<\/p>\n<p>Face aux journalistes, elle a insist\u00e9 sur le caract\u00e8re inclusif et participatif des r\u00e9formes engag\u00e9es par le pr\u00e9sident Bassirou Diomaye Faye, soulignant leur ancrage dans la tradition s\u00e9n\u00e9galaise du dialogue politique.<\/p>\n<p>Selon Aminata Tour\u00e9, les avant-projets de loi sont le fruit d\u2019un travail entam\u00e9 depuis plusieurs mois, \u00e0 travers deux cadres majeurs de concertation\u00a0: les Assises de la justice (2024) et le Dialogue national sur le syst\u00e8me politique (2025).<\/p>\n<p>Ces rencontres ont permis, d\u2019apr\u00e8s elle, de d\u00e9gager des recommandations largement partag\u00e9es par les acteurs politiques, la soci\u00e9t\u00e9 civile et les diff\u00e9rentes forces vives.<\/p>\n<p><em>\u00ab Nous sommes dans une d\u00e9marche de consensus \u00bb<\/em>, a-t-elle d\u00e9fendu, rejetant toute id\u00e9e de r\u00e9forme impos\u00e9e.<\/p>\n<p>L\u2019un des points centraux de son intervention a port\u00e9 sur le r\u00f4le du Parlement dans la pr\u00e9paration des textes.<\/p>\n<p>Aminata Tour\u00e9 a affirm\u00e9 que le pr\u00e9sident de l\u2019Assembl\u00e9e nationale, El Malick Ndiaye, ainsi que le pr\u00e9sident du groupe parlementaire, Ayib Daff\u00e9, ont \u00e9t\u00e9 directement impliqu\u00e9s dans le processus, notamment \u00e0 travers un comit\u00e9 de relecture.<\/p>\n<p>\u00ab Ils sont parfaitement inform\u00e9s et impliqu\u00e9s depuis le d\u00e9but \u00bb, a-t-elle insist\u00e9.<\/p>\n<p>Pour elle, cette participation d\u00e9montre que les r\u00e9formes ne sont pas le produit d\u2019une initiative isol\u00e9e de l\u2019ex\u00e9cutif, mais bien d\u2019un travail collectif.<\/p>\n<p>\u00ab Ce n\u2019est pas un travail enferm\u00e9 dans un bureau \u00bb, a-t-elle martel\u00e9.<\/p>\n<p>Aminata Tour\u00e9 a rappel\u00e9 les principaux axes des r\u00e9formes engag\u00e9es :<\/p>\n<ul>\n<li>la <strong>r\u00e9vision de la Constitution<\/strong>,<\/li>\n<li>la <strong>cr\u00e9ation d\u2019une Cour constitutionnelle<\/strong>,<\/li>\n<li>la <strong>r\u00e9forme du Code \u00e9lectoral<\/strong>, avec l\u2019instauration d\u2019une CENI,<\/li>\n<li>la <strong>refonte du cadre juridique des partis politiques<\/strong>.<\/li>\n<\/ul>\n<p>Ces textes traduisent, selon elle, les engagements du chef de l\u2019\u00c9tat en mati\u00e8re de transparence \u00e9lectorale, de s\u00e9paration des pouvoirs et de r\u00e9gulation de la vie politique.<\/p>\n<p>D\u00e9j\u00e0 rendus publics, les avant-projets doivent \u00eatre examin\u00e9s en Conseil des ministres avant leur transmission \u00e0 l\u2019Assembl\u00e9e nationale.<\/p>\n<p>En attendant, Aminata Tour\u00e9 appelle les citoyens, les m\u00e9dias et les acteurs politiques \u00e0 s\u2019approprier ces r\u00e9formes.<\/p>\n<p>Elle les qualifie de \u00ab participatives et consensuelles \u00bb, estimant qu\u2019elles constituent une opportunit\u00e9 de consolidation de la d\u00e9mocratie s\u00e9n\u00e9galaise.<\/p>\n<p>\u00c0 travers cette sortie, la coalition Diomaye-Pr\u00e9sident cherche aussi \u00e0 installer un r\u00e9cit : celui d\u2019une r\u00e9forme collective, l\u00e9gitime et transparente.<\/p>\n<p>Reste \u00e0 savoir si cette lecture sera partag\u00e9e par l\u2019ensemble de la classe politique, dans un contexte o\u00f9 les r\u00e9formes institutionnelles sont souvent au c\u0153ur des rapports de force.<\/p>\n<p>&nbsp;<\/p>\n<div class='share-to-whatsapp-wrapper'><div class='share-on-whsp'>PARTAGER SUR : <\/div><a data-text='R\u00c9FORMES INSTITUTIONNELLES - Aminata Tour\u00e9 d\u00e9fend un processus \"inclusif et concert\u00e9\" et explique le r\u00f4le d\u2019El Malick et Ayib Daff\u00e9' data-link='https:\/\/www.nettali.com\/2026\/04\/27\/reformes-institutionnelles-aminata-toure-defend-un-processus-inclusif-et-concerte-et-explique-le-role-del-malick-et-ayib-daffe\/' class='whatsapp-button whatsapp-share'>WhatsApp<\/a><div class='clear '><\/div><\/div>","protected":false},"excerpt":{"rendered":"<p>NETTALI.COM - Lors d\u2019une conf\u00e9rence de presse, la coalition Diomaye-Pr\u00e9sident a insist\u00e9 sur l\u2019implication de tous les acteurs, y compris du Parlement, dans l\u2019\u00e9laboration des avant-projets de loi. La conf\u00e9rence de presse de la coalition Diomaye-Pr\u00e9sident a \u00e9t\u00e9 marqu\u00e9e par une prise de parole d\u2019Aminata Tour\u00e9, venue d\u00e9fendre la d\u00e9marche ayant conduit aux r\u00e9formes institutionnelles [&hellip;]<\/p>\n","protected":false},"author":4,"featured_media":164811,"comment_status":"open","ping_status":"open","sticky":true,"template":"","format":"standard","meta":{"_et_pb_use_builder":"","_et_pb_old_content":""},"categories":[2],"tags":[],"yoast_head":"<!-- This site is optimized with the Yoast SEO Premium plugin v17.8 (Yoast SEO v17.8) - https:\/\/yoast.com\/wordpress\/plugins\/seo\/ -->\n<title>R\u00c9FORMES INSTITUTIONNELLES - Aminata Tour\u00e9 d\u00e9fend un processus &quot;inclusif et concert\u00e9&quot; et explique le r\u00f4le d\u2019El Malick et Ayib Daff\u00e9 | Nettali.com<\/title>\n<meta name=\"robots\" content=\"index, follow, max-snippet:-1, max-image-preview:large, max-video-preview:-1\" \/>\n<link rel=\"canonical\" href=\"https:\/\/www.nettali.com\/2026\/04\/27\/reformes-institutionnelles-aminata-toure-defend-un-processus-inclusif-et-concerte-et-explique-le-role-del-malick-et-ayib-daffe\/\" \/>\n<meta property=\"og:locale\" content=\"fr_FR\" \/>\n<meta property=\"og:type\" content=\"article\" \/>\n<meta property=\"og:title\" content=\"R\u00c9FORMES INSTITUTIONNELLES - Aminata Tour\u00e9 d\u00e9fend un processus &quot;inclusif et concert\u00e9&quot; et explique le r\u00f4le d\u2019El Malick et Ayib Daff\u00e9\" \/>\n<meta property=\"og:description\" content=\"NETTALI.COM - Lors d\u2019une conf\u00e9rence de presse, la coalition Diomaye-Pr\u00e9sident a insist\u00e9 sur l\u2019implication de tous les acteurs, y compris du Parlement, dans l\u2019\u00e9laboration des avant-projets de loi. La conf\u00e9rence de presse de la coalition Diomaye-Pr\u00e9sident a \u00e9t\u00e9 marqu\u00e9e par une prise de parole d\u2019Aminata Tour\u00e9, venue d\u00e9fendre la d\u00e9marche ayant conduit aux r\u00e9formes institutionnelles [&hellip;]\" \/>\n<meta property=\"og:url\" content=\"https:\/\/www.nettali.com\/2026\/04\/27\/reformes-institutionnelles-aminata-toure-defend-un-processus-inclusif-et-concerte-et-explique-le-role-del-malick-et-ayib-daffe\/\" \/>\n<meta property=\"og:site_name\" content=\"Nettali.com\" \/>\n<meta property=\"article:publisher\" content=\"https:\/\/www.facebook.com\/nettalicom\" \/>\n<meta property=\"article:published_time\" content=\"2026-04-27T22:42:34+00:00\" \/>\n<meta property=\"article:modified_time\" content=\"2026-04-28T06:10:25+00:00\" \/>\n<meta property=\"og:image\" content=\"https:\/\/www.nettali.com\/wp-content\/uploads\/2025\/11\/MIMI-DIOMAYE.png\" \/>\n\t<meta property=\"og:image:width\" content=\"822\" \/>\n\t<meta property=\"og:image:height\" content=\"425\" \/>\n<meta name=\"twitter:card\" content=\"summary_large_image\" \/>\n<meta name=\"twitter:label1\" content=\"\u00c9crit par\" \/>\n\t<meta name=\"twitter:data1\" content=\"Daouda\" \/>\n\t<meta name=\"twitter:label2\" content=\"Dur\u00e9e de lecture estim\u00e9e\" \/>\n\t<meta name=\"twitter:data2\" content=\"3 minutes\" \/>\n<script type=\"application\/ld+json\" class=\"yoast-schema-graph\">{\"@context\":\"https:\/\/schema.org\",\"@graph\":[{\"@type\":\"WebSite\",\"@id\":\"https:\/\/www.nettali.com\/#website\",\"url\":\"https:\/\/www.nettali.com\/\",\"name\":\"Nettali.com\",\"description\":\"Le rendez-vous critique du Net\",\"potentialAction\":[{\"@type\":\"SearchAction\",\"target\":{\"@type\":\"EntryPoint\",\"urlTemplate\":\"https:\/\/www.nettali.com\/?s={search_term_string}\"},\"query-input\":\"required name=search_term_string\"}],\"inLanguage\":\"fr-FR\"},{\"@type\":\"ImageObject\",\"@id\":\"https:\/\/www.nettali.com\/2026\/04\/27\/reformes-institutionnelles-aminata-toure-defend-un-processus-inclusif-et-concerte-et-explique-le-role-del-malick-et-ayib-daffe\/#primaryimage\",\"inLanguage\":\"fr-FR\",\"url\":\"https:\/\/www.nettali.com\/wp-content\/uploads\/2025\/11\/MIMI-DIOMAYE.png\",\"contentUrl\":\"https:\/\/www.nettali.com\/wp-content\/uploads\/2025\/11\/MIMI-DIOMAYE.png\",\"width\":822,\"height\":425},{\"@type\":\"WebPage\",\"@id\":\"https:\/\/www.nettali.com\/2026\/04\/27\/reformes-institutionnelles-aminata-toure-defend-un-processus-inclusif-et-concerte-et-explique-le-role-del-malick-et-ayib-daffe\/#webpage\",\"url\":\"https:\/\/www.nettali.com\/2026\/04\/27\/reformes-institutionnelles-aminata-toure-defend-un-processus-inclusif-et-concerte-et-explique-le-role-del-malick-et-ayib-daffe\/\",\"name\":\"R\\u00c9FORMES INSTITUTIONNELLES - Aminata Tour\\u00e9 d\\u00e9fend un processus \\\"inclusif et concert\\u00e9\\\" et explique le r\\u00f4le d\\u2019El Malick et Ayib Daff\\u00e9 | Nettali.com\",\"isPartOf\":{\"@id\":\"https:\/\/www.nettali.com\/#website\"},\"primaryImageOfPage\":{\"@id\":\"https:\/\/www.nettali.com\/2026\/04\/27\/reformes-institutionnelles-aminata-toure-defend-un-processus-inclusif-et-concerte-et-explique-le-role-del-malick-et-ayib-daffe\/#primaryimage\"},\"datePublished\":\"2026-04-27T22:42:34+00:00\",\"dateModified\":\"2026-04-28T06:10:25+00:00\",\"author\":{\"@id\":\"https:\/\/www.nettali.com\/#\/schema\/person\/3317e0bb3aa1da309fbf7b2780901bf4\"},\"breadcrumb\":{\"@id\":\"https:\/\/www.nettali.com\/2026\/04\/27\/reformes-institutionnelles-aminata-toure-defend-un-processus-inclusif-et-concerte-et-explique-le-role-del-malick-et-ayib-daffe\/#breadcrumb\"},\"inLanguage\":\"fr-FR\",\"potentialAction\":[{\"@type\":\"ReadAction\",\"target\":[\"https:\/\/www.nettali.com\/2026\/04\/27\/reformes-institutionnelles-aminata-toure-defend-un-processus-inclusif-et-concerte-et-explique-le-role-del-malick-et-ayib-daffe\/\"]}]},{\"@type\":\"BreadcrumbList\",\"@id\":\"https:\/\/www.nettali.com\/2026\/04\/27\/reformes-institutionnelles-aminata-toure-defend-un-processus-inclusif-et-concerte-et-explique-le-role-del-malick-et-ayib-daffe\/#breadcrumb\",\"itemListElement\":[{\"@type\":\"ListItem\",\"position\":1,\"name\":\"Accueil\",\"item\":\"https:\/\/www.nettali.com\/\"},{\"@type\":\"ListItem\",\"position\":2,\"name\":\"R\\u00c9FORMES INSTITUTIONNELLES - Aminata Tour\\u00e9 d\\u00e9fend un processus \\\"inclusif et concert\\u00e9\\\" et explique le r\\u00f4le d\\u2019El Malick et Ayib Daff\\u00e9\"}]},{\"@type\":\"Person\",\"@id\":\"https:\/\/www.nettali.com\/#\/schema\/person\/3317e0bb3aa1da309fbf7b2780901bf4\",\"name\":\"Daouda\",\"image\":{\"@type\":\"ImageObject\",\"@id\":\"https:\/\/www.nettali.com\/#personlogo\",\"inLanguage\":\"fr-FR\",\"url\":\"https:\/\/secure.gravatar.com\/avatar\/8d143b5a49345098ddcfee1c49c2f47c?s=96&d=mm&r=g\",\"contentUrl\":\"https:\/\/secure.gravatar.com\/avatar\/8d143b5a49345098ddcfee1c49c2f47c?s=96&d=mm&r=g\",\"caption\":\"Daouda\"},\"sameAs\":[\"https:\/\/www.nettali.com\"]}]}<\/script>\n<!-- \/ Yoast SEO Premium plugin. -->","yoast_head_json":{"title":"R\u00c9FORMES INSTITUTIONNELLES - Aminata Tour\u00e9 d\u00e9fend un processus \"inclusif et concert\u00e9\" et explique le r\u00f4le d\u2019El Malick et Ayib Daff\u00e9 | Nettali.com","robots":{"index":"index","follow":"follow","max-snippet":"max-snippet:-1","max-image-preview":"max-image-preview:large","max-video-preview":"max-video-preview:-1"},"canonical":"https:\/\/www.nettali.com\/2026\/04\/27\/reformes-institutionnelles-aminata-toure-defend-un-processus-inclusif-et-concerte-et-explique-le-role-del-malick-et-ayib-daffe\/","og_locale":"fr_FR","og_type":"article","og_title":"R\u00c9FORMES INSTITUTIONNELLES - Aminata Tour\u00e9 d\u00e9fend un processus \"inclusif et concert\u00e9\" et explique le r\u00f4le d\u2019El Malick et Ayib Daff\u00e9","og_description":"NETTALI.COM - Lors d\u2019une conf\u00e9rence de presse, la coalition Diomaye-Pr\u00e9sident a insist\u00e9 sur l\u2019implication de tous les acteurs, y compris du Parlement, dans l\u2019\u00e9laboration des avant-projets de loi. La conf\u00e9rence de presse de la coalition Diomaye-Pr\u00e9sident a \u00e9t\u00e9 marqu\u00e9e par une prise de parole d\u2019Aminata Tour\u00e9, venue d\u00e9fendre la d\u00e9marche ayant conduit aux r\u00e9formes institutionnelles [&hellip;]","og_url":"https:\/\/www.nettali.com\/2026\/04\/27\/reformes-institutionnelles-aminata-toure-defend-un-processus-inclusif-et-concerte-et-explique-le-role-del-malick-et-ayib-daffe\/","og_site_name":"Nettali.com","article_publisher":"https:\/\/www.facebook.com\/nettalicom","article_published_time":"2026-04-27T22:42:34+00:00","article_modified_time":"2026-04-28T06:10:25+00:00","og_image":[{"width":822,"height":425,"url":"https:\/\/www.nettali.com\/wp-content\/uploads\/2025\/11\/MIMI-DIOMAYE.png","type":"image\/png"}],"twitter_card":"summary_large_image","twitter_misc":{"\u00c9crit par":"Daouda","Dur\u00e9e de lecture estim\u00e9e":"3 minutes"},"schema":{"@context":"https:\/\/schema.org","@graph":[{"@type":"WebSite","@id":"https:\/\/www.nettali.com\/#website","url":"https:\/\/www.nettali.com\/","name":"Nettali.com","description":"Le rendez-vous critique du Net","potentialAction":[{"@type":"SearchAction","target":{"@type":"EntryPoint","urlTemplate":"https:\/\/www.nettali.com\/?s={search_term_string}"},"query-input":"required name=search_term_string"}],"inLanguage":"fr-FR"},{"@type":"ImageObject","@id":"https:\/\/www.nettali.com\/2026\/04\/27\/reformes-institutionnelles-aminata-toure-defend-un-processus-inclusif-et-concerte-et-explique-le-role-del-malick-et-ayib-daffe\/#primaryimage","inLanguage":"fr-FR","url":"https:\/\/www.nettali.com\/wp-content\/uploads\/2025\/11\/MIMI-DIOMAYE.png","contentUrl":"https:\/\/www.nettali.com\/wp-content\/uploads\/2025\/11\/MIMI-DIOMAYE.png","width":822,"height":425},{"@type":"WebPage","@id":"https:\/\/www.nettali.com\/2026\/04\/27\/reformes-institutionnelles-aminata-toure-defend-un-processus-inclusif-et-concerte-et-explique-le-role-del-malick-et-ayib-daffe\/#webpage","url":"https:\/\/www.nettali.com\/2026\/04\/27\/reformes-institutionnelles-aminata-toure-defend-un-processus-inclusif-et-concerte-et-explique-le-role-del-malick-et-ayib-daffe\/","name":"R\u00c9FORMES INSTITUTIONNELLES - Aminata Tour\u00e9 d\u00e9fend un processus \"inclusif et concert\u00e9\" et explique le r\u00f4le d\u2019El Malick et Ayib Daff\u00e9 | Nettali.com","isPartOf":{"@id":"https:\/\/www.nettali.com\/#website"},"primaryImageOfPage":{"@id":"https:\/\/www.nettali.com\/2026\/04\/27\/reformes-institutionnelles-aminata-toure-defend-un-processus-inclusif-et-concerte-et-explique-le-role-del-malick-et-ayib-daffe\/#primaryimage"},"datePublished":"2026-04-27T22:42:34+00:00","dateModified":"2026-04-28T06:10:25+00:00","author":{"@id":"https:\/\/www.nettali.com\/#\/schema\/person\/3317e0bb3aa1da309fbf7b2780901bf4"},"breadcrumb":{"@id":"https:\/\/www.nettali.com\/2026\/04\/27\/reformes-institutionnelles-aminata-toure-defend-un-processus-inclusif-et-concerte-et-explique-le-role-del-malick-et-ayib-daffe\/#breadcrumb"},"inLanguage":"fr-FR","potentialAction":[{"@type":"ReadAction","target":["https:\/\/www.nettali.com\/2026\/04\/27\/reformes-institutionnelles-aminata-toure-defend-un-processus-inclusif-et-concerte-et-explique-le-role-del-malick-et-ayib-daffe\/"]}]},{"@type":"BreadcrumbList","@id":"https:\/\/www.nettali.com\/2026\/04\/27\/reformes-institutionnelles-aminata-toure-defend-un-processus-inclusif-et-concerte-et-explique-le-role-del-malick-et-ayib-daffe\/#breadcrumb","itemListElement":[{"@type":"ListItem","position":1,"name":"Accueil","item":"https:\/\/www.nettali.com\/"},{"@type":"ListItem","position":2,"name":"R\u00c9FORMES INSTITUTIONNELLES - Aminata Tour\u00e9 d\u00e9fend un processus \"inclusif et concert\u00e9\" et explique le r\u00f4le d\u2019El Malick et Ayib Daff\u00e9"}]},{"@type":"Person","@id":"https:\/\/www.nettali.com\/#\/schema\/person\/3317e0bb3aa1da309fbf7b2780901bf4","name":"Daouda","image":{"@type":"ImageObject","@id":"https:\/\/www.nettali.com\/#personlogo","inLanguage":"fr-FR","url":"https:\/\/secure.gravatar.com\/avatar\/8d143b5a49345098ddcfee1c49c2f47c?s=96&d=mm&r=g","contentUrl":"https:\/\/secure.gravatar.com\/avatar\/8d143b5a49345098ddcfee1c49c2f47c?s=96&d=mm&r=g","caption":"Daouda"},"sameAs":["https:\/\/www.nettali.com"]}]}},"_links":{"self":[{"href":"https:\/\/www.nettali.com\/rest\/wp\/v2\/posts\/172895"}],"collection":[{"href":"https:\/\/www.nettali.com\/rest\/wp\/v2\/posts"}],"about":[{"href":"https:\/\/www.nettali.com\/rest\/wp\/v2\/types\/post"}],"author":[{"embeddable":true,"href":"https:\/\/www.nettali.com\/rest\/wp\/v2\/users\/4"}],"replies":[{"embeddable":true,"href":"https:\/\/www.nettali.com\/rest\/wp\/v2\/comments?post=172895"}],"version-history":[{"count":2,"href":"https:\/\/www.nettali.com\/rest\/wp\/v2\/posts\/172895\/revisions"}],"predecessor-version":[{"id":172902,"href":"https:\/\/www.nettali.com\/rest\/wp\/v2\/posts\/172895\/revisions\/172902"}],"wp:featuredmedia":[{"embeddable":true,"href":"https:\/\/www.nettali.com\/rest\/wp\/v2\/media\/164811"}],"wp:attachment":[{"href":"https:\/\/www.nettali.com\/rest\/wp\/v2\/media?parent=172895"}],"wp:term":[{"taxonomy":"category","embeddable":true,"href":"https:\/\/www.nettali.com\/rest\/wp\/v2\/categories?post=172895"},{"taxonomy":"post_tag","embeddable":true,"href":"https:\/\/www.nettali.com\/rest\/wp\/v2\/tags?post=172895"}],"curies":[{"name":"wp","href":"https:\/\/api.w.org\/{rel}","templated":true}]}}