{"id":172893,"date":"2026-04-27T21:33:15","date_gmt":"2026-04-27T21:33:15","guid":{"rendered":"https:\/\/www.nettali.com\/?p=172893"},"modified":"2026-04-27T21:33:15","modified_gmt":"2026-04-27T21:33:15","slug":"sa-thies-je-necarte-pas-franc","status":"publish","type":"post","link":"https:\/\/www.nettali.com\/2026\/04\/27\/sa-thies-je-necarte-pas-franc\/","title":{"rendered":"SA THI\u00c8S - \"Je n'\u00e9carte pas Franc\""},"content":{"rendered":"<p><strong>NETTALI.COM - Officiellement intronis\u00e9 nouveau Roi des Ar\u00e8nes ce dimanche lors de son dernier face \u00e0 face avec Modou L\u00f4, Sa Thi\u00e8s a donn\u00e9 les perspectives de sa carri\u00e8re qui prend d\u00e9sormais une nouvelle dimension.<\/strong><\/p>\n<p>Futur adversaire de Ada Fass pour son premier combat de d\u00e9fense de titre, Sa Thi\u00e8s dit n\u2019\u00e9carter aucun lutteur de sa g\u00e9n\u00e9ration y compris Franc consid\u00e9r\u00e9 par beaucoup comme le v\u00e9ritable challenger du lutteur de Gu\u00e9diawaye. Sa Thi\u00e9s a ainsi tenu \u00e0 \u00eatre clair sur son avenir dans l\u2019ar\u00e8ne r\u00e9pondant aux sceptiques qui redoutent qu\u2019il veuille s\u2019offrir un chemin facile tout trac\u00e9 afin de pouvoir s\u2019\u00e9terniser sur le tr\u00f4ne.<\/p>\n<p>\"<em>Je n\u2019exclus personne, je vais affronter tous les lutteurs de ma g\u00e9n\u00e9ration ainsi que les plus jeunes. Je n\u2019exclus personne car je sais que tout le monde voudra m\u2019affronter (\u2026) Je n\u2019ai pas \u00e9viter Franc mais la v\u00e9rit\u00e9 est qu\u2019on \u00e9voquait son combat contre mon fr\u00e8re (Balla Gaye). Donc je ne pouvais pas accepter un combat contre lui alors qu\u2019on n\u00e9gociait sa confrontation avec Balla Gaye 2<\/em>\", a-t-il d\u00e9clar\u00e9<\/p>\n<div class='share-to-whatsapp-wrapper'><div class='share-on-whsp'>PARTAGER SUR : <\/div><a data-text='SA THI\u00c8S - \"Je n'\u00e9carte pas Franc\"' data-link='https:\/\/www.nettali.com\/2026\/04\/27\/sa-thies-je-necarte-pas-franc\/' class='whatsapp-button whatsapp-share'>WhatsApp<\/a><div class='clear '><\/div><\/div>","protected":false},"excerpt":{"rendered":"<p>NETTALI.COM - Officiellement intronis\u00e9 nouveau Roi des Ar\u00e8nes ce dimanche lors de son dernier face \u00e0 face avec Modou L\u00f4, Sa Thi\u00e8s a donn\u00e9 les perspectives de sa carri\u00e8re qui prend d\u00e9sormais une nouvelle dimension. Futur adversaire de Ada Fass pour son premier combat de d\u00e9fense de titre, Sa Thi\u00e8s dit n\u2019\u00e9carter aucun lutteur de [&hellip;]<\/p>\n","protected":false},"author":5,"featured_media":172883,"comment_status":"open","ping_status":"open","sticky":false,"template":"","format":"standard","meta":{"_et_pb_use_builder":"","_et_pb_old_content":""},"categories":[6],"tags":[],"yoast_head":"<!-- This site is optimized with the Yoast SEO Premium plugin v17.8 (Yoast SEO v17.8) - https:\/\/yoast.com\/wordpress\/plugins\/seo\/ -->\n<title>SA THI\u00c8S - &quot;Je n&#039;\u00e9carte pas Franc&quot; | Nettali.com<\/title>\n<meta name=\"robots\" content=\"index, follow, max-snippet:-1, max-image-preview:large, max-video-preview:-1\" \/>\n<link rel=\"canonical\" href=\"https:\/\/www.nettali.com\/2026\/04\/27\/sa-thies-je-necarte-pas-franc\/\" \/>\n<meta property=\"og:locale\" content=\"fr_FR\" \/>\n<meta property=\"og:type\" content=\"article\" \/>\n<meta property=\"og:title\" content=\"SA THI\u00c8S - &quot;Je n&#039;\u00e9carte pas Franc&quot;\" \/>\n<meta property=\"og:description\" content=\"NETTALI.COM - Officiellement intronis\u00e9 nouveau Roi des Ar\u00e8nes ce dimanche lors de son dernier face \u00e0 face avec Modou L\u00f4, Sa Thi\u00e8s a donn\u00e9 les perspectives de sa carri\u00e8re qui prend d\u00e9sormais une nouvelle dimension. Futur adversaire de Ada Fass pour son premier combat de d\u00e9fense de titre, Sa Thi\u00e8s dit n\u2019\u00e9carter aucun lutteur de [&hellip;]\" \/>\n<meta property=\"og:url\" content=\"https:\/\/www.nettali.com\/2026\/04\/27\/sa-thies-je-necarte-pas-franc\/\" \/>\n<meta property=\"og:site_name\" content=\"Nettali.com\" \/>\n<meta property=\"article:publisher\" content=\"https:\/\/www.facebook.com\/nettalicom\" \/>\n<meta property=\"article:published_time\" content=\"2026-04-27T21:33:15+00:00\" \/>\n<meta property=\"og:image\" content=\"https:\/\/www.nettali.com\/wp-content\/uploads\/2026\/04\/3acb770d-e434-49aa-b7f8-4235d47d8ce1.jpg\" \/>\n\t<meta property=\"og:image:width\" content=\"696\" \/>\n\t<meta property=\"og:image:height\" content=\"427\" \/>\n<meta name=\"twitter:card\" content=\"summary_large_image\" \/>\n<meta name=\"twitter:label1\" content=\"\u00c9crit par\" \/>\n\t<meta name=\"twitter:data1\" content=\"Ibrahima\" \/>\n\t<meta name=\"twitter:label2\" content=\"Dur\u00e9e de lecture estim\u00e9e\" \/>\n\t<meta name=\"twitter:data2\" content=\"1 minute\" \/>\n<script type=\"application\/ld+json\" class=\"yoast-schema-graph\">{\"@context\":\"https:\/\/schema.org\",\"@graph\":[{\"@type\":\"WebSite\",\"@id\":\"https:\/\/www.nettali.com\/#website\",\"url\":\"https:\/\/www.nettali.com\/\",\"name\":\"Nettali.com\",\"description\":\"Le rendez-vous critique du Net\",\"potentialAction\":[{\"@type\":\"SearchAction\",\"target\":{\"@type\":\"EntryPoint\",\"urlTemplate\":\"https:\/\/www.nettali.com\/?s={search_term_string}\"},\"query-input\":\"required name=search_term_string\"}],\"inLanguage\":\"fr-FR\"},{\"@type\":\"ImageObject\",\"@id\":\"https:\/\/www.nettali.com\/2026\/04\/27\/sa-thies-je-necarte-pas-franc\/#primaryimage\",\"inLanguage\":\"fr-FR\",\"url\":\"https:\/\/www.nettali.com\/wp-content\/uploads\/2026\/04\/3acb770d-e434-49aa-b7f8-4235d47d8ce1.jpg\",\"contentUrl\":\"https:\/\/www.nettali.com\/wp-content\/uploads\/2026\/04\/3acb770d-e434-49aa-b7f8-4235d47d8ce1.jpg\",\"width\":696,\"height\":427},{\"@type\":\"WebPage\",\"@id\":\"https:\/\/www.nettali.com\/2026\/04\/27\/sa-thies-je-necarte-pas-franc\/#webpage\",\"url\":\"https:\/\/www.nettali.com\/2026\/04\/27\/sa-thies-je-necarte-pas-franc\/\",\"name\":\"SA THI\\u00c8S - \\\"Je n'\\u00e9carte pas Franc\\\" | Nettali.com\",\"isPartOf\":{\"@id\":\"https:\/\/www.nettali.com\/#website\"},\"primaryImageOfPage\":{\"@id\":\"https:\/\/www.nettali.com\/2026\/04\/27\/sa-thies-je-necarte-pas-franc\/#primaryimage\"},\"datePublished\":\"2026-04-27T21:33:15+00:00\",\"dateModified\":\"2026-04-27T21:33:15+00:00\",\"author\":{\"@id\":\"https:\/\/www.nettali.com\/#\/schema\/person\/bb147657c2986240405a608162b9bb23\"},\"breadcrumb\":{\"@id\":\"https:\/\/www.nettali.com\/2026\/04\/27\/sa-thies-je-necarte-pas-franc\/#breadcrumb\"},\"inLanguage\":\"fr-FR\",\"potentialAction\":[{\"@type\":\"ReadAction\",\"target\":[\"https:\/\/www.nettali.com\/2026\/04\/27\/sa-thies-je-necarte-pas-franc\/\"]}]},{\"@type\":\"BreadcrumbList\",\"@id\":\"https:\/\/www.nettali.com\/2026\/04\/27\/sa-thies-je-necarte-pas-franc\/#breadcrumb\",\"itemListElement\":[{\"@type\":\"ListItem\",\"position\":1,\"name\":\"Accueil\",\"item\":\"https:\/\/www.nettali.com\/\"},{\"@type\":\"ListItem\",\"position\":2,\"name\":\"SA THI\\u00c8S - \\\"Je n'\\u00e9carte pas Franc\\\"\"}]},{\"@type\":\"Person\",\"@id\":\"https:\/\/www.nettali.com\/#\/schema\/person\/bb147657c2986240405a608162b9bb23\",\"name\":\"Ibrahima\",\"image\":{\"@type\":\"ImageObject\",\"@id\":\"https:\/\/www.nettali.com\/#personlogo\",\"inLanguage\":\"fr-FR\",\"url\":\"https:\/\/secure.gravatar.com\/avatar\/26a8a81f09f0dd7624c9d5c36c9ba3a2?s=96&d=mm&r=g\",\"contentUrl\":\"https:\/\/secure.gravatar.com\/avatar\/26a8a81f09f0dd7624c9d5c36c9ba3a2?s=96&d=mm&r=g\",\"caption\":\"Ibrahima\"},\"sameAs\":[\"https:\/\/www.nettali.com\"]}]}<\/script>\n<!-- \/ Yoast SEO Premium plugin. -->","yoast_head_json":{"title":"SA THI\u00c8S - \"Je n'\u00e9carte pas Franc\" | Nettali.com","robots":{"index":"index","follow":"follow","max-snippet":"max-snippet:-1","max-image-preview":"max-image-preview:large","max-video-preview":"max-video-preview:-1"},"canonical":"https:\/\/www.nettali.com\/2026\/04\/27\/sa-thies-je-necarte-pas-franc\/","og_locale":"fr_FR","og_type":"article","og_title":"SA THI\u00c8S - \"Je n'\u00e9carte pas Franc\"","og_description":"NETTALI.COM - Officiellement intronis\u00e9 nouveau Roi des Ar\u00e8nes ce dimanche lors de son dernier face \u00e0 face avec Modou L\u00f4, Sa Thi\u00e8s a donn\u00e9 les perspectives de sa carri\u00e8re qui prend d\u00e9sormais une nouvelle dimension. Futur adversaire de Ada Fass pour son premier combat de d\u00e9fense de titre, Sa Thi\u00e8s dit n\u2019\u00e9carter aucun lutteur de [&hellip;]","og_url":"https:\/\/www.nettali.com\/2026\/04\/27\/sa-thies-je-necarte-pas-franc\/","og_site_name":"Nettali.com","article_publisher":"https:\/\/www.facebook.com\/nettalicom","article_published_time":"2026-04-27T21:33:15+00:00","og_image":[{"width":696,"height":427,"url":"https:\/\/www.nettali.com\/wp-content\/uploads\/2026\/04\/3acb770d-e434-49aa-b7f8-4235d47d8ce1.jpg","type":"image\/jpeg"}],"twitter_card":"summary_large_image","twitter_misc":{"\u00c9crit par":"Ibrahima","Dur\u00e9e de lecture estim\u00e9e":"1 minute"},"schema":{"@context":"https:\/\/schema.org","@graph":[{"@type":"WebSite","@id":"https:\/\/www.nettali.com\/#website","url":"https:\/\/www.nettali.com\/","name":"Nettali.com","description":"Le rendez-vous critique du Net","potentialAction":[{"@type":"SearchAction","target":{"@type":"EntryPoint","urlTemplate":"https:\/\/www.nettali.com\/?s={search_term_string}"},"query-input":"required name=search_term_string"}],"inLanguage":"fr-FR"},{"@type":"ImageObject","@id":"https:\/\/www.nettali.com\/2026\/04\/27\/sa-thies-je-necarte-pas-franc\/#primaryimage","inLanguage":"fr-FR","url":"https:\/\/www.nettali.com\/wp-content\/uploads\/2026\/04\/3acb770d-e434-49aa-b7f8-4235d47d8ce1.jpg","contentUrl":"https:\/\/www.nettali.com\/wp-content\/uploads\/2026\/04\/3acb770d-e434-49aa-b7f8-4235d47d8ce1.jpg","width":696,"height":427},{"@type":"WebPage","@id":"https:\/\/www.nettali.com\/2026\/04\/27\/sa-thies-je-necarte-pas-franc\/#webpage","url":"https:\/\/www.nettali.com\/2026\/04\/27\/sa-thies-je-necarte-pas-franc\/","name":"SA THI\u00c8S - \"Je n'\u00e9carte pas Franc\" | Nettali.com","isPartOf":{"@id":"https:\/\/www.nettali.com\/#website"},"primaryImageOfPage":{"@id":"https:\/\/www.nettali.com\/2026\/04\/27\/sa-thies-je-necarte-pas-franc\/#primaryimage"},"datePublished":"2026-04-27T21:33:15+00:00","dateModified":"2026-04-27T21:33:15+00:00","author":{"@id":"https:\/\/www.nettali.com\/#\/schema\/person\/bb147657c2986240405a608162b9bb23"},"breadcrumb":{"@id":"https:\/\/www.nettali.com\/2026\/04\/27\/sa-thies-je-necarte-pas-franc\/#breadcrumb"},"inLanguage":"fr-FR","potentialAction":[{"@type":"ReadAction","target":["https:\/\/www.nettali.com\/2026\/04\/27\/sa-thies-je-necarte-pas-franc\/"]}]},{"@type":"BreadcrumbList","@id":"https:\/\/www.nettali.com\/2026\/04\/27\/sa-thies-je-necarte-pas-franc\/#breadcrumb","itemListElement":[{"@type":"ListItem","position":1,"name":"Accueil","item":"https:\/\/www.nettali.com\/"},{"@type":"ListItem","position":2,"name":"SA THI\u00c8S - \"Je n'\u00e9carte pas Franc\""}]},{"@type":"Person","@id":"https:\/\/www.nettali.com\/#\/schema\/person\/bb147657c2986240405a608162b9bb23","name":"Ibrahima","image":{"@type":"ImageObject","@id":"https:\/\/www.nettali.com\/#personlogo","inLanguage":"fr-FR","url":"https:\/\/secure.gravatar.com\/avatar\/26a8a81f09f0dd7624c9d5c36c9ba3a2?s=96&d=mm&r=g","contentUrl":"https:\/\/secure.gravatar.com\/avatar\/26a8a81f09f0dd7624c9d5c36c9ba3a2?s=96&d=mm&r=g","caption":"Ibrahima"},"sameAs":["https:\/\/www.nettali.com"]}]}},"_links":{"self":[{"href":"https:\/\/www.nettali.com\/rest\/wp\/v2\/posts\/172893"}],"collection":[{"href":"https:\/\/www.nettali.com\/rest\/wp\/v2\/posts"}],"about":[{"href":"https:\/\/www.nettali.com\/rest\/wp\/v2\/types\/post"}],"author":[{"embeddable":true,"href":"https:\/\/www.nettali.com\/rest\/wp\/v2\/users\/5"}],"replies":[{"embeddable":true,"href":"https:\/\/www.nettali.com\/rest\/wp\/v2\/comments?post=172893"}],"version-history":[{"count":1,"href":"https:\/\/www.nettali.com\/rest\/wp\/v2\/posts\/172893\/revisions"}],"predecessor-version":[{"id":172894,"href":"https:\/\/www.nettali.com\/rest\/wp\/v2\/posts\/172893\/revisions\/172894"}],"wp:featuredmedia":[{"embeddable":true,"href":"https:\/\/www.nettali.com\/rest\/wp\/v2\/media\/172883"}],"wp:attachment":[{"href":"https:\/\/www.nettali.com\/rest\/wp\/v2\/media?parent=172893"}],"wp:term":[{"taxonomy":"category","embeddable":true,"href":"https:\/\/www.nettali.com\/rest\/wp\/v2\/categories?post=172893"},{"taxonomy":"post_tag","embeddable":true,"href":"https:\/\/www.nettali.com\/rest\/wp\/v2\/tags?post=172893"}],"curies":[{"name":"wp","href":"https:\/\/api.w.org\/{rel}","templated":true}]}}