{"id":172886,"date":"2026-04-27T19:01:04","date_gmt":"2026-04-27T19:01:04","guid":{"rendered":"https:\/\/www.nettali.com\/?p=172886"},"modified":"2026-04-28T06:11:09","modified_gmt":"2026-04-28T06:11:09","slug":"real-madrid-saison-terminee-pour-mbappe","status":"publish","type":"post","link":"https:\/\/www.nettali.com\/2026\/04\/27\/real-madrid-saison-terminee-pour-mbappe\/","title":{"rendered":"REAL MADRID - Saison termin\u00e9e pour Mbapp\u00e9 ?"},"content":{"rendered":"<p><strong>NETTALI.COM - Sorti \u00e0 la 81e minute sur blessure face au Betis S\u00e9ville (1-1) vendredi en Liga, l'attaquant du Real Madrid Kylian Mbapp\u00e9 avait ressenti une g\u00eane au niveau de la cuisse. Le verdict est tomb\u00e9 ce lundi.<\/strong><\/p>\n<p>Selon un communiqu\u00e9 officiel de la Maison Blanche ce lundi, l'international fran\u00e7ais souffre d'une \"<em>l\u00e9sion au muscle semi-tendineux de la jambe gauche<\/em>\".<\/p>\n<p>Pour le moment, les Merengue n'ont pas pr\u00e9cis\u00e9 la dur\u00e9e de l'indisponibilit\u00e9 de l'ancien Parisien mais tout porte \u00e0 croire que le capitaine des Bleus ne jouera pas le reste de la saison.<\/p>\n<p>Pour rappel, le Real a encore 5 matchs \u00e0 disputer en championnat avant la fin de la saison, mais l'enjeu semble tr\u00e8s limit\u00e9 en raison de l'\u00e9cart au classement avec le FC Barcelone, leader avec 11 points d'avance.<\/p>\n<div class='share-to-whatsapp-wrapper'><div class='share-on-whsp'>PARTAGER SUR : <\/div><a data-text='REAL MADRID - Saison termin\u00e9e pour Mbapp\u00e9 ?' data-link='https:\/\/www.nettali.com\/2026\/04\/27\/real-madrid-saison-terminee-pour-mbappe\/' class='whatsapp-button whatsapp-share'>WhatsApp<\/a><div class='clear '><\/div><\/div>","protected":false},"excerpt":{"rendered":"<p>NETTALI.COM - Sorti \u00e0 la 81e minute sur blessure face au Betis S\u00e9ville (1-1) vendredi en Liga, l'attaquant du Real Madrid Kylian Mbapp\u00e9 avait ressenti une g\u00eane au niveau de la cuisse. Le verdict est tomb\u00e9 ce lundi. Selon un communiqu\u00e9 officiel de la Maison Blanche ce lundi, l'international fran\u00e7ais souffre d'une \"l\u00e9sion au muscle [&hellip;]<\/p>\n","protected":false},"author":5,"featured_media":172882,"comment_status":"open","ping_status":"open","sticky":false,"template":"","format":"standard","meta":{"_et_pb_use_builder":"","_et_pb_old_content":""},"categories":[6],"tags":[],"yoast_head":"<!-- This site is optimized with the Yoast SEO Premium plugin v17.8 (Yoast SEO v17.8) - https:\/\/yoast.com\/wordpress\/plugins\/seo\/ -->\n<title>REAL MADRID - Saison termin\u00e9e pour Mbapp\u00e9 ? | Nettali.com<\/title>\n<meta name=\"robots\" content=\"index, follow, max-snippet:-1, max-image-preview:large, max-video-preview:-1\" \/>\n<link rel=\"canonical\" href=\"https:\/\/www.nettali.com\/2026\/04\/27\/real-madrid-saison-terminee-pour-mbappe\/\" \/>\n<meta property=\"og:locale\" content=\"fr_FR\" \/>\n<meta property=\"og:type\" content=\"article\" \/>\n<meta property=\"og:title\" content=\"REAL MADRID - Saison termin\u00e9e pour Mbapp\u00e9 ?\" \/>\n<meta property=\"og:description\" content=\"NETTALI.COM - Sorti \u00e0 la 81e minute sur blessure face au Betis S\u00e9ville (1-1) vendredi en Liga, l&#039;attaquant du Real Madrid Kylian Mbapp\u00e9 avait ressenti une g\u00eane au niveau de la cuisse. Le verdict est tomb\u00e9 ce lundi. Selon un communiqu\u00e9 officiel de la Maison Blanche ce lundi, l&#039;international fran\u00e7ais souffre d&#039;une &quot;l\u00e9sion au muscle [&hellip;]\" \/>\n<meta property=\"og:url\" content=\"https:\/\/www.nettali.com\/2026\/04\/27\/real-madrid-saison-terminee-pour-mbappe\/\" \/>\n<meta property=\"og:site_name\" content=\"Nettali.com\" \/>\n<meta property=\"article:publisher\" content=\"https:\/\/www.facebook.com\/nettalicom\" \/>\n<meta property=\"article:published_time\" content=\"2026-04-27T19:01:04+00:00\" \/>\n<meta property=\"article:modified_time\" content=\"2026-04-28T06:11:09+00:00\" \/>\n<meta property=\"og:image\" content=\"https:\/\/www.nettali.com\/wp-content\/uploads\/2026\/04\/1786497-kylian-mbappe-est-sorti-blesse-avec-le-real-madrid-1.jpg\" \/>\n\t<meta property=\"og:image:width\" content=\"2000\" \/>\n\t<meta property=\"og:image:height\" content=\"1332\" \/>\n<meta name=\"twitter:card\" content=\"summary_large_image\" \/>\n<meta name=\"twitter:label1\" content=\"\u00c9crit par\" \/>\n\t<meta name=\"twitter:data1\" content=\"Ibrahima\" \/>\n\t<meta name=\"twitter:label2\" content=\"Dur\u00e9e de lecture estim\u00e9e\" \/>\n\t<meta name=\"twitter:data2\" content=\"1 minute\" \/>\n<script type=\"application\/ld+json\" class=\"yoast-schema-graph\">{\"@context\":\"https:\/\/schema.org\",\"@graph\":[{\"@type\":\"WebSite\",\"@id\":\"https:\/\/www.nettali.com\/#website\",\"url\":\"https:\/\/www.nettali.com\/\",\"name\":\"Nettali.com\",\"description\":\"Le rendez-vous critique du Net\",\"potentialAction\":[{\"@type\":\"SearchAction\",\"target\":{\"@type\":\"EntryPoint\",\"urlTemplate\":\"https:\/\/www.nettali.com\/?s={search_term_string}\"},\"query-input\":\"required name=search_term_string\"}],\"inLanguage\":\"fr-FR\"},{\"@type\":\"ImageObject\",\"@id\":\"https:\/\/www.nettali.com\/2026\/04\/27\/real-madrid-saison-terminee-pour-mbappe\/#primaryimage\",\"inLanguage\":\"fr-FR\",\"url\":\"https:\/\/www.nettali.com\/wp-content\/uploads\/2026\/04\/1786497-kylian-mbappe-est-sorti-blesse-avec-le-real-madrid-1.jpg\",\"contentUrl\":\"https:\/\/www.nettali.com\/wp-content\/uploads\/2026\/04\/1786497-kylian-mbappe-est-sorti-blesse-avec-le-real-madrid-1.jpg\",\"width\":2000,\"height\":1332},{\"@type\":\"WebPage\",\"@id\":\"https:\/\/www.nettali.com\/2026\/04\/27\/real-madrid-saison-terminee-pour-mbappe\/#webpage\",\"url\":\"https:\/\/www.nettali.com\/2026\/04\/27\/real-madrid-saison-terminee-pour-mbappe\/\",\"name\":\"REAL MADRID - Saison termin\\u00e9e pour Mbapp\\u00e9 ? | Nettali.com\",\"isPartOf\":{\"@id\":\"https:\/\/www.nettali.com\/#website\"},\"primaryImageOfPage\":{\"@id\":\"https:\/\/www.nettali.com\/2026\/04\/27\/real-madrid-saison-terminee-pour-mbappe\/#primaryimage\"},\"datePublished\":\"2026-04-27T19:01:04+00:00\",\"dateModified\":\"2026-04-28T06:11:09+00:00\",\"author\":{\"@id\":\"https:\/\/www.nettali.com\/#\/schema\/person\/bb147657c2986240405a608162b9bb23\"},\"breadcrumb\":{\"@id\":\"https:\/\/www.nettali.com\/2026\/04\/27\/real-madrid-saison-terminee-pour-mbappe\/#breadcrumb\"},\"inLanguage\":\"fr-FR\",\"potentialAction\":[{\"@type\":\"ReadAction\",\"target\":[\"https:\/\/www.nettali.com\/2026\/04\/27\/real-madrid-saison-terminee-pour-mbappe\/\"]}]},{\"@type\":\"BreadcrumbList\",\"@id\":\"https:\/\/www.nettali.com\/2026\/04\/27\/real-madrid-saison-terminee-pour-mbappe\/#breadcrumb\",\"itemListElement\":[{\"@type\":\"ListItem\",\"position\":1,\"name\":\"Accueil\",\"item\":\"https:\/\/www.nettali.com\/\"},{\"@type\":\"ListItem\",\"position\":2,\"name\":\"REAL MADRID - Saison termin\\u00e9e pour Mbapp\\u00e9 ?\"}]},{\"@type\":\"Person\",\"@id\":\"https:\/\/www.nettali.com\/#\/schema\/person\/bb147657c2986240405a608162b9bb23\",\"name\":\"Ibrahima\",\"image\":{\"@type\":\"ImageObject\",\"@id\":\"https:\/\/www.nettali.com\/#personlogo\",\"inLanguage\":\"fr-FR\",\"url\":\"https:\/\/secure.gravatar.com\/avatar\/26a8a81f09f0dd7624c9d5c36c9ba3a2?s=96&d=mm&r=g\",\"contentUrl\":\"https:\/\/secure.gravatar.com\/avatar\/26a8a81f09f0dd7624c9d5c36c9ba3a2?s=96&d=mm&r=g\",\"caption\":\"Ibrahima\"},\"sameAs\":[\"https:\/\/www.nettali.com\"]}]}<\/script>\n<!-- \/ Yoast SEO Premium plugin. -->","yoast_head_json":{"title":"REAL MADRID - Saison termin\u00e9e pour Mbapp\u00e9 ? | Nettali.com","robots":{"index":"index","follow":"follow","max-snippet":"max-snippet:-1","max-image-preview":"max-image-preview:large","max-video-preview":"max-video-preview:-1"},"canonical":"https:\/\/www.nettali.com\/2026\/04\/27\/real-madrid-saison-terminee-pour-mbappe\/","og_locale":"fr_FR","og_type":"article","og_title":"REAL MADRID - Saison termin\u00e9e pour Mbapp\u00e9 ?","og_description":"NETTALI.COM - Sorti \u00e0 la 81e minute sur blessure face au Betis S\u00e9ville (1-1) vendredi en Liga, l'attaquant du Real Madrid Kylian Mbapp\u00e9 avait ressenti une g\u00eane au niveau de la cuisse. Le verdict est tomb\u00e9 ce lundi. Selon un communiqu\u00e9 officiel de la Maison Blanche ce lundi, l'international fran\u00e7ais souffre d'une \"l\u00e9sion au muscle [&hellip;]","og_url":"https:\/\/www.nettali.com\/2026\/04\/27\/real-madrid-saison-terminee-pour-mbappe\/","og_site_name":"Nettali.com","article_publisher":"https:\/\/www.facebook.com\/nettalicom","article_published_time":"2026-04-27T19:01:04+00:00","article_modified_time":"2026-04-28T06:11:09+00:00","og_image":[{"width":2000,"height":1332,"url":"https:\/\/www.nettali.com\/wp-content\/uploads\/2026\/04\/1786497-kylian-mbappe-est-sorti-blesse-avec-le-real-madrid-1.jpg","type":"image\/jpeg"}],"twitter_card":"summary_large_image","twitter_misc":{"\u00c9crit par":"Ibrahima","Dur\u00e9e de lecture estim\u00e9e":"1 minute"},"schema":{"@context":"https:\/\/schema.org","@graph":[{"@type":"WebSite","@id":"https:\/\/www.nettali.com\/#website","url":"https:\/\/www.nettali.com\/","name":"Nettali.com","description":"Le rendez-vous critique du Net","potentialAction":[{"@type":"SearchAction","target":{"@type":"EntryPoint","urlTemplate":"https:\/\/www.nettali.com\/?s={search_term_string}"},"query-input":"required name=search_term_string"}],"inLanguage":"fr-FR"},{"@type":"ImageObject","@id":"https:\/\/www.nettali.com\/2026\/04\/27\/real-madrid-saison-terminee-pour-mbappe\/#primaryimage","inLanguage":"fr-FR","url":"https:\/\/www.nettali.com\/wp-content\/uploads\/2026\/04\/1786497-kylian-mbappe-est-sorti-blesse-avec-le-real-madrid-1.jpg","contentUrl":"https:\/\/www.nettali.com\/wp-content\/uploads\/2026\/04\/1786497-kylian-mbappe-est-sorti-blesse-avec-le-real-madrid-1.jpg","width":2000,"height":1332},{"@type":"WebPage","@id":"https:\/\/www.nettali.com\/2026\/04\/27\/real-madrid-saison-terminee-pour-mbappe\/#webpage","url":"https:\/\/www.nettali.com\/2026\/04\/27\/real-madrid-saison-terminee-pour-mbappe\/","name":"REAL MADRID - Saison termin\u00e9e pour Mbapp\u00e9 ? | Nettali.com","isPartOf":{"@id":"https:\/\/www.nettali.com\/#website"},"primaryImageOfPage":{"@id":"https:\/\/www.nettali.com\/2026\/04\/27\/real-madrid-saison-terminee-pour-mbappe\/#primaryimage"},"datePublished":"2026-04-27T19:01:04+00:00","dateModified":"2026-04-28T06:11:09+00:00","author":{"@id":"https:\/\/www.nettali.com\/#\/schema\/person\/bb147657c2986240405a608162b9bb23"},"breadcrumb":{"@id":"https:\/\/www.nettali.com\/2026\/04\/27\/real-madrid-saison-terminee-pour-mbappe\/#breadcrumb"},"inLanguage":"fr-FR","potentialAction":[{"@type":"ReadAction","target":["https:\/\/www.nettali.com\/2026\/04\/27\/real-madrid-saison-terminee-pour-mbappe\/"]}]},{"@type":"BreadcrumbList","@id":"https:\/\/www.nettali.com\/2026\/04\/27\/real-madrid-saison-terminee-pour-mbappe\/#breadcrumb","itemListElement":[{"@type":"ListItem","position":1,"name":"Accueil","item":"https:\/\/www.nettali.com\/"},{"@type":"ListItem","position":2,"name":"REAL MADRID - Saison termin\u00e9e pour Mbapp\u00e9 ?"}]},{"@type":"Person","@id":"https:\/\/www.nettali.com\/#\/schema\/person\/bb147657c2986240405a608162b9bb23","name":"Ibrahima","image":{"@type":"ImageObject","@id":"https:\/\/www.nettali.com\/#personlogo","inLanguage":"fr-FR","url":"https:\/\/secure.gravatar.com\/avatar\/26a8a81f09f0dd7624c9d5c36c9ba3a2?s=96&d=mm&r=g","contentUrl":"https:\/\/secure.gravatar.com\/avatar\/26a8a81f09f0dd7624c9d5c36c9ba3a2?s=96&d=mm&r=g","caption":"Ibrahima"},"sameAs":["https:\/\/www.nettali.com"]}]}},"_links":{"self":[{"href":"https:\/\/www.nettali.com\/rest\/wp\/v2\/posts\/172886"}],"collection":[{"href":"https:\/\/www.nettali.com\/rest\/wp\/v2\/posts"}],"about":[{"href":"https:\/\/www.nettali.com\/rest\/wp\/v2\/types\/post"}],"author":[{"embeddable":true,"href":"https:\/\/www.nettali.com\/rest\/wp\/v2\/users\/5"}],"replies":[{"embeddable":true,"href":"https:\/\/www.nettali.com\/rest\/wp\/v2\/comments?post=172886"}],"version-history":[{"count":2,"href":"https:\/\/www.nettali.com\/rest\/wp\/v2\/posts\/172886\/revisions"}],"predecessor-version":[{"id":172903,"href":"https:\/\/www.nettali.com\/rest\/wp\/v2\/posts\/172886\/revisions\/172903"}],"wp:featuredmedia":[{"embeddable":true,"href":"https:\/\/www.nettali.com\/rest\/wp\/v2\/media\/172882"}],"wp:attachment":[{"href":"https:\/\/www.nettali.com\/rest\/wp\/v2\/media?parent=172886"}],"wp:term":[{"taxonomy":"category","embeddable":true,"href":"https:\/\/www.nettali.com\/rest\/wp\/v2\/categories?post=172886"},{"taxonomy":"post_tag","embeddable":true,"href":"https:\/\/www.nettali.com\/rest\/wp\/v2\/tags?post=172886"}],"curies":[{"name":"wp","href":"https:\/\/api.w.org\/{rel}","templated":true}]}}