{"id":172881,"date":"2026-04-27T16:50:56","date_gmt":"2026-04-27T16:50:56","guid":{"rendered":"https:\/\/www.nettali.com\/?p=172881"},"modified":"2026-04-27T16:50:56","modified_gmt":"2026-04-27T16:50:56","slug":"football-la-fsf-logee-gratuitement-dans-une-immeuble-appartenant-a-sadio-mane","status":"publish","type":"post","link":"https:\/\/www.nettali.com\/2026\/04\/27\/football-la-fsf-logee-gratuitement-dans-une-immeuble-appartenant-a-sadio-mane\/","title":{"rendered":"FOOTBALL - La FSF log\u00e9e gratuitement dans une immeuble appartenant \u00e0 Sadio Man\u00e9"},"content":{"rendered":"<p><strong>NETTALI.COM - Depuis plusieurs semaines, un changement de locaux est pressenti \u00e0 la F\u00e9d\u00e9ration s\u00e9n\u00e9galaise de football (FSF). L\u2019Institution dirig\u00e9e par Abdoulaye Fall veut am\u00e9nager dans un immeuble situ\u00e9 \u00e0 la Cit\u00e9 Keur Gorgui (Dakar), et appartenant \u00e0 Sadio Man\u00e9.<\/strong><\/p>\n<p>Sur les r\u00e9seaux sociaux et dans certains m\u00e9dias, des informations faisaient \u00e9tat du paiement d\u2019un loyer estim\u00e9 \u00e0 pr\u00e8s de 300.000 millions FCFA\/an. Membre du Comit\u00e9 ex\u00e9cutif de la FSF, Pape Sidy L\u00f4 a tenu \u00e0 clarifier la situation, au cours de l\u2019Assembl\u00e9e g\u00e9n\u00e9rale de la Ligue de Dakar. \"<em>Ceux qui disent que le nouveau si\u00e8ge de la F\u00e9d\u00e9ration va co\u00fbter 300 millions FCFA\/an, c\u2019est faux. Il va co\u00fbter 0 F \u00e0 la F\u00e9d\u00e9ration. C\u2019est un montage qui a \u00e9t\u00e9 fait de mani\u00e8re intelligence<\/em>\", a-t-il assur\u00e9, dans des propos rapport\u00e9s par Les Echos, dans l\u2019\u00e9dition de ce lundi.<\/p>\n<p>En poursuivant son intervention, il a tenu a pr\u00e9cis\u00e9 le cadre de la collaboration et la nature de ce d\u00e9m\u00e9nagement. \"<em>La r\u00e9alit\u00e9 est simple : la FSF va s\u2019installer dans immeuble de 12 \u00e9tages, dans le cadre d\u2019un partenariat structur\u00e9 avec des acteurs strat\u00e9giques qui occuperont des niveaux et prendront en charge l\u2019int\u00e9gralit\u00e9 du loyer. La F\u00e9d\u00e9ration, elle, b\u00e9n\u00e9ficiera des lieux de frais<\/em>\", a-t-il expliqu\u00e9, ajoutant que Sadio Man\u00e9 a \"<em>clairement exprim\u00e9 sa volont\u00e9 de mettre le projet \u00e0 disposition<\/em>\".<\/p>\n<div class='share-to-whatsapp-wrapper'><div class='share-on-whsp'>PARTAGER SUR : <\/div><a data-text='FOOTBALL - La FSF log\u00e9e gratuitement dans une immeuble appartenant \u00e0 Sadio Man\u00e9' data-link='https:\/\/www.nettali.com\/2026\/04\/27\/football-la-fsf-logee-gratuitement-dans-une-immeuble-appartenant-a-sadio-mane\/' class='whatsapp-button whatsapp-share'>WhatsApp<\/a><div class='clear '><\/div><\/div>","protected":false},"excerpt":{"rendered":"<p>NETTALI.COM - Depuis plusieurs semaines, un changement de locaux est pressenti \u00e0 la F\u00e9d\u00e9ration s\u00e9n\u00e9galaise de football (FSF). L\u2019Institution dirig\u00e9e par Abdoulaye Fall veut am\u00e9nager dans un immeuble situ\u00e9 \u00e0 la Cit\u00e9 Keur Gorgui (Dakar), et appartenant \u00e0 Sadio Man\u00e9. Sur les r\u00e9seaux sociaux et dans certains m\u00e9dias, des informations faisaient \u00e9tat du paiement d\u2019un [&hellip;]<\/p>\n","protected":false},"author":5,"featured_media":172884,"comment_status":"open","ping_status":"open","sticky":false,"template":"","format":"standard","meta":{"_et_pb_use_builder":"","_et_pb_old_content":""},"categories":[6],"tags":[],"yoast_head":"<!-- This site is optimized with the Yoast SEO Premium plugin v17.8 (Yoast SEO v17.8) - https:\/\/yoast.com\/wordpress\/plugins\/seo\/ -->\n<title>FOOTBALL - La FSF log\u00e9e gratuitement dans une immeuble appartenant \u00e0 Sadio Man\u00e9 | Nettali.com<\/title>\n<meta name=\"robots\" content=\"index, follow, max-snippet:-1, max-image-preview:large, max-video-preview:-1\" \/>\n<link rel=\"canonical\" href=\"https:\/\/www.nettali.com\/2026\/04\/27\/football-la-fsf-logee-gratuitement-dans-une-immeuble-appartenant-a-sadio-mane\/\" \/>\n<meta property=\"og:locale\" content=\"fr_FR\" \/>\n<meta property=\"og:type\" content=\"article\" \/>\n<meta property=\"og:title\" content=\"FOOTBALL - La FSF log\u00e9e gratuitement dans une immeuble appartenant \u00e0 Sadio Man\u00e9\" \/>\n<meta property=\"og:description\" content=\"NETTALI.COM - Depuis plusieurs semaines, un changement de locaux est pressenti \u00e0 la F\u00e9d\u00e9ration s\u00e9n\u00e9galaise de football (FSF). L\u2019Institution dirig\u00e9e par Abdoulaye Fall veut am\u00e9nager dans un immeuble situ\u00e9 \u00e0 la Cit\u00e9 Keur Gorgui (Dakar), et appartenant \u00e0 Sadio Man\u00e9. Sur les r\u00e9seaux sociaux et dans certains m\u00e9dias, des informations faisaient \u00e9tat du paiement d\u2019un [&hellip;]\" \/>\n<meta property=\"og:url\" content=\"https:\/\/www.nettali.com\/2026\/04\/27\/football-la-fsf-logee-gratuitement-dans-une-immeuble-appartenant-a-sadio-mane\/\" \/>\n<meta property=\"og:site_name\" content=\"Nettali.com\" \/>\n<meta property=\"article:publisher\" content=\"https:\/\/www.facebook.com\/nettalicom\" \/>\n<meta property=\"article:published_time\" content=\"2026-04-27T16:50:56+00:00\" \/>\n<meta property=\"og:image\" content=\"https:\/\/www.nettali.com\/wp-content\/uploads\/2026\/04\/Screenshot_20260427_144228_Chrome.jpg\" \/>\n\t<meta property=\"og:image:width\" content=\"1080\" \/>\n\t<meta property=\"og:image:height\" content=\"754\" \/>\n<meta name=\"twitter:card\" content=\"summary_large_image\" \/>\n<meta name=\"twitter:label1\" content=\"\u00c9crit par\" \/>\n\t<meta name=\"twitter:data1\" content=\"Ibrahima\" \/>\n\t<meta name=\"twitter:label2\" content=\"Dur\u00e9e de lecture estim\u00e9e\" \/>\n\t<meta name=\"twitter:data2\" content=\"2 minutes\" \/>\n<script type=\"application\/ld+json\" class=\"yoast-schema-graph\">{\"@context\":\"https:\/\/schema.org\",\"@graph\":[{\"@type\":\"WebSite\",\"@id\":\"https:\/\/www.nettali.com\/#website\",\"url\":\"https:\/\/www.nettali.com\/\",\"name\":\"Nettali.com\",\"description\":\"Le rendez-vous critique du Net\",\"potentialAction\":[{\"@type\":\"SearchAction\",\"target\":{\"@type\":\"EntryPoint\",\"urlTemplate\":\"https:\/\/www.nettali.com\/?s={search_term_string}\"},\"query-input\":\"required name=search_term_string\"}],\"inLanguage\":\"fr-FR\"},{\"@type\":\"ImageObject\",\"@id\":\"https:\/\/www.nettali.com\/2026\/04\/27\/football-la-fsf-logee-gratuitement-dans-une-immeuble-appartenant-a-sadio-mane\/#primaryimage\",\"inLanguage\":\"fr-FR\",\"url\":\"https:\/\/www.nettali.com\/wp-content\/uploads\/2026\/04\/Screenshot_20260427_144228_Chrome.jpg\",\"contentUrl\":\"https:\/\/www.nettali.com\/wp-content\/uploads\/2026\/04\/Screenshot_20260427_144228_Chrome.jpg\",\"width\":1080,\"height\":754},{\"@type\":\"WebPage\",\"@id\":\"https:\/\/www.nettali.com\/2026\/04\/27\/football-la-fsf-logee-gratuitement-dans-une-immeuble-appartenant-a-sadio-mane\/#webpage\",\"url\":\"https:\/\/www.nettali.com\/2026\/04\/27\/football-la-fsf-logee-gratuitement-dans-une-immeuble-appartenant-a-sadio-mane\/\",\"name\":\"FOOTBALL - La FSF log\\u00e9e gratuitement dans une immeuble appartenant \\u00e0 Sadio Man\\u00e9 | Nettali.com\",\"isPartOf\":{\"@id\":\"https:\/\/www.nettali.com\/#website\"},\"primaryImageOfPage\":{\"@id\":\"https:\/\/www.nettali.com\/2026\/04\/27\/football-la-fsf-logee-gratuitement-dans-une-immeuble-appartenant-a-sadio-mane\/#primaryimage\"},\"datePublished\":\"2026-04-27T16:50:56+00:00\",\"dateModified\":\"2026-04-27T16:50:56+00:00\",\"author\":{\"@id\":\"https:\/\/www.nettali.com\/#\/schema\/person\/bb147657c2986240405a608162b9bb23\"},\"breadcrumb\":{\"@id\":\"https:\/\/www.nettali.com\/2026\/04\/27\/football-la-fsf-logee-gratuitement-dans-une-immeuble-appartenant-a-sadio-mane\/#breadcrumb\"},\"inLanguage\":\"fr-FR\",\"potentialAction\":[{\"@type\":\"ReadAction\",\"target\":[\"https:\/\/www.nettali.com\/2026\/04\/27\/football-la-fsf-logee-gratuitement-dans-une-immeuble-appartenant-a-sadio-mane\/\"]}]},{\"@type\":\"BreadcrumbList\",\"@id\":\"https:\/\/www.nettali.com\/2026\/04\/27\/football-la-fsf-logee-gratuitement-dans-une-immeuble-appartenant-a-sadio-mane\/#breadcrumb\",\"itemListElement\":[{\"@type\":\"ListItem\",\"position\":1,\"name\":\"Accueil\",\"item\":\"https:\/\/www.nettali.com\/\"},{\"@type\":\"ListItem\",\"position\":2,\"name\":\"FOOTBALL - La FSF log\\u00e9e gratuitement dans une immeuble appartenant \\u00e0 Sadio Man\\u00e9\"}]},{\"@type\":\"Person\",\"@id\":\"https:\/\/www.nettali.com\/#\/schema\/person\/bb147657c2986240405a608162b9bb23\",\"name\":\"Ibrahima\",\"image\":{\"@type\":\"ImageObject\",\"@id\":\"https:\/\/www.nettali.com\/#personlogo\",\"inLanguage\":\"fr-FR\",\"url\":\"https:\/\/secure.gravatar.com\/avatar\/26a8a81f09f0dd7624c9d5c36c9ba3a2?s=96&d=mm&r=g\",\"contentUrl\":\"https:\/\/secure.gravatar.com\/avatar\/26a8a81f09f0dd7624c9d5c36c9ba3a2?s=96&d=mm&r=g\",\"caption\":\"Ibrahima\"},\"sameAs\":[\"https:\/\/www.nettali.com\"]}]}<\/script>\n<!-- \/ Yoast SEO Premium plugin. -->","yoast_head_json":{"title":"FOOTBALL - La FSF log\u00e9e gratuitement dans une immeuble appartenant \u00e0 Sadio Man\u00e9 | Nettali.com","robots":{"index":"index","follow":"follow","max-snippet":"max-snippet:-1","max-image-preview":"max-image-preview:large","max-video-preview":"max-video-preview:-1"},"canonical":"https:\/\/www.nettali.com\/2026\/04\/27\/football-la-fsf-logee-gratuitement-dans-une-immeuble-appartenant-a-sadio-mane\/","og_locale":"fr_FR","og_type":"article","og_title":"FOOTBALL - La FSF log\u00e9e gratuitement dans une immeuble appartenant \u00e0 Sadio Man\u00e9","og_description":"NETTALI.COM - Depuis plusieurs semaines, un changement de locaux est pressenti \u00e0 la F\u00e9d\u00e9ration s\u00e9n\u00e9galaise de football (FSF). L\u2019Institution dirig\u00e9e par Abdoulaye Fall veut am\u00e9nager dans un immeuble situ\u00e9 \u00e0 la Cit\u00e9 Keur Gorgui (Dakar), et appartenant \u00e0 Sadio Man\u00e9. Sur les r\u00e9seaux sociaux et dans certains m\u00e9dias, des informations faisaient \u00e9tat du paiement d\u2019un [&hellip;]","og_url":"https:\/\/www.nettali.com\/2026\/04\/27\/football-la-fsf-logee-gratuitement-dans-une-immeuble-appartenant-a-sadio-mane\/","og_site_name":"Nettali.com","article_publisher":"https:\/\/www.facebook.com\/nettalicom","article_published_time":"2026-04-27T16:50:56+00:00","og_image":[{"width":1080,"height":754,"url":"https:\/\/www.nettali.com\/wp-content\/uploads\/2026\/04\/Screenshot_20260427_144228_Chrome.jpg","type":"image\/jpeg"}],"twitter_card":"summary_large_image","twitter_misc":{"\u00c9crit par":"Ibrahima","Dur\u00e9e de lecture estim\u00e9e":"2 minutes"},"schema":{"@context":"https:\/\/schema.org","@graph":[{"@type":"WebSite","@id":"https:\/\/www.nettali.com\/#website","url":"https:\/\/www.nettali.com\/","name":"Nettali.com","description":"Le rendez-vous critique du Net","potentialAction":[{"@type":"SearchAction","target":{"@type":"EntryPoint","urlTemplate":"https:\/\/www.nettali.com\/?s={search_term_string}"},"query-input":"required name=search_term_string"}],"inLanguage":"fr-FR"},{"@type":"ImageObject","@id":"https:\/\/www.nettali.com\/2026\/04\/27\/football-la-fsf-logee-gratuitement-dans-une-immeuble-appartenant-a-sadio-mane\/#primaryimage","inLanguage":"fr-FR","url":"https:\/\/www.nettali.com\/wp-content\/uploads\/2026\/04\/Screenshot_20260427_144228_Chrome.jpg","contentUrl":"https:\/\/www.nettali.com\/wp-content\/uploads\/2026\/04\/Screenshot_20260427_144228_Chrome.jpg","width":1080,"height":754},{"@type":"WebPage","@id":"https:\/\/www.nettali.com\/2026\/04\/27\/football-la-fsf-logee-gratuitement-dans-une-immeuble-appartenant-a-sadio-mane\/#webpage","url":"https:\/\/www.nettali.com\/2026\/04\/27\/football-la-fsf-logee-gratuitement-dans-une-immeuble-appartenant-a-sadio-mane\/","name":"FOOTBALL - La FSF log\u00e9e gratuitement dans une immeuble appartenant \u00e0 Sadio Man\u00e9 | Nettali.com","isPartOf":{"@id":"https:\/\/www.nettali.com\/#website"},"primaryImageOfPage":{"@id":"https:\/\/www.nettali.com\/2026\/04\/27\/football-la-fsf-logee-gratuitement-dans-une-immeuble-appartenant-a-sadio-mane\/#primaryimage"},"datePublished":"2026-04-27T16:50:56+00:00","dateModified":"2026-04-27T16:50:56+00:00","author":{"@id":"https:\/\/www.nettali.com\/#\/schema\/person\/bb147657c2986240405a608162b9bb23"},"breadcrumb":{"@id":"https:\/\/www.nettali.com\/2026\/04\/27\/football-la-fsf-logee-gratuitement-dans-une-immeuble-appartenant-a-sadio-mane\/#breadcrumb"},"inLanguage":"fr-FR","potentialAction":[{"@type":"ReadAction","target":["https:\/\/www.nettali.com\/2026\/04\/27\/football-la-fsf-logee-gratuitement-dans-une-immeuble-appartenant-a-sadio-mane\/"]}]},{"@type":"BreadcrumbList","@id":"https:\/\/www.nettali.com\/2026\/04\/27\/football-la-fsf-logee-gratuitement-dans-une-immeuble-appartenant-a-sadio-mane\/#breadcrumb","itemListElement":[{"@type":"ListItem","position":1,"name":"Accueil","item":"https:\/\/www.nettali.com\/"},{"@type":"ListItem","position":2,"name":"FOOTBALL - La FSF log\u00e9e gratuitement dans une immeuble appartenant \u00e0 Sadio Man\u00e9"}]},{"@type":"Person","@id":"https:\/\/www.nettali.com\/#\/schema\/person\/bb147657c2986240405a608162b9bb23","name":"Ibrahima","image":{"@type":"ImageObject","@id":"https:\/\/www.nettali.com\/#personlogo","inLanguage":"fr-FR","url":"https:\/\/secure.gravatar.com\/avatar\/26a8a81f09f0dd7624c9d5c36c9ba3a2?s=96&d=mm&r=g","contentUrl":"https:\/\/secure.gravatar.com\/avatar\/26a8a81f09f0dd7624c9d5c36c9ba3a2?s=96&d=mm&r=g","caption":"Ibrahima"},"sameAs":["https:\/\/www.nettali.com"]}]}},"_links":{"self":[{"href":"https:\/\/www.nettali.com\/rest\/wp\/v2\/posts\/172881"}],"collection":[{"href":"https:\/\/www.nettali.com\/rest\/wp\/v2\/posts"}],"about":[{"href":"https:\/\/www.nettali.com\/rest\/wp\/v2\/types\/post"}],"author":[{"embeddable":true,"href":"https:\/\/www.nettali.com\/rest\/wp\/v2\/users\/5"}],"replies":[{"embeddable":true,"href":"https:\/\/www.nettali.com\/rest\/wp\/v2\/comments?post=172881"}],"version-history":[{"count":1,"href":"https:\/\/www.nettali.com\/rest\/wp\/v2\/posts\/172881\/revisions"}],"predecessor-version":[{"id":172885,"href":"https:\/\/www.nettali.com\/rest\/wp\/v2\/posts\/172881\/revisions\/172885"}],"wp:featuredmedia":[{"embeddable":true,"href":"https:\/\/www.nettali.com\/rest\/wp\/v2\/media\/172884"}],"wp:attachment":[{"href":"https:\/\/www.nettali.com\/rest\/wp\/v2\/media?parent=172881"}],"wp:term":[{"taxonomy":"category","embeddable":true,"href":"https:\/\/www.nettali.com\/rest\/wp\/v2\/categories?post=172881"},{"taxonomy":"post_tag","embeddable":true,"href":"https:\/\/www.nettali.com\/rest\/wp\/v2\/tags?post=172881"}],"curies":[{"name":"wp","href":"https:\/\/api.w.org\/{rel}","templated":true}]}}