{"id":172873,"date":"2026-04-27T13:21:43","date_gmt":"2026-04-27T13:21:43","guid":{"rendered":"https:\/\/www.nettali.com\/?p=172873"},"modified":"2026-04-27T21:29:44","modified_gmt":"2026-04-27T21:29:44","slug":"carnet-blanc-lamine-camara-sest-marie-ce-dimanche","status":"publish","type":"post","link":"https:\/\/www.nettali.com\/2026\/04\/27\/carnet-blanc-lamine-camara-sest-marie-ce-dimanche\/","title":{"rendered":"CARNET BLANC - Lamine Camara s'est mari\u00e9 ce dimanche"},"content":{"rendered":"<p><strong>NETTALI.COM - Le milieu de terrain international s\u00e9n\u00e9galais Lamine Camara a c\u00e9l\u00e9br\u00e9 son union matrimoniale ce dimanche 26 avril 2026 dans le quartier de Sacr\u00e9-C\u0153ur, \u00e0 Dakar. Bien que l'\u00e9v\u00e9nement ait \u00e9t\u00e9 organis\u00e9 dans la plus grande discr\u00e9tion, les images de la c\u00e9r\u00e9monie ont \u00e9t\u00e9 massivement relay\u00e9es sur les r\u00e9seaux sociaux d\u00e8s la fin de l'apr\u00e8s-midi, suscitant de nombreuses r\u00e9actions de la part de ses supporters.<\/strong><\/p>\n<p>La c\u00e9l\u00e9bration s'est voulue sobre et \u00e9l\u00e9gante, \u00e0 l'image de la discr\u00e9tion habituelle du joueur de l'AS Monaco. Peu de d\u00e9tails ont filtr\u00e9 sur l'identit\u00e9 de son \u00e9pouse, le joueur form\u00e9 \u00e0 G\u00e9n\u00e9ration Foot ayant privil\u00e9gi\u00e9 un cadre intime pour cette \u00e9tape importante de sa vie personnelle. Des proches et quelques figures du milieu sportif auraient pris part \u00e0 cette union tenue loin de l'effervescence m\u00e9diatique.<\/p>\n<p>Ce mariage intervient durant une p\u00e9riode faste pour le jeune prodige des Lions de la T\u00e9ranga. Devenu une pi\u00e8ce ma\u00eetresse de l'entrejeu s\u00e9n\u00e9galais et auteur de performances remarqu\u00e9es dans le championnat de France, Lamine Camara consolide ainsi son \u00e9quilibre personnel parall\u00e8lement \u00e0 une carri\u00e8re professionnelle en pleine ascension.<\/p>\n<div class='share-to-whatsapp-wrapper'><div class='share-on-whsp'>PARTAGER SUR : <\/div><a data-text='CARNET BLANC - Lamine Camara s'est mari\u00e9 ce dimanche' data-link='https:\/\/www.nettali.com\/2026\/04\/27\/carnet-blanc-lamine-camara-sest-marie-ce-dimanche\/' class='whatsapp-button whatsapp-share'>WhatsApp<\/a><div class='clear '><\/div><\/div>","protected":false},"excerpt":{"rendered":"<p>NETTALI.COM - Le milieu de terrain international s\u00e9n\u00e9galais Lamine Camara a c\u00e9l\u00e9br\u00e9 son union matrimoniale ce dimanche 26 avril 2026 dans le quartier de Sacr\u00e9-C\u0153ur, \u00e0 Dakar. Bien que l'\u00e9v\u00e9nement ait \u00e9t\u00e9 organis\u00e9 dans la plus grande discr\u00e9tion, les images de la c\u00e9r\u00e9monie ont \u00e9t\u00e9 massivement relay\u00e9es sur les r\u00e9seaux sociaux d\u00e8s la fin de [&hellip;]<\/p>\n","protected":false},"author":5,"featured_media":172874,"comment_status":"open","ping_status":"open","sticky":false,"template":"","format":"standard","meta":{"_et_pb_use_builder":"","_et_pb_old_content":""},"categories":[3],"tags":[],"yoast_head":"<!-- This site is optimized with the Yoast SEO Premium plugin v17.8 (Yoast SEO v17.8) - https:\/\/yoast.com\/wordpress\/plugins\/seo\/ -->\n<title>CARNET BLANC - Lamine Camara s&#039;est mari\u00e9 ce dimanche | Nettali.com<\/title>\n<meta name=\"robots\" content=\"index, follow, max-snippet:-1, max-image-preview:large, max-video-preview:-1\" \/>\n<link rel=\"canonical\" href=\"https:\/\/www.nettali.com\/2026\/04\/27\/carnet-blanc-lamine-camara-sest-marie-ce-dimanche\/\" \/>\n<meta property=\"og:locale\" content=\"fr_FR\" \/>\n<meta property=\"og:type\" content=\"article\" \/>\n<meta property=\"og:title\" content=\"CARNET BLANC - Lamine Camara s&#039;est mari\u00e9 ce dimanche\" \/>\n<meta property=\"og:description\" content=\"NETTALI.COM - Le milieu de terrain international s\u00e9n\u00e9galais Lamine Camara a c\u00e9l\u00e9br\u00e9 son union matrimoniale ce dimanche 26 avril 2026 dans le quartier de Sacr\u00e9-C\u0153ur, \u00e0 Dakar. Bien que l&#039;\u00e9v\u00e9nement ait \u00e9t\u00e9 organis\u00e9 dans la plus grande discr\u00e9tion, les images de la c\u00e9r\u00e9monie ont \u00e9t\u00e9 massivement relay\u00e9es sur les r\u00e9seaux sociaux d\u00e8s la fin de [&hellip;]\" \/>\n<meta property=\"og:url\" content=\"https:\/\/www.nettali.com\/2026\/04\/27\/carnet-blanc-lamine-camara-sest-marie-ce-dimanche\/\" \/>\n<meta property=\"og:site_name\" content=\"Nettali.com\" \/>\n<meta property=\"article:publisher\" content=\"https:\/\/www.facebook.com\/nettalicom\" \/>\n<meta property=\"article:published_time\" content=\"2026-04-27T13:21:43+00:00\" \/>\n<meta property=\"article:modified_time\" content=\"2026-04-27T21:29:44+00:00\" \/>\n<meta property=\"og:image\" content=\"https:\/\/www.nettali.com\/wp-content\/uploads\/2026\/04\/Screenshot_20260427_101856_Gallery.jpg\" \/>\n\t<meta property=\"og:image:width\" content=\"1080\" \/>\n\t<meta property=\"og:image:height\" content=\"718\" \/>\n<meta name=\"twitter:card\" content=\"summary_large_image\" \/>\n<meta name=\"twitter:label1\" content=\"\u00c9crit par\" \/>\n\t<meta name=\"twitter:data1\" content=\"Ibrahima\" \/>\n\t<meta name=\"twitter:label2\" content=\"Dur\u00e9e de lecture estim\u00e9e\" \/>\n\t<meta name=\"twitter:data2\" content=\"1 minute\" \/>\n<script type=\"application\/ld+json\" class=\"yoast-schema-graph\">{\"@context\":\"https:\/\/schema.org\",\"@graph\":[{\"@type\":\"WebSite\",\"@id\":\"https:\/\/www.nettali.com\/#website\",\"url\":\"https:\/\/www.nettali.com\/\",\"name\":\"Nettali.com\",\"description\":\"Le rendez-vous critique du Net\",\"potentialAction\":[{\"@type\":\"SearchAction\",\"target\":{\"@type\":\"EntryPoint\",\"urlTemplate\":\"https:\/\/www.nettali.com\/?s={search_term_string}\"},\"query-input\":\"required name=search_term_string\"}],\"inLanguage\":\"fr-FR\"},{\"@type\":\"ImageObject\",\"@id\":\"https:\/\/www.nettali.com\/2026\/04\/27\/carnet-blanc-lamine-camara-sest-marie-ce-dimanche\/#primaryimage\",\"inLanguage\":\"fr-FR\",\"url\":\"https:\/\/www.nettali.com\/wp-content\/uploads\/2026\/04\/Screenshot_20260427_101856_Gallery.jpg\",\"contentUrl\":\"https:\/\/www.nettali.com\/wp-content\/uploads\/2026\/04\/Screenshot_20260427_101856_Gallery.jpg\",\"width\":1080,\"height\":718},{\"@type\":\"WebPage\",\"@id\":\"https:\/\/www.nettali.com\/2026\/04\/27\/carnet-blanc-lamine-camara-sest-marie-ce-dimanche\/#webpage\",\"url\":\"https:\/\/www.nettali.com\/2026\/04\/27\/carnet-blanc-lamine-camara-sest-marie-ce-dimanche\/\",\"name\":\"CARNET BLANC - Lamine Camara s'est mari\\u00e9 ce dimanche | Nettali.com\",\"isPartOf\":{\"@id\":\"https:\/\/www.nettali.com\/#website\"},\"primaryImageOfPage\":{\"@id\":\"https:\/\/www.nettali.com\/2026\/04\/27\/carnet-blanc-lamine-camara-sest-marie-ce-dimanche\/#primaryimage\"},\"datePublished\":\"2026-04-27T13:21:43+00:00\",\"dateModified\":\"2026-04-27T21:29:44+00:00\",\"author\":{\"@id\":\"https:\/\/www.nettali.com\/#\/schema\/person\/bb147657c2986240405a608162b9bb23\"},\"breadcrumb\":{\"@id\":\"https:\/\/www.nettali.com\/2026\/04\/27\/carnet-blanc-lamine-camara-sest-marie-ce-dimanche\/#breadcrumb\"},\"inLanguage\":\"fr-FR\",\"potentialAction\":[{\"@type\":\"ReadAction\",\"target\":[\"https:\/\/www.nettali.com\/2026\/04\/27\/carnet-blanc-lamine-camara-sest-marie-ce-dimanche\/\"]}]},{\"@type\":\"BreadcrumbList\",\"@id\":\"https:\/\/www.nettali.com\/2026\/04\/27\/carnet-blanc-lamine-camara-sest-marie-ce-dimanche\/#breadcrumb\",\"itemListElement\":[{\"@type\":\"ListItem\",\"position\":1,\"name\":\"Accueil\",\"item\":\"https:\/\/www.nettali.com\/\"},{\"@type\":\"ListItem\",\"position\":2,\"name\":\"CARNET BLANC - Lamine Camara s'est mari\\u00e9 ce dimanche\"}]},{\"@type\":\"Person\",\"@id\":\"https:\/\/www.nettali.com\/#\/schema\/person\/bb147657c2986240405a608162b9bb23\",\"name\":\"Ibrahima\",\"image\":{\"@type\":\"ImageObject\",\"@id\":\"https:\/\/www.nettali.com\/#personlogo\",\"inLanguage\":\"fr-FR\",\"url\":\"https:\/\/secure.gravatar.com\/avatar\/26a8a81f09f0dd7624c9d5c36c9ba3a2?s=96&d=mm&r=g\",\"contentUrl\":\"https:\/\/secure.gravatar.com\/avatar\/26a8a81f09f0dd7624c9d5c36c9ba3a2?s=96&d=mm&r=g\",\"caption\":\"Ibrahima\"},\"sameAs\":[\"https:\/\/www.nettali.com\"]}]}<\/script>\n<!-- \/ Yoast SEO Premium plugin. -->","yoast_head_json":{"title":"CARNET BLANC - Lamine Camara s'est mari\u00e9 ce dimanche | Nettali.com","robots":{"index":"index","follow":"follow","max-snippet":"max-snippet:-1","max-image-preview":"max-image-preview:large","max-video-preview":"max-video-preview:-1"},"canonical":"https:\/\/www.nettali.com\/2026\/04\/27\/carnet-blanc-lamine-camara-sest-marie-ce-dimanche\/","og_locale":"fr_FR","og_type":"article","og_title":"CARNET BLANC - Lamine Camara s'est mari\u00e9 ce dimanche","og_description":"NETTALI.COM - Le milieu de terrain international s\u00e9n\u00e9galais Lamine Camara a c\u00e9l\u00e9br\u00e9 son union matrimoniale ce dimanche 26 avril 2026 dans le quartier de Sacr\u00e9-C\u0153ur, \u00e0 Dakar. Bien que l'\u00e9v\u00e9nement ait \u00e9t\u00e9 organis\u00e9 dans la plus grande discr\u00e9tion, les images de la c\u00e9r\u00e9monie ont \u00e9t\u00e9 massivement relay\u00e9es sur les r\u00e9seaux sociaux d\u00e8s la fin de [&hellip;]","og_url":"https:\/\/www.nettali.com\/2026\/04\/27\/carnet-blanc-lamine-camara-sest-marie-ce-dimanche\/","og_site_name":"Nettali.com","article_publisher":"https:\/\/www.facebook.com\/nettalicom","article_published_time":"2026-04-27T13:21:43+00:00","article_modified_time":"2026-04-27T21:29:44+00:00","og_image":[{"width":1080,"height":718,"url":"https:\/\/www.nettali.com\/wp-content\/uploads\/2026\/04\/Screenshot_20260427_101856_Gallery.jpg","type":"image\/jpeg"}],"twitter_card":"summary_large_image","twitter_misc":{"\u00c9crit par":"Ibrahima","Dur\u00e9e de lecture estim\u00e9e":"1 minute"},"schema":{"@context":"https:\/\/schema.org","@graph":[{"@type":"WebSite","@id":"https:\/\/www.nettali.com\/#website","url":"https:\/\/www.nettali.com\/","name":"Nettali.com","description":"Le rendez-vous critique du Net","potentialAction":[{"@type":"SearchAction","target":{"@type":"EntryPoint","urlTemplate":"https:\/\/www.nettali.com\/?s={search_term_string}"},"query-input":"required name=search_term_string"}],"inLanguage":"fr-FR"},{"@type":"ImageObject","@id":"https:\/\/www.nettali.com\/2026\/04\/27\/carnet-blanc-lamine-camara-sest-marie-ce-dimanche\/#primaryimage","inLanguage":"fr-FR","url":"https:\/\/www.nettali.com\/wp-content\/uploads\/2026\/04\/Screenshot_20260427_101856_Gallery.jpg","contentUrl":"https:\/\/www.nettali.com\/wp-content\/uploads\/2026\/04\/Screenshot_20260427_101856_Gallery.jpg","width":1080,"height":718},{"@type":"WebPage","@id":"https:\/\/www.nettali.com\/2026\/04\/27\/carnet-blanc-lamine-camara-sest-marie-ce-dimanche\/#webpage","url":"https:\/\/www.nettali.com\/2026\/04\/27\/carnet-blanc-lamine-camara-sest-marie-ce-dimanche\/","name":"CARNET BLANC - Lamine Camara s'est mari\u00e9 ce dimanche | Nettali.com","isPartOf":{"@id":"https:\/\/www.nettali.com\/#website"},"primaryImageOfPage":{"@id":"https:\/\/www.nettali.com\/2026\/04\/27\/carnet-blanc-lamine-camara-sest-marie-ce-dimanche\/#primaryimage"},"datePublished":"2026-04-27T13:21:43+00:00","dateModified":"2026-04-27T21:29:44+00:00","author":{"@id":"https:\/\/www.nettali.com\/#\/schema\/person\/bb147657c2986240405a608162b9bb23"},"breadcrumb":{"@id":"https:\/\/www.nettali.com\/2026\/04\/27\/carnet-blanc-lamine-camara-sest-marie-ce-dimanche\/#breadcrumb"},"inLanguage":"fr-FR","potentialAction":[{"@type":"ReadAction","target":["https:\/\/www.nettali.com\/2026\/04\/27\/carnet-blanc-lamine-camara-sest-marie-ce-dimanche\/"]}]},{"@type":"BreadcrumbList","@id":"https:\/\/www.nettali.com\/2026\/04\/27\/carnet-blanc-lamine-camara-sest-marie-ce-dimanche\/#breadcrumb","itemListElement":[{"@type":"ListItem","position":1,"name":"Accueil","item":"https:\/\/www.nettali.com\/"},{"@type":"ListItem","position":2,"name":"CARNET BLANC - Lamine Camara s'est mari\u00e9 ce dimanche"}]},{"@type":"Person","@id":"https:\/\/www.nettali.com\/#\/schema\/person\/bb147657c2986240405a608162b9bb23","name":"Ibrahima","image":{"@type":"ImageObject","@id":"https:\/\/www.nettali.com\/#personlogo","inLanguage":"fr-FR","url":"https:\/\/secure.gravatar.com\/avatar\/26a8a81f09f0dd7624c9d5c36c9ba3a2?s=96&d=mm&r=g","contentUrl":"https:\/\/secure.gravatar.com\/avatar\/26a8a81f09f0dd7624c9d5c36c9ba3a2?s=96&d=mm&r=g","caption":"Ibrahima"},"sameAs":["https:\/\/www.nettali.com"]}]}},"_links":{"self":[{"href":"https:\/\/www.nettali.com\/rest\/wp\/v2\/posts\/172873"}],"collection":[{"href":"https:\/\/www.nettali.com\/rest\/wp\/v2\/posts"}],"about":[{"href":"https:\/\/www.nettali.com\/rest\/wp\/v2\/types\/post"}],"author":[{"embeddable":true,"href":"https:\/\/www.nettali.com\/rest\/wp\/v2\/users\/5"}],"replies":[{"embeddable":true,"href":"https:\/\/www.nettali.com\/rest\/wp\/v2\/comments?post=172873"}],"version-history":[{"count":3,"href":"https:\/\/www.nettali.com\/rest\/wp\/v2\/posts\/172873\/revisions"}],"predecessor-version":[{"id":172892,"href":"https:\/\/www.nettali.com\/rest\/wp\/v2\/posts\/172873\/revisions\/172892"}],"wp:featuredmedia":[{"embeddable":true,"href":"https:\/\/www.nettali.com\/rest\/wp\/v2\/media\/172874"}],"wp:attachment":[{"href":"https:\/\/www.nettali.com\/rest\/wp\/v2\/media?parent=172873"}],"wp:term":[{"taxonomy":"category","embeddable":true,"href":"https:\/\/www.nettali.com\/rest\/wp\/v2\/categories?post=172873"},{"taxonomy":"post_tag","embeddable":true,"href":"https:\/\/www.nettali.com\/rest\/wp\/v2\/tags?post=172873"}],"curies":[{"name":"wp","href":"https:\/\/api.w.org\/{rel}","templated":true}]}}