{"id":172869,"date":"2026-04-27T11:09:29","date_gmt":"2026-04-27T11:09:29","guid":{"rendered":"https:\/\/www.nettali.com\/?p=172869"},"modified":"2026-04-27T08:12:04","modified_gmt":"2026-04-27T08:12:04","slug":"liga-villarreal-de-pape-gueye-se-rapproche-de-la-c1","status":"publish","type":"post","link":"https:\/\/www.nettali.com\/2026\/04\/27\/liga-villarreal-de-pape-gueye-se-rapproche-de-la-c1\/","title":{"rendered":"LIGA - Villarreal de Pape Gueye se rapproche de la C1"},"content":{"rendered":"<p><strong>NETTALI.COM -<\/strong> Ce dimanche, la 32e journ\u00e9e de Liga mettait aux prises deux pr\u00e9tendants \u00e0 l\u2019Europe avec Villarreal (3e) et le Celta de Vigo (7e). Une rencontre o\u00f9 le sousmarin jaune a fait un grand pas vers la qualification en Ligue des Champions. Les hommes de Marcelino, avec Pape Gueye titulaire au milieu de terrain, ont vite trouv\u00e9 la faille sur penalty gr\u00e2ce \u00e0 Gerard Moreno (2e).<\/p>\n<p>Une entame parfaite convertie peu avant la demi-heure de jeu avec une nouvelle r\u00e9alisation. Bien trouv\u00e9 par Afonso Pedraza, Nicolas P\u00e9p\u00e9 s\u2019est charg\u00e9 de doubler la mise pour Villarreal (29e). Le Celta de Vigo n\u2019a n\u00e9anmoins pas abdiqu\u00e9 avec la r\u00e9duction du score sur penalty de Borja Iglesias (73e). Cependant, cela n\u2019a pas \u00e9t\u00e9 suffisant pour arracher le nul.<\/p>\n<p>Avec sa victoire 2-1, Villarreal est troisi\u00e8me \u00e0 neuf points du Real Madrid (2e) et compte 15 points d\u2019avance sur le Real Betis Balompi\u00e9 (5e).<\/p>\n<p>Autrement dit, un point lors des cinq derni\u00e8res journ\u00e9es serait suffisant pour assurer la qualification en Ligue des Champions. Le Celta de Vigo reste septi\u00e8me avec le m\u00eame nombre de points que Getafe (6e) provisoirement qualifi\u00e9 en Ligue Europa Conference.<\/p>\n<div class='share-to-whatsapp-wrapper'><div class='share-on-whsp'>PARTAGER SUR : <\/div><a data-text='LIGA - Villarreal de Pape Gueye se rapproche de la C1' data-link='https:\/\/www.nettali.com\/2026\/04\/27\/liga-villarreal-de-pape-gueye-se-rapproche-de-la-c1\/' class='whatsapp-button whatsapp-share'>WhatsApp<\/a><div class='clear '><\/div><\/div>","protected":false},"excerpt":{"rendered":"<p>NETTALI.COM - Ce dimanche, la 32e journ\u00e9e de Liga mettait aux prises deux pr\u00e9tendants \u00e0 l\u2019Europe avec Villarreal (3e) et le Celta de Vigo (7e). Une rencontre o\u00f9 le sousmarin jaune a fait un grand pas vers la qualification en Ligue des Champions. Les hommes de Marcelino, avec Pape Gueye titulaire au milieu de terrain, [&hellip;]<\/p>\n","protected":false},"author":2,"featured_media":172870,"comment_status":"open","ping_status":"open","sticky":false,"template":"","format":"standard","meta":{"_et_pb_use_builder":"","_et_pb_old_content":""},"categories":[6],"tags":[],"yoast_head":"<!-- This site is optimized with the Yoast SEO Premium plugin v17.8 (Yoast SEO v17.8) - https:\/\/yoast.com\/wordpress\/plugins\/seo\/ -->\n<title>LIGA - Villarreal de Pape Gueye se rapproche de la C1 | Nettali.com<\/title>\n<meta name=\"robots\" content=\"index, follow, max-snippet:-1, max-image-preview:large, max-video-preview:-1\" \/>\n<link rel=\"canonical\" href=\"https:\/\/www.nettali.com\/2026\/04\/27\/liga-villarreal-de-pape-gueye-se-rapproche-de-la-c1\/\" \/>\n<meta property=\"og:locale\" content=\"fr_FR\" \/>\n<meta property=\"og:type\" content=\"article\" \/>\n<meta property=\"og:title\" content=\"LIGA - Villarreal de Pape Gueye se rapproche de la C1\" \/>\n<meta property=\"og:description\" content=\"NETTALI.COM - Ce dimanche, la 32e journ\u00e9e de Liga mettait aux prises deux pr\u00e9tendants \u00e0 l\u2019Europe avec Villarreal (3e) et le Celta de Vigo (7e). Une rencontre o\u00f9 le sousmarin jaune a fait un grand pas vers la qualification en Ligue des Champions. Les hommes de Marcelino, avec Pape Gueye titulaire au milieu de terrain, [&hellip;]\" \/>\n<meta property=\"og:url\" content=\"https:\/\/www.nettali.com\/2026\/04\/27\/liga-villarreal-de-pape-gueye-se-rapproche-de-la-c1\/\" \/>\n<meta property=\"og:site_name\" content=\"Nettali.com\" \/>\n<meta property=\"article:publisher\" content=\"https:\/\/www.facebook.com\/nettalicom\" \/>\n<meta property=\"article:published_time\" content=\"2026-04-27T11:09:29+00:00\" \/>\n<meta property=\"article:modified_time\" content=\"2026-04-27T08:12:04+00:00\" \/>\n<meta property=\"og:image\" content=\"https:\/\/www.nettali.com\/wp-content\/uploads\/2026\/04\/86c6b.jpg\" \/>\n\t<meta property=\"og:image:width\" content=\"640\" \/>\n\t<meta property=\"og:image:height\" content=\"427\" \/>\n<meta name=\"twitter:card\" content=\"summary_large_image\" \/>\n<meta name=\"twitter:label1\" content=\"\u00c9crit par\" \/>\n\t<meta name=\"twitter:data1\" content=\"CK\" \/>\n\t<meta name=\"twitter:label2\" content=\"Dur\u00e9e de lecture estim\u00e9e\" \/>\n\t<meta name=\"twitter:data2\" content=\"1 minute\" \/>\n<script type=\"application\/ld+json\" class=\"yoast-schema-graph\">{\"@context\":\"https:\/\/schema.org\",\"@graph\":[{\"@type\":\"WebSite\",\"@id\":\"https:\/\/www.nettali.com\/#website\",\"url\":\"https:\/\/www.nettali.com\/\",\"name\":\"Nettali.com\",\"description\":\"Le rendez-vous critique du Net\",\"potentialAction\":[{\"@type\":\"SearchAction\",\"target\":{\"@type\":\"EntryPoint\",\"urlTemplate\":\"https:\/\/www.nettali.com\/?s={search_term_string}\"},\"query-input\":\"required name=search_term_string\"}],\"inLanguage\":\"fr-FR\"},{\"@type\":\"ImageObject\",\"@id\":\"https:\/\/www.nettali.com\/2026\/04\/27\/liga-villarreal-de-pape-gueye-se-rapproche-de-la-c1\/#primaryimage\",\"inLanguage\":\"fr-FR\",\"url\":\"https:\/\/www.nettali.com\/wp-content\/uploads\/2026\/04\/86c6b.jpg\",\"contentUrl\":\"https:\/\/www.nettali.com\/wp-content\/uploads\/2026\/04\/86c6b.jpg\",\"width\":640,\"height\":427},{\"@type\":\"WebPage\",\"@id\":\"https:\/\/www.nettali.com\/2026\/04\/27\/liga-villarreal-de-pape-gueye-se-rapproche-de-la-c1\/#webpage\",\"url\":\"https:\/\/www.nettali.com\/2026\/04\/27\/liga-villarreal-de-pape-gueye-se-rapproche-de-la-c1\/\",\"name\":\"LIGA - Villarreal de Pape Gueye se rapproche de la C1 | Nettali.com\",\"isPartOf\":{\"@id\":\"https:\/\/www.nettali.com\/#website\"},\"primaryImageOfPage\":{\"@id\":\"https:\/\/www.nettali.com\/2026\/04\/27\/liga-villarreal-de-pape-gueye-se-rapproche-de-la-c1\/#primaryimage\"},\"datePublished\":\"2026-04-27T11:09:29+00:00\",\"dateModified\":\"2026-04-27T08:12:04+00:00\",\"author\":{\"@id\":\"https:\/\/www.nettali.com\/#\/schema\/person\/d8ac7b7e27ddad43f1c0d2ef090d7f71\"},\"breadcrumb\":{\"@id\":\"https:\/\/www.nettali.com\/2026\/04\/27\/liga-villarreal-de-pape-gueye-se-rapproche-de-la-c1\/#breadcrumb\"},\"inLanguage\":\"fr-FR\",\"potentialAction\":[{\"@type\":\"ReadAction\",\"target\":[\"https:\/\/www.nettali.com\/2026\/04\/27\/liga-villarreal-de-pape-gueye-se-rapproche-de-la-c1\/\"]}]},{\"@type\":\"BreadcrumbList\",\"@id\":\"https:\/\/www.nettali.com\/2026\/04\/27\/liga-villarreal-de-pape-gueye-se-rapproche-de-la-c1\/#breadcrumb\",\"itemListElement\":[{\"@type\":\"ListItem\",\"position\":1,\"name\":\"Accueil\",\"item\":\"https:\/\/www.nettali.com\/\"},{\"@type\":\"ListItem\",\"position\":2,\"name\":\"LIGA - Villarreal de Pape Gueye se rapproche de la C1\"}]},{\"@type\":\"Person\",\"@id\":\"https:\/\/www.nettali.com\/#\/schema\/person\/d8ac7b7e27ddad43f1c0d2ef090d7f71\",\"name\":\"CK\",\"image\":{\"@type\":\"ImageObject\",\"@id\":\"https:\/\/www.nettali.com\/#personlogo\",\"inLanguage\":\"fr-FR\",\"url\":\"https:\/\/secure.gravatar.com\/avatar\/1d8d5118b9327d94da7cd4ce7f17fec2?s=96&d=mm&r=g\",\"contentUrl\":\"https:\/\/secure.gravatar.com\/avatar\/1d8d5118b9327d94da7cd4ce7f17fec2?s=96&d=mm&r=g\",\"caption\":\"CK\"},\"sameAs\":[\"https:\/\/www.nettali.com\"]}]}<\/script>\n<!-- \/ Yoast SEO Premium plugin. -->","yoast_head_json":{"title":"LIGA - Villarreal de Pape Gueye se rapproche de la C1 | Nettali.com","robots":{"index":"index","follow":"follow","max-snippet":"max-snippet:-1","max-image-preview":"max-image-preview:large","max-video-preview":"max-video-preview:-1"},"canonical":"https:\/\/www.nettali.com\/2026\/04\/27\/liga-villarreal-de-pape-gueye-se-rapproche-de-la-c1\/","og_locale":"fr_FR","og_type":"article","og_title":"LIGA - Villarreal de Pape Gueye se rapproche de la C1","og_description":"NETTALI.COM - Ce dimanche, la 32e journ\u00e9e de Liga mettait aux prises deux pr\u00e9tendants \u00e0 l\u2019Europe avec Villarreal (3e) et le Celta de Vigo (7e). Une rencontre o\u00f9 le sousmarin jaune a fait un grand pas vers la qualification en Ligue des Champions. Les hommes de Marcelino, avec Pape Gueye titulaire au milieu de terrain, [&hellip;]","og_url":"https:\/\/www.nettali.com\/2026\/04\/27\/liga-villarreal-de-pape-gueye-se-rapproche-de-la-c1\/","og_site_name":"Nettali.com","article_publisher":"https:\/\/www.facebook.com\/nettalicom","article_published_time":"2026-04-27T11:09:29+00:00","article_modified_time":"2026-04-27T08:12:04+00:00","og_image":[{"width":640,"height":427,"url":"https:\/\/www.nettali.com\/wp-content\/uploads\/2026\/04\/86c6b.jpg","type":"image\/jpeg"}],"twitter_card":"summary_large_image","twitter_misc":{"\u00c9crit par":"CK","Dur\u00e9e de lecture estim\u00e9e":"1 minute"},"schema":{"@context":"https:\/\/schema.org","@graph":[{"@type":"WebSite","@id":"https:\/\/www.nettali.com\/#website","url":"https:\/\/www.nettali.com\/","name":"Nettali.com","description":"Le rendez-vous critique du Net","potentialAction":[{"@type":"SearchAction","target":{"@type":"EntryPoint","urlTemplate":"https:\/\/www.nettali.com\/?s={search_term_string}"},"query-input":"required name=search_term_string"}],"inLanguage":"fr-FR"},{"@type":"ImageObject","@id":"https:\/\/www.nettali.com\/2026\/04\/27\/liga-villarreal-de-pape-gueye-se-rapproche-de-la-c1\/#primaryimage","inLanguage":"fr-FR","url":"https:\/\/www.nettali.com\/wp-content\/uploads\/2026\/04\/86c6b.jpg","contentUrl":"https:\/\/www.nettali.com\/wp-content\/uploads\/2026\/04\/86c6b.jpg","width":640,"height":427},{"@type":"WebPage","@id":"https:\/\/www.nettali.com\/2026\/04\/27\/liga-villarreal-de-pape-gueye-se-rapproche-de-la-c1\/#webpage","url":"https:\/\/www.nettali.com\/2026\/04\/27\/liga-villarreal-de-pape-gueye-se-rapproche-de-la-c1\/","name":"LIGA - Villarreal de Pape Gueye se rapproche de la C1 | Nettali.com","isPartOf":{"@id":"https:\/\/www.nettali.com\/#website"},"primaryImageOfPage":{"@id":"https:\/\/www.nettali.com\/2026\/04\/27\/liga-villarreal-de-pape-gueye-se-rapproche-de-la-c1\/#primaryimage"},"datePublished":"2026-04-27T11:09:29+00:00","dateModified":"2026-04-27T08:12:04+00:00","author":{"@id":"https:\/\/www.nettali.com\/#\/schema\/person\/d8ac7b7e27ddad43f1c0d2ef090d7f71"},"breadcrumb":{"@id":"https:\/\/www.nettali.com\/2026\/04\/27\/liga-villarreal-de-pape-gueye-se-rapproche-de-la-c1\/#breadcrumb"},"inLanguage":"fr-FR","potentialAction":[{"@type":"ReadAction","target":["https:\/\/www.nettali.com\/2026\/04\/27\/liga-villarreal-de-pape-gueye-se-rapproche-de-la-c1\/"]}]},{"@type":"BreadcrumbList","@id":"https:\/\/www.nettali.com\/2026\/04\/27\/liga-villarreal-de-pape-gueye-se-rapproche-de-la-c1\/#breadcrumb","itemListElement":[{"@type":"ListItem","position":1,"name":"Accueil","item":"https:\/\/www.nettali.com\/"},{"@type":"ListItem","position":2,"name":"LIGA - Villarreal de Pape Gueye se rapproche de la C1"}]},{"@type":"Person","@id":"https:\/\/www.nettali.com\/#\/schema\/person\/d8ac7b7e27ddad43f1c0d2ef090d7f71","name":"CK","image":{"@type":"ImageObject","@id":"https:\/\/www.nettali.com\/#personlogo","inLanguage":"fr-FR","url":"https:\/\/secure.gravatar.com\/avatar\/1d8d5118b9327d94da7cd4ce7f17fec2?s=96&d=mm&r=g","contentUrl":"https:\/\/secure.gravatar.com\/avatar\/1d8d5118b9327d94da7cd4ce7f17fec2?s=96&d=mm&r=g","caption":"CK"},"sameAs":["https:\/\/www.nettali.com"]}]}},"_links":{"self":[{"href":"https:\/\/www.nettali.com\/rest\/wp\/v2\/posts\/172869"}],"collection":[{"href":"https:\/\/www.nettali.com\/rest\/wp\/v2\/posts"}],"about":[{"href":"https:\/\/www.nettali.com\/rest\/wp\/v2\/types\/post"}],"author":[{"embeddable":true,"href":"https:\/\/www.nettali.com\/rest\/wp\/v2\/users\/2"}],"replies":[{"embeddable":true,"href":"https:\/\/www.nettali.com\/rest\/wp\/v2\/comments?post=172869"}],"version-history":[{"count":1,"href":"https:\/\/www.nettali.com\/rest\/wp\/v2\/posts\/172869\/revisions"}],"predecessor-version":[{"id":172871,"href":"https:\/\/www.nettali.com\/rest\/wp\/v2\/posts\/172869\/revisions\/172871"}],"wp:featuredmedia":[{"embeddable":true,"href":"https:\/\/www.nettali.com\/rest\/wp\/v2\/media\/172870"}],"wp:attachment":[{"href":"https:\/\/www.nettali.com\/rest\/wp\/v2\/media?parent=172869"}],"wp:term":[{"taxonomy":"category","embeddable":true,"href":"https:\/\/www.nettali.com\/rest\/wp\/v2\/categories?post=172869"},{"taxonomy":"post_tag","embeddable":true,"href":"https:\/\/www.nettali.com\/rest\/wp\/v2\/tags?post=172869"}],"curies":[{"name":"wp","href":"https:\/\/api.w.org\/{rel}","templated":true}]}}