{"id":172866,"date":"2026-04-27T08:08:05","date_gmt":"2026-04-27T08:08:05","guid":{"rendered":"https:\/\/www.nettali.com\/?p=172866"},"modified":"2026-04-27T08:08:05","modified_gmt":"2026-04-27T08:08:05","slug":"escalade-terroriste-au-mali-dakar-fait-bloc-derriere-bamako","status":"publish","type":"post","link":"https:\/\/www.nettali.com\/2026\/04\/27\/escalade-terroriste-au-mali-dakar-fait-bloc-derriere-bamako\/","title":{"rendered":"ESCALADE TERRORISTE AU MALI - Dakar fait Bloc derri\u00e8re Bamako"},"content":{"rendered":"<p><strong>NETTALI.COM - Le Mali a bascul\u00e9 dans le chaos, ce 25 avril 2026, frapp\u00e9 par une offensive terroriste d\u2019une ampleur in\u00e9dite ayant conduit au d\u00e9c\u00e8s tragique du Ministre de la D\u00e9fense. Entre condamnations officielles au sommet de l\u2019\u00c9tat s\u00e9n\u00e9galais et sorties virulentes d\u00e9non\u00e7ant des manoeuvres n\u00e9ocoloniales, depuis Dakar, on r\u00e9clame d\u00e9sormais des actes concrets pour stabiliser l\u2019espace sah\u00e9lien.<\/strong><\/p>\n<p><strong>Le Mali frapp\u00e9 au coeur : la disparition du G\u00e9n\u00e9ral Sadio Camara<\/strong><\/p>\n<p>C\u2019est un s\u00e9isme politico-militaire qui a secou\u00e9 Bamako samedi dernier. Par le biais du communiqu\u00e9 n\u00b02026-002, le Gouvernement de Transition du Mali a confirm\u00e9 la mort du G\u00e9n\u00e9ral de Corps d\u2019Arm\u00e9e Sadio Camara, figure centrale de l\u2019appareil d\u2019\u00c9tat. L\u2019attaque, d\u2019une pr\u00e9cision chirurgicale, a impliqu\u00e9 un v\u00e9hicule pi\u00e9g\u00e9 conduit par un kamikaze visant directement la r\u00e9sidence du Ministre. L\u2019assaut a d\u00e9clench\u00e9 d\u2019intenses affrontements urbains.<\/p>\n<p>Outre la perte du Ministre, le bilan est lourd : des victimes civiles sont \u00e0 d\u00e9plorer, notamment suite \u00e0 l\u2019effondrement d\u2019une mosqu\u00e9e adjacente \u00e0 la zone de combat. Le communiqu\u00e9 malien rend hommage \u00e0 un officier dont le parcours \u201c<em>s\u2019est toujours caract\u00e9ris\u00e9 par sa combativit\u00e9, son intr\u00e9pidit\u00e9 et son humanisme<\/em>\u201d.<\/p>\n<p>La junte informe avoir tu\u00e9 200 \u201cterroristes\u201d lors des attaques qui ont vis\u00e9 plusieurs localit\u00e9s : Bamako et Kati, proche de la capitale, Konna, Mopti et S\u00e9var\u00e9 au centre du pays, et enfin Gao et Kidal au nord. L\u2019arm\u00e9e malienne parle \u201c<em>d\u2019un plan de d\u00e9stabilisation vaste et complexe<\/em>\u201d et informe avoir repouss\u00e9 les assaillants.<\/p>\n<p>Toutefois, informe RFI, la ville de Kidal est ce soir du 26 avril sous contr\u00f4le total des jihadistes du Groupe de soutien \u00e0 l\u2019islam et aux musulmans (Jnim) et de la r\u00e9bellion touar\u00e8gue du Front de lib\u00e9ration de l\u2019Azawad (FLA). Apr\u00e8s n\u00e9gociations, les mercenaires russes d\u2019Africa corps et l\u2019arm\u00e9e malienne ont quitt\u00e9 Kidal en direction de Gao, de m\u00eame que les autorit\u00e9s civiles officielles. Le chef d\u2019\u00e9tat-major parle \u201c<em>d\u2019une r\u00e9adaptation des forces maliennes<\/em>\u201d et de leur \u201c<em>repositionnement sur la localit\u00e9 d\u2019Anefis<\/em>\u201d.<\/p>\n<p>\u00c9l\u00e9ment hautement pr\u00e9occupant : l\u2019alliance affich\u00e9e pour la premi\u00e8re fois entre le Jnim et le FLA, deux mouvances jusqu\u2019ici antagonistes, redessine la carte strat\u00e9gique du Sahel et fait peser une menace in\u00e9dite sur le flanc oriental s\u00e9n\u00e9galais.<\/p>\n<p><strong>La diplomatie s\u00e9n\u00e9galaise en ordre de bataille <\/strong><\/p>\n<p>\u00c0 Dakar, la r\u00e9action a \u00e9t\u00e9 imm\u00e9diate. Le Pr\u00e9sident de la R\u00e9publique, Bassirou Diomaye Diakhar Faye, a fait une d\u00e9claration solennelle pour exprimer la compassion de la nation s\u00e9n\u00e9galaise. Pour le chef de l\u2019Ex\u00e9cutif, la menace qui p\u00e8se sur Bamako est une menace pour l\u2019ensemble de la sous-r\u00e9gion. \u201c<em>Je condamne avec la plus grande fermet\u00e9 les attaques terroristes perp\u00e9tr\u00e9es aujourd\u2019hui contre la R\u00e9publique soeur du Mali<\/em>\u201d, a d\u00e9clar\u00e9 le Pr\u00e9sident Faye, ajoutant : \u201c<em>Le S\u00e9n\u00e9gal restera constant aux c\u00f4t\u00e9s du Mali pour oeuvrer ensemble, avec les pays de la sous-r\u00e9gion, \u00e0 la restauration de la paix et de la s\u00e9curit\u00e9 dans notre espace commun.<\/em>\u201d<\/p>\n<p>Cette position est relay\u00e9e par le Minist\u00e8re de l\u2019Int\u00e9gration africaine et des Affaires \u00e9trang\u00e8res, dont le communiqu\u00e9 souligne que ces actes \u201c<em>mettent gravement en danger les populations civiles et portent atteinte \u00e0 la stabilit\u00e9 du Mali et de l\u2019ensemble de la r\u00e9gion<\/em>\u201d. Le S\u00e9n\u00e9gal appelle \u00e0 un \u201crenforcement de la coop\u00e9ration entre les \u00c9tats de la r\u00e9gion\u201d et \u00e0 l\u2019activation efficace des m\u00e9canismes de s\u00e9curit\u00e9 collective existants.<\/p>\n<p>Cette posture officielle prolonge un dispositif bilat\u00e9ral d\u00e9j\u00e0 \u00e9toff\u00e9 : patrouilles mixtes s\u00e9n\u00e9galo-maliennes \u00e0 Diboli, d\u00e9ploiement du Groupe d\u2019action rapide de surveillance et d\u2019intervention (Garsi) \u00e0 Goudiri avec l\u2019appui de l\u2019Union europ\u00e9enne, et rencontre, le 7 avril 2026, entre l\u2019ambassadrice du S\u00e9n\u00e9gal au Mali, Fatoumata Bin\u00e9tou Rassoul Correa, et feu le G\u00e9n\u00e9ral Sadio Camara, consacr\u00e9e au renforcement de la coop\u00e9ration s\u00e9curitaire.<\/p>\n<p><strong>Une fronti\u00e8re orientale sous pression croissante <\/strong><\/p>\n<p>Au-del\u00e0 des chancelleries, la menace n\u2019est plus une perspective lointaine. Le JNIM a install\u00e9 des bases logistiques dans la r\u00e9gion malienne de Kayes, \u00e0 quelques kilom\u00e8tres de la fronti\u00e8re s\u00e9n\u00e9galaise. En juillet 2025, il a frapp\u00e9 \u00e0 Diboli, \u00e0 2 km seulement de Kidira ; en septembre, six chauffeurs routiers s\u00e9n\u00e9galais ont \u00e9t\u00e9 bri\u00e8vement enlev\u00e9s. Les incidents recens\u00e9s \u00e0 Melgu\u00e9 et Diboli traduisent la volont\u00e9 du groupe d\u2019infiltrer l\u2019Est s\u00e9n\u00e9galais.<\/p>\n<p>Cette pression a un co\u00fbt \u00e9conomique. Le S\u00e9n\u00e9gal, principale voie d\u2019exportation maritime du Mali via le port de Dakar, voit le blocus du JNIM sur les routes de Kayes menacer les flux d\u2019or, de b\u00e9tail et de bois. L\u2019attaque contre les camions-citernes de carburant a paralys\u00e9 l\u2019axe Kayes-fronti\u00e8re. Au lendemain des attaques du 25 avril, Air S\u00e9n\u00e9gal a annul\u00e9 ses vols vers Bamako. Sur l\u2019axe Kidira-Dakar, le nombre de checkpoints est pass\u00e9 de cinq \u00e0 plus de vingt, avec un cort\u00e8ge de pratiques de racket d\u00e9nonc\u00e9es par les transporteurs.<\/p>\n<p>\u00c0 Bakel, la menace jihadiste se superpose \u00e0 la criminalit\u00e9 transfrontali\u00e8re, \u00e0 l\u2019isolement et \u00e0 la pollution de la Fal\u00e9m\u00e9 \u2014 un cumul de vuln\u00e9rabilit\u00e9s qui appelle une r\u00e9ponse sociale et \u00e9conomique structur\u00e9e.<\/p>\n<p><strong>Un tournant pour la s\u00e9curit\u00e9 sous-r\u00e9gionale <\/strong><\/p>\n<p>L\u2019assassinat d\u2019un ministre de la D\u00e9fense en exercice est un \u00e9v\u00e9nement rarissime qui force le S\u00e9n\u00e9gal et ses voisins \u00e0 repenser leur strat\u00e9gie de voisinage. Au-del\u00e0 de l\u2019\u00e9motion et de la solidarit\u00e9 affich\u00e9e, cette journ\u00e9e du 25 avril 2026 pourrait marquer le d\u00e9but d\u2019une nouvelle \u00e8re de coop\u00e9ration militaire directe entre Dakar et Bamako. La survie des institutions maliennes est d\u00e9sormais per\u00e7ue comme le dernier rempart contre une d\u00e9stabilisation totale de la fa\u00e7ade atlantique de l\u2019Afrique de l\u2019Ouest. En attendant les fun\u00e9railles nationales du G\u00e9n\u00e9ral Sadio Camara, la vigilance est \u00e0 son maximum le long des fronti\u00e8res.<\/p>\n<div class='share-to-whatsapp-wrapper'><div class='share-on-whsp'>PARTAGER SUR : <\/div><a data-text='ESCALADE TERRORISTE AU MALI - Dakar fait Bloc derri\u00e8re Bamako' data-link='https:\/\/www.nettali.com\/2026\/04\/27\/escalade-terroriste-au-mali-dakar-fait-bloc-derriere-bamako\/' class='whatsapp-button whatsapp-share'>WhatsApp<\/a><div class='clear '><\/div><\/div>","protected":false},"excerpt":{"rendered":"<p>NETTALI.COM - Le Mali a bascul\u00e9 dans le chaos, ce 25 avril 2026, frapp\u00e9 par une offensive terroriste d\u2019une ampleur in\u00e9dite ayant conduit au d\u00e9c\u00e8s tragique du Ministre de la D\u00e9fense. Entre condamnations officielles au sommet de l\u2019\u00c9tat s\u00e9n\u00e9galais et sorties virulentes d\u00e9non\u00e7ant des manoeuvres n\u00e9ocoloniales, depuis Dakar, on r\u00e9clame d\u00e9sormais des actes concrets pour [&hellip;]<\/p>\n","protected":false},"author":2,"featured_media":172867,"comment_status":"open","ping_status":"open","sticky":true,"template":"","format":"standard","meta":{"_et_pb_use_builder":"","_et_pb_old_content":""},"categories":[8],"tags":[],"yoast_head":"<!-- This site is optimized with the Yoast SEO Premium plugin v17.8 (Yoast SEO v17.8) - https:\/\/yoast.com\/wordpress\/plugins\/seo\/ -->\n<title>ESCALADE TERRORISTE AU MALI - Dakar fait Bloc derri\u00e8re Bamako | Nettali.com<\/title>\n<meta name=\"robots\" content=\"index, follow, max-snippet:-1, max-image-preview:large, max-video-preview:-1\" \/>\n<link rel=\"canonical\" href=\"https:\/\/www.nettali.com\/2026\/04\/27\/escalade-terroriste-au-mali-dakar-fait-bloc-derriere-bamako\/\" \/>\n<meta property=\"og:locale\" content=\"fr_FR\" \/>\n<meta property=\"og:type\" content=\"article\" \/>\n<meta property=\"og:title\" content=\"ESCALADE TERRORISTE AU MALI - Dakar fait Bloc derri\u00e8re Bamako\" \/>\n<meta property=\"og:description\" content=\"NETTALI.COM - Le Mali a bascul\u00e9 dans le chaos, ce 25 avril 2026, frapp\u00e9 par une offensive terroriste d\u2019une ampleur in\u00e9dite ayant conduit au d\u00e9c\u00e8s tragique du Ministre de la D\u00e9fense. Entre condamnations officielles au sommet de l\u2019\u00c9tat s\u00e9n\u00e9galais et sorties virulentes d\u00e9non\u00e7ant des manoeuvres n\u00e9ocoloniales, depuis Dakar, on r\u00e9clame d\u00e9sormais des actes concrets pour [&hellip;]\" \/>\n<meta property=\"og:url\" content=\"https:\/\/www.nettali.com\/2026\/04\/27\/escalade-terroriste-au-mali-dakar-fait-bloc-derriere-bamako\/\" \/>\n<meta property=\"og:site_name\" content=\"Nettali.com\" \/>\n<meta property=\"article:publisher\" content=\"https:\/\/www.facebook.com\/nettalicom\" \/>\n<meta property=\"article:published_time\" content=\"2026-04-27T08:08:05+00:00\" \/>\n<meta property=\"og:image\" content=\"https:\/\/www.nettali.com\/wp-content\/uploads\/2026\/04\/images-6.jpeg\" \/>\n\t<meta property=\"og:image:width\" content=\"275\" \/>\n\t<meta property=\"og:image:height\" content=\"183\" \/>\n<meta name=\"twitter:card\" content=\"summary_large_image\" \/>\n<meta name=\"twitter:label1\" content=\"\u00c9crit par\" \/>\n\t<meta name=\"twitter:data1\" content=\"CK\" \/>\n\t<meta name=\"twitter:label2\" content=\"Dur\u00e9e de lecture estim\u00e9e\" \/>\n\t<meta name=\"twitter:data2\" content=\"5 minutes\" \/>\n<script type=\"application\/ld+json\" class=\"yoast-schema-graph\">{\"@context\":\"https:\/\/schema.org\",\"@graph\":[{\"@type\":\"WebSite\",\"@id\":\"https:\/\/www.nettali.com\/#website\",\"url\":\"https:\/\/www.nettali.com\/\",\"name\":\"Nettali.com\",\"description\":\"Le rendez-vous critique du Net\",\"potentialAction\":[{\"@type\":\"SearchAction\",\"target\":{\"@type\":\"EntryPoint\",\"urlTemplate\":\"https:\/\/www.nettali.com\/?s={search_term_string}\"},\"query-input\":\"required name=search_term_string\"}],\"inLanguage\":\"fr-FR\"},{\"@type\":\"ImageObject\",\"@id\":\"https:\/\/www.nettali.com\/2026\/04\/27\/escalade-terroriste-au-mali-dakar-fait-bloc-derriere-bamako\/#primaryimage\",\"inLanguage\":\"fr-FR\",\"url\":\"https:\/\/www.nettali.com\/wp-content\/uploads\/2026\/04\/images-6.jpeg\",\"contentUrl\":\"https:\/\/www.nettali.com\/wp-content\/uploads\/2026\/04\/images-6.jpeg\",\"width\":275,\"height\":183},{\"@type\":\"WebPage\",\"@id\":\"https:\/\/www.nettali.com\/2026\/04\/27\/escalade-terroriste-au-mali-dakar-fait-bloc-derriere-bamako\/#webpage\",\"url\":\"https:\/\/www.nettali.com\/2026\/04\/27\/escalade-terroriste-au-mali-dakar-fait-bloc-derriere-bamako\/\",\"name\":\"ESCALADE TERRORISTE AU MALI - Dakar fait Bloc derri\\u00e8re Bamako | Nettali.com\",\"isPartOf\":{\"@id\":\"https:\/\/www.nettali.com\/#website\"},\"primaryImageOfPage\":{\"@id\":\"https:\/\/www.nettali.com\/2026\/04\/27\/escalade-terroriste-au-mali-dakar-fait-bloc-derriere-bamako\/#primaryimage\"},\"datePublished\":\"2026-04-27T08:08:05+00:00\",\"dateModified\":\"2026-04-27T08:08:05+00:00\",\"author\":{\"@id\":\"https:\/\/www.nettali.com\/#\/schema\/person\/d8ac7b7e27ddad43f1c0d2ef090d7f71\"},\"breadcrumb\":{\"@id\":\"https:\/\/www.nettali.com\/2026\/04\/27\/escalade-terroriste-au-mali-dakar-fait-bloc-derriere-bamako\/#breadcrumb\"},\"inLanguage\":\"fr-FR\",\"potentialAction\":[{\"@type\":\"ReadAction\",\"target\":[\"https:\/\/www.nettali.com\/2026\/04\/27\/escalade-terroriste-au-mali-dakar-fait-bloc-derriere-bamako\/\"]}]},{\"@type\":\"BreadcrumbList\",\"@id\":\"https:\/\/www.nettali.com\/2026\/04\/27\/escalade-terroriste-au-mali-dakar-fait-bloc-derriere-bamako\/#breadcrumb\",\"itemListElement\":[{\"@type\":\"ListItem\",\"position\":1,\"name\":\"Accueil\",\"item\":\"https:\/\/www.nettali.com\/\"},{\"@type\":\"ListItem\",\"position\":2,\"name\":\"ESCALADE TERRORISTE AU MALI - Dakar fait Bloc derri\\u00e8re Bamako\"}]},{\"@type\":\"Person\",\"@id\":\"https:\/\/www.nettali.com\/#\/schema\/person\/d8ac7b7e27ddad43f1c0d2ef090d7f71\",\"name\":\"CK\",\"image\":{\"@type\":\"ImageObject\",\"@id\":\"https:\/\/www.nettali.com\/#personlogo\",\"inLanguage\":\"fr-FR\",\"url\":\"https:\/\/secure.gravatar.com\/avatar\/1d8d5118b9327d94da7cd4ce7f17fec2?s=96&d=mm&r=g\",\"contentUrl\":\"https:\/\/secure.gravatar.com\/avatar\/1d8d5118b9327d94da7cd4ce7f17fec2?s=96&d=mm&r=g\",\"caption\":\"CK\"},\"sameAs\":[\"https:\/\/www.nettali.com\"]}]}<\/script>\n<!-- \/ Yoast SEO Premium plugin. -->","yoast_head_json":{"title":"ESCALADE TERRORISTE AU MALI - Dakar fait Bloc derri\u00e8re Bamako | Nettali.com","robots":{"index":"index","follow":"follow","max-snippet":"max-snippet:-1","max-image-preview":"max-image-preview:large","max-video-preview":"max-video-preview:-1"},"canonical":"https:\/\/www.nettali.com\/2026\/04\/27\/escalade-terroriste-au-mali-dakar-fait-bloc-derriere-bamako\/","og_locale":"fr_FR","og_type":"article","og_title":"ESCALADE TERRORISTE AU MALI - Dakar fait Bloc derri\u00e8re Bamako","og_description":"NETTALI.COM - Le Mali a bascul\u00e9 dans le chaos, ce 25 avril 2026, frapp\u00e9 par une offensive terroriste d\u2019une ampleur in\u00e9dite ayant conduit au d\u00e9c\u00e8s tragique du Ministre de la D\u00e9fense. Entre condamnations officielles au sommet de l\u2019\u00c9tat s\u00e9n\u00e9galais et sorties virulentes d\u00e9non\u00e7ant des manoeuvres n\u00e9ocoloniales, depuis Dakar, on r\u00e9clame d\u00e9sormais des actes concrets pour [&hellip;]","og_url":"https:\/\/www.nettali.com\/2026\/04\/27\/escalade-terroriste-au-mali-dakar-fait-bloc-derriere-bamako\/","og_site_name":"Nettali.com","article_publisher":"https:\/\/www.facebook.com\/nettalicom","article_published_time":"2026-04-27T08:08:05+00:00","og_image":[{"width":275,"height":183,"url":"https:\/\/www.nettali.com\/wp-content\/uploads\/2026\/04\/images-6.jpeg","type":"image\/jpeg"}],"twitter_card":"summary_large_image","twitter_misc":{"\u00c9crit par":"CK","Dur\u00e9e de lecture estim\u00e9e":"5 minutes"},"schema":{"@context":"https:\/\/schema.org","@graph":[{"@type":"WebSite","@id":"https:\/\/www.nettali.com\/#website","url":"https:\/\/www.nettali.com\/","name":"Nettali.com","description":"Le rendez-vous critique du Net","potentialAction":[{"@type":"SearchAction","target":{"@type":"EntryPoint","urlTemplate":"https:\/\/www.nettali.com\/?s={search_term_string}"},"query-input":"required name=search_term_string"}],"inLanguage":"fr-FR"},{"@type":"ImageObject","@id":"https:\/\/www.nettali.com\/2026\/04\/27\/escalade-terroriste-au-mali-dakar-fait-bloc-derriere-bamako\/#primaryimage","inLanguage":"fr-FR","url":"https:\/\/www.nettali.com\/wp-content\/uploads\/2026\/04\/images-6.jpeg","contentUrl":"https:\/\/www.nettali.com\/wp-content\/uploads\/2026\/04\/images-6.jpeg","width":275,"height":183},{"@type":"WebPage","@id":"https:\/\/www.nettali.com\/2026\/04\/27\/escalade-terroriste-au-mali-dakar-fait-bloc-derriere-bamako\/#webpage","url":"https:\/\/www.nettali.com\/2026\/04\/27\/escalade-terroriste-au-mali-dakar-fait-bloc-derriere-bamako\/","name":"ESCALADE TERRORISTE AU MALI - Dakar fait Bloc derri\u00e8re Bamako | Nettali.com","isPartOf":{"@id":"https:\/\/www.nettali.com\/#website"},"primaryImageOfPage":{"@id":"https:\/\/www.nettali.com\/2026\/04\/27\/escalade-terroriste-au-mali-dakar-fait-bloc-derriere-bamako\/#primaryimage"},"datePublished":"2026-04-27T08:08:05+00:00","dateModified":"2026-04-27T08:08:05+00:00","author":{"@id":"https:\/\/www.nettali.com\/#\/schema\/person\/d8ac7b7e27ddad43f1c0d2ef090d7f71"},"breadcrumb":{"@id":"https:\/\/www.nettali.com\/2026\/04\/27\/escalade-terroriste-au-mali-dakar-fait-bloc-derriere-bamako\/#breadcrumb"},"inLanguage":"fr-FR","potentialAction":[{"@type":"ReadAction","target":["https:\/\/www.nettali.com\/2026\/04\/27\/escalade-terroriste-au-mali-dakar-fait-bloc-derriere-bamako\/"]}]},{"@type":"BreadcrumbList","@id":"https:\/\/www.nettali.com\/2026\/04\/27\/escalade-terroriste-au-mali-dakar-fait-bloc-derriere-bamako\/#breadcrumb","itemListElement":[{"@type":"ListItem","position":1,"name":"Accueil","item":"https:\/\/www.nettali.com\/"},{"@type":"ListItem","position":2,"name":"ESCALADE TERRORISTE AU MALI - Dakar fait Bloc derri\u00e8re Bamako"}]},{"@type":"Person","@id":"https:\/\/www.nettali.com\/#\/schema\/person\/d8ac7b7e27ddad43f1c0d2ef090d7f71","name":"CK","image":{"@type":"ImageObject","@id":"https:\/\/www.nettali.com\/#personlogo","inLanguage":"fr-FR","url":"https:\/\/secure.gravatar.com\/avatar\/1d8d5118b9327d94da7cd4ce7f17fec2?s=96&d=mm&r=g","contentUrl":"https:\/\/secure.gravatar.com\/avatar\/1d8d5118b9327d94da7cd4ce7f17fec2?s=96&d=mm&r=g","caption":"CK"},"sameAs":["https:\/\/www.nettali.com"]}]}},"_links":{"self":[{"href":"https:\/\/www.nettali.com\/rest\/wp\/v2\/posts\/172866"}],"collection":[{"href":"https:\/\/www.nettali.com\/rest\/wp\/v2\/posts"}],"about":[{"href":"https:\/\/www.nettali.com\/rest\/wp\/v2\/types\/post"}],"author":[{"embeddable":true,"href":"https:\/\/www.nettali.com\/rest\/wp\/v2\/users\/2"}],"replies":[{"embeddable":true,"href":"https:\/\/www.nettali.com\/rest\/wp\/v2\/comments?post=172866"}],"version-history":[{"count":1,"href":"https:\/\/www.nettali.com\/rest\/wp\/v2\/posts\/172866\/revisions"}],"predecessor-version":[{"id":172868,"href":"https:\/\/www.nettali.com\/rest\/wp\/v2\/posts\/172866\/revisions\/172868"}],"wp:featuredmedia":[{"embeddable":true,"href":"https:\/\/www.nettali.com\/rest\/wp\/v2\/media\/172867"}],"wp:attachment":[{"href":"https:\/\/www.nettali.com\/rest\/wp\/v2\/media?parent=172866"}],"wp:term":[{"taxonomy":"category","embeddable":true,"href":"https:\/\/www.nettali.com\/rest\/wp\/v2\/categories?post=172866"},{"taxonomy":"post_tag","embeddable":true,"href":"https:\/\/www.nettali.com\/rest\/wp\/v2\/tags?post=172866"}],"curies":[{"name":"wp","href":"https:\/\/api.w.org\/{rel}","templated":true}]}}