{"id":172846,"date":"2026-04-26T10:46:18","date_gmt":"2026-04-26T10:46:18","guid":{"rendered":"https:\/\/www.nettali.com\/?p=172846"},"modified":"2026-04-26T21:47:28","modified_gmt":"2026-04-26T21:47:28","slug":"coupe-du-monde-de-viet-vo-dao-le-senegal-se-prepare-mais","status":"publish","type":"post","link":"https:\/\/www.nettali.com\/2026\/04\/26\/coupe-du-monde-de-viet-vo-dao-le-senegal-se-prepare-mais\/","title":{"rendered":"COUPE DU MONDE DE VIET VO DAO - Le S\u00e9n\u00e9gal se pr\u00e9pare mais..."},"content":{"rendered":"<p dir=\"ltr\"><strong>NETTALI.COM - Class\u00e9 deuxi\u00e8me avec 22 m\u00e9dailles dont 9 en or lors des derniers championnats du monde en 2022, le S\u00e9n\u00e9gal pr\u00e9pare ceux de 2026 avec une certaine inqui\u00e9tude. Malgr\u00e9 le doute qui plane, l'\u00e9quipe nationale qui est actuellement en regroupement s'active \u00e0 fond pour la comp\u00e9tition pr\u00e9vue du 22 au juillet, \u00e0 Paris, en France.<\/strong><\/p>\n<p dir=\"ltr\">\"<em>Nous pr\u00e9parons la Coupe du Monde qui doit se d\u00e9rouler du 22 au 25 juillet, \u00e0 Paris. L'\u00e9quipe nationale est en train de s'atteler <u>et<\/u> on essaie de trouver de gauche \u00e0 droite les moyens pour s'y rendre. Parce qu'on n'est pas pris dans l'arbitrage budg\u00e9taire, et \u00e7a, il faut le dire. Bon, pour quelles raisons, nous ne savons pas. Parce que depuis 2002, 2006, 2010, 2014, 2018, 2022 o\u00f9 on a eu 22 m\u00e9dailles dont 9 en <u>o<\/u>r, 9 en argent et 4 en bronze<\/em>\", a laiss\u00e9 entendre le pr\u00e9sident du CNG de Vovinam Viet Vo Dao, Me Abdoulaye S\u00e8ne ce samedi 25 avril \u00e0 l'occasion du championnat national de la petite cat\u00e9gorie organis\u00e9e \u00e0 l'\u00e9cole Libert\u00e9 6 A.<\/p>\n<p dir=\"ltr\">\"<em>On ne sait pas pourquoi on ne nous a pas pris. Mais, nous sommes en regroupement. Et puis on verra aussi avec l'aide des autorit\u00e9s qu'on a essay\u00e9 de demander leur soutien pour pouvoir se pr\u00e9senter \u00e0 Paris. Nous avons un rang \u00e0 d\u00e9fendre car on a \u00e9t\u00e9 class\u00e9 deuxi\u00e8me au championnat du monde de 2022. Donc vraiment, si on ne part pas, si le S\u00e9n\u00e9gal ne se pr\u00e9sente pas, ce sera un peu d\u00e9licat<\/em>\", a-t-il ajout\u00e9.<\/p>\n<p dir=\"ltr\"><strong>A quand la F\u00e9d\u00e9ration?<\/strong><\/p>\n<p dir=\"ltr\">Le Vovinam Viet Vo Dao s\u00e9n\u00e9galais va passer de CNP en f\u00e9d\u00e9ration, l'annonce a \u00e9t\u00e9 faite depuis mai 2025 par le ministre des Sports, Khady Di\u00e9ne Gaye. Depuis lors, les lignes ne bougent pas. L'unification de la famille voshin reste toujours en attente\u00a0 et les motifs demeurent pour le moment introuvables.<\/p>\n<p dir=\"ltr\">\"<em>Dans notre arr\u00eat\u00e9, il a \u00e9t\u00e9 dit que c'est nous qui devons se pr\u00e9senter pour aller en f\u00e9d\u00e9ration. Nous, on a d\u00e9j\u00e0 fait tout ce qu'on a fait avec les autres disciplines. N'oubliez pas qu'il y a le Qwankido et d'autres styles qui sont autour de nous. Mais \u00e0 la derni\u00e8re minute, le minist\u00e8re a pr\u00e9f\u00e9r\u00e9 demander des r\u00e9c\u00e9piss\u00e9s de part et d'autre et ce qui fait la lenteur dans certains coins parce que pour avoir les r\u00e9c\u00e9piss\u00e9s \u00e7a prend du temps.Donc si c'est tout \u00e7a l\u00e0 qu'on doit collecter pour attendre et puis aller en f\u00e9d\u00e9ration \u00e7a va \u00eatre quelque chose de difficile car au S\u00e9n\u00e9gal, on n'a pas l'habitude de mettre des associations, les gens ont l'habitude d'avoir des clubs certifi\u00e9s par un club<\/em>\", a d\u00e9taill\u00e9 Me S\u00e8ne.<\/p>\n<p dir=\"ltr\">Autant dire que l'incompr\u00e9hension est totale. \"<em>Nous, on a \u00e9t\u00e9 \u00e0 la f\u00e9d\u00e9ration de karat\u00e9, apr\u00e8s la f\u00e9d\u00e9ration de Karat\u00e9, nous a l\u00e9gu\u00e9 pour qu'on aille en CNP, de CNP en CNG, actuellement, c'est le moment d'aller en f\u00e9d\u00e9ration. Le minist\u00e8re dit qu'il faut attendre. Nous, on ne peut rien dire<\/em>.\"<\/p>\n<div class='share-to-whatsapp-wrapper'><div class='share-on-whsp'>PARTAGER SUR : <\/div><a data-text='COUPE DU MONDE DE VIET VO DAO - Le S\u00e9n\u00e9gal se pr\u00e9pare mais...' data-link='https:\/\/www.nettali.com\/2026\/04\/26\/coupe-du-monde-de-viet-vo-dao-le-senegal-se-prepare-mais\/' class='whatsapp-button whatsapp-share'>WhatsApp<\/a><div class='clear '><\/div><\/div>","protected":false},"excerpt":{"rendered":"<p>NETTALI.COM - Class\u00e9 deuxi\u00e8me avec 22 m\u00e9dailles dont 9 en or lors des derniers championnats du monde en 2022, le S\u00e9n\u00e9gal pr\u00e9pare ceux de 2026 avec une certaine inqui\u00e9tude. Malgr\u00e9 le doute qui plane, l'\u00e9quipe nationale qui est actuellement en regroupement s'active \u00e0 fond pour la comp\u00e9tition pr\u00e9vue du 22 au juillet, \u00e0 Paris, en [&hellip;]<\/p>\n","protected":false},"author":5,"featured_media":172847,"comment_status":"open","ping_status":"open","sticky":false,"template":"","format":"standard","meta":{"_et_pb_use_builder":"","_et_pb_old_content":""},"categories":[6],"tags":[],"yoast_head":"<!-- This site is optimized with the Yoast SEO Premium plugin v17.8 (Yoast SEO v17.8) - https:\/\/yoast.com\/wordpress\/plugins\/seo\/ -->\n<title>COUPE DU MONDE DE VIET VO DAO - Le S\u00e9n\u00e9gal se pr\u00e9pare mais... | Nettali.com<\/title>\n<meta name=\"robots\" content=\"index, follow, max-snippet:-1, max-image-preview:large, max-video-preview:-1\" \/>\n<link rel=\"canonical\" href=\"https:\/\/www.nettali.com\/2026\/04\/26\/coupe-du-monde-de-viet-vo-dao-le-senegal-se-prepare-mais\/\" \/>\n<meta property=\"og:locale\" content=\"fr_FR\" \/>\n<meta property=\"og:type\" content=\"article\" \/>\n<meta property=\"og:title\" content=\"COUPE DU MONDE DE VIET VO DAO - Le S\u00e9n\u00e9gal se pr\u00e9pare mais...\" \/>\n<meta property=\"og:description\" content=\"NETTALI.COM - Class\u00e9 deuxi\u00e8me avec 22 m\u00e9dailles dont 9 en or lors des derniers championnats du monde en 2022, le S\u00e9n\u00e9gal pr\u00e9pare ceux de 2026 avec une certaine inqui\u00e9tude. Malgr\u00e9 le doute qui plane, l&#039;\u00e9quipe nationale qui est actuellement en regroupement s&#039;active \u00e0 fond pour la comp\u00e9tition pr\u00e9vue du 22 au juillet, \u00e0 Paris, en [&hellip;]\" \/>\n<meta property=\"og:url\" content=\"https:\/\/www.nettali.com\/2026\/04\/26\/coupe-du-monde-de-viet-vo-dao-le-senegal-se-prepare-mais\/\" \/>\n<meta property=\"og:site_name\" content=\"Nettali.com\" \/>\n<meta property=\"article:publisher\" content=\"https:\/\/www.facebook.com\/nettalicom\" \/>\n<meta property=\"article:published_time\" content=\"2026-04-26T10:46:18+00:00\" \/>\n<meta property=\"article:modified_time\" content=\"2026-04-26T21:47:28+00:00\" \/>\n<meta property=\"og:image\" content=\"https:\/\/www.nettali.com\/wp-content\/uploads\/2026\/04\/images-69.jpeg\" \/>\n\t<meta property=\"og:image:width\" content=\"612\" \/>\n\t<meta property=\"og:image:height\" content=\"298\" \/>\n<meta name=\"twitter:card\" content=\"summary_large_image\" \/>\n<meta name=\"twitter:label1\" content=\"\u00c9crit par\" \/>\n\t<meta name=\"twitter:data1\" content=\"Ibrahima\" \/>\n\t<meta name=\"twitter:label2\" content=\"Dur\u00e9e de lecture estim\u00e9e\" \/>\n\t<meta name=\"twitter:data2\" content=\"3 minutes\" \/>\n<script type=\"application\/ld+json\" class=\"yoast-schema-graph\">{\"@context\":\"https:\/\/schema.org\",\"@graph\":[{\"@type\":\"WebSite\",\"@id\":\"https:\/\/www.nettali.com\/#website\",\"url\":\"https:\/\/www.nettali.com\/\",\"name\":\"Nettali.com\",\"description\":\"Le rendez-vous critique du Net\",\"potentialAction\":[{\"@type\":\"SearchAction\",\"target\":{\"@type\":\"EntryPoint\",\"urlTemplate\":\"https:\/\/www.nettali.com\/?s={search_term_string}\"},\"query-input\":\"required name=search_term_string\"}],\"inLanguage\":\"fr-FR\"},{\"@type\":\"ImageObject\",\"@id\":\"https:\/\/www.nettali.com\/2026\/04\/26\/coupe-du-monde-de-viet-vo-dao-le-senegal-se-prepare-mais\/#primaryimage\",\"inLanguage\":\"fr-FR\",\"url\":\"https:\/\/www.nettali.com\/wp-content\/uploads\/2026\/04\/images-69.jpeg\",\"contentUrl\":\"https:\/\/www.nettali.com\/wp-content\/uploads\/2026\/04\/images-69.jpeg\",\"width\":612,\"height\":298},{\"@type\":\"WebPage\",\"@id\":\"https:\/\/www.nettali.com\/2026\/04\/26\/coupe-du-monde-de-viet-vo-dao-le-senegal-se-prepare-mais\/#webpage\",\"url\":\"https:\/\/www.nettali.com\/2026\/04\/26\/coupe-du-monde-de-viet-vo-dao-le-senegal-se-prepare-mais\/\",\"name\":\"COUPE DU MONDE DE VIET VO DAO - Le S\\u00e9n\\u00e9gal se pr\\u00e9pare mais... | Nettali.com\",\"isPartOf\":{\"@id\":\"https:\/\/www.nettali.com\/#website\"},\"primaryImageOfPage\":{\"@id\":\"https:\/\/www.nettali.com\/2026\/04\/26\/coupe-du-monde-de-viet-vo-dao-le-senegal-se-prepare-mais\/#primaryimage\"},\"datePublished\":\"2026-04-26T10:46:18+00:00\",\"dateModified\":\"2026-04-26T21:47:28+00:00\",\"author\":{\"@id\":\"https:\/\/www.nettali.com\/#\/schema\/person\/bb147657c2986240405a608162b9bb23\"},\"breadcrumb\":{\"@id\":\"https:\/\/www.nettali.com\/2026\/04\/26\/coupe-du-monde-de-viet-vo-dao-le-senegal-se-prepare-mais\/#breadcrumb\"},\"inLanguage\":\"fr-FR\",\"potentialAction\":[{\"@type\":\"ReadAction\",\"target\":[\"https:\/\/www.nettali.com\/2026\/04\/26\/coupe-du-monde-de-viet-vo-dao-le-senegal-se-prepare-mais\/\"]}]},{\"@type\":\"BreadcrumbList\",\"@id\":\"https:\/\/www.nettali.com\/2026\/04\/26\/coupe-du-monde-de-viet-vo-dao-le-senegal-se-prepare-mais\/#breadcrumb\",\"itemListElement\":[{\"@type\":\"ListItem\",\"position\":1,\"name\":\"Accueil\",\"item\":\"https:\/\/www.nettali.com\/\"},{\"@type\":\"ListItem\",\"position\":2,\"name\":\"COUPE DU MONDE DE VIET VO DAO - Le S\\u00e9n\\u00e9gal se pr\\u00e9pare mais...\"}]},{\"@type\":\"Person\",\"@id\":\"https:\/\/www.nettali.com\/#\/schema\/person\/bb147657c2986240405a608162b9bb23\",\"name\":\"Ibrahima\",\"image\":{\"@type\":\"ImageObject\",\"@id\":\"https:\/\/www.nettali.com\/#personlogo\",\"inLanguage\":\"fr-FR\",\"url\":\"https:\/\/secure.gravatar.com\/avatar\/26a8a81f09f0dd7624c9d5c36c9ba3a2?s=96&d=mm&r=g\",\"contentUrl\":\"https:\/\/secure.gravatar.com\/avatar\/26a8a81f09f0dd7624c9d5c36c9ba3a2?s=96&d=mm&r=g\",\"caption\":\"Ibrahima\"},\"sameAs\":[\"https:\/\/www.nettali.com\"]}]}<\/script>\n<!-- \/ Yoast SEO Premium plugin. -->","yoast_head_json":{"title":"COUPE DU MONDE DE VIET VO DAO - Le S\u00e9n\u00e9gal se pr\u00e9pare mais... | Nettali.com","robots":{"index":"index","follow":"follow","max-snippet":"max-snippet:-1","max-image-preview":"max-image-preview:large","max-video-preview":"max-video-preview:-1"},"canonical":"https:\/\/www.nettali.com\/2026\/04\/26\/coupe-du-monde-de-viet-vo-dao-le-senegal-se-prepare-mais\/","og_locale":"fr_FR","og_type":"article","og_title":"COUPE DU MONDE DE VIET VO DAO - Le S\u00e9n\u00e9gal se pr\u00e9pare mais...","og_description":"NETTALI.COM - Class\u00e9 deuxi\u00e8me avec 22 m\u00e9dailles dont 9 en or lors des derniers championnats du monde en 2022, le S\u00e9n\u00e9gal pr\u00e9pare ceux de 2026 avec une certaine inqui\u00e9tude. Malgr\u00e9 le doute qui plane, l'\u00e9quipe nationale qui est actuellement en regroupement s'active \u00e0 fond pour la comp\u00e9tition pr\u00e9vue du 22 au juillet, \u00e0 Paris, en [&hellip;]","og_url":"https:\/\/www.nettali.com\/2026\/04\/26\/coupe-du-monde-de-viet-vo-dao-le-senegal-se-prepare-mais\/","og_site_name":"Nettali.com","article_publisher":"https:\/\/www.facebook.com\/nettalicom","article_published_time":"2026-04-26T10:46:18+00:00","article_modified_time":"2026-04-26T21:47:28+00:00","og_image":[{"width":612,"height":298,"url":"https:\/\/www.nettali.com\/wp-content\/uploads\/2026\/04\/images-69.jpeg","type":"image\/jpeg"}],"twitter_card":"summary_large_image","twitter_misc":{"\u00c9crit par":"Ibrahima","Dur\u00e9e de lecture estim\u00e9e":"3 minutes"},"schema":{"@context":"https:\/\/schema.org","@graph":[{"@type":"WebSite","@id":"https:\/\/www.nettali.com\/#website","url":"https:\/\/www.nettali.com\/","name":"Nettali.com","description":"Le rendez-vous critique du Net","potentialAction":[{"@type":"SearchAction","target":{"@type":"EntryPoint","urlTemplate":"https:\/\/www.nettali.com\/?s={search_term_string}"},"query-input":"required name=search_term_string"}],"inLanguage":"fr-FR"},{"@type":"ImageObject","@id":"https:\/\/www.nettali.com\/2026\/04\/26\/coupe-du-monde-de-viet-vo-dao-le-senegal-se-prepare-mais\/#primaryimage","inLanguage":"fr-FR","url":"https:\/\/www.nettali.com\/wp-content\/uploads\/2026\/04\/images-69.jpeg","contentUrl":"https:\/\/www.nettali.com\/wp-content\/uploads\/2026\/04\/images-69.jpeg","width":612,"height":298},{"@type":"WebPage","@id":"https:\/\/www.nettali.com\/2026\/04\/26\/coupe-du-monde-de-viet-vo-dao-le-senegal-se-prepare-mais\/#webpage","url":"https:\/\/www.nettali.com\/2026\/04\/26\/coupe-du-monde-de-viet-vo-dao-le-senegal-se-prepare-mais\/","name":"COUPE DU MONDE DE VIET VO DAO - Le S\u00e9n\u00e9gal se pr\u00e9pare mais... | Nettali.com","isPartOf":{"@id":"https:\/\/www.nettali.com\/#website"},"primaryImageOfPage":{"@id":"https:\/\/www.nettali.com\/2026\/04\/26\/coupe-du-monde-de-viet-vo-dao-le-senegal-se-prepare-mais\/#primaryimage"},"datePublished":"2026-04-26T10:46:18+00:00","dateModified":"2026-04-26T21:47:28+00:00","author":{"@id":"https:\/\/www.nettali.com\/#\/schema\/person\/bb147657c2986240405a608162b9bb23"},"breadcrumb":{"@id":"https:\/\/www.nettali.com\/2026\/04\/26\/coupe-du-monde-de-viet-vo-dao-le-senegal-se-prepare-mais\/#breadcrumb"},"inLanguage":"fr-FR","potentialAction":[{"@type":"ReadAction","target":["https:\/\/www.nettali.com\/2026\/04\/26\/coupe-du-monde-de-viet-vo-dao-le-senegal-se-prepare-mais\/"]}]},{"@type":"BreadcrumbList","@id":"https:\/\/www.nettali.com\/2026\/04\/26\/coupe-du-monde-de-viet-vo-dao-le-senegal-se-prepare-mais\/#breadcrumb","itemListElement":[{"@type":"ListItem","position":1,"name":"Accueil","item":"https:\/\/www.nettali.com\/"},{"@type":"ListItem","position":2,"name":"COUPE DU MONDE DE VIET VO DAO - Le S\u00e9n\u00e9gal se pr\u00e9pare mais..."}]},{"@type":"Person","@id":"https:\/\/www.nettali.com\/#\/schema\/person\/bb147657c2986240405a608162b9bb23","name":"Ibrahima","image":{"@type":"ImageObject","@id":"https:\/\/www.nettali.com\/#personlogo","inLanguage":"fr-FR","url":"https:\/\/secure.gravatar.com\/avatar\/26a8a81f09f0dd7624c9d5c36c9ba3a2?s=96&d=mm&r=g","contentUrl":"https:\/\/secure.gravatar.com\/avatar\/26a8a81f09f0dd7624c9d5c36c9ba3a2?s=96&d=mm&r=g","caption":"Ibrahima"},"sameAs":["https:\/\/www.nettali.com"]}]}},"_links":{"self":[{"href":"https:\/\/www.nettali.com\/rest\/wp\/v2\/posts\/172846"}],"collection":[{"href":"https:\/\/www.nettali.com\/rest\/wp\/v2\/posts"}],"about":[{"href":"https:\/\/www.nettali.com\/rest\/wp\/v2\/types\/post"}],"author":[{"embeddable":true,"href":"https:\/\/www.nettali.com\/rest\/wp\/v2\/users\/5"}],"replies":[{"embeddable":true,"href":"https:\/\/www.nettali.com\/rest\/wp\/v2\/comments?post=172846"}],"version-history":[{"count":1,"href":"https:\/\/www.nettali.com\/rest\/wp\/v2\/posts\/172846\/revisions"}],"predecessor-version":[{"id":172851,"href":"https:\/\/www.nettali.com\/rest\/wp\/v2\/posts\/172846\/revisions\/172851"}],"wp:featuredmedia":[{"embeddable":true,"href":"https:\/\/www.nettali.com\/rest\/wp\/v2\/media\/172847"}],"wp:attachment":[{"href":"https:\/\/www.nettali.com\/rest\/wp\/v2\/media?parent=172846"}],"wp:term":[{"taxonomy":"category","embeddable":true,"href":"https:\/\/www.nettali.com\/rest\/wp\/v2\/categories?post=172846"},{"taxonomy":"post_tag","embeddable":true,"href":"https:\/\/www.nettali.com\/rest\/wp\/v2\/tags?post=172846"}],"curies":[{"name":"wp","href":"https:\/\/api.w.org\/{rel}","templated":true}]}}