{"id":172843,"date":"2026-04-26T20:22:47","date_gmt":"2026-04-26T20:22:47","guid":{"rendered":"https:\/\/www.nettali.com\/?p=172843"},"modified":"2026-04-26T20:22:47","modified_gmt":"2026-04-26T20:22:47","slug":"diplomatie-lunion-africaine-envoie-me-madicke-niang-en-mission-electorale-a-sao-tome-et-principe","status":"publish","type":"post","link":"https:\/\/www.nettali.com\/2026\/04\/26\/diplomatie-lunion-africaine-envoie-me-madicke-niang-en-mission-electorale-a-sao-tome-et-principe\/","title":{"rendered":"DIPLOMATIE - L\u2019Union africaine envoie Me Madick\u00e9 Niang en mission \u00e9lectorale \u00e0 Sao Tom\u00e9-et-Principe"},"content":{"rendered":"<p><strong>NETTALI.COM - L\u2019ancien ministre s\u00e9n\u00e9galais conduit une d\u00e9l\u00e9gation de l\u2019UA charg\u00e9e d\u2019\u00e9valuer le dispositif pr\u00e9\u00e9lectoral en vue de la pr\u00e9sidentielle de juillet 2026.<\/strong><\/p>\n<p>L\u2019Union africaine a confi\u00e9 \u00e0 Me Madick\u00e9 Niang, ancien ministre des Affaires \u00e9trang\u00e8res du S\u00e9n\u00e9gal, la conduite d\u2019une mission d\u2019\u00e9valuation \u00e0 Sao Tom\u00e9-et-Principe, dans le cadre de la pr\u00e9paration de l\u2019\u00e9lection pr\u00e9sidentielle pr\u00e9vue en juillet 2026.<\/p>\n<p>Cette mission s\u2019inscrit dans la strat\u00e9gie du D\u00e9partement des affaires politiques, de la paix et de la s\u00e9curit\u00e9 de l\u2019UA, visant \u00e0 accompagner les \u00c9tats membres dans l\u2019organisation d\u2019\u00e9ch\u00e9ances \u00e9lectorales cr\u00e9dibles, transparentes et apais\u00e9es.<\/p>\n<p>Pr\u00e9vue du 26 avril au 2 mai 2026, cette mission aura pour objectif d\u2019\u00e9valuer : les besoins techniques et logistiques, les dispositifs pr\u00e9\u00e9lectoraux et les conditions g\u00e9n\u00e9rales d\u2019organisation du scrutin.<\/p>\n<p>L\u2019enjeu est de renforcer la confiance dans le processus \u00e9lectoral et de pr\u00e9venir d\u2019\u00e9ventuelles tensions.<\/p>\n<p>Avant son d\u00e9part, Me Madick\u00e9 Niang a inform\u00e9 les plus hautes autorit\u00e9s s\u00e9n\u00e9galaises, notamment le Pr\u00e9sident de la R\u00e9publique, le Premier ministre ainsi que le ministre en charge des Affaires \u00e9trang\u00e8res.<\/p>\n<p>Il a quitt\u00e9 Dakar pour Lisbonne, premi\u00e8re \u00e9tape de son d\u00e9placement, avant de rejoindre Sao Tom\u00e9-et-Principe.<\/p>\n<p>Fort d\u2019un parcours riche \u2014 ancien ministre de la Justice, ministre des Affaires \u00e9trang\u00e8res, pr\u00e9sident de groupe parlementaire et candidat \u00e0 la pr\u00e9sidentielle de 2019 \u2014 Me Niang apporte une expertise reconnue en mati\u00e8re institutionnelle et diplomatique.<\/p>\n<p>Sa nomination \u00e0 la t\u00eate de cette mission traduit la confiance de l\u2019Union africaine en ses comp\u00e9tences pour conduire une \u00e9valuation strat\u00e9gique dans un contexte \u00e9lectoral sensible.<\/p>\n<p>\u00c0 la t\u00eate de la d\u00e9l\u00e9gation, il s\u2019est engag\u00e9 \u00e0 repr\u00e9senter avec rigueur et dignit\u00e9 \u00e0 la fois l\u2019Union africaine et le S\u00e9n\u00e9gal, en contribuant activement \u00e0 la r\u00e9ussite de cette mission.<\/p>\n<p>Il a par ailleurs sollicit\u00e9 les pri\u00e8res des S\u00e9n\u00e9galais pour le bon d\u00e9roulement de cette initiative, essentielle pour la stabilit\u00e9 d\u00e9mocratique de Sao Tom\u00e9-et-Principe.<\/p>\n<p>&nbsp;<\/p>\n<div class='share-to-whatsapp-wrapper'><div class='share-on-whsp'>PARTAGER SUR : <\/div><a data-text='DIPLOMATIE - L\u2019Union africaine envoie Me Madick\u00e9 Niang en mission \u00e9lectorale \u00e0 Sao Tom\u00e9-et-Principe' data-link='https:\/\/www.nettali.com\/2026\/04\/26\/diplomatie-lunion-africaine-envoie-me-madicke-niang-en-mission-electorale-a-sao-tome-et-principe\/' class='whatsapp-button whatsapp-share'>WhatsApp<\/a><div class='clear '><\/div><\/div>","protected":false},"excerpt":{"rendered":"<p>NETTALI.COM - L\u2019ancien ministre s\u00e9n\u00e9galais conduit une d\u00e9l\u00e9gation de l\u2019UA charg\u00e9e d\u2019\u00e9valuer le dispositif pr\u00e9\u00e9lectoral en vue de la pr\u00e9sidentielle de juillet 2026. L\u2019Union africaine a confi\u00e9 \u00e0 Me Madick\u00e9 Niang, ancien ministre des Affaires \u00e9trang\u00e8res du S\u00e9n\u00e9gal, la conduite d\u2019une mission d\u2019\u00e9valuation \u00e0 Sao Tom\u00e9-et-Principe, dans le cadre de la pr\u00e9paration de l\u2019\u00e9lection pr\u00e9sidentielle [&hellip;]<\/p>\n","protected":false},"author":4,"featured_media":172844,"comment_status":"open","ping_status":"open","sticky":false,"template":"","format":"standard","meta":{"_et_pb_use_builder":"","_et_pb_old_content":""},"categories":[2],"tags":[],"yoast_head":"<!-- This site is optimized with the Yoast SEO Premium plugin v17.8 (Yoast SEO v17.8) - https:\/\/yoast.com\/wordpress\/plugins\/seo\/ -->\n<title>DIPLOMATIE - L\u2019Union africaine envoie Me Madick\u00e9 Niang en mission \u00e9lectorale \u00e0 Sao Tom\u00e9-et-Principe | Nettali.com<\/title>\n<meta name=\"robots\" content=\"index, follow, max-snippet:-1, max-image-preview:large, max-video-preview:-1\" \/>\n<link rel=\"canonical\" href=\"https:\/\/www.nettali.com\/2026\/04\/26\/diplomatie-lunion-africaine-envoie-me-madicke-niang-en-mission-electorale-a-sao-tome-et-principe\/\" \/>\n<meta property=\"og:locale\" content=\"fr_FR\" \/>\n<meta property=\"og:type\" content=\"article\" \/>\n<meta property=\"og:title\" content=\"DIPLOMATIE - L\u2019Union africaine envoie Me Madick\u00e9 Niang en mission \u00e9lectorale \u00e0 Sao Tom\u00e9-et-Principe\" \/>\n<meta property=\"og:description\" content=\"NETTALI.COM - L\u2019ancien ministre s\u00e9n\u00e9galais conduit une d\u00e9l\u00e9gation de l\u2019UA charg\u00e9e d\u2019\u00e9valuer le dispositif pr\u00e9\u00e9lectoral en vue de la pr\u00e9sidentielle de juillet 2026. L\u2019Union africaine a confi\u00e9 \u00e0 Me Madick\u00e9 Niang, ancien ministre des Affaires \u00e9trang\u00e8res du S\u00e9n\u00e9gal, la conduite d\u2019une mission d\u2019\u00e9valuation \u00e0 Sao Tom\u00e9-et-Principe, dans le cadre de la pr\u00e9paration de l\u2019\u00e9lection pr\u00e9sidentielle [&hellip;]\" \/>\n<meta property=\"og:url\" content=\"https:\/\/www.nettali.com\/2026\/04\/26\/diplomatie-lunion-africaine-envoie-me-madicke-niang-en-mission-electorale-a-sao-tome-et-principe\/\" \/>\n<meta property=\"og:site_name\" content=\"Nettali.com\" \/>\n<meta property=\"article:publisher\" content=\"https:\/\/www.facebook.com\/nettalicom\" \/>\n<meta property=\"article:published_time\" content=\"2026-04-26T20:22:47+00:00\" \/>\n<meta property=\"og:image\" content=\"https:\/\/www.nettali.com\/wp-content\/uploads\/2026\/04\/Me-Madicke\u0301-Niang-e1777234957330.jpg\" \/>\n\t<meta property=\"og:image:width\" content=\"551\" \/>\n\t<meta property=\"og:image:height\" content=\"432\" \/>\n<meta name=\"twitter:card\" content=\"summary_large_image\" \/>\n<meta name=\"twitter:label1\" content=\"\u00c9crit par\" \/>\n\t<meta name=\"twitter:data1\" content=\"Daouda\" \/>\n\t<meta name=\"twitter:label2\" content=\"Dur\u00e9e de lecture estim\u00e9e\" \/>\n\t<meta name=\"twitter:data2\" content=\"2 minutes\" \/>\n<script type=\"application\/ld+json\" class=\"yoast-schema-graph\">{\"@context\":\"https:\/\/schema.org\",\"@graph\":[{\"@type\":\"WebSite\",\"@id\":\"https:\/\/www.nettali.com\/#website\",\"url\":\"https:\/\/www.nettali.com\/\",\"name\":\"Nettali.com\",\"description\":\"Le rendez-vous critique du Net\",\"potentialAction\":[{\"@type\":\"SearchAction\",\"target\":{\"@type\":\"EntryPoint\",\"urlTemplate\":\"https:\/\/www.nettali.com\/?s={search_term_string}\"},\"query-input\":\"required name=search_term_string\"}],\"inLanguage\":\"fr-FR\"},{\"@type\":\"ImageObject\",\"@id\":\"https:\/\/www.nettali.com\/2026\/04\/26\/diplomatie-lunion-africaine-envoie-me-madicke-niang-en-mission-electorale-a-sao-tome-et-principe\/#primaryimage\",\"inLanguage\":\"fr-FR\",\"url\":\"https:\/\/www.nettali.com\/wp-content\/uploads\/2026\/04\/Me-Madicke\\u0301-Niang-e1777234957330.jpg\",\"contentUrl\":\"https:\/\/www.nettali.com\/wp-content\/uploads\/2026\/04\/Me-Madicke\\u0301-Niang-e1777234957330.jpg\",\"width\":551,\"height\":432},{\"@type\":\"WebPage\",\"@id\":\"https:\/\/www.nettali.com\/2026\/04\/26\/diplomatie-lunion-africaine-envoie-me-madicke-niang-en-mission-electorale-a-sao-tome-et-principe\/#webpage\",\"url\":\"https:\/\/www.nettali.com\/2026\/04\/26\/diplomatie-lunion-africaine-envoie-me-madicke-niang-en-mission-electorale-a-sao-tome-et-principe\/\",\"name\":\"DIPLOMATIE - L\\u2019Union africaine envoie Me Madick\\u00e9 Niang en mission \\u00e9lectorale \\u00e0 Sao Tom\\u00e9-et-Principe | Nettali.com\",\"isPartOf\":{\"@id\":\"https:\/\/www.nettali.com\/#website\"},\"primaryImageOfPage\":{\"@id\":\"https:\/\/www.nettali.com\/2026\/04\/26\/diplomatie-lunion-africaine-envoie-me-madicke-niang-en-mission-electorale-a-sao-tome-et-principe\/#primaryimage\"},\"datePublished\":\"2026-04-26T20:22:47+00:00\",\"dateModified\":\"2026-04-26T20:22:47+00:00\",\"author\":{\"@id\":\"https:\/\/www.nettali.com\/#\/schema\/person\/3317e0bb3aa1da309fbf7b2780901bf4\"},\"breadcrumb\":{\"@id\":\"https:\/\/www.nettali.com\/2026\/04\/26\/diplomatie-lunion-africaine-envoie-me-madicke-niang-en-mission-electorale-a-sao-tome-et-principe\/#breadcrumb\"},\"inLanguage\":\"fr-FR\",\"potentialAction\":[{\"@type\":\"ReadAction\",\"target\":[\"https:\/\/www.nettali.com\/2026\/04\/26\/diplomatie-lunion-africaine-envoie-me-madicke-niang-en-mission-electorale-a-sao-tome-et-principe\/\"]}]},{\"@type\":\"BreadcrumbList\",\"@id\":\"https:\/\/www.nettali.com\/2026\/04\/26\/diplomatie-lunion-africaine-envoie-me-madicke-niang-en-mission-electorale-a-sao-tome-et-principe\/#breadcrumb\",\"itemListElement\":[{\"@type\":\"ListItem\",\"position\":1,\"name\":\"Accueil\",\"item\":\"https:\/\/www.nettali.com\/\"},{\"@type\":\"ListItem\",\"position\":2,\"name\":\"DIPLOMATIE - L\\u2019Union africaine envoie Me Madick\\u00e9 Niang en mission \\u00e9lectorale \\u00e0 Sao Tom\\u00e9-et-Principe\"}]},{\"@type\":\"Person\",\"@id\":\"https:\/\/www.nettali.com\/#\/schema\/person\/3317e0bb3aa1da309fbf7b2780901bf4\",\"name\":\"Daouda\",\"image\":{\"@type\":\"ImageObject\",\"@id\":\"https:\/\/www.nettali.com\/#personlogo\",\"inLanguage\":\"fr-FR\",\"url\":\"https:\/\/secure.gravatar.com\/avatar\/8d143b5a49345098ddcfee1c49c2f47c?s=96&d=mm&r=g\",\"contentUrl\":\"https:\/\/secure.gravatar.com\/avatar\/8d143b5a49345098ddcfee1c49c2f47c?s=96&d=mm&r=g\",\"caption\":\"Daouda\"},\"sameAs\":[\"https:\/\/www.nettali.com\"]}]}<\/script>\n<!-- \/ Yoast SEO Premium plugin. -->","yoast_head_json":{"title":"DIPLOMATIE - L\u2019Union africaine envoie Me Madick\u00e9 Niang en mission \u00e9lectorale \u00e0 Sao Tom\u00e9-et-Principe | Nettali.com","robots":{"index":"index","follow":"follow","max-snippet":"max-snippet:-1","max-image-preview":"max-image-preview:large","max-video-preview":"max-video-preview:-1"},"canonical":"https:\/\/www.nettali.com\/2026\/04\/26\/diplomatie-lunion-africaine-envoie-me-madicke-niang-en-mission-electorale-a-sao-tome-et-principe\/","og_locale":"fr_FR","og_type":"article","og_title":"DIPLOMATIE - L\u2019Union africaine envoie Me Madick\u00e9 Niang en mission \u00e9lectorale \u00e0 Sao Tom\u00e9-et-Principe","og_description":"NETTALI.COM - L\u2019ancien ministre s\u00e9n\u00e9galais conduit une d\u00e9l\u00e9gation de l\u2019UA charg\u00e9e d\u2019\u00e9valuer le dispositif pr\u00e9\u00e9lectoral en vue de la pr\u00e9sidentielle de juillet 2026. L\u2019Union africaine a confi\u00e9 \u00e0 Me Madick\u00e9 Niang, ancien ministre des Affaires \u00e9trang\u00e8res du S\u00e9n\u00e9gal, la conduite d\u2019une mission d\u2019\u00e9valuation \u00e0 Sao Tom\u00e9-et-Principe, dans le cadre de la pr\u00e9paration de l\u2019\u00e9lection pr\u00e9sidentielle [&hellip;]","og_url":"https:\/\/www.nettali.com\/2026\/04\/26\/diplomatie-lunion-africaine-envoie-me-madicke-niang-en-mission-electorale-a-sao-tome-et-principe\/","og_site_name":"Nettali.com","article_publisher":"https:\/\/www.facebook.com\/nettalicom","article_published_time":"2026-04-26T20:22:47+00:00","og_image":[{"width":551,"height":432,"url":"https:\/\/www.nettali.com\/wp-content\/uploads\/2026\/04\/Me-Madicke\u0301-Niang-e1777234957330.jpg","type":"image\/jpeg"}],"twitter_card":"summary_large_image","twitter_misc":{"\u00c9crit par":"Daouda","Dur\u00e9e de lecture estim\u00e9e":"2 minutes"},"schema":{"@context":"https:\/\/schema.org","@graph":[{"@type":"WebSite","@id":"https:\/\/www.nettali.com\/#website","url":"https:\/\/www.nettali.com\/","name":"Nettali.com","description":"Le rendez-vous critique du Net","potentialAction":[{"@type":"SearchAction","target":{"@type":"EntryPoint","urlTemplate":"https:\/\/www.nettali.com\/?s={search_term_string}"},"query-input":"required name=search_term_string"}],"inLanguage":"fr-FR"},{"@type":"ImageObject","@id":"https:\/\/www.nettali.com\/2026\/04\/26\/diplomatie-lunion-africaine-envoie-me-madicke-niang-en-mission-electorale-a-sao-tome-et-principe\/#primaryimage","inLanguage":"fr-FR","url":"https:\/\/www.nettali.com\/wp-content\/uploads\/2026\/04\/Me-Madicke\u0301-Niang-e1777234957330.jpg","contentUrl":"https:\/\/www.nettali.com\/wp-content\/uploads\/2026\/04\/Me-Madicke\u0301-Niang-e1777234957330.jpg","width":551,"height":432},{"@type":"WebPage","@id":"https:\/\/www.nettali.com\/2026\/04\/26\/diplomatie-lunion-africaine-envoie-me-madicke-niang-en-mission-electorale-a-sao-tome-et-principe\/#webpage","url":"https:\/\/www.nettali.com\/2026\/04\/26\/diplomatie-lunion-africaine-envoie-me-madicke-niang-en-mission-electorale-a-sao-tome-et-principe\/","name":"DIPLOMATIE - L\u2019Union africaine envoie Me Madick\u00e9 Niang en mission \u00e9lectorale \u00e0 Sao Tom\u00e9-et-Principe | Nettali.com","isPartOf":{"@id":"https:\/\/www.nettali.com\/#website"},"primaryImageOfPage":{"@id":"https:\/\/www.nettali.com\/2026\/04\/26\/diplomatie-lunion-africaine-envoie-me-madicke-niang-en-mission-electorale-a-sao-tome-et-principe\/#primaryimage"},"datePublished":"2026-04-26T20:22:47+00:00","dateModified":"2026-04-26T20:22:47+00:00","author":{"@id":"https:\/\/www.nettali.com\/#\/schema\/person\/3317e0bb3aa1da309fbf7b2780901bf4"},"breadcrumb":{"@id":"https:\/\/www.nettali.com\/2026\/04\/26\/diplomatie-lunion-africaine-envoie-me-madicke-niang-en-mission-electorale-a-sao-tome-et-principe\/#breadcrumb"},"inLanguage":"fr-FR","potentialAction":[{"@type":"ReadAction","target":["https:\/\/www.nettali.com\/2026\/04\/26\/diplomatie-lunion-africaine-envoie-me-madicke-niang-en-mission-electorale-a-sao-tome-et-principe\/"]}]},{"@type":"BreadcrumbList","@id":"https:\/\/www.nettali.com\/2026\/04\/26\/diplomatie-lunion-africaine-envoie-me-madicke-niang-en-mission-electorale-a-sao-tome-et-principe\/#breadcrumb","itemListElement":[{"@type":"ListItem","position":1,"name":"Accueil","item":"https:\/\/www.nettali.com\/"},{"@type":"ListItem","position":2,"name":"DIPLOMATIE - L\u2019Union africaine envoie Me Madick\u00e9 Niang en mission \u00e9lectorale \u00e0 Sao Tom\u00e9-et-Principe"}]},{"@type":"Person","@id":"https:\/\/www.nettali.com\/#\/schema\/person\/3317e0bb3aa1da309fbf7b2780901bf4","name":"Daouda","image":{"@type":"ImageObject","@id":"https:\/\/www.nettali.com\/#personlogo","inLanguage":"fr-FR","url":"https:\/\/secure.gravatar.com\/avatar\/8d143b5a49345098ddcfee1c49c2f47c?s=96&d=mm&r=g","contentUrl":"https:\/\/secure.gravatar.com\/avatar\/8d143b5a49345098ddcfee1c49c2f47c?s=96&d=mm&r=g","caption":"Daouda"},"sameAs":["https:\/\/www.nettali.com"]}]}},"_links":{"self":[{"href":"https:\/\/www.nettali.com\/rest\/wp\/v2\/posts\/172843"}],"collection":[{"href":"https:\/\/www.nettali.com\/rest\/wp\/v2\/posts"}],"about":[{"href":"https:\/\/www.nettali.com\/rest\/wp\/v2\/types\/post"}],"author":[{"embeddable":true,"href":"https:\/\/www.nettali.com\/rest\/wp\/v2\/users\/4"}],"replies":[{"embeddable":true,"href":"https:\/\/www.nettali.com\/rest\/wp\/v2\/comments?post=172843"}],"version-history":[{"count":1,"href":"https:\/\/www.nettali.com\/rest\/wp\/v2\/posts\/172843\/revisions"}],"predecessor-version":[{"id":172845,"href":"https:\/\/www.nettali.com\/rest\/wp\/v2\/posts\/172843\/revisions\/172845"}],"wp:featuredmedia":[{"embeddable":true,"href":"https:\/\/www.nettali.com\/rest\/wp\/v2\/media\/172844"}],"wp:attachment":[{"href":"https:\/\/www.nettali.com\/rest\/wp\/v2\/media?parent=172843"}],"wp:term":[{"taxonomy":"category","embeddable":true,"href":"https:\/\/www.nettali.com\/rest\/wp\/v2\/categories?post=172843"},{"taxonomy":"post_tag","embeddable":true,"href":"https:\/\/www.nettali.com\/rest\/wp\/v2\/tags?post=172843"}],"curies":[{"name":"wp","href":"https:\/\/api.w.org\/{rel}","templated":true}]}}