{"id":172838,"date":"2026-04-26T12:06:53","date_gmt":"2026-04-26T12:06:53","guid":{"rendered":"https:\/\/www.nettali.com\/?p=172838"},"modified":"2026-04-27T07:36:44","modified_gmt":"2026-04-27T07:36:44","slug":"mali-la-mort-du-ministre-sadio-camara-et-de-sa-seconde-epouse-confirmee-par-sa-famille","status":"publish","type":"post","link":"https:\/\/www.nettali.com\/2026\/04\/26\/mali-la-mort-du-ministre-sadio-camara-et-de-sa-seconde-epouse-confirmee-par-sa-famille\/","title":{"rendered":"MALI - La mort du ministre Sadio Camara et de sa seconde \u00e9pouse confirm\u00e9e par sa famille"},"content":{"rendered":"<p><strong>NETTALI.COM - L'information vient de tomber et plonge Bamako dans la stupeur. Le colonel Sadio Camara, ministre malien de la D\u00e9fense et l'un des principaux piliers de la junte au pouvoir depuis 2020, a \u00e9t\u00e9 tu\u00e9 lors de l'attaque men\u00e9e samedi par la branche sah\u00e9lienne d'Al-Qa\u00efda. <\/strong><\/p>\n<p>Le drame s'est produit directement \u00e0 sa r\u00e9sidence, ont confirm\u00e9 dimanche l'AFP, des sources gouvernementales, militaires ainsi que sa propre famille.<\/p>\n<p><em>\u00ab Dans l'attaque de Kati, le ministre Sadio Camara a \u00e9t\u00e9 tu\u00e9 ainsi que sa seconde femme (...) \u00bb<\/em>, a confi\u00e9 avec \u00e9motion un membre de sa famille. L'assaut, d'une violence extr\u00eame, visait le c\u0153ur du dispositif s\u00e9curitaire de la transition. Une source gouvernementale a confirm\u00e9 la nouvelle en d\u00e9clarant : <em>\u00ab Nous avons perdu un \u00eatre tr\u00e8s cher, le ministre de la D\u00e9fense. Il est tomb\u00e9 sur le champ d'honneur \u00bb.<\/em><\/p>\n<p>Le colonel Sadio Camara \u00e9tait consid\u00e9r\u00e9 comme l'un des hommes les plus influents du r\u00e9gime militaire. Sa mort, survenue dans le bastion militaire de Kati, aux portes de la capitale, marque un tournant s\u00e9curitaire majeur dans le conflit opposant l'\u00c9tat malien aux groupes djihadistes. Cette offensive coordonn\u00e9e par la branche sah\u00e9lienne d'Al-Qa\u00efda (JNIM) frappe directement l'un des concepteurs de la strat\u00e9gie militaire actuelle du Mali.<\/p>\n<div><strong>AFP<\/strong><\/div>\n<div class='share-to-whatsapp-wrapper'><div class='share-on-whsp'>PARTAGER SUR : <\/div><a data-text='MALI - La mort du ministre Sadio Camara et de sa seconde \u00e9pouse confirm\u00e9e par sa famille' data-link='https:\/\/www.nettali.com\/2026\/04\/26\/mali-la-mort-du-ministre-sadio-camara-et-de-sa-seconde-epouse-confirmee-par-sa-famille\/' class='whatsapp-button whatsapp-share'>WhatsApp<\/a><div class='clear '><\/div><\/div>","protected":false},"excerpt":{"rendered":"<p>NETTALI.COM - L'information vient de tomber et plonge Bamako dans la stupeur. Le colonel Sadio Camara, ministre malien de la D\u00e9fense et l'un des principaux piliers de la junte au pouvoir depuis 2020, a \u00e9t\u00e9 tu\u00e9 lors de l'attaque men\u00e9e samedi par la branche sah\u00e9lienne d'Al-Qa\u00efda. Le drame s'est produit directement \u00e0 sa r\u00e9sidence, ont [&hellip;]<\/p>\n","protected":false},"author":4,"featured_media":172839,"comment_status":"open","ping_status":"open","sticky":true,"template":"","format":"standard","meta":{"_et_pb_use_builder":"","_et_pb_old_content":""},"categories":[3],"tags":[],"yoast_head":"<!-- This site is optimized with the Yoast SEO Premium plugin v17.8 (Yoast SEO v17.8) - https:\/\/yoast.com\/wordpress\/plugins\/seo\/ -->\n<title>MALI - La mort du ministre Sadio Camara et de sa seconde \u00e9pouse confirm\u00e9e par sa famille | Nettali.com<\/title>\n<meta name=\"robots\" content=\"index, follow, max-snippet:-1, max-image-preview:large, max-video-preview:-1\" \/>\n<link rel=\"canonical\" href=\"https:\/\/www.nettali.com\/2026\/04\/26\/mali-la-mort-du-ministre-sadio-camara-et-de-sa-seconde-epouse-confirmee-par-sa-famille\/\" \/>\n<meta property=\"og:locale\" content=\"fr_FR\" \/>\n<meta property=\"og:type\" content=\"article\" \/>\n<meta property=\"og:title\" content=\"MALI - La mort du ministre Sadio Camara et de sa seconde \u00e9pouse confirm\u00e9e par sa famille\" \/>\n<meta property=\"og:description\" content=\"NETTALI.COM - L&#039;information vient de tomber et plonge Bamako dans la stupeur. Le colonel Sadio Camara, ministre malien de la D\u00e9fense et l&#039;un des principaux piliers de la junte au pouvoir depuis 2020, a \u00e9t\u00e9 tu\u00e9 lors de l&#039;attaque men\u00e9e samedi par la branche sah\u00e9lienne d&#039;Al-Qa\u00efda. Le drame s&#039;est produit directement \u00e0 sa r\u00e9sidence, ont [&hellip;]\" \/>\n<meta property=\"og:url\" content=\"https:\/\/www.nettali.com\/2026\/04\/26\/mali-la-mort-du-ministre-sadio-camara-et-de-sa-seconde-epouse-confirmee-par-sa-famille\/\" \/>\n<meta property=\"og:site_name\" content=\"Nettali.com\" \/>\n<meta property=\"article:publisher\" content=\"https:\/\/www.facebook.com\/nettalicom\" \/>\n<meta property=\"article:published_time\" content=\"2026-04-26T12:06:53+00:00\" \/>\n<meta property=\"article:modified_time\" content=\"2026-04-27T07:36:44+00:00\" \/>\n<meta property=\"og:image\" content=\"https:\/\/www.nettali.com\/wp-content\/uploads\/2026\/04\/Ministre-Mali.jpeg\" \/>\n\t<meta property=\"og:image:width\" content=\"1260\" \/>\n\t<meta property=\"og:image:height\" content=\"800\" \/>\n<meta name=\"twitter:card\" content=\"summary_large_image\" \/>\n<meta name=\"twitter:label1\" content=\"\u00c9crit par\" \/>\n\t<meta name=\"twitter:data1\" content=\"Daouda\" \/>\n\t<meta name=\"twitter:label2\" content=\"Dur\u00e9e de lecture estim\u00e9e\" \/>\n\t<meta name=\"twitter:data2\" content=\"1 minute\" \/>\n<script type=\"application\/ld+json\" class=\"yoast-schema-graph\">{\"@context\":\"https:\/\/schema.org\",\"@graph\":[{\"@type\":\"WebSite\",\"@id\":\"https:\/\/www.nettali.com\/#website\",\"url\":\"https:\/\/www.nettali.com\/\",\"name\":\"Nettali.com\",\"description\":\"Le rendez-vous critique du Net\",\"potentialAction\":[{\"@type\":\"SearchAction\",\"target\":{\"@type\":\"EntryPoint\",\"urlTemplate\":\"https:\/\/www.nettali.com\/?s={search_term_string}\"},\"query-input\":\"required name=search_term_string\"}],\"inLanguage\":\"fr-FR\"},{\"@type\":\"ImageObject\",\"@id\":\"https:\/\/www.nettali.com\/2026\/04\/26\/mali-la-mort-du-ministre-sadio-camara-et-de-sa-seconde-epouse-confirmee-par-sa-famille\/#primaryimage\",\"inLanguage\":\"fr-FR\",\"url\":\"https:\/\/www.nettali.com\/wp-content\/uploads\/2026\/04\/Ministre-Mali.jpeg\",\"contentUrl\":\"https:\/\/www.nettali.com\/wp-content\/uploads\/2026\/04\/Ministre-Mali.jpeg\",\"width\":1260,\"height\":800},{\"@type\":\"WebPage\",\"@id\":\"https:\/\/www.nettali.com\/2026\/04\/26\/mali-la-mort-du-ministre-sadio-camara-et-de-sa-seconde-epouse-confirmee-par-sa-famille\/#webpage\",\"url\":\"https:\/\/www.nettali.com\/2026\/04\/26\/mali-la-mort-du-ministre-sadio-camara-et-de-sa-seconde-epouse-confirmee-par-sa-famille\/\",\"name\":\"MALI - La mort du ministre Sadio Camara et de sa seconde \\u00e9pouse confirm\\u00e9e par sa famille | Nettali.com\",\"isPartOf\":{\"@id\":\"https:\/\/www.nettali.com\/#website\"},\"primaryImageOfPage\":{\"@id\":\"https:\/\/www.nettali.com\/2026\/04\/26\/mali-la-mort-du-ministre-sadio-camara-et-de-sa-seconde-epouse-confirmee-par-sa-famille\/#primaryimage\"},\"datePublished\":\"2026-04-26T12:06:53+00:00\",\"dateModified\":\"2026-04-27T07:36:44+00:00\",\"author\":{\"@id\":\"https:\/\/www.nettali.com\/#\/schema\/person\/3317e0bb3aa1da309fbf7b2780901bf4\"},\"breadcrumb\":{\"@id\":\"https:\/\/www.nettali.com\/2026\/04\/26\/mali-la-mort-du-ministre-sadio-camara-et-de-sa-seconde-epouse-confirmee-par-sa-famille\/#breadcrumb\"},\"inLanguage\":\"fr-FR\",\"potentialAction\":[{\"@type\":\"ReadAction\",\"target\":[\"https:\/\/www.nettali.com\/2026\/04\/26\/mali-la-mort-du-ministre-sadio-camara-et-de-sa-seconde-epouse-confirmee-par-sa-famille\/\"]}]},{\"@type\":\"BreadcrumbList\",\"@id\":\"https:\/\/www.nettali.com\/2026\/04\/26\/mali-la-mort-du-ministre-sadio-camara-et-de-sa-seconde-epouse-confirmee-par-sa-famille\/#breadcrumb\",\"itemListElement\":[{\"@type\":\"ListItem\",\"position\":1,\"name\":\"Accueil\",\"item\":\"https:\/\/www.nettali.com\/\"},{\"@type\":\"ListItem\",\"position\":2,\"name\":\"MALI - La mort du ministre Sadio Camara et de sa seconde \\u00e9pouse confirm\\u00e9e par sa famille\"}]},{\"@type\":\"Person\",\"@id\":\"https:\/\/www.nettali.com\/#\/schema\/person\/3317e0bb3aa1da309fbf7b2780901bf4\",\"name\":\"Daouda\",\"image\":{\"@type\":\"ImageObject\",\"@id\":\"https:\/\/www.nettali.com\/#personlogo\",\"inLanguage\":\"fr-FR\",\"url\":\"https:\/\/secure.gravatar.com\/avatar\/8d143b5a49345098ddcfee1c49c2f47c?s=96&d=mm&r=g\",\"contentUrl\":\"https:\/\/secure.gravatar.com\/avatar\/8d143b5a49345098ddcfee1c49c2f47c?s=96&d=mm&r=g\",\"caption\":\"Daouda\"},\"sameAs\":[\"https:\/\/www.nettali.com\"]}]}<\/script>\n<!-- \/ Yoast SEO Premium plugin. -->","yoast_head_json":{"title":"MALI - La mort du ministre Sadio Camara et de sa seconde \u00e9pouse confirm\u00e9e par sa famille | Nettali.com","robots":{"index":"index","follow":"follow","max-snippet":"max-snippet:-1","max-image-preview":"max-image-preview:large","max-video-preview":"max-video-preview:-1"},"canonical":"https:\/\/www.nettali.com\/2026\/04\/26\/mali-la-mort-du-ministre-sadio-camara-et-de-sa-seconde-epouse-confirmee-par-sa-famille\/","og_locale":"fr_FR","og_type":"article","og_title":"MALI - La mort du ministre Sadio Camara et de sa seconde \u00e9pouse confirm\u00e9e par sa famille","og_description":"NETTALI.COM - L'information vient de tomber et plonge Bamako dans la stupeur. Le colonel Sadio Camara, ministre malien de la D\u00e9fense et l'un des principaux piliers de la junte au pouvoir depuis 2020, a \u00e9t\u00e9 tu\u00e9 lors de l'attaque men\u00e9e samedi par la branche sah\u00e9lienne d'Al-Qa\u00efda. Le drame s'est produit directement \u00e0 sa r\u00e9sidence, ont [&hellip;]","og_url":"https:\/\/www.nettali.com\/2026\/04\/26\/mali-la-mort-du-ministre-sadio-camara-et-de-sa-seconde-epouse-confirmee-par-sa-famille\/","og_site_name":"Nettali.com","article_publisher":"https:\/\/www.facebook.com\/nettalicom","article_published_time":"2026-04-26T12:06:53+00:00","article_modified_time":"2026-04-27T07:36:44+00:00","og_image":[{"width":1260,"height":800,"url":"https:\/\/www.nettali.com\/wp-content\/uploads\/2026\/04\/Ministre-Mali.jpeg","type":"image\/jpeg"}],"twitter_card":"summary_large_image","twitter_misc":{"\u00c9crit par":"Daouda","Dur\u00e9e de lecture estim\u00e9e":"1 minute"},"schema":{"@context":"https:\/\/schema.org","@graph":[{"@type":"WebSite","@id":"https:\/\/www.nettali.com\/#website","url":"https:\/\/www.nettali.com\/","name":"Nettali.com","description":"Le rendez-vous critique du Net","potentialAction":[{"@type":"SearchAction","target":{"@type":"EntryPoint","urlTemplate":"https:\/\/www.nettali.com\/?s={search_term_string}"},"query-input":"required name=search_term_string"}],"inLanguage":"fr-FR"},{"@type":"ImageObject","@id":"https:\/\/www.nettali.com\/2026\/04\/26\/mali-la-mort-du-ministre-sadio-camara-et-de-sa-seconde-epouse-confirmee-par-sa-famille\/#primaryimage","inLanguage":"fr-FR","url":"https:\/\/www.nettali.com\/wp-content\/uploads\/2026\/04\/Ministre-Mali.jpeg","contentUrl":"https:\/\/www.nettali.com\/wp-content\/uploads\/2026\/04\/Ministre-Mali.jpeg","width":1260,"height":800},{"@type":"WebPage","@id":"https:\/\/www.nettali.com\/2026\/04\/26\/mali-la-mort-du-ministre-sadio-camara-et-de-sa-seconde-epouse-confirmee-par-sa-famille\/#webpage","url":"https:\/\/www.nettali.com\/2026\/04\/26\/mali-la-mort-du-ministre-sadio-camara-et-de-sa-seconde-epouse-confirmee-par-sa-famille\/","name":"MALI - La mort du ministre Sadio Camara et de sa seconde \u00e9pouse confirm\u00e9e par sa famille | Nettali.com","isPartOf":{"@id":"https:\/\/www.nettali.com\/#website"},"primaryImageOfPage":{"@id":"https:\/\/www.nettali.com\/2026\/04\/26\/mali-la-mort-du-ministre-sadio-camara-et-de-sa-seconde-epouse-confirmee-par-sa-famille\/#primaryimage"},"datePublished":"2026-04-26T12:06:53+00:00","dateModified":"2026-04-27T07:36:44+00:00","author":{"@id":"https:\/\/www.nettali.com\/#\/schema\/person\/3317e0bb3aa1da309fbf7b2780901bf4"},"breadcrumb":{"@id":"https:\/\/www.nettali.com\/2026\/04\/26\/mali-la-mort-du-ministre-sadio-camara-et-de-sa-seconde-epouse-confirmee-par-sa-famille\/#breadcrumb"},"inLanguage":"fr-FR","potentialAction":[{"@type":"ReadAction","target":["https:\/\/www.nettali.com\/2026\/04\/26\/mali-la-mort-du-ministre-sadio-camara-et-de-sa-seconde-epouse-confirmee-par-sa-famille\/"]}]},{"@type":"BreadcrumbList","@id":"https:\/\/www.nettali.com\/2026\/04\/26\/mali-la-mort-du-ministre-sadio-camara-et-de-sa-seconde-epouse-confirmee-par-sa-famille\/#breadcrumb","itemListElement":[{"@type":"ListItem","position":1,"name":"Accueil","item":"https:\/\/www.nettali.com\/"},{"@type":"ListItem","position":2,"name":"MALI - La mort du ministre Sadio Camara et de sa seconde \u00e9pouse confirm\u00e9e par sa famille"}]},{"@type":"Person","@id":"https:\/\/www.nettali.com\/#\/schema\/person\/3317e0bb3aa1da309fbf7b2780901bf4","name":"Daouda","image":{"@type":"ImageObject","@id":"https:\/\/www.nettali.com\/#personlogo","inLanguage":"fr-FR","url":"https:\/\/secure.gravatar.com\/avatar\/8d143b5a49345098ddcfee1c49c2f47c?s=96&d=mm&r=g","contentUrl":"https:\/\/secure.gravatar.com\/avatar\/8d143b5a49345098ddcfee1c49c2f47c?s=96&d=mm&r=g","caption":"Daouda"},"sameAs":["https:\/\/www.nettali.com"]}]}},"_links":{"self":[{"href":"https:\/\/www.nettali.com\/rest\/wp\/v2\/posts\/172838"}],"collection":[{"href":"https:\/\/www.nettali.com\/rest\/wp\/v2\/posts"}],"about":[{"href":"https:\/\/www.nettali.com\/rest\/wp\/v2\/types\/post"}],"author":[{"embeddable":true,"href":"https:\/\/www.nettali.com\/rest\/wp\/v2\/users\/4"}],"replies":[{"embeddable":true,"href":"https:\/\/www.nettali.com\/rest\/wp\/v2\/comments?post=172838"}],"version-history":[{"count":2,"href":"https:\/\/www.nettali.com\/rest\/wp\/v2\/posts\/172838\/revisions"}],"predecessor-version":[{"id":172861,"href":"https:\/\/www.nettali.com\/rest\/wp\/v2\/posts\/172838\/revisions\/172861"}],"wp:featuredmedia":[{"embeddable":true,"href":"https:\/\/www.nettali.com\/rest\/wp\/v2\/media\/172839"}],"wp:attachment":[{"href":"https:\/\/www.nettali.com\/rest\/wp\/v2\/media?parent=172838"}],"wp:term":[{"taxonomy":"category","embeddable":true,"href":"https:\/\/www.nettali.com\/rest\/wp\/v2\/categories?post=172838"},{"taxonomy":"post_tag","embeddable":true,"href":"https:\/\/www.nettali.com\/rest\/wp\/v2\/tags?post=172838"}],"curies":[{"name":"wp","href":"https:\/\/api.w.org\/{rel}","templated":true}]}}