{"id":172833,"date":"2026-04-26T09:38:40","date_gmt":"2026-04-26T09:38:40","guid":{"rendered":"https:\/\/www.nettali.com\/?p=172833"},"modified":"2026-04-26T13:41:57","modified_gmt":"2026-04-26T13:41:57","slug":"attaques-au-mali-diomaye-faye-condamne-et-exprime-la-solidarite-du-senegal-au-peuple-malien","status":"publish","type":"post","link":"https:\/\/www.nettali.com\/2026\/04\/26\/attaques-au-mali-diomaye-faye-condamne-et-exprime-la-solidarite-du-senegal-au-peuple-malien\/","title":{"rendered":"ATTAQUES AU MALI - Diomaye Faye condamne et exprime la solidarit\u00e9 du S\u00e9n\u00e9gal au peuple malien"},"content":{"rendered":"<p><strong>NETTALI.COM - Le pr\u00e9sident de la R\u00e9publique, Bassirou Diomaye Faye, a r\u00e9agi aux attaques simultan\u00e9es survenues dans plusieurs r\u00e9gions du Mali. Dans un message publi\u00e9 sur sa page Facebook, il a condamn\u00e9 avec la \"<em>plus grande fermet\u00e9 les attaques terroristes perp\u00e9tr\u00e9es aujourd\u2019hui contre la R\u00e9publique s\u0153ur du Mali<\/em>\".<\/strong><\/p>\n<p>\"<em>Dans cette \u00e9preuve, j\u2019exprime, au nom du peuple s\u00e9n\u00e9galais et en mon nom propre, notre solidarit\u00e9 au Gouvernement malien, aux Forces de d\u00e9fense et de s\u00e9curit\u00e9, ainsi qu\u2019au peuple malien tout entier<\/em>\", a-t-il d\u00e9clar\u00e9.<\/p>\n<p>Le chef de l\u2019\u00c9tat affirme que le \"<em>S\u00e9n\u00e9gal restera constant aux c\u00f4t\u00e9s du Mali pour \u0153uvrer ensemble, avec les pays de la sous r\u00e9gion<\/em>\", \u00e0 la \"<em>restauration de la paix et de la s\u00e9curit\u00e9 dans notre espace commun<\/em>\".<\/p>\n<div class='share-to-whatsapp-wrapper'><div class='share-on-whsp'>PARTAGER SUR : <\/div><a data-text='ATTAQUES AU MALI - Diomaye Faye condamne et exprime la solidarit\u00e9 du S\u00e9n\u00e9gal au peuple malien' data-link='https:\/\/www.nettali.com\/2026\/04\/26\/attaques-au-mali-diomaye-faye-condamne-et-exprime-la-solidarite-du-senegal-au-peuple-malien\/' class='whatsapp-button whatsapp-share'>WhatsApp<\/a><div class='clear '><\/div><\/div>","protected":false},"excerpt":{"rendered":"<p>NETTALI.COM - Le pr\u00e9sident de la R\u00e9publique, Bassirou Diomaye Faye, a r\u00e9agi aux attaques simultan\u00e9es survenues dans plusieurs r\u00e9gions du Mali. Dans un message publi\u00e9 sur sa page Facebook, il a condamn\u00e9 avec la \"plus grande fermet\u00e9 les attaques terroristes perp\u00e9tr\u00e9es aujourd\u2019hui contre la R\u00e9publique s\u0153ur du Mali\". \"Dans cette \u00e9preuve, j\u2019exprime, au nom du [&hellip;]<\/p>\n","protected":false},"author":5,"featured_media":172834,"comment_status":"open","ping_status":"open","sticky":false,"template":"","format":"standard","meta":{"_et_pb_use_builder":"","_et_pb_old_content":""},"categories":[8],"tags":[],"yoast_head":"<!-- This site is optimized with the Yoast SEO Premium plugin v17.8 (Yoast SEO v17.8) - https:\/\/yoast.com\/wordpress\/plugins\/seo\/ -->\n<title>ATTAQUES AU MALI - Diomaye Faye condamne et exprime la solidarit\u00e9 du S\u00e9n\u00e9gal au peuple malien | Nettali.com<\/title>\n<meta name=\"robots\" content=\"index, follow, max-snippet:-1, max-image-preview:large, max-video-preview:-1\" \/>\n<link rel=\"canonical\" href=\"https:\/\/www.nettali.com\/2026\/04\/26\/attaques-au-mali-diomaye-faye-condamne-et-exprime-la-solidarite-du-senegal-au-peuple-malien\/\" \/>\n<meta property=\"og:locale\" content=\"fr_FR\" \/>\n<meta property=\"og:type\" content=\"article\" \/>\n<meta property=\"og:title\" content=\"ATTAQUES AU MALI - Diomaye Faye condamne et exprime la solidarit\u00e9 du S\u00e9n\u00e9gal au peuple malien\" \/>\n<meta property=\"og:description\" content=\"NETTALI.COM - Le pr\u00e9sident de la R\u00e9publique, Bassirou Diomaye Faye, a r\u00e9agi aux attaques simultan\u00e9es survenues dans plusieurs r\u00e9gions du Mali. Dans un message publi\u00e9 sur sa page Facebook, il a condamn\u00e9 avec la &quot;plus grande fermet\u00e9 les attaques terroristes perp\u00e9tr\u00e9es aujourd\u2019hui contre la R\u00e9publique s\u0153ur du Mali&quot;. &quot;Dans cette \u00e9preuve, j\u2019exprime, au nom du [&hellip;]\" \/>\n<meta property=\"og:url\" content=\"https:\/\/www.nettali.com\/2026\/04\/26\/attaques-au-mali-diomaye-faye-condamne-et-exprime-la-solidarite-du-senegal-au-peuple-malien\/\" \/>\n<meta property=\"og:site_name\" content=\"Nettali.com\" \/>\n<meta property=\"article:publisher\" content=\"https:\/\/www.facebook.com\/nettalicom\" \/>\n<meta property=\"article:published_time\" content=\"2026-04-26T09:38:40+00:00\" \/>\n<meta property=\"article:modified_time\" content=\"2026-04-26T13:41:57+00:00\" \/>\n<meta property=\"og:image\" content=\"https:\/\/www.nettali.com\/wp-content\/uploads\/2026\/04\/images-68.jpeg\" \/>\n\t<meta property=\"og:image:width\" content=\"588\" \/>\n\t<meta property=\"og:image:height\" content=\"330\" \/>\n<meta name=\"twitter:card\" content=\"summary_large_image\" \/>\n<meta name=\"twitter:label1\" content=\"\u00c9crit par\" \/>\n\t<meta name=\"twitter:data1\" content=\"Ibrahima\" \/>\n\t<meta name=\"twitter:label2\" content=\"Dur\u00e9e de lecture estim\u00e9e\" \/>\n\t<meta name=\"twitter:data2\" content=\"1 minute\" \/>\n<script type=\"application\/ld+json\" class=\"yoast-schema-graph\">{\"@context\":\"https:\/\/schema.org\",\"@graph\":[{\"@type\":\"WebSite\",\"@id\":\"https:\/\/www.nettali.com\/#website\",\"url\":\"https:\/\/www.nettali.com\/\",\"name\":\"Nettali.com\",\"description\":\"Le rendez-vous critique du Net\",\"potentialAction\":[{\"@type\":\"SearchAction\",\"target\":{\"@type\":\"EntryPoint\",\"urlTemplate\":\"https:\/\/www.nettali.com\/?s={search_term_string}\"},\"query-input\":\"required name=search_term_string\"}],\"inLanguage\":\"fr-FR\"},{\"@type\":\"ImageObject\",\"@id\":\"https:\/\/www.nettali.com\/2026\/04\/26\/attaques-au-mali-diomaye-faye-condamne-et-exprime-la-solidarite-du-senegal-au-peuple-malien\/#primaryimage\",\"inLanguage\":\"fr-FR\",\"url\":\"https:\/\/www.nettali.com\/wp-content\/uploads\/2026\/04\/images-68.jpeg\",\"contentUrl\":\"https:\/\/www.nettali.com\/wp-content\/uploads\/2026\/04\/images-68.jpeg\",\"width\":588,\"height\":330},{\"@type\":\"WebPage\",\"@id\":\"https:\/\/www.nettali.com\/2026\/04\/26\/attaques-au-mali-diomaye-faye-condamne-et-exprime-la-solidarite-du-senegal-au-peuple-malien\/#webpage\",\"url\":\"https:\/\/www.nettali.com\/2026\/04\/26\/attaques-au-mali-diomaye-faye-condamne-et-exprime-la-solidarite-du-senegal-au-peuple-malien\/\",\"name\":\"ATTAQUES AU MALI - Diomaye Faye condamne et exprime la solidarit\\u00e9 du S\\u00e9n\\u00e9gal au peuple malien | Nettali.com\",\"isPartOf\":{\"@id\":\"https:\/\/www.nettali.com\/#website\"},\"primaryImageOfPage\":{\"@id\":\"https:\/\/www.nettali.com\/2026\/04\/26\/attaques-au-mali-diomaye-faye-condamne-et-exprime-la-solidarite-du-senegal-au-peuple-malien\/#primaryimage\"},\"datePublished\":\"2026-04-26T09:38:40+00:00\",\"dateModified\":\"2026-04-26T13:41:57+00:00\",\"author\":{\"@id\":\"https:\/\/www.nettali.com\/#\/schema\/person\/bb147657c2986240405a608162b9bb23\"},\"breadcrumb\":{\"@id\":\"https:\/\/www.nettali.com\/2026\/04\/26\/attaques-au-mali-diomaye-faye-condamne-et-exprime-la-solidarite-du-senegal-au-peuple-malien\/#breadcrumb\"},\"inLanguage\":\"fr-FR\",\"potentialAction\":[{\"@type\":\"ReadAction\",\"target\":[\"https:\/\/www.nettali.com\/2026\/04\/26\/attaques-au-mali-diomaye-faye-condamne-et-exprime-la-solidarite-du-senegal-au-peuple-malien\/\"]}]},{\"@type\":\"BreadcrumbList\",\"@id\":\"https:\/\/www.nettali.com\/2026\/04\/26\/attaques-au-mali-diomaye-faye-condamne-et-exprime-la-solidarite-du-senegal-au-peuple-malien\/#breadcrumb\",\"itemListElement\":[{\"@type\":\"ListItem\",\"position\":1,\"name\":\"Accueil\",\"item\":\"https:\/\/www.nettali.com\/\"},{\"@type\":\"ListItem\",\"position\":2,\"name\":\"ATTAQUES AU MALI - Diomaye Faye condamne et exprime la solidarit\\u00e9 du S\\u00e9n\\u00e9gal au peuple malien\"}]},{\"@type\":\"Person\",\"@id\":\"https:\/\/www.nettali.com\/#\/schema\/person\/bb147657c2986240405a608162b9bb23\",\"name\":\"Ibrahima\",\"image\":{\"@type\":\"ImageObject\",\"@id\":\"https:\/\/www.nettali.com\/#personlogo\",\"inLanguage\":\"fr-FR\",\"url\":\"https:\/\/secure.gravatar.com\/avatar\/26a8a81f09f0dd7624c9d5c36c9ba3a2?s=96&d=mm&r=g\",\"contentUrl\":\"https:\/\/secure.gravatar.com\/avatar\/26a8a81f09f0dd7624c9d5c36c9ba3a2?s=96&d=mm&r=g\",\"caption\":\"Ibrahima\"},\"sameAs\":[\"https:\/\/www.nettali.com\"]}]}<\/script>\n<!-- \/ Yoast SEO Premium plugin. -->","yoast_head_json":{"title":"ATTAQUES AU MALI - Diomaye Faye condamne et exprime la solidarit\u00e9 du S\u00e9n\u00e9gal au peuple malien | Nettali.com","robots":{"index":"index","follow":"follow","max-snippet":"max-snippet:-1","max-image-preview":"max-image-preview:large","max-video-preview":"max-video-preview:-1"},"canonical":"https:\/\/www.nettali.com\/2026\/04\/26\/attaques-au-mali-diomaye-faye-condamne-et-exprime-la-solidarite-du-senegal-au-peuple-malien\/","og_locale":"fr_FR","og_type":"article","og_title":"ATTAQUES AU MALI - Diomaye Faye condamne et exprime la solidarit\u00e9 du S\u00e9n\u00e9gal au peuple malien","og_description":"NETTALI.COM - Le pr\u00e9sident de la R\u00e9publique, Bassirou Diomaye Faye, a r\u00e9agi aux attaques simultan\u00e9es survenues dans plusieurs r\u00e9gions du Mali. Dans un message publi\u00e9 sur sa page Facebook, il a condamn\u00e9 avec la \"plus grande fermet\u00e9 les attaques terroristes perp\u00e9tr\u00e9es aujourd\u2019hui contre la R\u00e9publique s\u0153ur du Mali\". \"Dans cette \u00e9preuve, j\u2019exprime, au nom du [&hellip;]","og_url":"https:\/\/www.nettali.com\/2026\/04\/26\/attaques-au-mali-diomaye-faye-condamne-et-exprime-la-solidarite-du-senegal-au-peuple-malien\/","og_site_name":"Nettali.com","article_publisher":"https:\/\/www.facebook.com\/nettalicom","article_published_time":"2026-04-26T09:38:40+00:00","article_modified_time":"2026-04-26T13:41:57+00:00","og_image":[{"width":588,"height":330,"url":"https:\/\/www.nettali.com\/wp-content\/uploads\/2026\/04\/images-68.jpeg","type":"image\/jpeg"}],"twitter_card":"summary_large_image","twitter_misc":{"\u00c9crit par":"Ibrahima","Dur\u00e9e de lecture estim\u00e9e":"1 minute"},"schema":{"@context":"https:\/\/schema.org","@graph":[{"@type":"WebSite","@id":"https:\/\/www.nettali.com\/#website","url":"https:\/\/www.nettali.com\/","name":"Nettali.com","description":"Le rendez-vous critique du Net","potentialAction":[{"@type":"SearchAction","target":{"@type":"EntryPoint","urlTemplate":"https:\/\/www.nettali.com\/?s={search_term_string}"},"query-input":"required name=search_term_string"}],"inLanguage":"fr-FR"},{"@type":"ImageObject","@id":"https:\/\/www.nettali.com\/2026\/04\/26\/attaques-au-mali-diomaye-faye-condamne-et-exprime-la-solidarite-du-senegal-au-peuple-malien\/#primaryimage","inLanguage":"fr-FR","url":"https:\/\/www.nettali.com\/wp-content\/uploads\/2026\/04\/images-68.jpeg","contentUrl":"https:\/\/www.nettali.com\/wp-content\/uploads\/2026\/04\/images-68.jpeg","width":588,"height":330},{"@type":"WebPage","@id":"https:\/\/www.nettali.com\/2026\/04\/26\/attaques-au-mali-diomaye-faye-condamne-et-exprime-la-solidarite-du-senegal-au-peuple-malien\/#webpage","url":"https:\/\/www.nettali.com\/2026\/04\/26\/attaques-au-mali-diomaye-faye-condamne-et-exprime-la-solidarite-du-senegal-au-peuple-malien\/","name":"ATTAQUES AU MALI - Diomaye Faye condamne et exprime la solidarit\u00e9 du S\u00e9n\u00e9gal au peuple malien | Nettali.com","isPartOf":{"@id":"https:\/\/www.nettali.com\/#website"},"primaryImageOfPage":{"@id":"https:\/\/www.nettali.com\/2026\/04\/26\/attaques-au-mali-diomaye-faye-condamne-et-exprime-la-solidarite-du-senegal-au-peuple-malien\/#primaryimage"},"datePublished":"2026-04-26T09:38:40+00:00","dateModified":"2026-04-26T13:41:57+00:00","author":{"@id":"https:\/\/www.nettali.com\/#\/schema\/person\/bb147657c2986240405a608162b9bb23"},"breadcrumb":{"@id":"https:\/\/www.nettali.com\/2026\/04\/26\/attaques-au-mali-diomaye-faye-condamne-et-exprime-la-solidarite-du-senegal-au-peuple-malien\/#breadcrumb"},"inLanguage":"fr-FR","potentialAction":[{"@type":"ReadAction","target":["https:\/\/www.nettali.com\/2026\/04\/26\/attaques-au-mali-diomaye-faye-condamne-et-exprime-la-solidarite-du-senegal-au-peuple-malien\/"]}]},{"@type":"BreadcrumbList","@id":"https:\/\/www.nettali.com\/2026\/04\/26\/attaques-au-mali-diomaye-faye-condamne-et-exprime-la-solidarite-du-senegal-au-peuple-malien\/#breadcrumb","itemListElement":[{"@type":"ListItem","position":1,"name":"Accueil","item":"https:\/\/www.nettali.com\/"},{"@type":"ListItem","position":2,"name":"ATTAQUES AU MALI - Diomaye Faye condamne et exprime la solidarit\u00e9 du S\u00e9n\u00e9gal au peuple malien"}]},{"@type":"Person","@id":"https:\/\/www.nettali.com\/#\/schema\/person\/bb147657c2986240405a608162b9bb23","name":"Ibrahima","image":{"@type":"ImageObject","@id":"https:\/\/www.nettali.com\/#personlogo","inLanguage":"fr-FR","url":"https:\/\/secure.gravatar.com\/avatar\/26a8a81f09f0dd7624c9d5c36c9ba3a2?s=96&d=mm&r=g","contentUrl":"https:\/\/secure.gravatar.com\/avatar\/26a8a81f09f0dd7624c9d5c36c9ba3a2?s=96&d=mm&r=g","caption":"Ibrahima"},"sameAs":["https:\/\/www.nettali.com"]}]}},"_links":{"self":[{"href":"https:\/\/www.nettali.com\/rest\/wp\/v2\/posts\/172833"}],"collection":[{"href":"https:\/\/www.nettali.com\/rest\/wp\/v2\/posts"}],"about":[{"href":"https:\/\/www.nettali.com\/rest\/wp\/v2\/types\/post"}],"author":[{"embeddable":true,"href":"https:\/\/www.nettali.com\/rest\/wp\/v2\/users\/5"}],"replies":[{"embeddable":true,"href":"https:\/\/www.nettali.com\/rest\/wp\/v2\/comments?post=172833"}],"version-history":[{"count":1,"href":"https:\/\/www.nettali.com\/rest\/wp\/v2\/posts\/172833\/revisions"}],"predecessor-version":[{"id":172835,"href":"https:\/\/www.nettali.com\/rest\/wp\/v2\/posts\/172833\/revisions\/172835"}],"wp:featuredmedia":[{"embeddable":true,"href":"https:\/\/www.nettali.com\/rest\/wp\/v2\/media\/172834"}],"wp:attachment":[{"href":"https:\/\/www.nettali.com\/rest\/wp\/v2\/media?parent=172833"}],"wp:term":[{"taxonomy":"category","embeddable":true,"href":"https:\/\/www.nettali.com\/rest\/wp\/v2\/categories?post=172833"},{"taxonomy":"post_tag","embeddable":true,"href":"https:\/\/www.nettali.com\/rest\/wp\/v2\/tags?post=172833"}],"curies":[{"name":"wp","href":"https:\/\/api.w.org\/{rel}","templated":true}]}}