{"id":172823,"date":"2026-04-25T19:54:25","date_gmt":"2026-04-25T19:54:25","guid":{"rendered":"https:\/\/www.nettali.com\/?p=172823"},"modified":"2026-04-25T19:54:25","modified_gmt":"2026-04-25T19:54:25","slug":"attaques-au-mali-lunion-africaine-condamne-et-affiche-sa-solidarite","status":"publish","type":"post","link":"https:\/\/www.nettali.com\/2026\/04\/25\/attaques-au-mali-lunion-africaine-condamne-et-affiche-sa-solidarite\/","title":{"rendered":"ATTAQUES AU MALI : l\u2019Union africaine condamne et affiche sa solidarit\u00e9"},"content":{"rendered":"<p><strong>NETTALI.COM - Le pr\u00e9sident de la Commission de l\u2019UA exprime sa vive pr\u00e9occupation apr\u00e8s les attaques visant Bamako et plusieurs villes du pays.<\/strong><\/p>\n<p>L\u2019Union africaine a r\u00e9agi aux attaques signal\u00e9es au Mali, notamment dans la capitale Bamako et dans d\u2019autres centres urbains. Dans un message publi\u00e9 ce samedi 25 avril sur la plateforme X, le pr\u00e9sident de la Commission de l\u2019UA a fait part de sa \u00ab vive pr\u00e9occupation \u00bb face \u00e0 la situation.<\/p>\n<p>Le responsable de l\u2019organisation panafricaine a condamn\u00e9 avec fermet\u00e9 ces actes, estimant qu\u2019ils exposent les populations civiles \u00e0 de graves dangers.<\/p>\n<p>Il a r\u00e9affirm\u00e9, \u00e0 cette occasion, l\u2019engagement constant de la Commission en faveur de la paix, de la s\u00e9curit\u00e9, de la bonne gouvernance et de la stabilit\u00e9 au Mali.<\/p>\n<p>Au-del\u00e0 de la condamnation, l\u2019Union africaine a exprim\u00e9 sa solidarit\u00e9 envers le peuple malien, les forces de d\u00e9fense et de s\u00e9curit\u00e9 ainsi que les autorit\u00e9s du pays.<\/p>\n<p>Cette prise de position intervient dans un contexte s\u00e9curitaire tendu, marqu\u00e9 par des attaques coordonn\u00e9es dans plusieurs localit\u00e9s, qui ont suscit\u00e9 une forte mobilisation des forces nationales.<\/p>\n<p>Par cette r\u00e9action, l\u2019UA r\u00e9affirme son r\u00f4le dans le suivi des crises s\u00e9curitaires sur le continent et son attachement \u00e0 des r\u00e9ponses concert\u00e9es face aux menaces.<\/p>\n<p>Alors que les op\u00e9rations de s\u00e9curisation se poursuivent au Mali, la communaut\u00e9 internationale reste attentive \u00e0 l\u2019\u00e9volution de la situation.<\/p>\n<p>&nbsp;<\/p>\n<div class='share-to-whatsapp-wrapper'><div class='share-on-whsp'>PARTAGER SUR : <\/div><a data-text='ATTAQUES AU MALI : l\u2019Union africaine condamne et affiche sa solidarit\u00e9' data-link='https:\/\/www.nettali.com\/2026\/04\/25\/attaques-au-mali-lunion-africaine-condamne-et-affiche-sa-solidarite\/' class='whatsapp-button whatsapp-share'>WhatsApp<\/a><div class='clear '><\/div><\/div>","protected":false},"excerpt":{"rendered":"<p>NETTALI.COM - Le pr\u00e9sident de la Commission de l\u2019UA exprime sa vive pr\u00e9occupation apr\u00e8s les attaques visant Bamako et plusieurs villes du pays. L\u2019Union africaine a r\u00e9agi aux attaques signal\u00e9es au Mali, notamment dans la capitale Bamako et dans d\u2019autres centres urbains. Dans un message publi\u00e9 ce samedi 25 avril sur la plateforme X, le [&hellip;]<\/p>\n","protected":false},"author":4,"featured_media":28940,"comment_status":"open","ping_status":"open","sticky":false,"template":"","format":"standard","meta":{"_et_pb_use_builder":"","_et_pb_old_content":""},"categories":[3],"tags":[],"yoast_head":"<!-- This site is optimized with the Yoast SEO Premium plugin v17.8 (Yoast SEO v17.8) - https:\/\/yoast.com\/wordpress\/plugins\/seo\/ -->\n<title>ATTAQUES AU MALI : l\u2019Union africaine condamne et affiche sa solidarit\u00e9 | Nettali.com<\/title>\n<meta name=\"robots\" content=\"index, follow, max-snippet:-1, max-image-preview:large, max-video-preview:-1\" \/>\n<link rel=\"canonical\" href=\"https:\/\/www.nettali.com\/2026\/04\/25\/attaques-au-mali-lunion-africaine-condamne-et-affiche-sa-solidarite\/\" \/>\n<meta property=\"og:locale\" content=\"fr_FR\" \/>\n<meta property=\"og:type\" content=\"article\" \/>\n<meta property=\"og:title\" content=\"ATTAQUES AU MALI : l\u2019Union africaine condamne et affiche sa solidarit\u00e9\" \/>\n<meta property=\"og:description\" content=\"NETTALI.COM - Le pr\u00e9sident de la Commission de l\u2019UA exprime sa vive pr\u00e9occupation apr\u00e8s les attaques visant Bamako et plusieurs villes du pays. L\u2019Union africaine a r\u00e9agi aux attaques signal\u00e9es au Mali, notamment dans la capitale Bamako et dans d\u2019autres centres urbains. Dans un message publi\u00e9 ce samedi 25 avril sur la plateforme X, le [&hellip;]\" \/>\n<meta property=\"og:url\" content=\"https:\/\/www.nettali.com\/2026\/04\/25\/attaques-au-mali-lunion-africaine-condamne-et-affiche-sa-solidarite\/\" \/>\n<meta property=\"og:site_name\" content=\"Nettali.com\" \/>\n<meta property=\"article:publisher\" content=\"https:\/\/www.facebook.com\/nettalicom\" \/>\n<meta property=\"article:published_time\" content=\"2026-04-25T19:54:25+00:00\" \/>\n<meta property=\"og:image\" content=\"https:\/\/www.nettali.com\/wp-content\/uploads\/2020\/02\/union-africaine.jpg\" \/>\n\t<meta property=\"og:image:width\" content=\"728\" \/>\n\t<meta property=\"og:image:height\" content=\"443\" \/>\n<meta name=\"twitter:card\" content=\"summary_large_image\" \/>\n<meta name=\"twitter:label1\" content=\"\u00c9crit par\" \/>\n\t<meta name=\"twitter:data1\" content=\"Daouda\" \/>\n\t<meta name=\"twitter:label2\" content=\"Dur\u00e9e de lecture estim\u00e9e\" \/>\n\t<meta name=\"twitter:data2\" content=\"1 minute\" \/>\n<script type=\"application\/ld+json\" class=\"yoast-schema-graph\">{\"@context\":\"https:\/\/schema.org\",\"@graph\":[{\"@type\":\"WebSite\",\"@id\":\"https:\/\/www.nettali.com\/#website\",\"url\":\"https:\/\/www.nettali.com\/\",\"name\":\"Nettali.com\",\"description\":\"Le rendez-vous critique du Net\",\"potentialAction\":[{\"@type\":\"SearchAction\",\"target\":{\"@type\":\"EntryPoint\",\"urlTemplate\":\"https:\/\/www.nettali.com\/?s={search_term_string}\"},\"query-input\":\"required name=search_term_string\"}],\"inLanguage\":\"fr-FR\"},{\"@type\":\"ImageObject\",\"@id\":\"https:\/\/www.nettali.com\/2026\/04\/25\/attaques-au-mali-lunion-africaine-condamne-et-affiche-sa-solidarite\/#primaryimage\",\"inLanguage\":\"fr-FR\",\"url\":\"https:\/\/www.nettali.com\/wp-content\/uploads\/2020\/02\/union-africaine.jpg\",\"contentUrl\":\"https:\/\/www.nettali.com\/wp-content\/uploads\/2020\/02\/union-africaine.jpg\",\"width\":728,\"height\":443},{\"@type\":\"WebPage\",\"@id\":\"https:\/\/www.nettali.com\/2026\/04\/25\/attaques-au-mali-lunion-africaine-condamne-et-affiche-sa-solidarite\/#webpage\",\"url\":\"https:\/\/www.nettali.com\/2026\/04\/25\/attaques-au-mali-lunion-africaine-condamne-et-affiche-sa-solidarite\/\",\"name\":\"ATTAQUES AU MALI : l\\u2019Union africaine condamne et affiche sa solidarit\\u00e9 | Nettali.com\",\"isPartOf\":{\"@id\":\"https:\/\/www.nettali.com\/#website\"},\"primaryImageOfPage\":{\"@id\":\"https:\/\/www.nettali.com\/2026\/04\/25\/attaques-au-mali-lunion-africaine-condamne-et-affiche-sa-solidarite\/#primaryimage\"},\"datePublished\":\"2026-04-25T19:54:25+00:00\",\"dateModified\":\"2026-04-25T19:54:25+00:00\",\"author\":{\"@id\":\"https:\/\/www.nettali.com\/#\/schema\/person\/3317e0bb3aa1da309fbf7b2780901bf4\"},\"breadcrumb\":{\"@id\":\"https:\/\/www.nettali.com\/2026\/04\/25\/attaques-au-mali-lunion-africaine-condamne-et-affiche-sa-solidarite\/#breadcrumb\"},\"inLanguage\":\"fr-FR\",\"potentialAction\":[{\"@type\":\"ReadAction\",\"target\":[\"https:\/\/www.nettali.com\/2026\/04\/25\/attaques-au-mali-lunion-africaine-condamne-et-affiche-sa-solidarite\/\"]}]},{\"@type\":\"BreadcrumbList\",\"@id\":\"https:\/\/www.nettali.com\/2026\/04\/25\/attaques-au-mali-lunion-africaine-condamne-et-affiche-sa-solidarite\/#breadcrumb\",\"itemListElement\":[{\"@type\":\"ListItem\",\"position\":1,\"name\":\"Accueil\",\"item\":\"https:\/\/www.nettali.com\/\"},{\"@type\":\"ListItem\",\"position\":2,\"name\":\"ATTAQUES AU MALI : l\\u2019Union africaine condamne et affiche sa solidarit\\u00e9\"}]},{\"@type\":\"Person\",\"@id\":\"https:\/\/www.nettali.com\/#\/schema\/person\/3317e0bb3aa1da309fbf7b2780901bf4\",\"name\":\"Daouda\",\"image\":{\"@type\":\"ImageObject\",\"@id\":\"https:\/\/www.nettali.com\/#personlogo\",\"inLanguage\":\"fr-FR\",\"url\":\"https:\/\/secure.gravatar.com\/avatar\/8d143b5a49345098ddcfee1c49c2f47c?s=96&d=mm&r=g\",\"contentUrl\":\"https:\/\/secure.gravatar.com\/avatar\/8d143b5a49345098ddcfee1c49c2f47c?s=96&d=mm&r=g\",\"caption\":\"Daouda\"},\"sameAs\":[\"https:\/\/www.nettali.com\"]}]}<\/script>\n<!-- \/ Yoast SEO Premium plugin. -->","yoast_head_json":{"title":"ATTAQUES AU MALI : l\u2019Union africaine condamne et affiche sa solidarit\u00e9 | Nettali.com","robots":{"index":"index","follow":"follow","max-snippet":"max-snippet:-1","max-image-preview":"max-image-preview:large","max-video-preview":"max-video-preview:-1"},"canonical":"https:\/\/www.nettali.com\/2026\/04\/25\/attaques-au-mali-lunion-africaine-condamne-et-affiche-sa-solidarite\/","og_locale":"fr_FR","og_type":"article","og_title":"ATTAQUES AU MALI : l\u2019Union africaine condamne et affiche sa solidarit\u00e9","og_description":"NETTALI.COM - Le pr\u00e9sident de la Commission de l\u2019UA exprime sa vive pr\u00e9occupation apr\u00e8s les attaques visant Bamako et plusieurs villes du pays. L\u2019Union africaine a r\u00e9agi aux attaques signal\u00e9es au Mali, notamment dans la capitale Bamako et dans d\u2019autres centres urbains. Dans un message publi\u00e9 ce samedi 25 avril sur la plateforme X, le [&hellip;]","og_url":"https:\/\/www.nettali.com\/2026\/04\/25\/attaques-au-mali-lunion-africaine-condamne-et-affiche-sa-solidarite\/","og_site_name":"Nettali.com","article_publisher":"https:\/\/www.facebook.com\/nettalicom","article_published_time":"2026-04-25T19:54:25+00:00","og_image":[{"width":728,"height":443,"url":"https:\/\/www.nettali.com\/wp-content\/uploads\/2020\/02\/union-africaine.jpg","type":"image\/jpeg"}],"twitter_card":"summary_large_image","twitter_misc":{"\u00c9crit par":"Daouda","Dur\u00e9e de lecture estim\u00e9e":"1 minute"},"schema":{"@context":"https:\/\/schema.org","@graph":[{"@type":"WebSite","@id":"https:\/\/www.nettali.com\/#website","url":"https:\/\/www.nettali.com\/","name":"Nettali.com","description":"Le rendez-vous critique du Net","potentialAction":[{"@type":"SearchAction","target":{"@type":"EntryPoint","urlTemplate":"https:\/\/www.nettali.com\/?s={search_term_string}"},"query-input":"required name=search_term_string"}],"inLanguage":"fr-FR"},{"@type":"ImageObject","@id":"https:\/\/www.nettali.com\/2026\/04\/25\/attaques-au-mali-lunion-africaine-condamne-et-affiche-sa-solidarite\/#primaryimage","inLanguage":"fr-FR","url":"https:\/\/www.nettali.com\/wp-content\/uploads\/2020\/02\/union-africaine.jpg","contentUrl":"https:\/\/www.nettali.com\/wp-content\/uploads\/2020\/02\/union-africaine.jpg","width":728,"height":443},{"@type":"WebPage","@id":"https:\/\/www.nettali.com\/2026\/04\/25\/attaques-au-mali-lunion-africaine-condamne-et-affiche-sa-solidarite\/#webpage","url":"https:\/\/www.nettali.com\/2026\/04\/25\/attaques-au-mali-lunion-africaine-condamne-et-affiche-sa-solidarite\/","name":"ATTAQUES AU MALI : l\u2019Union africaine condamne et affiche sa solidarit\u00e9 | Nettali.com","isPartOf":{"@id":"https:\/\/www.nettali.com\/#website"},"primaryImageOfPage":{"@id":"https:\/\/www.nettali.com\/2026\/04\/25\/attaques-au-mali-lunion-africaine-condamne-et-affiche-sa-solidarite\/#primaryimage"},"datePublished":"2026-04-25T19:54:25+00:00","dateModified":"2026-04-25T19:54:25+00:00","author":{"@id":"https:\/\/www.nettali.com\/#\/schema\/person\/3317e0bb3aa1da309fbf7b2780901bf4"},"breadcrumb":{"@id":"https:\/\/www.nettali.com\/2026\/04\/25\/attaques-au-mali-lunion-africaine-condamne-et-affiche-sa-solidarite\/#breadcrumb"},"inLanguage":"fr-FR","potentialAction":[{"@type":"ReadAction","target":["https:\/\/www.nettali.com\/2026\/04\/25\/attaques-au-mali-lunion-africaine-condamne-et-affiche-sa-solidarite\/"]}]},{"@type":"BreadcrumbList","@id":"https:\/\/www.nettali.com\/2026\/04\/25\/attaques-au-mali-lunion-africaine-condamne-et-affiche-sa-solidarite\/#breadcrumb","itemListElement":[{"@type":"ListItem","position":1,"name":"Accueil","item":"https:\/\/www.nettali.com\/"},{"@type":"ListItem","position":2,"name":"ATTAQUES AU MALI : l\u2019Union africaine condamne et affiche sa solidarit\u00e9"}]},{"@type":"Person","@id":"https:\/\/www.nettali.com\/#\/schema\/person\/3317e0bb3aa1da309fbf7b2780901bf4","name":"Daouda","image":{"@type":"ImageObject","@id":"https:\/\/www.nettali.com\/#personlogo","inLanguage":"fr-FR","url":"https:\/\/secure.gravatar.com\/avatar\/8d143b5a49345098ddcfee1c49c2f47c?s=96&d=mm&r=g","contentUrl":"https:\/\/secure.gravatar.com\/avatar\/8d143b5a49345098ddcfee1c49c2f47c?s=96&d=mm&r=g","caption":"Daouda"},"sameAs":["https:\/\/www.nettali.com"]}]}},"_links":{"self":[{"href":"https:\/\/www.nettali.com\/rest\/wp\/v2\/posts\/172823"}],"collection":[{"href":"https:\/\/www.nettali.com\/rest\/wp\/v2\/posts"}],"about":[{"href":"https:\/\/www.nettali.com\/rest\/wp\/v2\/types\/post"}],"author":[{"embeddable":true,"href":"https:\/\/www.nettali.com\/rest\/wp\/v2\/users\/4"}],"replies":[{"embeddable":true,"href":"https:\/\/www.nettali.com\/rest\/wp\/v2\/comments?post=172823"}],"version-history":[{"count":1,"href":"https:\/\/www.nettali.com\/rest\/wp\/v2\/posts\/172823\/revisions"}],"predecessor-version":[{"id":172826,"href":"https:\/\/www.nettali.com\/rest\/wp\/v2\/posts\/172823\/revisions\/172826"}],"wp:featuredmedia":[{"embeddable":true,"href":"https:\/\/www.nettali.com\/rest\/wp\/v2\/media\/28940"}],"wp:attachment":[{"href":"https:\/\/www.nettali.com\/rest\/wp\/v2\/media?parent=172823"}],"wp:term":[{"taxonomy":"category","embeddable":true,"href":"https:\/\/www.nettali.com\/rest\/wp\/v2\/categories?post=172823"},{"taxonomy":"post_tag","embeddable":true,"href":"https:\/\/www.nettali.com\/rest\/wp\/v2\/tags?post=172823"}],"curies":[{"name":"wp","href":"https:\/\/api.w.org\/{rel}","templated":true}]}}